{"id":31150,"date":"2026-01-26T13:06:08","date_gmt":"2026-01-26T20:06:08","guid":{"rendered":"https:\/\/eticacomunica.com.mx\/?p=31150"},"modified":"2026-01-26T13:06:08","modified_gmt":"2026-01-26T20:06:08","slug":"lluvias-del-sabado-24-de-enero-podran-ahorrar-riegos-agricolas-por-humedad-acumulada","status":"publish","type":"post","link":"https:\/\/eticacomunica.com.mx\/?p=31150","title":{"rendered":"Lluvias del s\u00e1bado 24 de enero podr\u00e1n ahorrar riegos agr\u00edcolas por humedad acumulada"},"content":{"rendered":"\n<p>Durante la Conferencia Semanera del gobernador Rocha se present\u00f3 un reporte por parte de la Secretar\u00eda de Agricultura y Ganader\u00eda.<br><br>Culiac\u00e1n, Sinaloa, a 26 de enero de 2026.- Las lluvias que se registraron el s\u00e1bado de la semana resultar\u00e1n positivas para el sector agropecuario, tanto para la ganader\u00eda con el florecimiento de pastos y agostadores, y en el caso de la agricultura, con el ahorro de riegos gracias a la acumulaci\u00f3n de humedad en el terreno que generaron estas lluvias de 50 mil\u00edmetros.<br><br>Para dar un informe al respecto, el mandatario estatal le solicit\u00f3 al jefe del Departamento Integraci\u00f3n Agroindustrial, de la Direcci\u00f3n de Valor Agregado de la Secretar\u00eda de Agricultura y Ganader\u00eda, Manuel Benigno Castro Inzunza, diera a conocer el reporte, toda vez que el secretario de Agricultura y Ganader\u00eda, Ismael Bello Esquivel se encuentra en estos momentos encabezando una misi\u00f3n comercial en la Feria Mundial de Alimentos Gulfood, en Dubai, Emiratos \u00c1rabes Unidos, con el prop\u00f3sito de buscar mercados para la cosecha del garbanzo sinaloense.<br><br>El funcionario estatal record\u00f3 que se tienen varios a\u00f1os padeciendo un estr\u00e9s h\u00eddrico recurrente en el estado, y aunque las aportaciones a las presas no fueron tan importantes debido a la lluvia del s\u00e1bado, s\u00ed se obtuvieron beneficios con la humedad que dej\u00f3 en los valles agr\u00edcolas, en los terrenos de temporal, y sobre todo, para la ganader\u00eda, con el nacimiento de pastos naturales, conocidos como agostadores.<br><br>\u201cEsta lluvia, alrededor de los 50 mil\u00edmetros nos ahorra riegos agr\u00edcolas y con eso ahorramos el agua que tenemos almacenada en presas, por lo que en t\u00e9rminos generales, este fen\u00f3meno meteorol\u00f3gico fue positivo para el sector agropecuario, ya que vamos a tener pastos en el caso de la ganader\u00eda, y tuvimos ahorros en riegos\u201d, destac\u00f3.<br><br>Por lo que toca a las afectaciones en la agricultura, Castro Inzunza inform\u00f3 que se presentaron en 11 mil hect\u00e1reas sembradas de ma\u00edz y en otras 200 hect\u00e1reas donde se cultiva frijol, en los valles del Fuerte, Guasave, El Evora, Culiac\u00e1n y San Lorenzo.<br><br>Sobre estas afectaciones al ma\u00edz, consider\u00f3 importante aclarar que las parcelas afectadas se encuentran en una etapa floraci\u00f3n, por lo que tienen mucha probabilidad de recuperaci\u00f3n.<br><br>Con relaci\u00f3n al cultivo de frijol las afectaciones se presentaron en 200 hect\u00e1reas en el municipio de Ahome, que ya estaban cortadas y que la afectaci\u00f3n de puede dar en la calidad del grano, cuya afectaci\u00f3n no se puede medir hasta el momento de la trilla.<br><br>El funcionario estatal consider\u00f3 que estas lluvias del 24 de enero no representan afectaciones para el garbanzo que est\u00e1 en pie, y el cual se buscar\u00e1 su comercializaci\u00f3n una vez que se coseche, que es el prop\u00f3sito de la misi\u00f3n comercial que se encuentra en Dubai.<br><br>\u201cSabemos que el garbanzo se siembra en terrenos que tienen buen drenaje, que no acumulan tanto la humedad y esperemos que este aspecto no da\u00f1e al grano que est\u00e1 encapsulado, que empieza a formarse, claro que por otro lado, los horticultores s\u00ed tienen la situaci\u00f3n delicada por la humedad, que trae enfermedad\u201d, dijo.<br><br>Al respecto, el gobernador Rocha a\u00f1adi\u00f3 que estar\u00e1n muy atentos para ver c\u00f3mo evoluciona el caso de la horticultura. \u201cEn el caso de los horticultores, me dec\u00edan que era donde m\u00e1s les pod\u00eda dar, justamente por el tema de las plagas, esperemos que no nos afecten y sean m\u00e1s los beneficios para los productores, que cualquier afectaci\u00f3n que pudiera darse\u201d, dijo.<\/p>\n","protected":false},"excerpt":{"rendered":"<p>Durante la Conferencia Semanera del gobernador Rocha se present\u00f3 un reporte por parte de la Secretar\u00eda de Agricultura y Ganader\u00eda. Culiac\u00e1n, Sinaloa, a 26 de enero de 2026.- Las lluvias&hellip;<\/p>\n","protected":false},"author":1,"featured_media":31149,"comment_status":"open","ping_status":"open","sticky":false,"template":"","format":"standard","meta":{"_jetpack_memberships_contains_paid_content":false,"footnotes":"","jetpack_publicize_message":"","jetpack_publicize_feature_enabled":true,"jetpack_social_post_already_shared":true,"jetpack_social_options":{"image_generator_settings":{"template":"highway","default_image_id":0,"font":"","enabled":false},"version":2}},"categories":[207,26],"tags":[34],"class_list":["post-31150","post","type-post","status-publish","format-standard","has-post-thumbnail","hentry","category-ges","category-portada","tag-gobierno-del-estado-de-sinaloa"],"yoast_head":"<!-- This site is optimized with the Yoast SEO plugin v27.2 - https:\/\/yoast.com\/product\/yoast-seo-wordpress\/ -->\n<title>Lluvias del s\u00e1bado 24 de enero podr\u00e1n ahorrar riegos agr\u00edcolas por humedad acumulada - \u00c9tica Comunica<\/title>\n<meta name=\"robots\" content=\"index, follow, max-snippet:-1, max-image-preview:large, max-video-preview:-1\" \/>\n<link rel=\"canonical\" href=\"https:\/\/eticacomunica.com.mx\/?p=31150\" \/>\n<meta property=\"og:locale\" content=\"es_MX\" \/>\n<meta property=\"og:type\" content=\"article\" \/>\n<meta property=\"og:title\" content=\"Lluvias del s\u00e1bado 24 de enero podr\u00e1n ahorrar riegos agr\u00edcolas por humedad acumulada - \u00c9tica Comunica\" \/>\n<meta property=\"og:description\" content=\"Durante la Conferencia Semanera del gobernador Rocha se present\u00f3 un reporte por parte de la Secretar\u00eda de Agricultura y Ganader\u00eda. Culiac\u00e1n, Sinaloa, a 26 de enero de 2026.- Las lluvias&hellip;\" \/>\n<meta property=\"og:url\" content=\"https:\/\/eticacomunica.com.mx\/?p=31150\" \/>\n<meta property=\"og:site_name\" content=\"\u00c9tica Comunica\" \/>\n<meta property=\"article:publisher\" content=\"https:\/\/www.facebook.com\/eticacomunica\" \/>\n<meta property=\"article:published_time\" content=\"2026-01-26T20:06:08+00:00\" \/>\n<meta property=\"og:image\" content=\"https:\/\/eticacomunica.com.mx\/wp-content\/uploads\/2026\/01\/IMG-20260126-WA0017.jpg\" \/>\n\t<meta property=\"og:image:width\" content=\"1600\" \/>\n\t<meta property=\"og:image:height\" content=\"1067\" \/>\n\t<meta property=\"og:image:type\" content=\"image\/jpeg\" \/>\n<meta name=\"author\" content=\"etica\" \/>\n<meta name=\"twitter:card\" content=\"summary_large_image\" \/>\n<meta name=\"twitter:label1\" content=\"Escrito por\" \/>\n\t<meta name=\"twitter:data1\" content=\"etica\" \/>\n\t<meta name=\"twitter:label2\" content=\"Tiempo de lectura\" \/>\n\t<meta name=\"twitter:data2\" content=\"3 minutos\" \/>\n<script type=\"application\/ld+json\" class=\"yoast-schema-graph\">{\"@context\":\"https:\/\/schema.org\",\"@graph\":[{\"@type\":\"Article\",\"@id\":\"https:\/\/eticacomunica.com.mx\/?p=31150#article\",\"isPartOf\":{\"@id\":\"https:\/\/eticacomunica.com.mx\/?p=31150\"},\"author\":{\"name\":\"etica\",\"@id\":\"https:\/\/eticacomunica.com.mx\/#\/schema\/person\/2cacc47bd17fe8ad92f08c0313d22fa6\"},\"headline\":\"Lluvias del s\u00e1bado 24 de enero podr\u00e1n ahorrar riegos agr\u00edcolas por humedad acumulada\",\"datePublished\":\"2026-01-26T20:06:08+00:00\",\"mainEntityOfPage\":{\"@id\":\"https:\/\/eticacomunica.com.mx\/?p=31150\"},\"wordCount\":624,\"commentCount\":0,\"publisher\":{\"@id\":\"https:\/\/eticacomunica.com.mx\/#organization\"},\"image\":{\"@id\":\"https:\/\/eticacomunica.com.mx\/?p=31150#primaryimage\"},\"thumbnailUrl\":\"https:\/\/eticacomunica.com.mx\/wp-content\/uploads\/2026\/01\/IMG-20260126-WA0017.jpg\",\"keywords\":[\"Gobierno del Estado de Sinaloa\"],\"articleSection\":[\"GES\",\"Portada\"],\"inLanguage\":\"es\",\"potentialAction\":[{\"@type\":\"CommentAction\",\"name\":\"Comment\",\"target\":[\"https:\/\/eticacomunica.com.mx\/?p=31150#respond\"]}]},{\"@type\":\"WebPage\",\"@id\":\"https:\/\/eticacomunica.com.mx\/?p=31150\",\"url\":\"https:\/\/eticacomunica.com.mx\/?p=31150\",\"name\":\"Lluvias del s\u00e1bado 24 de enero podr\u00e1n ahorrar riegos agr\u00edcolas por humedad acumulada - \u00c9tica Comunica\",\"isPartOf\":{\"@id\":\"https:\/\/eticacomunica.com.mx\/#website\"},\"primaryImageOfPage\":{\"@id\":\"https:\/\/eticacomunica.com.mx\/?p=31150#primaryimage\"},\"image\":{\"@id\":\"https:\/\/eticacomunica.com.mx\/?p=31150#primaryimage\"},\"thumbnailUrl\":\"https:\/\/eticacomunica.com.mx\/wp-content\/uploads\/2026\/01\/IMG-20260126-WA0017.jpg\",\"datePublished\":\"2026-01-26T20:06:08+00:00\",\"breadcrumb\":{\"@id\":\"https:\/\/eticacomunica.com.mx\/?p=31150#breadcrumb\"},\"inLanguage\":\"es\",\"potentialAction\":[{\"@type\":\"ReadAction\",\"target\":[\"https:\/\/eticacomunica.com.mx\/?p=31150\"]}]},{\"@type\":\"ImageObject\",\"inLanguage\":\"es\",\"@id\":\"https:\/\/eticacomunica.com.mx\/?p=31150#primaryimage\",\"url\":\"https:\/\/eticacomunica.com.mx\/wp-content\/uploads\/2026\/01\/IMG-20260126-WA0017.jpg\",\"contentUrl\":\"https:\/\/eticacomunica.com.mx\/wp-content\/uploads\/2026\/01\/IMG-20260126-WA0017.jpg\",\"width\":1600,\"height\":1067},{\"@type\":\"BreadcrumbList\",\"@id\":\"https:\/\/eticacomunica.com.mx\/?p=31150#breadcrumb\",\"itemListElement\":[{\"@type\":\"ListItem\",\"position\":1,\"name\":\"Inicio\",\"item\":\"https:\/\/eticacomunica.com.mx\/\"},{\"@type\":\"ListItem\",\"position\":2,\"name\":\"Lluvias del s\u00e1bado 24 de enero podr\u00e1n ahorrar riegos agr\u00edcolas por humedad acumulada\"}]},{\"@type\":\"WebSite\",\"@id\":\"https:\/\/eticacomunica.com.mx\/#website\",\"url\":\"https:\/\/eticacomunica.com.mx\/\",\"name\":\"\u00c9tica Comunica\",\"description\":\"Diario Digital\",\"publisher\":{\"@id\":\"https:\/\/eticacomunica.com.mx\/#organization\"},\"potentialAction\":[{\"@type\":\"SearchAction\",\"target\":{\"@type\":\"EntryPoint\",\"urlTemplate\":\"https:\/\/eticacomunica.com.mx\/?s={search_term_string}\"},\"query-input\":{\"@type\":\"PropertyValueSpecification\",\"valueRequired\":true,\"valueName\":\"search_term_string\"}}],\"inLanguage\":\"es\"},{\"@type\":\"Organization\",\"@id\":\"https:\/\/eticacomunica.com.mx\/#organization\",\"name\":\"Diarios Digitales de Sinaloa\",\"url\":\"https:\/\/eticacomunica.com.mx\/\",\"logo\":{\"@type\":\"ImageObject\",\"inLanguage\":\"es\",\"@id\":\"https:\/\/eticacomunica.com.mx\/#\/schema\/logo\/image\/\",\"url\":\"https:\/\/eticacomunica.com.mx\/wp-content\/uploads\/2023\/10\/etica-logo.png\",\"contentUrl\":\"https:\/\/eticacomunica.com.mx\/wp-content\/uploads\/2023\/10\/etica-logo.png\",\"width\":1280,\"height\":432,\"caption\":\"Diarios Digitales de Sinaloa\"},\"image\":{\"@id\":\"https:\/\/eticacomunica.com.mx\/#\/schema\/logo\/image\/\"},\"sameAs\":[\"https:\/\/www.facebook.com\/eticacomunica\"]},{\"@type\":\"Person\",\"@id\":\"https:\/\/eticacomunica.com.mx\/#\/schema\/person\/2cacc47bd17fe8ad92f08c0313d22fa6\",\"name\":\"etica\",\"image\":{\"@type\":\"ImageObject\",\"inLanguage\":\"es\",\"@id\":\"https:\/\/secure.gravatar.com\/avatar\/dfb45d32bc7097f8f06d6e4f6e6b387e7cb8fd5b3a2869265c40587ab62cab1e?s=96&d=mm&r=g\",\"url\":\"https:\/\/secure.gravatar.com\/avatar\/dfb45d32bc7097f8f06d6e4f6e6b387e7cb8fd5b3a2869265c40587ab62cab1e?s=96&d=mm&r=g\",\"contentUrl\":\"https:\/\/secure.gravatar.com\/avatar\/dfb45d32bc7097f8f06d6e4f6e6b387e7cb8fd5b3a2869265c40587ab62cab1e?s=96&d=mm&r=g\",\"caption\":\"etica\"},\"sameAs\":[\"https:\/\/eticacomunica.com.mx\"],\"url\":\"https:\/\/eticacomunica.com.mx\/?author=1\"}]}<\/script>\n<!-- \/ Yoast SEO plugin. -->","yoast_head_json":{"title":"Lluvias del s\u00e1bado 24 de enero podr\u00e1n ahorrar riegos agr\u00edcolas por humedad acumulada - \u00c9tica Comunica","robots":{"index":"index","follow":"follow","max-snippet":"max-snippet:-1","max-image-preview":"max-image-preview:large","max-video-preview":"max-video-preview:-1"},"canonical":"https:\/\/eticacomunica.com.mx\/?p=31150","og_locale":"es_MX","og_type":"article","og_title":"Lluvias del s\u00e1bado 24 de enero podr\u00e1n ahorrar riegos agr\u00edcolas por humedad acumulada - \u00c9tica Comunica","og_description":"Durante la Conferencia Semanera del gobernador Rocha se present\u00f3 un reporte por parte de la Secretar\u00eda de Agricultura y Ganader\u00eda. Culiac\u00e1n, Sinaloa, a 26 de enero de 2026.- Las lluvias&hellip;","og_url":"https:\/\/eticacomunica.com.mx\/?p=31150","og_site_name":"\u00c9tica Comunica","article_publisher":"https:\/\/www.facebook.com\/eticacomunica","article_published_time":"2026-01-26T20:06:08+00:00","og_image":[{"width":1600,"height":1067,"url":"https:\/\/eticacomunica.com.mx\/wp-content\/uploads\/2026\/01\/IMG-20260126-WA0017.jpg","type":"image\/jpeg"}],"author":"etica","twitter_card":"summary_large_image","twitter_misc":{"Escrito por":"etica","Tiempo de lectura":"3 minutos"},"schema":{"@context":"https:\/\/schema.org","@graph":[{"@type":"Article","@id":"https:\/\/eticacomunica.com.mx\/?p=31150#article","isPartOf":{"@id":"https:\/\/eticacomunica.com.mx\/?p=31150"},"author":{"name":"etica","@id":"https:\/\/eticacomunica.com.mx\/#\/schema\/person\/2cacc47bd17fe8ad92f08c0313d22fa6"},"headline":"Lluvias del s\u00e1bado 24 de enero podr\u00e1n ahorrar riegos agr\u00edcolas por humedad acumulada","datePublished":"2026-01-26T20:06:08+00:00","mainEntityOfPage":{"@id":"https:\/\/eticacomunica.com.mx\/?p=31150"},"wordCount":624,"commentCount":0,"publisher":{"@id":"https:\/\/eticacomunica.com.mx\/#organization"},"image":{"@id":"https:\/\/eticacomunica.com.mx\/?p=31150#primaryimage"},"thumbnailUrl":"https:\/\/eticacomunica.com.mx\/wp-content\/uploads\/2026\/01\/IMG-20260126-WA0017.jpg","keywords":["Gobierno del Estado de Sinaloa"],"articleSection":["GES","Portada"],"inLanguage":"es","potentialAction":[{"@type":"CommentAction","name":"Comment","target":["https:\/\/eticacomunica.com.mx\/?p=31150#respond"]}]},{"@type":"WebPage","@id":"https:\/\/eticacomunica.com.mx\/?p=31150","url":"https:\/\/eticacomunica.com.mx\/?p=31150","name":"Lluvias del s\u00e1bado 24 de enero podr\u00e1n ahorrar riegos agr\u00edcolas por humedad acumulada - \u00c9tica Comunica","isPartOf":{"@id":"https:\/\/eticacomunica.com.mx\/#website"},"primaryImageOfPage":{"@id":"https:\/\/eticacomunica.com.mx\/?p=31150#primaryimage"},"image":{"@id":"https:\/\/eticacomunica.com.mx\/?p=31150#primaryimage"},"thumbnailUrl":"https:\/\/eticacomunica.com.mx\/wp-content\/uploads\/2026\/01\/IMG-20260126-WA0017.jpg","datePublished":"2026-01-26T20:06:08+00:00","breadcrumb":{"@id":"https:\/\/eticacomunica.com.mx\/?p=31150#breadcrumb"},"inLanguage":"es","potentialAction":[{"@type":"ReadAction","target":["https:\/\/eticacomunica.com.mx\/?p=31150"]}]},{"@type":"ImageObject","inLanguage":"es","@id":"https:\/\/eticacomunica.com.mx\/?p=31150#primaryimage","url":"https:\/\/eticacomunica.com.mx\/wp-content\/uploads\/2026\/01\/IMG-20260126-WA0017.jpg","contentUrl":"https:\/\/eticacomunica.com.mx\/wp-content\/uploads\/2026\/01\/IMG-20260126-WA0017.jpg","width":1600,"height":1067},{"@type":"BreadcrumbList","@id":"https:\/\/eticacomunica.com.mx\/?p=31150#breadcrumb","itemListElement":[{"@type":"ListItem","position":1,"name":"Inicio","item":"https:\/\/eticacomunica.com.mx\/"},{"@type":"ListItem","position":2,"name":"Lluvias del s\u00e1bado 24 de enero podr\u00e1n ahorrar riegos agr\u00edcolas por humedad acumulada"}]},{"@type":"WebSite","@id":"https:\/\/eticacomunica.com.mx\/#website","url":"https:\/\/eticacomunica.com.mx\/","name":"\u00c9tica Comunica","description":"Diario Digital","publisher":{"@id":"https:\/\/eticacomunica.com.mx\/#organization"},"potentialAction":[{"@type":"SearchAction","target":{"@type":"EntryPoint","urlTemplate":"https:\/\/eticacomunica.com.mx\/?s={search_term_string}"},"query-input":{"@type":"PropertyValueSpecification","valueRequired":true,"valueName":"search_term_string"}}],"inLanguage":"es"},{"@type":"Organization","@id":"https:\/\/eticacomunica.com.mx\/#organization","name":"Diarios Digitales de Sinaloa","url":"https:\/\/eticacomunica.com.mx\/","logo":{"@type":"ImageObject","inLanguage":"es","@id":"https:\/\/eticacomunica.com.mx\/#\/schema\/logo\/image\/","url":"https:\/\/eticacomunica.com.mx\/wp-content\/uploads\/2023\/10\/etica-logo.png","contentUrl":"https:\/\/eticacomunica.com.mx\/wp-content\/uploads\/2023\/10\/etica-logo.png","width":1280,"height":432,"caption":"Diarios Digitales de Sinaloa"},"image":{"@id":"https:\/\/eticacomunica.com.mx\/#\/schema\/logo\/image\/"},"sameAs":["https:\/\/www.facebook.com\/eticacomunica"]},{"@type":"Person","@id":"https:\/\/eticacomunica.com.mx\/#\/schema\/person\/2cacc47bd17fe8ad92f08c0313d22fa6","name":"etica","image":{"@type":"ImageObject","inLanguage":"es","@id":"https:\/\/secure.gravatar.com\/avatar\/dfb45d32bc7097f8f06d6e4f6e6b387e7cb8fd5b3a2869265c40587ab62cab1e?s=96&d=mm&r=g","url":"https:\/\/secure.gravatar.com\/avatar\/dfb45d32bc7097f8f06d6e4f6e6b387e7cb8fd5b3a2869265c40587ab62cab1e?s=96&d=mm&r=g","contentUrl":"https:\/\/secure.gravatar.com\/avatar\/dfb45d32bc7097f8f06d6e4f6e6b387e7cb8fd5b3a2869265c40587ab62cab1e?s=96&d=mm&r=g","caption":"etica"},"sameAs":["https:\/\/eticacomunica.com.mx"],"url":"https:\/\/eticacomunica.com.mx\/?author=1"}]}},"jetpack_publicize_connections":[],"jetpack_featured_media_url":"https:\/\/eticacomunica.com.mx\/wp-content\/uploads\/2026\/01\/IMG-20260126-WA0017.jpg","jetpack_sharing_enabled":true,"_links":{"self":[{"href":"https:\/\/eticacomunica.com.mx\/index.php?rest_route=\/wp\/v2\/posts\/31150","targetHints":{"allow":["GET"]}}],"collection":[{"href":"https:\/\/eticacomunica.com.mx\/index.php?rest_route=\/wp\/v2\/posts"}],"about":[{"href":"https:\/\/eticacomunica.com.mx\/index.php?rest_route=\/wp\/v2\/types\/post"}],"author":[{"embeddable":true,"href":"https:\/\/eticacomunica.com.mx\/index.php?rest_route=\/wp\/v2\/users\/1"}],"replies":[{"embeddable":true,"href":"https:\/\/eticacomunica.com.mx\/index.php?rest_route=%2Fwp%2Fv2%2Fcomments&post=31150"}],"version-history":[{"count":0,"href":"https:\/\/eticacomunica.com.mx\/index.php?rest_route=\/wp\/v2\/posts\/31150\/revisions"}],"wp:featuredmedia":[{"embeddable":true,"href":"https:\/\/eticacomunica.com.mx\/index.php?rest_route=\/wp\/v2\/media\/31149"}],"wp:attachment":[{"href":"https:\/\/eticacomunica.com.mx\/index.php?rest_route=%2Fwp%2Fv2%2Fmedia&parent=31150"}],"wp:term":[{"taxonomy":"category","embeddable":true,"href":"https:\/\/eticacomunica.com.mx\/index.php?rest_route=%2Fwp%2Fv2%2Fcategories&post=31150"},{"taxonomy":"post_tag","embeddable":true,"href":"https:\/\/eticacomunica.com.mx\/index.php?rest_route=%2Fwp%2Fv2%2Ftags&post=31150"}],"curies":[{"name":"wp","href":"https:\/\/api.w.org\/{rel}","templated":true}]}}