{"id":31154,"date":"2026-01-26T15:28:34","date_gmt":"2026-01-26T22:28:34","guid":{"rendered":"https:\/\/eticacomunica.com.mx\/?p=31154"},"modified":"2026-01-26T15:28:34","modified_gmt":"2026-01-26T22:28:34","slug":"fortalece-sinaloa-su-proyeccion-internacional-al-participar-en-fitur","status":"publish","type":"post","link":"https:\/\/eticacomunica.com.mx\/?p=31154","title":{"rendered":"Fortalece Sinaloa su proyecci\u00f3n internacional al participar en FITUR"},"content":{"rendered":"\n<p>La secretaria de Turismo estatal, Mireya Sosa Osuna, asegur\u00f3 que la participaci\u00f3n de la entidad en la feria realizada en Madrid, Espa\u00f1a, estuvo fundamentada en tres ejes: promoci\u00f3n y comercializaci\u00f3n; atracci\u00f3n de inversi\u00f3n y fortalecimiento de la conectividad a\u00e9rea.<br><br>Culiac\u00e1n, Sinaloa, 26 de enero de 2026.- El estado de Sinaloa reforz\u00f3 su proyecci\u00f3n internacional en la Feria de Turismo FITUR, realizada del 21 al 25 de enero en Madrid, Espa\u00f1a.<br><br>Durante su intervenci\u00f3n en la conferencia Semanera de este lunes, junto al gobernador Rub\u00e9n Rocha Moya, la secretaria de Turismo de Sinaloa, Mireya Sosa Osuna, se\u00f1al\u00f3 que la participaci\u00f3n de la entidad en FITUR estuvo fundamentada en tres ejes estrat\u00e9gicos: promoci\u00f3n y comercializaci\u00f3n; atracci\u00f3n de inversi\u00f3n y fortalecimiento de la conectividad a\u00e9rea.<br><br>\u201cLa semana pasada estuvimos presentes en FITUR, la feria internacional de turismo m\u00e1s importante del mundo, donde M\u00e9xico fue el pa\u00eds socio, lo que significa que M\u00e9xico tiene toda la visibilidad, antes, durante y despu\u00e9s de la feria. Estuvieron presentes 156 pa\u00edses de todo el mundo y de M\u00e9xico estuvimos los 32 estados de la Rep\u00fablica\u201d, afirm\u00f3.<br><br>En este sentido, se tuvieron m\u00e1s de 400 citas de negocios con promotores tur\u00edsticos de Espa\u00f1a, Rusia, \u00c1frica, Medio Oriente y Sudam\u00e9rica, as\u00ed como l\u00edneas a\u00e9reas, medios de comunicaci\u00f3n especializados y socios comerciales estrat\u00e9gicos.<br><br>En cuanto a promoci\u00f3n, se realiz\u00f3 una presentaci\u00f3n de destino ante 50 agentes de viaje, tour operadores y medios especializados, mostrando cinco rutas tur\u00edsticas a trav\u00e9s de todo el estado.<br><br>\u201cComo todos ustedes saben, Mazatl\u00e1n es uno de los principales destinos de sol y playa a nivel nacional e internacional, pero nuestro gobernador nos ha pedido que demos a conocer todo el estado y bajo esta instrucci\u00f3n fuimos con cinco rutas, poniendo mayor \u00e9nfasis en la ruta Del Pac\u00edfico a las Barrancas, que inicia en Mazatl\u00e1n, sale a Los Mochis, que es la puerta de entrada a las Barrancas del Cobre, donde dimos a conocer Topolobampo, Maviri, El Fuerte, que es uno de nuestros cinco Pueblos M\u00e1gicos\u201d, resalt\u00f3.<br><br>Adem\u00e1s de las citas de negocios con socios comerciales, con el objetivo de reforzar alianzas, se mostr\u00f3 parte de la historia y costumbres que le dan vida a Sinaloa.<br><br>\u201cFuimos promoviendo nuestras ra\u00edces, cultura costumbres, a nuestros artesanos, nuestras cocineras tradicionales, que es lo que nos hace \u00fanicos, lo que nos diferencia de los 156 pa\u00edses participantes\u201d, enfatiz\u00f3.<br><br>Para darle un mayor impulso a la conectividad a\u00e9rea se tuvieron reuniones con aerol\u00edneas como Volaris, Viva Aerob\u00fas, WestJet, dando como resultado la creaci\u00f3n de nuevas rutas que se dar\u00e1n a conocer pr\u00f3ximamente.<br><br>Y en cuanto a la atracci\u00f3n de inversi\u00f3n tur\u00edstica, la funcionaria estatal afirm\u00f3 que grupos hoteleros importantes se mostraron muy interesados en la entidad.<br><br>\u201cMuy interesados en la inversi\u00f3n, grupos de cadenas muy importantes como Barcel\u00f3, Iberostar y RIU, este \u00faltimo reiterando su compromiso en la inversi\u00f3n en Mazatl\u00e1n, donde es uno de los cinco hoteles m\u00e1s grandes del mundo que va a estar en Mazatl\u00e1n; tuvimos muy buenos resultados y una vez que se concreten estas inversiones se van a estar dando a conocer\u201d, puntualiz\u00f3 Sosa Osuna.<\/p>\n","protected":false},"excerpt":{"rendered":"<p>La secretaria de Turismo estatal, Mireya Sosa Osuna, asegur\u00f3 que la participaci\u00f3n de la entidad en la feria realizada en Madrid, Espa\u00f1a, estuvo fundamentada en tres ejes: promoci\u00f3n y comercializaci\u00f3n;&hellip;<\/p>\n","protected":false},"author":1,"featured_media":31153,"comment_status":"open","ping_status":"open","sticky":false,"template":"","format":"standard","meta":{"_jetpack_memberships_contains_paid_content":false,"footnotes":"","jetpack_publicize_message":"","jetpack_publicize_feature_enabled":true,"jetpack_social_post_already_shared":true,"jetpack_social_options":{"image_generator_settings":{"template":"highway","default_image_id":0,"font":"","enabled":false},"version":2}},"categories":[207,26],"tags":[34],"class_list":["post-31154","post","type-post","status-publish","format-standard","has-post-thumbnail","hentry","category-ges","category-portada","tag-gobierno-del-estado-de-sinaloa"],"yoast_head":"<!-- This site is optimized with the Yoast SEO plugin v27.2 - https:\/\/yoast.com\/product\/yoast-seo-wordpress\/ -->\n<title>Fortalece Sinaloa su proyecci\u00f3n internacional al participar en FITUR - \u00c9tica Comunica<\/title>\n<meta name=\"robots\" content=\"index, follow, max-snippet:-1, max-image-preview:large, max-video-preview:-1\" \/>\n<link rel=\"canonical\" href=\"https:\/\/eticacomunica.com.mx\/?p=31154\" \/>\n<meta property=\"og:locale\" content=\"es_MX\" \/>\n<meta property=\"og:type\" content=\"article\" \/>\n<meta property=\"og:title\" content=\"Fortalece Sinaloa su proyecci\u00f3n internacional al participar en FITUR - \u00c9tica Comunica\" \/>\n<meta property=\"og:description\" content=\"La secretaria de Turismo estatal, Mireya Sosa Osuna, asegur\u00f3 que la participaci\u00f3n de la entidad en la feria realizada en Madrid, Espa\u00f1a, estuvo fundamentada en tres ejes: promoci\u00f3n y comercializaci\u00f3n;&hellip;\" \/>\n<meta property=\"og:url\" content=\"https:\/\/eticacomunica.com.mx\/?p=31154\" \/>\n<meta property=\"og:site_name\" content=\"\u00c9tica Comunica\" \/>\n<meta property=\"article:publisher\" content=\"https:\/\/www.facebook.com\/eticacomunica\" \/>\n<meta property=\"article:published_time\" content=\"2026-01-26T22:28:34+00:00\" \/>\n<meta property=\"og:image\" content=\"https:\/\/eticacomunica.com.mx\/wp-content\/uploads\/2026\/01\/IMG-20260126-WA0021.jpg\" \/>\n\t<meta property=\"og:image:width\" content=\"1600\" \/>\n\t<meta property=\"og:image:height\" content=\"1067\" \/>\n\t<meta property=\"og:image:type\" content=\"image\/jpeg\" \/>\n<meta name=\"author\" content=\"etica\" \/>\n<meta name=\"twitter:card\" content=\"summary_large_image\" \/>\n<meta name=\"twitter:label1\" content=\"Escrito por\" \/>\n\t<meta name=\"twitter:data1\" content=\"etica\" \/>\n\t<meta name=\"twitter:label2\" content=\"Tiempo de lectura\" \/>\n\t<meta name=\"twitter:data2\" content=\"3 minutos\" \/>\n<script type=\"application\/ld+json\" class=\"yoast-schema-graph\">{\"@context\":\"https:\/\/schema.org\",\"@graph\":[{\"@type\":\"Article\",\"@id\":\"https:\/\/eticacomunica.com.mx\/?p=31154#article\",\"isPartOf\":{\"@id\":\"https:\/\/eticacomunica.com.mx\/?p=31154\"},\"author\":{\"name\":\"etica\",\"@id\":\"https:\/\/eticacomunica.com.mx\/#\/schema\/person\/2cacc47bd17fe8ad92f08c0313d22fa6\"},\"headline\":\"Fortalece Sinaloa su proyecci\u00f3n internacional al participar en FITUR\",\"datePublished\":\"2026-01-26T22:28:34+00:00\",\"mainEntityOfPage\":{\"@id\":\"https:\/\/eticacomunica.com.mx\/?p=31154\"},\"wordCount\":574,\"commentCount\":0,\"publisher\":{\"@id\":\"https:\/\/eticacomunica.com.mx\/#organization\"},\"image\":{\"@id\":\"https:\/\/eticacomunica.com.mx\/?p=31154#primaryimage\"},\"thumbnailUrl\":\"https:\/\/eticacomunica.com.mx\/wp-content\/uploads\/2026\/01\/IMG-20260126-WA0021.jpg\",\"keywords\":[\"Gobierno del Estado de Sinaloa\"],\"articleSection\":[\"GES\",\"Portada\"],\"inLanguage\":\"es\",\"potentialAction\":[{\"@type\":\"CommentAction\",\"name\":\"Comment\",\"target\":[\"https:\/\/eticacomunica.com.mx\/?p=31154#respond\"]}]},{\"@type\":\"WebPage\",\"@id\":\"https:\/\/eticacomunica.com.mx\/?p=31154\",\"url\":\"https:\/\/eticacomunica.com.mx\/?p=31154\",\"name\":\"Fortalece Sinaloa su proyecci\u00f3n internacional al participar en FITUR - \u00c9tica Comunica\",\"isPartOf\":{\"@id\":\"https:\/\/eticacomunica.com.mx\/#website\"},\"primaryImageOfPage\":{\"@id\":\"https:\/\/eticacomunica.com.mx\/?p=31154#primaryimage\"},\"image\":{\"@id\":\"https:\/\/eticacomunica.com.mx\/?p=31154#primaryimage\"},\"thumbnailUrl\":\"https:\/\/eticacomunica.com.mx\/wp-content\/uploads\/2026\/01\/IMG-20260126-WA0021.jpg\",\"datePublished\":\"2026-01-26T22:28:34+00:00\",\"breadcrumb\":{\"@id\":\"https:\/\/eticacomunica.com.mx\/?p=31154#breadcrumb\"},\"inLanguage\":\"es\",\"potentialAction\":[{\"@type\":\"ReadAction\",\"target\":[\"https:\/\/eticacomunica.com.mx\/?p=31154\"]}]},{\"@type\":\"ImageObject\",\"inLanguage\":\"es\",\"@id\":\"https:\/\/eticacomunica.com.mx\/?p=31154#primaryimage\",\"url\":\"https:\/\/eticacomunica.com.mx\/wp-content\/uploads\/2026\/01\/IMG-20260126-WA0021.jpg\",\"contentUrl\":\"https:\/\/eticacomunica.com.mx\/wp-content\/uploads\/2026\/01\/IMG-20260126-WA0021.jpg\",\"width\":1600,\"height\":1067},{\"@type\":\"BreadcrumbList\",\"@id\":\"https:\/\/eticacomunica.com.mx\/?p=31154#breadcrumb\",\"itemListElement\":[{\"@type\":\"ListItem\",\"position\":1,\"name\":\"Inicio\",\"item\":\"https:\/\/eticacomunica.com.mx\/\"},{\"@type\":\"ListItem\",\"position\":2,\"name\":\"Fortalece Sinaloa su proyecci\u00f3n internacional al participar en FITUR\"}]},{\"@type\":\"WebSite\",\"@id\":\"https:\/\/eticacomunica.com.mx\/#website\",\"url\":\"https:\/\/eticacomunica.com.mx\/\",\"name\":\"\u00c9tica Comunica\",\"description\":\"Diario Digital\",\"publisher\":{\"@id\":\"https:\/\/eticacomunica.com.mx\/#organization\"},\"potentialAction\":[{\"@type\":\"SearchAction\",\"target\":{\"@type\":\"EntryPoint\",\"urlTemplate\":\"https:\/\/eticacomunica.com.mx\/?s={search_term_string}\"},\"query-input\":{\"@type\":\"PropertyValueSpecification\",\"valueRequired\":true,\"valueName\":\"search_term_string\"}}],\"inLanguage\":\"es\"},{\"@type\":\"Organization\",\"@id\":\"https:\/\/eticacomunica.com.mx\/#organization\",\"name\":\"Diarios Digitales de Sinaloa\",\"url\":\"https:\/\/eticacomunica.com.mx\/\",\"logo\":{\"@type\":\"ImageObject\",\"inLanguage\":\"es\",\"@id\":\"https:\/\/eticacomunica.com.mx\/#\/schema\/logo\/image\/\",\"url\":\"https:\/\/eticacomunica.com.mx\/wp-content\/uploads\/2023\/10\/etica-logo.png\",\"contentUrl\":\"https:\/\/eticacomunica.com.mx\/wp-content\/uploads\/2023\/10\/etica-logo.png\",\"width\":1280,\"height\":432,\"caption\":\"Diarios Digitales de Sinaloa\"},\"image\":{\"@id\":\"https:\/\/eticacomunica.com.mx\/#\/schema\/logo\/image\/\"},\"sameAs\":[\"https:\/\/www.facebook.com\/eticacomunica\"]},{\"@type\":\"Person\",\"@id\":\"https:\/\/eticacomunica.com.mx\/#\/schema\/person\/2cacc47bd17fe8ad92f08c0313d22fa6\",\"name\":\"etica\",\"image\":{\"@type\":\"ImageObject\",\"inLanguage\":\"es\",\"@id\":\"https:\/\/secure.gravatar.com\/avatar\/dfb45d32bc7097f8f06d6e4f6e6b387e7cb8fd5b3a2869265c40587ab62cab1e?s=96&d=mm&r=g\",\"url\":\"https:\/\/secure.gravatar.com\/avatar\/dfb45d32bc7097f8f06d6e4f6e6b387e7cb8fd5b3a2869265c40587ab62cab1e?s=96&d=mm&r=g\",\"contentUrl\":\"https:\/\/secure.gravatar.com\/avatar\/dfb45d32bc7097f8f06d6e4f6e6b387e7cb8fd5b3a2869265c40587ab62cab1e?s=96&d=mm&r=g\",\"caption\":\"etica\"},\"sameAs\":[\"https:\/\/eticacomunica.com.mx\"],\"url\":\"https:\/\/eticacomunica.com.mx\/?author=1\"}]}<\/script>\n<!-- \/ Yoast SEO plugin. -->","yoast_head_json":{"title":"Fortalece Sinaloa su proyecci\u00f3n internacional al participar en FITUR - \u00c9tica Comunica","robots":{"index":"index","follow":"follow","max-snippet":"max-snippet:-1","max-image-preview":"max-image-preview:large","max-video-preview":"max-video-preview:-1"},"canonical":"https:\/\/eticacomunica.com.mx\/?p=31154","og_locale":"es_MX","og_type":"article","og_title":"Fortalece Sinaloa su proyecci\u00f3n internacional al participar en FITUR - \u00c9tica Comunica","og_description":"La secretaria de Turismo estatal, Mireya Sosa Osuna, asegur\u00f3 que la participaci\u00f3n de la entidad en la feria realizada en Madrid, Espa\u00f1a, estuvo fundamentada en tres ejes: promoci\u00f3n y comercializaci\u00f3n;&hellip;","og_url":"https:\/\/eticacomunica.com.mx\/?p=31154","og_site_name":"\u00c9tica Comunica","article_publisher":"https:\/\/www.facebook.com\/eticacomunica","article_published_time":"2026-01-26T22:28:34+00:00","og_image":[{"width":1600,"height":1067,"url":"https:\/\/eticacomunica.com.mx\/wp-content\/uploads\/2026\/01\/IMG-20260126-WA0021.jpg","type":"image\/jpeg"}],"author":"etica","twitter_card":"summary_large_image","twitter_misc":{"Escrito por":"etica","Tiempo de lectura":"3 minutos"},"schema":{"@context":"https:\/\/schema.org","@graph":[{"@type":"Article","@id":"https:\/\/eticacomunica.com.mx\/?p=31154#article","isPartOf":{"@id":"https:\/\/eticacomunica.com.mx\/?p=31154"},"author":{"name":"etica","@id":"https:\/\/eticacomunica.com.mx\/#\/schema\/person\/2cacc47bd17fe8ad92f08c0313d22fa6"},"headline":"Fortalece Sinaloa su proyecci\u00f3n internacional al participar en FITUR","datePublished":"2026-01-26T22:28:34+00:00","mainEntityOfPage":{"@id":"https:\/\/eticacomunica.com.mx\/?p=31154"},"wordCount":574,"commentCount":0,"publisher":{"@id":"https:\/\/eticacomunica.com.mx\/#organization"},"image":{"@id":"https:\/\/eticacomunica.com.mx\/?p=31154#primaryimage"},"thumbnailUrl":"https:\/\/eticacomunica.com.mx\/wp-content\/uploads\/2026\/01\/IMG-20260126-WA0021.jpg","keywords":["Gobierno del Estado de Sinaloa"],"articleSection":["GES","Portada"],"inLanguage":"es","potentialAction":[{"@type":"CommentAction","name":"Comment","target":["https:\/\/eticacomunica.com.mx\/?p=31154#respond"]}]},{"@type":"WebPage","@id":"https:\/\/eticacomunica.com.mx\/?p=31154","url":"https:\/\/eticacomunica.com.mx\/?p=31154","name":"Fortalece Sinaloa su proyecci\u00f3n internacional al participar en FITUR - \u00c9tica Comunica","isPartOf":{"@id":"https:\/\/eticacomunica.com.mx\/#website"},"primaryImageOfPage":{"@id":"https:\/\/eticacomunica.com.mx\/?p=31154#primaryimage"},"image":{"@id":"https:\/\/eticacomunica.com.mx\/?p=31154#primaryimage"},"thumbnailUrl":"https:\/\/eticacomunica.com.mx\/wp-content\/uploads\/2026\/01\/IMG-20260126-WA0021.jpg","datePublished":"2026-01-26T22:28:34+00:00","breadcrumb":{"@id":"https:\/\/eticacomunica.com.mx\/?p=31154#breadcrumb"},"inLanguage":"es","potentialAction":[{"@type":"ReadAction","target":["https:\/\/eticacomunica.com.mx\/?p=31154"]}]},{"@type":"ImageObject","inLanguage":"es","@id":"https:\/\/eticacomunica.com.mx\/?p=31154#primaryimage","url":"https:\/\/eticacomunica.com.mx\/wp-content\/uploads\/2026\/01\/IMG-20260126-WA0021.jpg","contentUrl":"https:\/\/eticacomunica.com.mx\/wp-content\/uploads\/2026\/01\/IMG-20260126-WA0021.jpg","width":1600,"height":1067},{"@type":"BreadcrumbList","@id":"https:\/\/eticacomunica.com.mx\/?p=31154#breadcrumb","itemListElement":[{"@type":"ListItem","position":1,"name":"Inicio","item":"https:\/\/eticacomunica.com.mx\/"},{"@type":"ListItem","position":2,"name":"Fortalece Sinaloa su proyecci\u00f3n internacional al participar en FITUR"}]},{"@type":"WebSite","@id":"https:\/\/eticacomunica.com.mx\/#website","url":"https:\/\/eticacomunica.com.mx\/","name":"\u00c9tica Comunica","description":"Diario Digital","publisher":{"@id":"https:\/\/eticacomunica.com.mx\/#organization"},"potentialAction":[{"@type":"SearchAction","target":{"@type":"EntryPoint","urlTemplate":"https:\/\/eticacomunica.com.mx\/?s={search_term_string}"},"query-input":{"@type":"PropertyValueSpecification","valueRequired":true,"valueName":"search_term_string"}}],"inLanguage":"es"},{"@type":"Organization","@id":"https:\/\/eticacomunica.com.mx\/#organization","name":"Diarios Digitales de Sinaloa","url":"https:\/\/eticacomunica.com.mx\/","logo":{"@type":"ImageObject","inLanguage":"es","@id":"https:\/\/eticacomunica.com.mx\/#\/schema\/logo\/image\/","url":"https:\/\/eticacomunica.com.mx\/wp-content\/uploads\/2023\/10\/etica-logo.png","contentUrl":"https:\/\/eticacomunica.com.mx\/wp-content\/uploads\/2023\/10\/etica-logo.png","width":1280,"height":432,"caption":"Diarios Digitales de Sinaloa"},"image":{"@id":"https:\/\/eticacomunica.com.mx\/#\/schema\/logo\/image\/"},"sameAs":["https:\/\/www.facebook.com\/eticacomunica"]},{"@type":"Person","@id":"https:\/\/eticacomunica.com.mx\/#\/schema\/person\/2cacc47bd17fe8ad92f08c0313d22fa6","name":"etica","image":{"@type":"ImageObject","inLanguage":"es","@id":"https:\/\/secure.gravatar.com\/avatar\/dfb45d32bc7097f8f06d6e4f6e6b387e7cb8fd5b3a2869265c40587ab62cab1e?s=96&d=mm&r=g","url":"https:\/\/secure.gravatar.com\/avatar\/dfb45d32bc7097f8f06d6e4f6e6b387e7cb8fd5b3a2869265c40587ab62cab1e?s=96&d=mm&r=g","contentUrl":"https:\/\/secure.gravatar.com\/avatar\/dfb45d32bc7097f8f06d6e4f6e6b387e7cb8fd5b3a2869265c40587ab62cab1e?s=96&d=mm&r=g","caption":"etica"},"sameAs":["https:\/\/eticacomunica.com.mx"],"url":"https:\/\/eticacomunica.com.mx\/?author=1"}]}},"jetpack_publicize_connections":[],"jetpack_featured_media_url":"https:\/\/eticacomunica.com.mx\/wp-content\/uploads\/2026\/01\/IMG-20260126-WA0021.jpg","jetpack_sharing_enabled":true,"_links":{"self":[{"href":"https:\/\/eticacomunica.com.mx\/index.php?rest_route=\/wp\/v2\/posts\/31154","targetHints":{"allow":["GET"]}}],"collection":[{"href":"https:\/\/eticacomunica.com.mx\/index.php?rest_route=\/wp\/v2\/posts"}],"about":[{"href":"https:\/\/eticacomunica.com.mx\/index.php?rest_route=\/wp\/v2\/types\/post"}],"author":[{"embeddable":true,"href":"https:\/\/eticacomunica.com.mx\/index.php?rest_route=\/wp\/v2\/users\/1"}],"replies":[{"embeddable":true,"href":"https:\/\/eticacomunica.com.mx\/index.php?rest_route=%2Fwp%2Fv2%2Fcomments&post=31154"}],"version-history":[{"count":0,"href":"https:\/\/eticacomunica.com.mx\/index.php?rest_route=\/wp\/v2\/posts\/31154\/revisions"}],"wp:featuredmedia":[{"embeddable":true,"href":"https:\/\/eticacomunica.com.mx\/index.php?rest_route=\/wp\/v2\/media\/31153"}],"wp:attachment":[{"href":"https:\/\/eticacomunica.com.mx\/index.php?rest_route=%2Fwp%2Fv2%2Fmedia&parent=31154"}],"wp:term":[{"taxonomy":"category","embeddable":true,"href":"https:\/\/eticacomunica.com.mx\/index.php?rest_route=%2Fwp%2Fv2%2Fcategories&post=31154"},{"taxonomy":"post_tag","embeddable":true,"href":"https:\/\/eticacomunica.com.mx\/index.php?rest_route=%2Fwp%2Fv2%2Ftags&post=31154"}],"curies":[{"name":"wp","href":"https:\/\/api.w.org\/{rel}","templated":true}]}}