{"id":31158,"date":"2026-01-26T16:49:58","date_gmt":"2026-01-26T23:49:58","guid":{"rendered":"https:\/\/eticacomunica.com.mx\/?p=31158"},"modified":"2026-01-26T16:49:58","modified_gmt":"2026-01-26T23:49:58","slug":"estudiantes-de-todos-los-niveles-regresan-al-segundo-semestre-del-ciclo-escolar-2025-2026-en-la-uas","status":"publish","type":"post","link":"https:\/\/eticacomunica.com.mx\/?p=31158","title":{"rendered":"Estudiantes de todos los niveles regresan al segundo semestre del ciclo escolar 2025-2026 en la UAS"},"content":{"rendered":"\n<p>Con una matr\u00edcula cercana a los 30 mil estudiantes y un despliegue log\u00edstico enfocado en la seguridad y la calidad acad\u00e9mica, la Universidad Aut\u00f3noma de Sinaloa (UAS), en la Unidad Regional Sur (URS), dio inicio formal al ciclo escolar 2025-2026.<br><br>El Vicerrector de la Regi\u00f3n, Iv\u00e1n Tostado, inform\u00f3 que el regreso a las aulas se ha desarrollado con una asistencia masiva y bajo condiciones \u00f3ptimas, resultado de una intensa jornada de rehabilitaci\u00f3n de espacios, laboratorios y \u00e1reas comunes, garantizando instalaciones dignas para la comunidad universitaria.<br><br>\u201cContento porque la asistencia es de manera amplia, monitoreando la llegada antes de las 6:45 de los estudiantes del bachillerato, much\u00edsima concurrencia. A partir de las 7 con el nivel superior, mismo fen\u00f3meno, lo cual habla de que el estudiantado de la Universidad Aut\u00f3noma de Sinaloa ten\u00eda ganas de regresar e iniciar hoy su primer d\u00eda de clases con los docentes, muy contentos (&#8230;) En conjunto con el desarrollo integral, llegue a todos los estudiantes de esta m\u00e1xima casa de estudios, cumpliendo la confianza encomendada por el doctor Jes\u00fas Molina Molina de recibir en esta unidad regional sur con calidad educativa, con instalaciones dignas\u201d.<br><br>En dicho contexto, y como parte de las estrategias de modernizaci\u00f3n y seguridad, este ciclo escolar marca el inicio de un nuevo sistema de control automatizado de accesos en las preparatorias de la regi\u00f3n. Esta herramienta tecnol\u00f3gica enviar\u00e1 notificaciones en tiempo real v\u00eda WhatsApp a los padres de familia, informando el momento exacto del ingreso y la salida de sus hijos en los planteles; buscando brindar mayor tranquilidad a las familias y fortalecer el entorno seguro de los estudiantes del nivel medio superior.<br><br>Asimismo, en respuesta a la creciente demanda educativa, la Facultad de Arquitectura y Dise\u00f1o (FADI) inaugur\u00f3 hoy nuevos espacios acad\u00e9micos. Se trata de la puesta en marcha de aulas ubicadas en los niveles 2 y 3 del edificio construido durante 2025. <br><br>Sobre el regreso a las aulas y la nueva tecnolog\u00eda, se expres\u00f3 la alumna Melissa Osuna R\u00edos: \u201cMe siento muy feliz de regresar a clases. Espero que todos logren integrarse muy bien en este nuevo ciclo escolar y respecto a la nueva tecnolog\u00eda que se ha implementado en la preparatoria, creo que es una medida de seguridad muy acertada y pues espero que sirva bastante, ya que pues con esto podemos tener buen control de la entrada y salida de los alumnos a la preparatoria\u201d.<br><br>Y la estudiante Kimberly Rojas, dijo: \u201cEstamos muy contentos con este nuevo sistema, ya que es muy eficiente y tambi\u00e9n es muy agradecido por los padres; la verdad mi mam\u00e1 est\u00e1 muy contenta con este nuevo cambio, ya que siempre estaba muy al pendiente de m\u00ed cuando sal\u00eda y cuando entraba, porque ahorita pues la inseguridad est\u00e1 muy fuerte y gracias a este nuevo sistema yo pienso que vamos a estar un poquito m\u00e1s seguros.<br><br>As\u00ed la administraci\u00f3n universitaria, respaldada por el equipo acad\u00e9mico y administrativo, sigue comprometida con la estabilidad, calidad educativa y el desarrollo integral de la M\u00e1xima Casa de Estudios Sinaloense.<\/p>\n","protected":false},"excerpt":{"rendered":"<p>Con una matr\u00edcula cercana a los 30 mil estudiantes y un despliegue log\u00edstico enfocado en la seguridad y la calidad acad\u00e9mica, la Universidad Aut\u00f3noma de Sinaloa (UAS), en la Unidad&hellip;<\/p>\n","protected":false},"author":1,"featured_media":31157,"comment_status":"open","ping_status":"open","sticky":false,"template":"","format":"standard","meta":{"_jetpack_memberships_contains_paid_content":false,"footnotes":"","jetpack_publicize_message":"","jetpack_publicize_feature_enabled":true,"jetpack_social_post_already_shared":true,"jetpack_social_options":{"image_generator_settings":{"template":"highway","default_image_id":0,"font":"","enabled":false},"version":2}},"categories":[40],"tags":[41],"class_list":["post-31158","post","type-post","status-publish","format-standard","has-post-thumbnail","hentry","category-educacion","tag-uas"],"yoast_head":"<!-- This site is optimized with the Yoast SEO plugin v27.2 - https:\/\/yoast.com\/product\/yoast-seo-wordpress\/ -->\n<title>Estudiantes de todos los niveles regresan al segundo semestre del ciclo escolar 2025-2026 en la UAS - \u00c9tica Comunica<\/title>\n<meta name=\"robots\" content=\"index, follow, max-snippet:-1, max-image-preview:large, max-video-preview:-1\" \/>\n<link rel=\"canonical\" href=\"https:\/\/eticacomunica.com.mx\/?p=31158\" \/>\n<meta property=\"og:locale\" content=\"es_MX\" \/>\n<meta property=\"og:type\" content=\"article\" \/>\n<meta property=\"og:title\" content=\"Estudiantes de todos los niveles regresan al segundo semestre del ciclo escolar 2025-2026 en la UAS - \u00c9tica Comunica\" \/>\n<meta property=\"og:description\" content=\"Con una matr\u00edcula cercana a los 30 mil estudiantes y un despliegue log\u00edstico enfocado en la seguridad y la calidad acad\u00e9mica, la Universidad Aut\u00f3noma de Sinaloa (UAS), en la Unidad&hellip;\" \/>\n<meta property=\"og:url\" content=\"https:\/\/eticacomunica.com.mx\/?p=31158\" \/>\n<meta property=\"og:site_name\" content=\"\u00c9tica Comunica\" \/>\n<meta property=\"article:publisher\" content=\"https:\/\/www.facebook.com\/eticacomunica\" \/>\n<meta property=\"article:published_time\" content=\"2026-01-26T23:49:58+00:00\" \/>\n<meta property=\"og:image\" content=\"https:\/\/eticacomunica.com.mx\/wp-content\/uploads\/2026\/01\/IMG-20260126-WA0038.jpg\" \/>\n\t<meta property=\"og:image:width\" content=\"1600\" \/>\n\t<meta property=\"og:image:height\" content=\"1066\" \/>\n\t<meta property=\"og:image:type\" content=\"image\/jpeg\" \/>\n<meta name=\"author\" content=\"etica\" \/>\n<meta name=\"twitter:card\" content=\"summary_large_image\" \/>\n<meta name=\"twitter:label1\" content=\"Escrito por\" \/>\n\t<meta name=\"twitter:data1\" content=\"etica\" \/>\n\t<meta name=\"twitter:label2\" content=\"Tiempo de lectura\" \/>\n\t<meta name=\"twitter:data2\" content=\"3 minutos\" \/>\n<script type=\"application\/ld+json\" class=\"yoast-schema-graph\">{\"@context\":\"https:\/\/schema.org\",\"@graph\":[{\"@type\":\"Article\",\"@id\":\"https:\/\/eticacomunica.com.mx\/?p=31158#article\",\"isPartOf\":{\"@id\":\"https:\/\/eticacomunica.com.mx\/?p=31158\"},\"author\":{\"name\":\"etica\",\"@id\":\"https:\/\/eticacomunica.com.mx\/#\/schema\/person\/2cacc47bd17fe8ad92f08c0313d22fa6\"},\"headline\":\"Estudiantes de todos los niveles regresan al segundo semestre del ciclo escolar 2025-2026 en la UAS\",\"datePublished\":\"2026-01-26T23:49:58+00:00\",\"mainEntityOfPage\":{\"@id\":\"https:\/\/eticacomunica.com.mx\/?p=31158\"},\"wordCount\":540,\"commentCount\":0,\"publisher\":{\"@id\":\"https:\/\/eticacomunica.com.mx\/#organization\"},\"image\":{\"@id\":\"https:\/\/eticacomunica.com.mx\/?p=31158#primaryimage\"},\"thumbnailUrl\":\"https:\/\/eticacomunica.com.mx\/wp-content\/uploads\/2026\/01\/IMG-20260126-WA0038.jpg\",\"keywords\":[\"UAS\"],\"articleSection\":[\"Educaci\u00f3n\"],\"inLanguage\":\"es\",\"potentialAction\":[{\"@type\":\"CommentAction\",\"name\":\"Comment\",\"target\":[\"https:\/\/eticacomunica.com.mx\/?p=31158#respond\"]}]},{\"@type\":\"WebPage\",\"@id\":\"https:\/\/eticacomunica.com.mx\/?p=31158\",\"url\":\"https:\/\/eticacomunica.com.mx\/?p=31158\",\"name\":\"Estudiantes de todos los niveles regresan al segundo semestre del ciclo escolar 2025-2026 en la UAS - \u00c9tica Comunica\",\"isPartOf\":{\"@id\":\"https:\/\/eticacomunica.com.mx\/#website\"},\"primaryImageOfPage\":{\"@id\":\"https:\/\/eticacomunica.com.mx\/?p=31158#primaryimage\"},\"image\":{\"@id\":\"https:\/\/eticacomunica.com.mx\/?p=31158#primaryimage\"},\"thumbnailUrl\":\"https:\/\/eticacomunica.com.mx\/wp-content\/uploads\/2026\/01\/IMG-20260126-WA0038.jpg\",\"datePublished\":\"2026-01-26T23:49:58+00:00\",\"breadcrumb\":{\"@id\":\"https:\/\/eticacomunica.com.mx\/?p=31158#breadcrumb\"},\"inLanguage\":\"es\",\"potentialAction\":[{\"@type\":\"ReadAction\",\"target\":[\"https:\/\/eticacomunica.com.mx\/?p=31158\"]}]},{\"@type\":\"ImageObject\",\"inLanguage\":\"es\",\"@id\":\"https:\/\/eticacomunica.com.mx\/?p=31158#primaryimage\",\"url\":\"https:\/\/eticacomunica.com.mx\/wp-content\/uploads\/2026\/01\/IMG-20260126-WA0038.jpg\",\"contentUrl\":\"https:\/\/eticacomunica.com.mx\/wp-content\/uploads\/2026\/01\/IMG-20260126-WA0038.jpg\",\"width\":1600,\"height\":1066},{\"@type\":\"BreadcrumbList\",\"@id\":\"https:\/\/eticacomunica.com.mx\/?p=31158#breadcrumb\",\"itemListElement\":[{\"@type\":\"ListItem\",\"position\":1,\"name\":\"Inicio\",\"item\":\"https:\/\/eticacomunica.com.mx\/\"},{\"@type\":\"ListItem\",\"position\":2,\"name\":\"Estudiantes de todos los niveles regresan al segundo semestre del ciclo escolar 2025-2026 en la UAS\"}]},{\"@type\":\"WebSite\",\"@id\":\"https:\/\/eticacomunica.com.mx\/#website\",\"url\":\"https:\/\/eticacomunica.com.mx\/\",\"name\":\"\u00c9tica Comunica\",\"description\":\"Diario Digital\",\"publisher\":{\"@id\":\"https:\/\/eticacomunica.com.mx\/#organization\"},\"potentialAction\":[{\"@type\":\"SearchAction\",\"target\":{\"@type\":\"EntryPoint\",\"urlTemplate\":\"https:\/\/eticacomunica.com.mx\/?s={search_term_string}\"},\"query-input\":{\"@type\":\"PropertyValueSpecification\",\"valueRequired\":true,\"valueName\":\"search_term_string\"}}],\"inLanguage\":\"es\"},{\"@type\":\"Organization\",\"@id\":\"https:\/\/eticacomunica.com.mx\/#organization\",\"name\":\"Diarios Digitales de Sinaloa\",\"url\":\"https:\/\/eticacomunica.com.mx\/\",\"logo\":{\"@type\":\"ImageObject\",\"inLanguage\":\"es\",\"@id\":\"https:\/\/eticacomunica.com.mx\/#\/schema\/logo\/image\/\",\"url\":\"https:\/\/eticacomunica.com.mx\/wp-content\/uploads\/2023\/10\/etica-logo.png\",\"contentUrl\":\"https:\/\/eticacomunica.com.mx\/wp-content\/uploads\/2023\/10\/etica-logo.png\",\"width\":1280,\"height\":432,\"caption\":\"Diarios Digitales de Sinaloa\"},\"image\":{\"@id\":\"https:\/\/eticacomunica.com.mx\/#\/schema\/logo\/image\/\"},\"sameAs\":[\"https:\/\/www.facebook.com\/eticacomunica\"]},{\"@type\":\"Person\",\"@id\":\"https:\/\/eticacomunica.com.mx\/#\/schema\/person\/2cacc47bd17fe8ad92f08c0313d22fa6\",\"name\":\"etica\",\"image\":{\"@type\":\"ImageObject\",\"inLanguage\":\"es\",\"@id\":\"https:\/\/secure.gravatar.com\/avatar\/dfb45d32bc7097f8f06d6e4f6e6b387e7cb8fd5b3a2869265c40587ab62cab1e?s=96&d=mm&r=g\",\"url\":\"https:\/\/secure.gravatar.com\/avatar\/dfb45d32bc7097f8f06d6e4f6e6b387e7cb8fd5b3a2869265c40587ab62cab1e?s=96&d=mm&r=g\",\"contentUrl\":\"https:\/\/secure.gravatar.com\/avatar\/dfb45d32bc7097f8f06d6e4f6e6b387e7cb8fd5b3a2869265c40587ab62cab1e?s=96&d=mm&r=g\",\"caption\":\"etica\"},\"sameAs\":[\"https:\/\/eticacomunica.com.mx\"],\"url\":\"https:\/\/eticacomunica.com.mx\/?author=1\"}]}<\/script>\n<!-- \/ Yoast SEO plugin. -->","yoast_head_json":{"title":"Estudiantes de todos los niveles regresan al segundo semestre del ciclo escolar 2025-2026 en la UAS - \u00c9tica Comunica","robots":{"index":"index","follow":"follow","max-snippet":"max-snippet:-1","max-image-preview":"max-image-preview:large","max-video-preview":"max-video-preview:-1"},"canonical":"https:\/\/eticacomunica.com.mx\/?p=31158","og_locale":"es_MX","og_type":"article","og_title":"Estudiantes de todos los niveles regresan al segundo semestre del ciclo escolar 2025-2026 en la UAS - \u00c9tica Comunica","og_description":"Con una matr\u00edcula cercana a los 30 mil estudiantes y un despliegue log\u00edstico enfocado en la seguridad y la calidad acad\u00e9mica, la Universidad Aut\u00f3noma de Sinaloa (UAS), en la Unidad&hellip;","og_url":"https:\/\/eticacomunica.com.mx\/?p=31158","og_site_name":"\u00c9tica Comunica","article_publisher":"https:\/\/www.facebook.com\/eticacomunica","article_published_time":"2026-01-26T23:49:58+00:00","og_image":[{"width":1600,"height":1066,"url":"https:\/\/eticacomunica.com.mx\/wp-content\/uploads\/2026\/01\/IMG-20260126-WA0038.jpg","type":"image\/jpeg"}],"author":"etica","twitter_card":"summary_large_image","twitter_misc":{"Escrito por":"etica","Tiempo de lectura":"3 minutos"},"schema":{"@context":"https:\/\/schema.org","@graph":[{"@type":"Article","@id":"https:\/\/eticacomunica.com.mx\/?p=31158#article","isPartOf":{"@id":"https:\/\/eticacomunica.com.mx\/?p=31158"},"author":{"name":"etica","@id":"https:\/\/eticacomunica.com.mx\/#\/schema\/person\/2cacc47bd17fe8ad92f08c0313d22fa6"},"headline":"Estudiantes de todos los niveles regresan al segundo semestre del ciclo escolar 2025-2026 en la UAS","datePublished":"2026-01-26T23:49:58+00:00","mainEntityOfPage":{"@id":"https:\/\/eticacomunica.com.mx\/?p=31158"},"wordCount":540,"commentCount":0,"publisher":{"@id":"https:\/\/eticacomunica.com.mx\/#organization"},"image":{"@id":"https:\/\/eticacomunica.com.mx\/?p=31158#primaryimage"},"thumbnailUrl":"https:\/\/eticacomunica.com.mx\/wp-content\/uploads\/2026\/01\/IMG-20260126-WA0038.jpg","keywords":["UAS"],"articleSection":["Educaci\u00f3n"],"inLanguage":"es","potentialAction":[{"@type":"CommentAction","name":"Comment","target":["https:\/\/eticacomunica.com.mx\/?p=31158#respond"]}]},{"@type":"WebPage","@id":"https:\/\/eticacomunica.com.mx\/?p=31158","url":"https:\/\/eticacomunica.com.mx\/?p=31158","name":"Estudiantes de todos los niveles regresan al segundo semestre del ciclo escolar 2025-2026 en la UAS - \u00c9tica Comunica","isPartOf":{"@id":"https:\/\/eticacomunica.com.mx\/#website"},"primaryImageOfPage":{"@id":"https:\/\/eticacomunica.com.mx\/?p=31158#primaryimage"},"image":{"@id":"https:\/\/eticacomunica.com.mx\/?p=31158#primaryimage"},"thumbnailUrl":"https:\/\/eticacomunica.com.mx\/wp-content\/uploads\/2026\/01\/IMG-20260126-WA0038.jpg","datePublished":"2026-01-26T23:49:58+00:00","breadcrumb":{"@id":"https:\/\/eticacomunica.com.mx\/?p=31158#breadcrumb"},"inLanguage":"es","potentialAction":[{"@type":"ReadAction","target":["https:\/\/eticacomunica.com.mx\/?p=31158"]}]},{"@type":"ImageObject","inLanguage":"es","@id":"https:\/\/eticacomunica.com.mx\/?p=31158#primaryimage","url":"https:\/\/eticacomunica.com.mx\/wp-content\/uploads\/2026\/01\/IMG-20260126-WA0038.jpg","contentUrl":"https:\/\/eticacomunica.com.mx\/wp-content\/uploads\/2026\/01\/IMG-20260126-WA0038.jpg","width":1600,"height":1066},{"@type":"BreadcrumbList","@id":"https:\/\/eticacomunica.com.mx\/?p=31158#breadcrumb","itemListElement":[{"@type":"ListItem","position":1,"name":"Inicio","item":"https:\/\/eticacomunica.com.mx\/"},{"@type":"ListItem","position":2,"name":"Estudiantes de todos los niveles regresan al segundo semestre del ciclo escolar 2025-2026 en la UAS"}]},{"@type":"WebSite","@id":"https:\/\/eticacomunica.com.mx\/#website","url":"https:\/\/eticacomunica.com.mx\/","name":"\u00c9tica Comunica","description":"Diario Digital","publisher":{"@id":"https:\/\/eticacomunica.com.mx\/#organization"},"potentialAction":[{"@type":"SearchAction","target":{"@type":"EntryPoint","urlTemplate":"https:\/\/eticacomunica.com.mx\/?s={search_term_string}"},"query-input":{"@type":"PropertyValueSpecification","valueRequired":true,"valueName":"search_term_string"}}],"inLanguage":"es"},{"@type":"Organization","@id":"https:\/\/eticacomunica.com.mx\/#organization","name":"Diarios Digitales de Sinaloa","url":"https:\/\/eticacomunica.com.mx\/","logo":{"@type":"ImageObject","inLanguage":"es","@id":"https:\/\/eticacomunica.com.mx\/#\/schema\/logo\/image\/","url":"https:\/\/eticacomunica.com.mx\/wp-content\/uploads\/2023\/10\/etica-logo.png","contentUrl":"https:\/\/eticacomunica.com.mx\/wp-content\/uploads\/2023\/10\/etica-logo.png","width":1280,"height":432,"caption":"Diarios Digitales de Sinaloa"},"image":{"@id":"https:\/\/eticacomunica.com.mx\/#\/schema\/logo\/image\/"},"sameAs":["https:\/\/www.facebook.com\/eticacomunica"]},{"@type":"Person","@id":"https:\/\/eticacomunica.com.mx\/#\/schema\/person\/2cacc47bd17fe8ad92f08c0313d22fa6","name":"etica","image":{"@type":"ImageObject","inLanguage":"es","@id":"https:\/\/secure.gravatar.com\/avatar\/dfb45d32bc7097f8f06d6e4f6e6b387e7cb8fd5b3a2869265c40587ab62cab1e?s=96&d=mm&r=g","url":"https:\/\/secure.gravatar.com\/avatar\/dfb45d32bc7097f8f06d6e4f6e6b387e7cb8fd5b3a2869265c40587ab62cab1e?s=96&d=mm&r=g","contentUrl":"https:\/\/secure.gravatar.com\/avatar\/dfb45d32bc7097f8f06d6e4f6e6b387e7cb8fd5b3a2869265c40587ab62cab1e?s=96&d=mm&r=g","caption":"etica"},"sameAs":["https:\/\/eticacomunica.com.mx"],"url":"https:\/\/eticacomunica.com.mx\/?author=1"}]}},"jetpack_publicize_connections":[],"jetpack_featured_media_url":"https:\/\/eticacomunica.com.mx\/wp-content\/uploads\/2026\/01\/IMG-20260126-WA0038.jpg","jetpack_sharing_enabled":true,"_links":{"self":[{"href":"https:\/\/eticacomunica.com.mx\/index.php?rest_route=\/wp\/v2\/posts\/31158","targetHints":{"allow":["GET"]}}],"collection":[{"href":"https:\/\/eticacomunica.com.mx\/index.php?rest_route=\/wp\/v2\/posts"}],"about":[{"href":"https:\/\/eticacomunica.com.mx\/index.php?rest_route=\/wp\/v2\/types\/post"}],"author":[{"embeddable":true,"href":"https:\/\/eticacomunica.com.mx\/index.php?rest_route=\/wp\/v2\/users\/1"}],"replies":[{"embeddable":true,"href":"https:\/\/eticacomunica.com.mx\/index.php?rest_route=%2Fwp%2Fv2%2Fcomments&post=31158"}],"version-history":[{"count":0,"href":"https:\/\/eticacomunica.com.mx\/index.php?rest_route=\/wp\/v2\/posts\/31158\/revisions"}],"wp:featuredmedia":[{"embeddable":true,"href":"https:\/\/eticacomunica.com.mx\/index.php?rest_route=\/wp\/v2\/media\/31157"}],"wp:attachment":[{"href":"https:\/\/eticacomunica.com.mx\/index.php?rest_route=%2Fwp%2Fv2%2Fmedia&parent=31158"}],"wp:term":[{"taxonomy":"category","embeddable":true,"href":"https:\/\/eticacomunica.com.mx\/index.php?rest_route=%2Fwp%2Fv2%2Fcategories&post=31158"},{"taxonomy":"post_tag","embeddable":true,"href":"https:\/\/eticacomunica.com.mx\/index.php?rest_route=%2Fwp%2Fv2%2Ftags&post=31158"}],"curies":[{"name":"wp","href":"https:\/\/api.w.org\/{rel}","templated":true}]}}