{"id":31761,"date":"2026-03-11T12:59:55","date_gmt":"2026-03-11T19:59:55","guid":{"rendered":"https:\/\/eticacomunica.com.mx\/?p=31761"},"modified":"2026-03-11T12:59:55","modified_gmt":"2026-03-11T19:59:55","slug":"sinaloa-tiene-un-gobernador-que-trabaja-de-la-mano-con-la-sociedad-sandra-angulo-cazarez","status":"publish","type":"post","link":"https:\/\/eticacomunica.com.mx\/?p=31761","title":{"rendered":"Sinaloa tiene un gobernador que trabaja de la mano con la sociedad: Sandra Angulo C\u00e1zarez"},"content":{"rendered":"\n<p>La Secretaria de Transparencia y Rendici\u00f3n de Cuentas inaugura Di\u00e1logos por el Derecho a Saber, espacio en el que se analiza la situaci\u00f3n del acceso a la informaci\u00f3n en el contexto de cambios legislativos en transparencia.<br><br>Culiac\u00e1n, Sinaloa a 11 de marzo del 2026.-* Sandra Angulo C\u00e1zarez subray\u00f3 la disposici\u00f3n del gobernador Rub\u00e9n Rocha Moya de escuchar, dialogar y trabajar de la mano de la sociedad, al inaugurar los Di\u00e1logos por el Derecho a Saber, espacio en el que se analiza la situaci\u00f3n del acceso a la informaci\u00f3n en el contexto de cambios legislativos en materia de transparencia.<br>\r<br>La Secretaria de Transparencia y Rendici\u00f3n de Cuentas sostuvo que este tipo de ejercicios son de gran utilidad para avanzar con responsabilidad y compromiso en la implementaci\u00f3n de pol\u00edticas p\u00fablicas que fortalezcan el derecho a saber e incentiven la participaci\u00f3n ciudadana.<br>\r<br>\u201cEstoy segura que estos di\u00e1logos ser\u00e1n de gran utilidad para avanzar con responsabilidad y compromiso. Reitero la disposici\u00f3n del Gobierno del doctor Rub\u00e9n Rocha Moya de escuchar, dialogar y trabajar de la mano de la sociedad\u201d, se\u00f1al\u00f3. <br>\r<br>Di\u00e1logos por el Derecho a Saber es organizado por el Sistema Estatal y Municipal Anticorrupci\u00f3n del Estado de Sinaloa, para destacar la relevancia del acceso a la informaci\u00f3n p\u00fablica desde el an\u00e1lisis y reflexi\u00f3n de personas del \u00e1mbito social, ambiental, gubernamental y period\u00edstico, en el nuevo contexto en materia de transparencia en M\u00e9xico.<br>\r<br>La primera de tres actividades comprendi\u00f3 el conversatorio &#8220;Defensa Ambiental y Acceso a la Informaci\u00f3n&#8221;.<br>\r<br>Como panelistas participaron Olimpia Castillo, impulsora del Acuerdo de Escaz\u00fa; Gissel L\u00f3pez Gonz\u00e1lez, integrante de Guaiacum, A.C.; Liliana Margarita Campuzano Vega, Comisionada de la Ceaip y Jes\u00fas Rigoberto Arriaga Ramos, Director de Medio Ambiente de la Secretar\u00eda del Bienestar y Desarrollo Sustentable. La moderaci\u00f3n estuvo a cargo de Raquel Zapien Osuna, integrante del CPC Sinaloa.<br>\r<br>La bienvenida y exposici\u00f3n de motivos correspondi\u00f3 a la Presidenta del Comit\u00e9 Coordinador del SEMAES y Comit\u00e9 de Participaci\u00f3n Ciudadana, Luc\u00eda Mimiaga Le\u00f3n; presente la Secretar\u00eda T\u00e9cnica de la Secretar\u00eda Ejecutiva, Rosa del Carmen Liz\u00e1rraga F\u00e9lix, activistas, investigadores, as\u00ed como, servidores p\u00fablicos estatales y municipales.<br>\r<br>La segunda actividad de Di\u00e1logos por el Derecho a Saber continuar\u00e1 este jueves 12 de marzo con el conversatorio &#8220;Acceso a la Informaci\u00f3n para la Vida Cotidiana: Casos Pr\u00e1cticos&#8221;; en punto de las 11:00 horas en el Magno Auditorio del Parque Tem\u00e1tico, Culiac\u00e1n.\r<br>\r<br>-oo0oo-<\/p>\n","protected":false},"excerpt":{"rendered":"<p>La Secretaria de Transparencia y Rendici\u00f3n de Cuentas inaugura Di\u00e1logos por el Derecho a Saber, espacio en el que se analiza la situaci\u00f3n del acceso a la informaci\u00f3n en el&hellip;<\/p>\n","protected":false},"author":1,"featured_media":31760,"comment_status":"open","ping_status":"open","sticky":false,"template":"","format":"standard","meta":{"_jetpack_memberships_contains_paid_content":false,"footnotes":"","jetpack_publicize_message":"","jetpack_publicize_feature_enabled":true,"jetpack_social_post_already_shared":true,"jetpack_social_options":{"image_generator_settings":{"template":"highway","default_image_id":0,"font":"","enabled":false},"version":2}},"categories":[24],"tags":[34],"class_list":["post-31761","post","type-post","status-publish","format-standard","has-post-thumbnail","hentry","category-estados","tag-gobierno-del-estado-de-sinaloa"],"yoast_head":"<!-- This site is optimized with the Yoast SEO plugin v27.2 - https:\/\/yoast.com\/product\/yoast-seo-wordpress\/ -->\n<title>Sinaloa tiene un gobernador que trabaja de la mano con la sociedad: Sandra Angulo C\u00e1zarez - \u00c9tica Comunica<\/title>\n<meta name=\"robots\" content=\"index, follow, max-snippet:-1, max-image-preview:large, max-video-preview:-1\" \/>\n<link rel=\"canonical\" href=\"https:\/\/eticacomunica.com.mx\/?p=31761\" \/>\n<meta property=\"og:locale\" content=\"es_MX\" \/>\n<meta property=\"og:type\" content=\"article\" \/>\n<meta property=\"og:title\" content=\"Sinaloa tiene un gobernador que trabaja de la mano con la sociedad: Sandra Angulo C\u00e1zarez - \u00c9tica Comunica\" \/>\n<meta property=\"og:description\" content=\"La Secretaria de Transparencia y Rendici\u00f3n de Cuentas inaugura Di\u00e1logos por el Derecho a Saber, espacio en el que se analiza la situaci\u00f3n del acceso a la informaci\u00f3n en el&hellip;\" \/>\n<meta property=\"og:url\" content=\"https:\/\/eticacomunica.com.mx\/?p=31761\" \/>\n<meta property=\"og:site_name\" content=\"\u00c9tica Comunica\" \/>\n<meta property=\"article:publisher\" content=\"https:\/\/www.facebook.com\/eticacomunica\" \/>\n<meta property=\"article:published_time\" content=\"2026-03-11T19:59:55+00:00\" \/>\n<meta name=\"author\" content=\"etica\" \/>\n<meta name=\"twitter:card\" content=\"summary_large_image\" \/>\n<meta name=\"twitter:label1\" content=\"Escrito por\" \/>\n\t<meta name=\"twitter:data1\" content=\"etica\" \/>\n\t<meta name=\"twitter:label2\" content=\"Tiempo de lectura\" \/>\n\t<meta name=\"twitter:data2\" content=\"2 minutos\" \/>\n<script type=\"application\/ld+json\" class=\"yoast-schema-graph\">{\"@context\":\"https:\/\/schema.org\",\"@graph\":[{\"@type\":\"Article\",\"@id\":\"https:\/\/eticacomunica.com.mx\/?p=31761#article\",\"isPartOf\":{\"@id\":\"https:\/\/eticacomunica.com.mx\/?p=31761\"},\"author\":{\"name\":\"etica\",\"@id\":\"https:\/\/eticacomunica.com.mx\/#\/schema\/person\/2cacc47bd17fe8ad92f08c0313d22fa6\"},\"headline\":\"Sinaloa tiene un gobernador que trabaja de la mano con la sociedad: Sandra Angulo C\u00e1zarez\",\"datePublished\":\"2026-03-11T19:59:55+00:00\",\"mainEntityOfPage\":{\"@id\":\"https:\/\/eticacomunica.com.mx\/?p=31761\"},\"wordCount\":453,\"commentCount\":0,\"publisher\":{\"@id\":\"https:\/\/eticacomunica.com.mx\/#organization\"},\"image\":{\"@id\":\"https:\/\/eticacomunica.com.mx\/?p=31761#primaryimage\"},\"thumbnailUrl\":\"https:\/\/eticacomunica.com.mx\/wp-content\/uploads\/2026\/03\/IMG-20260311-WA0024.jpg\",\"keywords\":[\"Gobierno del Estado de Sinaloa\"],\"articleSection\":[\"Estados\"],\"inLanguage\":\"es\",\"potentialAction\":[{\"@type\":\"CommentAction\",\"name\":\"Comment\",\"target\":[\"https:\/\/eticacomunica.com.mx\/?p=31761#respond\"]}]},{\"@type\":\"WebPage\",\"@id\":\"https:\/\/eticacomunica.com.mx\/?p=31761\",\"url\":\"https:\/\/eticacomunica.com.mx\/?p=31761\",\"name\":\"Sinaloa tiene un gobernador que trabaja de la mano con la sociedad: Sandra Angulo C\u00e1zarez - \u00c9tica Comunica\",\"isPartOf\":{\"@id\":\"https:\/\/eticacomunica.com.mx\/#website\"},\"primaryImageOfPage\":{\"@id\":\"https:\/\/eticacomunica.com.mx\/?p=31761#primaryimage\"},\"image\":{\"@id\":\"https:\/\/eticacomunica.com.mx\/?p=31761#primaryimage\"},\"thumbnailUrl\":\"https:\/\/eticacomunica.com.mx\/wp-content\/uploads\/2026\/03\/IMG-20260311-WA0024.jpg\",\"datePublished\":\"2026-03-11T19:59:55+00:00\",\"breadcrumb\":{\"@id\":\"https:\/\/eticacomunica.com.mx\/?p=31761#breadcrumb\"},\"inLanguage\":\"es\",\"potentialAction\":[{\"@type\":\"ReadAction\",\"target\":[\"https:\/\/eticacomunica.com.mx\/?p=31761\"]}]},{\"@type\":\"ImageObject\",\"inLanguage\":\"es\",\"@id\":\"https:\/\/eticacomunica.com.mx\/?p=31761#primaryimage\",\"url\":\"https:\/\/eticacomunica.com.mx\/wp-content\/uploads\/2026\/03\/IMG-20260311-WA0024.jpg\",\"contentUrl\":\"https:\/\/eticacomunica.com.mx\/wp-content\/uploads\/2026\/03\/IMG-20260311-WA0024.jpg\",\"width\":1280,\"height\":853},{\"@type\":\"BreadcrumbList\",\"@id\":\"https:\/\/eticacomunica.com.mx\/?p=31761#breadcrumb\",\"itemListElement\":[{\"@type\":\"ListItem\",\"position\":1,\"name\":\"Inicio\",\"item\":\"https:\/\/eticacomunica.com.mx\/\"},{\"@type\":\"ListItem\",\"position\":2,\"name\":\"Sinaloa tiene un gobernador que trabaja de la mano con la sociedad: Sandra Angulo C\u00e1zarez\"}]},{\"@type\":\"WebSite\",\"@id\":\"https:\/\/eticacomunica.com.mx\/#website\",\"url\":\"https:\/\/eticacomunica.com.mx\/\",\"name\":\"\u00c9tica Comunica\",\"description\":\"Diario Digital\",\"publisher\":{\"@id\":\"https:\/\/eticacomunica.com.mx\/#organization\"},\"potentialAction\":[{\"@type\":\"SearchAction\",\"target\":{\"@type\":\"EntryPoint\",\"urlTemplate\":\"https:\/\/eticacomunica.com.mx\/?s={search_term_string}\"},\"query-input\":{\"@type\":\"PropertyValueSpecification\",\"valueRequired\":true,\"valueName\":\"search_term_string\"}}],\"inLanguage\":\"es\"},{\"@type\":\"Organization\",\"@id\":\"https:\/\/eticacomunica.com.mx\/#organization\",\"name\":\"Diarios Digitales de Sinaloa\",\"url\":\"https:\/\/eticacomunica.com.mx\/\",\"logo\":{\"@type\":\"ImageObject\",\"inLanguage\":\"es\",\"@id\":\"https:\/\/eticacomunica.com.mx\/#\/schema\/logo\/image\/\",\"url\":\"https:\/\/eticacomunica.com.mx\/wp-content\/uploads\/2023\/10\/etica-logo.png\",\"contentUrl\":\"https:\/\/eticacomunica.com.mx\/wp-content\/uploads\/2023\/10\/etica-logo.png\",\"width\":1280,\"height\":432,\"caption\":\"Diarios Digitales de Sinaloa\"},\"image\":{\"@id\":\"https:\/\/eticacomunica.com.mx\/#\/schema\/logo\/image\/\"},\"sameAs\":[\"https:\/\/www.facebook.com\/eticacomunica\"]},{\"@type\":\"Person\",\"@id\":\"https:\/\/eticacomunica.com.mx\/#\/schema\/person\/2cacc47bd17fe8ad92f08c0313d22fa6\",\"name\":\"etica\",\"image\":{\"@type\":\"ImageObject\",\"inLanguage\":\"es\",\"@id\":\"https:\/\/secure.gravatar.com\/avatar\/dfb45d32bc7097f8f06d6e4f6e6b387e7cb8fd5b3a2869265c40587ab62cab1e?s=96&d=mm&r=g\",\"url\":\"https:\/\/secure.gravatar.com\/avatar\/dfb45d32bc7097f8f06d6e4f6e6b387e7cb8fd5b3a2869265c40587ab62cab1e?s=96&d=mm&r=g\",\"contentUrl\":\"https:\/\/secure.gravatar.com\/avatar\/dfb45d32bc7097f8f06d6e4f6e6b387e7cb8fd5b3a2869265c40587ab62cab1e?s=96&d=mm&r=g\",\"caption\":\"etica\"},\"sameAs\":[\"https:\/\/eticacomunica.com.mx\"],\"url\":\"https:\/\/eticacomunica.com.mx\/?author=1\"}]}<\/script>\n<!-- \/ Yoast SEO plugin. -->","yoast_head_json":{"title":"Sinaloa tiene un gobernador que trabaja de la mano con la sociedad: Sandra Angulo C\u00e1zarez - \u00c9tica Comunica","robots":{"index":"index","follow":"follow","max-snippet":"max-snippet:-1","max-image-preview":"max-image-preview:large","max-video-preview":"max-video-preview:-1"},"canonical":"https:\/\/eticacomunica.com.mx\/?p=31761","og_locale":"es_MX","og_type":"article","og_title":"Sinaloa tiene un gobernador que trabaja de la mano con la sociedad: Sandra Angulo C\u00e1zarez - \u00c9tica Comunica","og_description":"La Secretaria de Transparencia y Rendici\u00f3n de Cuentas inaugura Di\u00e1logos por el Derecho a Saber, espacio en el que se analiza la situaci\u00f3n del acceso a la informaci\u00f3n en el&hellip;","og_url":"https:\/\/eticacomunica.com.mx\/?p=31761","og_site_name":"\u00c9tica Comunica","article_publisher":"https:\/\/www.facebook.com\/eticacomunica","article_published_time":"2026-03-11T19:59:55+00:00","author":"etica","twitter_card":"summary_large_image","twitter_misc":{"Escrito por":"etica","Tiempo de lectura":"2 minutos"},"schema":{"@context":"https:\/\/schema.org","@graph":[{"@type":"Article","@id":"https:\/\/eticacomunica.com.mx\/?p=31761#article","isPartOf":{"@id":"https:\/\/eticacomunica.com.mx\/?p=31761"},"author":{"name":"etica","@id":"https:\/\/eticacomunica.com.mx\/#\/schema\/person\/2cacc47bd17fe8ad92f08c0313d22fa6"},"headline":"Sinaloa tiene un gobernador que trabaja de la mano con la sociedad: Sandra Angulo C\u00e1zarez","datePublished":"2026-03-11T19:59:55+00:00","mainEntityOfPage":{"@id":"https:\/\/eticacomunica.com.mx\/?p=31761"},"wordCount":453,"commentCount":0,"publisher":{"@id":"https:\/\/eticacomunica.com.mx\/#organization"},"image":{"@id":"https:\/\/eticacomunica.com.mx\/?p=31761#primaryimage"},"thumbnailUrl":"https:\/\/eticacomunica.com.mx\/wp-content\/uploads\/2026\/03\/IMG-20260311-WA0024.jpg","keywords":["Gobierno del Estado de Sinaloa"],"articleSection":["Estados"],"inLanguage":"es","potentialAction":[{"@type":"CommentAction","name":"Comment","target":["https:\/\/eticacomunica.com.mx\/?p=31761#respond"]}]},{"@type":"WebPage","@id":"https:\/\/eticacomunica.com.mx\/?p=31761","url":"https:\/\/eticacomunica.com.mx\/?p=31761","name":"Sinaloa tiene un gobernador que trabaja de la mano con la sociedad: Sandra Angulo C\u00e1zarez - \u00c9tica Comunica","isPartOf":{"@id":"https:\/\/eticacomunica.com.mx\/#website"},"primaryImageOfPage":{"@id":"https:\/\/eticacomunica.com.mx\/?p=31761#primaryimage"},"image":{"@id":"https:\/\/eticacomunica.com.mx\/?p=31761#primaryimage"},"thumbnailUrl":"https:\/\/eticacomunica.com.mx\/wp-content\/uploads\/2026\/03\/IMG-20260311-WA0024.jpg","datePublished":"2026-03-11T19:59:55+00:00","breadcrumb":{"@id":"https:\/\/eticacomunica.com.mx\/?p=31761#breadcrumb"},"inLanguage":"es","potentialAction":[{"@type":"ReadAction","target":["https:\/\/eticacomunica.com.mx\/?p=31761"]}]},{"@type":"ImageObject","inLanguage":"es","@id":"https:\/\/eticacomunica.com.mx\/?p=31761#primaryimage","url":"https:\/\/eticacomunica.com.mx\/wp-content\/uploads\/2026\/03\/IMG-20260311-WA0024.jpg","contentUrl":"https:\/\/eticacomunica.com.mx\/wp-content\/uploads\/2026\/03\/IMG-20260311-WA0024.jpg","width":1280,"height":853},{"@type":"BreadcrumbList","@id":"https:\/\/eticacomunica.com.mx\/?p=31761#breadcrumb","itemListElement":[{"@type":"ListItem","position":1,"name":"Inicio","item":"https:\/\/eticacomunica.com.mx\/"},{"@type":"ListItem","position":2,"name":"Sinaloa tiene un gobernador que trabaja de la mano con la sociedad: Sandra Angulo C\u00e1zarez"}]},{"@type":"WebSite","@id":"https:\/\/eticacomunica.com.mx\/#website","url":"https:\/\/eticacomunica.com.mx\/","name":"\u00c9tica Comunica","description":"Diario Digital","publisher":{"@id":"https:\/\/eticacomunica.com.mx\/#organization"},"potentialAction":[{"@type":"SearchAction","target":{"@type":"EntryPoint","urlTemplate":"https:\/\/eticacomunica.com.mx\/?s={search_term_string}"},"query-input":{"@type":"PropertyValueSpecification","valueRequired":true,"valueName":"search_term_string"}}],"inLanguage":"es"},{"@type":"Organization","@id":"https:\/\/eticacomunica.com.mx\/#organization","name":"Diarios Digitales de Sinaloa","url":"https:\/\/eticacomunica.com.mx\/","logo":{"@type":"ImageObject","inLanguage":"es","@id":"https:\/\/eticacomunica.com.mx\/#\/schema\/logo\/image\/","url":"https:\/\/eticacomunica.com.mx\/wp-content\/uploads\/2023\/10\/etica-logo.png","contentUrl":"https:\/\/eticacomunica.com.mx\/wp-content\/uploads\/2023\/10\/etica-logo.png","width":1280,"height":432,"caption":"Diarios Digitales de Sinaloa"},"image":{"@id":"https:\/\/eticacomunica.com.mx\/#\/schema\/logo\/image\/"},"sameAs":["https:\/\/www.facebook.com\/eticacomunica"]},{"@type":"Person","@id":"https:\/\/eticacomunica.com.mx\/#\/schema\/person\/2cacc47bd17fe8ad92f08c0313d22fa6","name":"etica","image":{"@type":"ImageObject","inLanguage":"es","@id":"https:\/\/secure.gravatar.com\/avatar\/dfb45d32bc7097f8f06d6e4f6e6b387e7cb8fd5b3a2869265c40587ab62cab1e?s=96&d=mm&r=g","url":"https:\/\/secure.gravatar.com\/avatar\/dfb45d32bc7097f8f06d6e4f6e6b387e7cb8fd5b3a2869265c40587ab62cab1e?s=96&d=mm&r=g","contentUrl":"https:\/\/secure.gravatar.com\/avatar\/dfb45d32bc7097f8f06d6e4f6e6b387e7cb8fd5b3a2869265c40587ab62cab1e?s=96&d=mm&r=g","caption":"etica"},"sameAs":["https:\/\/eticacomunica.com.mx"],"url":"https:\/\/eticacomunica.com.mx\/?author=1"}]}},"jetpack_publicize_connections":[],"jetpack_featured_media_url":"https:\/\/eticacomunica.com.mx\/wp-content\/uploads\/2026\/03\/IMG-20260311-WA0024.jpg","jetpack_sharing_enabled":true,"_links":{"self":[{"href":"https:\/\/eticacomunica.com.mx\/index.php?rest_route=\/wp\/v2\/posts\/31761","targetHints":{"allow":["GET"]}}],"collection":[{"href":"https:\/\/eticacomunica.com.mx\/index.php?rest_route=\/wp\/v2\/posts"}],"about":[{"href":"https:\/\/eticacomunica.com.mx\/index.php?rest_route=\/wp\/v2\/types\/post"}],"author":[{"embeddable":true,"href":"https:\/\/eticacomunica.com.mx\/index.php?rest_route=\/wp\/v2\/users\/1"}],"replies":[{"embeddable":true,"href":"https:\/\/eticacomunica.com.mx\/index.php?rest_route=%2Fwp%2Fv2%2Fcomments&post=31761"}],"version-history":[{"count":0,"href":"https:\/\/eticacomunica.com.mx\/index.php?rest_route=\/wp\/v2\/posts\/31761\/revisions"}],"wp:featuredmedia":[{"embeddable":true,"href":"https:\/\/eticacomunica.com.mx\/index.php?rest_route=\/wp\/v2\/media\/31760"}],"wp:attachment":[{"href":"https:\/\/eticacomunica.com.mx\/index.php?rest_route=%2Fwp%2Fv2%2Fmedia&parent=31761"}],"wp:term":[{"taxonomy":"category","embeddable":true,"href":"https:\/\/eticacomunica.com.mx\/index.php?rest_route=%2Fwp%2Fv2%2Fcategories&post=31761"},{"taxonomy":"post_tag","embeddable":true,"href":"https:\/\/eticacomunica.com.mx\/index.php?rest_route=%2Fwp%2Fv2%2Ftags&post=31761"}],"curies":[{"name":"wp","href":"https:\/\/api.w.org\/{rel}","templated":true}]}}