{"id":31763,"date":"2026-03-11T14:26:47","date_gmt":"2026-03-11T21:26:47","guid":{"rendered":"https:\/\/eticacomunica.com.mx\/?p=31763"},"modified":"2026-03-11T14:26:47","modified_gmt":"2026-03-11T21:26:47","slug":"se-reune-rocha-moya-con-el-consul-general-de-estados-unidos-en-hermosillo-drew-hoster","status":"publish","type":"post","link":"https:\/\/eticacomunica.com.mx\/?p=31763","title":{"rendered":"Se re\u00fane Rocha Moya con el C\u00f3nsul General de Estados Unidos en Hermosillo, Drew Hoster"},"content":{"rendered":"\n<p>Durante este primer encuentro, se fortalecen los lazos de cooperaci\u00f3n.<\/p>\n\n\n\n<p>Comparte el Gobernador con el c\u00f3nsul una visi\u00f3n general del estado.<br><br>Mazatl\u00e1n, Sinaloa, a 11 de marzo de 2026.- El gobernador Rub\u00e9n Rocha Moya se reuni\u00f3 en Mazatl\u00e1n con el C\u00f3nsul General de los Estados Unidos en Hermosillo, Drew Hoster, y su equipo de trabajo, con quien abord\u00f3 temas de inter\u00e9s de Sinaloa para el vecino pa\u00eds del norte, acordando tambi\u00e9n estrechar los lazos de cooperaci\u00f3n entre el Gobierno del Estado y el gobierno de Estados Unidos. <br><br>El mandatario estatal estuvo acompa\u00f1ado por el presidente municipal de Culiac\u00e1n, Juan de Dios G\u00e1mez Mend\u00edvil, en la que fue la primera reuni\u00f3n con el C\u00f3nsul de EEUU, quien asumi\u00f3 la titularidad del Consulado de Estados de Unidos en Hermosillo en junio de 2025, como parte de los cambios derivados de la nueva presidencia de Donald Trump. <br><br>Durante el encuentro, el gobernador Rocha plante\u00f3 un panorama general de Sinaloa en materia de turismo, econom\u00eda, seguridad, entre otros rubros, haciendo \u00e9nfasis en los tres grandes de proyectos de inversi\u00f3n extranjera que se han concretado en el estado, especialmente de Mexinol, que es una inversi\u00f3n norteamericana.<br><br>Explic\u00f3 que Topolobampo fue designado como uno de los 14 polos de desarrollo por la presidenta de M\u00e9xico, Claudia Sheinbaum Pardo.<br><br>En materia de seguridad, conversaron sobre la cooperaci\u00f3n de los tres \u00f3rdenes de gobierno que se re\u00fanen diariamente en la mesa de construcci\u00f3n de paz para dar seguimiento a los temas y dise\u00f1ar operativos espec\u00edficos como el del Carnaval de Mazatl\u00e1n que tuvo saldo blanco y una gran participaci\u00f3n y derrama econ\u00f3mica.<br><br>Precisamente, antes de esta reuni\u00f3n con el C\u00f3nsul, Drew Hoster, el gobernador Rocha sostuvo la mesa de construcci\u00f3n de la paz, en las instalaciones de la Cuarta Regi\u00f3n Naval.<br><br>El C\u00f3nsul por su parte reconoci\u00f3 el respaldo que la presidenta Sheinbaum le ha dado al estado en todos los rubros, inversi\u00f3n p\u00fablica, apoyo de las fuerzas de seguridad, salud, educaci\u00f3n, entre otros. <br>Asimismo, ofreci\u00f3 al gobernador Rocha todo el apoyo para cooperar en temas de inter\u00e9s para ambos pa\u00edses, particularmente en el rubro de inversiones. El gobernador coment\u00f3 que Sinaloa es un pa\u00eds con certeza jur\u00eddica para invertir, al estar en el ranking del World Justice Project, que mide el estado de derecho en quinto lugar y uno de los 4 estados del pa\u00eds sin observaciones por parte de la Auditor\u00eda Superior de la Federaci\u00f3n.<br><br>El alcalde de Culiac\u00e1n, Juan de Dios G\u00e1mez Mendivil, por su parte, habl\u00f3 de las empresas que han invertido en Culiac\u00e1n, particularmente de las franquicias norteamericanas que se han asentado recientemente y otras que han abierto m\u00e1s tiendas entre el 2025 y lo que va del 2026.<br><br>En la reuni\u00f3n tambi\u00e9n estuvieron presentes por parte del Consulado Norteamericano, Frisco McDonald y Lucia L\u00f3pez, del \u00e1rea de asuntos pol\u00edticos y econ\u00f3micos.<\/p>\n","protected":false},"excerpt":{"rendered":"<p>Durante este primer encuentro, se fortalecen los lazos de cooperaci\u00f3n. Comparte el Gobernador con el c\u00f3nsul una visi\u00f3n general del estado. Mazatl\u00e1n, Sinaloa, a 11 de marzo de 2026.- El&hellip;<\/p>\n","protected":false},"author":1,"featured_media":31762,"comment_status":"open","ping_status":"open","sticky":false,"template":"","format":"standard","meta":{"_jetpack_memberships_contains_paid_content":false,"footnotes":"","jetpack_publicize_message":"","jetpack_publicize_feature_enabled":true,"jetpack_social_post_already_shared":true,"jetpack_social_options":{"image_generator_settings":{"template":"highway","default_image_id":0,"font":"","enabled":false},"version":2}},"categories":[207,26],"tags":[34],"class_list":["post-31763","post","type-post","status-publish","format-standard","has-post-thumbnail","hentry","category-ges","category-portada","tag-gobierno-del-estado-de-sinaloa"],"yoast_head":"<!-- This site is optimized with the Yoast SEO plugin v27.2 - https:\/\/yoast.com\/product\/yoast-seo-wordpress\/ -->\n<title>Se re\u00fane Rocha Moya con el C\u00f3nsul General de Estados Unidos en Hermosillo, Drew Hoster - \u00c9tica Comunica<\/title>\n<meta name=\"robots\" content=\"index, follow, max-snippet:-1, max-image-preview:large, max-video-preview:-1\" \/>\n<link rel=\"canonical\" href=\"https:\/\/eticacomunica.com.mx\/?p=31763\" \/>\n<meta property=\"og:locale\" content=\"es_MX\" \/>\n<meta property=\"og:type\" content=\"article\" \/>\n<meta property=\"og:title\" content=\"Se re\u00fane Rocha Moya con el C\u00f3nsul General de Estados Unidos en Hermosillo, Drew Hoster - \u00c9tica Comunica\" \/>\n<meta property=\"og:description\" content=\"Durante este primer encuentro, se fortalecen los lazos de cooperaci\u00f3n. Comparte el Gobernador con el c\u00f3nsul una visi\u00f3n general del estado. Mazatl\u00e1n, Sinaloa, a 11 de marzo de 2026.- El&hellip;\" \/>\n<meta property=\"og:url\" content=\"https:\/\/eticacomunica.com.mx\/?p=31763\" \/>\n<meta property=\"og:site_name\" content=\"\u00c9tica Comunica\" \/>\n<meta property=\"article:publisher\" content=\"https:\/\/www.facebook.com\/eticacomunica\" \/>\n<meta property=\"article:published_time\" content=\"2026-03-11T21:26:47+00:00\" \/>\n<meta name=\"author\" content=\"etica\" \/>\n<meta name=\"twitter:card\" content=\"summary_large_image\" \/>\n<meta name=\"twitter:label1\" content=\"Escrito por\" \/>\n\t<meta name=\"twitter:data1\" content=\"etica\" \/>\n\t<meta name=\"twitter:label2\" content=\"Tiempo de lectura\" \/>\n\t<meta name=\"twitter:data2\" content=\"3 minutos\" \/>\n<script type=\"application\/ld+json\" class=\"yoast-schema-graph\">{\"@context\":\"https:\/\/schema.org\",\"@graph\":[{\"@type\":\"Article\",\"@id\":\"https:\/\/eticacomunica.com.mx\/?p=31763#article\",\"isPartOf\":{\"@id\":\"https:\/\/eticacomunica.com.mx\/?p=31763\"},\"author\":{\"name\":\"etica\",\"@id\":\"https:\/\/eticacomunica.com.mx\/#\/schema\/person\/2cacc47bd17fe8ad92f08c0313d22fa6\"},\"headline\":\"Se re\u00fane Rocha Moya con el C\u00f3nsul General de Estados Unidos en Hermosillo, Drew Hoster\",\"datePublished\":\"2026-03-11T21:26:47+00:00\",\"mainEntityOfPage\":{\"@id\":\"https:\/\/eticacomunica.com.mx\/?p=31763\"},\"wordCount\":533,\"commentCount\":0,\"publisher\":{\"@id\":\"https:\/\/eticacomunica.com.mx\/#organization\"},\"image\":{\"@id\":\"https:\/\/eticacomunica.com.mx\/?p=31763#primaryimage\"},\"thumbnailUrl\":\"https:\/\/eticacomunica.com.mx\/wp-content\/uploads\/2026\/03\/FB_IMG_1773264349422.jpg\",\"keywords\":[\"Gobierno del Estado de Sinaloa\"],\"articleSection\":[\"GES\",\"Portada\"],\"inLanguage\":\"es\",\"potentialAction\":[{\"@type\":\"CommentAction\",\"name\":\"Comment\",\"target\":[\"https:\/\/eticacomunica.com.mx\/?p=31763#respond\"]}]},{\"@type\":\"WebPage\",\"@id\":\"https:\/\/eticacomunica.com.mx\/?p=31763\",\"url\":\"https:\/\/eticacomunica.com.mx\/?p=31763\",\"name\":\"Se re\u00fane Rocha Moya con el C\u00f3nsul General de Estados Unidos en Hermosillo, Drew Hoster - \u00c9tica Comunica\",\"isPartOf\":{\"@id\":\"https:\/\/eticacomunica.com.mx\/#website\"},\"primaryImageOfPage\":{\"@id\":\"https:\/\/eticacomunica.com.mx\/?p=31763#primaryimage\"},\"image\":{\"@id\":\"https:\/\/eticacomunica.com.mx\/?p=31763#primaryimage\"},\"thumbnailUrl\":\"https:\/\/eticacomunica.com.mx\/wp-content\/uploads\/2026\/03\/FB_IMG_1773264349422.jpg\",\"datePublished\":\"2026-03-11T21:26:47+00:00\",\"breadcrumb\":{\"@id\":\"https:\/\/eticacomunica.com.mx\/?p=31763#breadcrumb\"},\"inLanguage\":\"es\",\"potentialAction\":[{\"@type\":\"ReadAction\",\"target\":[\"https:\/\/eticacomunica.com.mx\/?p=31763\"]}]},{\"@type\":\"ImageObject\",\"inLanguage\":\"es\",\"@id\":\"https:\/\/eticacomunica.com.mx\/?p=31763#primaryimage\",\"url\":\"https:\/\/eticacomunica.com.mx\/wp-content\/uploads\/2026\/03\/FB_IMG_1773264349422.jpg\",\"contentUrl\":\"https:\/\/eticacomunica.com.mx\/wp-content\/uploads\/2026\/03\/FB_IMG_1773264349422.jpg\",\"width\":1040,\"height\":694},{\"@type\":\"BreadcrumbList\",\"@id\":\"https:\/\/eticacomunica.com.mx\/?p=31763#breadcrumb\",\"itemListElement\":[{\"@type\":\"ListItem\",\"position\":1,\"name\":\"Inicio\",\"item\":\"https:\/\/eticacomunica.com.mx\/\"},{\"@type\":\"ListItem\",\"position\":2,\"name\":\"Se re\u00fane Rocha Moya con el C\u00f3nsul General de Estados Unidos en Hermosillo, Drew Hoster\"}]},{\"@type\":\"WebSite\",\"@id\":\"https:\/\/eticacomunica.com.mx\/#website\",\"url\":\"https:\/\/eticacomunica.com.mx\/\",\"name\":\"\u00c9tica Comunica\",\"description\":\"Diario Digital\",\"publisher\":{\"@id\":\"https:\/\/eticacomunica.com.mx\/#organization\"},\"potentialAction\":[{\"@type\":\"SearchAction\",\"target\":{\"@type\":\"EntryPoint\",\"urlTemplate\":\"https:\/\/eticacomunica.com.mx\/?s={search_term_string}\"},\"query-input\":{\"@type\":\"PropertyValueSpecification\",\"valueRequired\":true,\"valueName\":\"search_term_string\"}}],\"inLanguage\":\"es\"},{\"@type\":\"Organization\",\"@id\":\"https:\/\/eticacomunica.com.mx\/#organization\",\"name\":\"Diarios Digitales de Sinaloa\",\"url\":\"https:\/\/eticacomunica.com.mx\/\",\"logo\":{\"@type\":\"ImageObject\",\"inLanguage\":\"es\",\"@id\":\"https:\/\/eticacomunica.com.mx\/#\/schema\/logo\/image\/\",\"url\":\"https:\/\/eticacomunica.com.mx\/wp-content\/uploads\/2023\/10\/etica-logo.png\",\"contentUrl\":\"https:\/\/eticacomunica.com.mx\/wp-content\/uploads\/2023\/10\/etica-logo.png\",\"width\":1280,\"height\":432,\"caption\":\"Diarios Digitales de Sinaloa\"},\"image\":{\"@id\":\"https:\/\/eticacomunica.com.mx\/#\/schema\/logo\/image\/\"},\"sameAs\":[\"https:\/\/www.facebook.com\/eticacomunica\"]},{\"@type\":\"Person\",\"@id\":\"https:\/\/eticacomunica.com.mx\/#\/schema\/person\/2cacc47bd17fe8ad92f08c0313d22fa6\",\"name\":\"etica\",\"image\":{\"@type\":\"ImageObject\",\"inLanguage\":\"es\",\"@id\":\"https:\/\/secure.gravatar.com\/avatar\/dfb45d32bc7097f8f06d6e4f6e6b387e7cb8fd5b3a2869265c40587ab62cab1e?s=96&d=mm&r=g\",\"url\":\"https:\/\/secure.gravatar.com\/avatar\/dfb45d32bc7097f8f06d6e4f6e6b387e7cb8fd5b3a2869265c40587ab62cab1e?s=96&d=mm&r=g\",\"contentUrl\":\"https:\/\/secure.gravatar.com\/avatar\/dfb45d32bc7097f8f06d6e4f6e6b387e7cb8fd5b3a2869265c40587ab62cab1e?s=96&d=mm&r=g\",\"caption\":\"etica\"},\"sameAs\":[\"https:\/\/eticacomunica.com.mx\"],\"url\":\"https:\/\/eticacomunica.com.mx\/?author=1\"}]}<\/script>\n<!-- \/ Yoast SEO plugin. -->","yoast_head_json":{"title":"Se re\u00fane Rocha Moya con el C\u00f3nsul General de Estados Unidos en Hermosillo, Drew Hoster - \u00c9tica Comunica","robots":{"index":"index","follow":"follow","max-snippet":"max-snippet:-1","max-image-preview":"max-image-preview:large","max-video-preview":"max-video-preview:-1"},"canonical":"https:\/\/eticacomunica.com.mx\/?p=31763","og_locale":"es_MX","og_type":"article","og_title":"Se re\u00fane Rocha Moya con el C\u00f3nsul General de Estados Unidos en Hermosillo, Drew Hoster - \u00c9tica Comunica","og_description":"Durante este primer encuentro, se fortalecen los lazos de cooperaci\u00f3n. Comparte el Gobernador con el c\u00f3nsul una visi\u00f3n general del estado. Mazatl\u00e1n, Sinaloa, a 11 de marzo de 2026.- El&hellip;","og_url":"https:\/\/eticacomunica.com.mx\/?p=31763","og_site_name":"\u00c9tica Comunica","article_publisher":"https:\/\/www.facebook.com\/eticacomunica","article_published_time":"2026-03-11T21:26:47+00:00","author":"etica","twitter_card":"summary_large_image","twitter_misc":{"Escrito por":"etica","Tiempo de lectura":"3 minutos"},"schema":{"@context":"https:\/\/schema.org","@graph":[{"@type":"Article","@id":"https:\/\/eticacomunica.com.mx\/?p=31763#article","isPartOf":{"@id":"https:\/\/eticacomunica.com.mx\/?p=31763"},"author":{"name":"etica","@id":"https:\/\/eticacomunica.com.mx\/#\/schema\/person\/2cacc47bd17fe8ad92f08c0313d22fa6"},"headline":"Se re\u00fane Rocha Moya con el C\u00f3nsul General de Estados Unidos en Hermosillo, Drew Hoster","datePublished":"2026-03-11T21:26:47+00:00","mainEntityOfPage":{"@id":"https:\/\/eticacomunica.com.mx\/?p=31763"},"wordCount":533,"commentCount":0,"publisher":{"@id":"https:\/\/eticacomunica.com.mx\/#organization"},"image":{"@id":"https:\/\/eticacomunica.com.mx\/?p=31763#primaryimage"},"thumbnailUrl":"https:\/\/eticacomunica.com.mx\/wp-content\/uploads\/2026\/03\/FB_IMG_1773264349422.jpg","keywords":["Gobierno del Estado de Sinaloa"],"articleSection":["GES","Portada"],"inLanguage":"es","potentialAction":[{"@type":"CommentAction","name":"Comment","target":["https:\/\/eticacomunica.com.mx\/?p=31763#respond"]}]},{"@type":"WebPage","@id":"https:\/\/eticacomunica.com.mx\/?p=31763","url":"https:\/\/eticacomunica.com.mx\/?p=31763","name":"Se re\u00fane Rocha Moya con el C\u00f3nsul General de Estados Unidos en Hermosillo, Drew Hoster - \u00c9tica Comunica","isPartOf":{"@id":"https:\/\/eticacomunica.com.mx\/#website"},"primaryImageOfPage":{"@id":"https:\/\/eticacomunica.com.mx\/?p=31763#primaryimage"},"image":{"@id":"https:\/\/eticacomunica.com.mx\/?p=31763#primaryimage"},"thumbnailUrl":"https:\/\/eticacomunica.com.mx\/wp-content\/uploads\/2026\/03\/FB_IMG_1773264349422.jpg","datePublished":"2026-03-11T21:26:47+00:00","breadcrumb":{"@id":"https:\/\/eticacomunica.com.mx\/?p=31763#breadcrumb"},"inLanguage":"es","potentialAction":[{"@type":"ReadAction","target":["https:\/\/eticacomunica.com.mx\/?p=31763"]}]},{"@type":"ImageObject","inLanguage":"es","@id":"https:\/\/eticacomunica.com.mx\/?p=31763#primaryimage","url":"https:\/\/eticacomunica.com.mx\/wp-content\/uploads\/2026\/03\/FB_IMG_1773264349422.jpg","contentUrl":"https:\/\/eticacomunica.com.mx\/wp-content\/uploads\/2026\/03\/FB_IMG_1773264349422.jpg","width":1040,"height":694},{"@type":"BreadcrumbList","@id":"https:\/\/eticacomunica.com.mx\/?p=31763#breadcrumb","itemListElement":[{"@type":"ListItem","position":1,"name":"Inicio","item":"https:\/\/eticacomunica.com.mx\/"},{"@type":"ListItem","position":2,"name":"Se re\u00fane Rocha Moya con el C\u00f3nsul General de Estados Unidos en Hermosillo, Drew Hoster"}]},{"@type":"WebSite","@id":"https:\/\/eticacomunica.com.mx\/#website","url":"https:\/\/eticacomunica.com.mx\/","name":"\u00c9tica Comunica","description":"Diario Digital","publisher":{"@id":"https:\/\/eticacomunica.com.mx\/#organization"},"potentialAction":[{"@type":"SearchAction","target":{"@type":"EntryPoint","urlTemplate":"https:\/\/eticacomunica.com.mx\/?s={search_term_string}"},"query-input":{"@type":"PropertyValueSpecification","valueRequired":true,"valueName":"search_term_string"}}],"inLanguage":"es"},{"@type":"Organization","@id":"https:\/\/eticacomunica.com.mx\/#organization","name":"Diarios Digitales de Sinaloa","url":"https:\/\/eticacomunica.com.mx\/","logo":{"@type":"ImageObject","inLanguage":"es","@id":"https:\/\/eticacomunica.com.mx\/#\/schema\/logo\/image\/","url":"https:\/\/eticacomunica.com.mx\/wp-content\/uploads\/2023\/10\/etica-logo.png","contentUrl":"https:\/\/eticacomunica.com.mx\/wp-content\/uploads\/2023\/10\/etica-logo.png","width":1280,"height":432,"caption":"Diarios Digitales de Sinaloa"},"image":{"@id":"https:\/\/eticacomunica.com.mx\/#\/schema\/logo\/image\/"},"sameAs":["https:\/\/www.facebook.com\/eticacomunica"]},{"@type":"Person","@id":"https:\/\/eticacomunica.com.mx\/#\/schema\/person\/2cacc47bd17fe8ad92f08c0313d22fa6","name":"etica","image":{"@type":"ImageObject","inLanguage":"es","@id":"https:\/\/secure.gravatar.com\/avatar\/dfb45d32bc7097f8f06d6e4f6e6b387e7cb8fd5b3a2869265c40587ab62cab1e?s=96&d=mm&r=g","url":"https:\/\/secure.gravatar.com\/avatar\/dfb45d32bc7097f8f06d6e4f6e6b387e7cb8fd5b3a2869265c40587ab62cab1e?s=96&d=mm&r=g","contentUrl":"https:\/\/secure.gravatar.com\/avatar\/dfb45d32bc7097f8f06d6e4f6e6b387e7cb8fd5b3a2869265c40587ab62cab1e?s=96&d=mm&r=g","caption":"etica"},"sameAs":["https:\/\/eticacomunica.com.mx"],"url":"https:\/\/eticacomunica.com.mx\/?author=1"}]}},"jetpack_publicize_connections":[],"jetpack_featured_media_url":"https:\/\/eticacomunica.com.mx\/wp-content\/uploads\/2026\/03\/FB_IMG_1773264349422.jpg","jetpack_sharing_enabled":true,"_links":{"self":[{"href":"https:\/\/eticacomunica.com.mx\/index.php?rest_route=\/wp\/v2\/posts\/31763","targetHints":{"allow":["GET"]}}],"collection":[{"href":"https:\/\/eticacomunica.com.mx\/index.php?rest_route=\/wp\/v2\/posts"}],"about":[{"href":"https:\/\/eticacomunica.com.mx\/index.php?rest_route=\/wp\/v2\/types\/post"}],"author":[{"embeddable":true,"href":"https:\/\/eticacomunica.com.mx\/index.php?rest_route=\/wp\/v2\/users\/1"}],"replies":[{"embeddable":true,"href":"https:\/\/eticacomunica.com.mx\/index.php?rest_route=%2Fwp%2Fv2%2Fcomments&post=31763"}],"version-history":[{"count":0,"href":"https:\/\/eticacomunica.com.mx\/index.php?rest_route=\/wp\/v2\/posts\/31763\/revisions"}],"wp:featuredmedia":[{"embeddable":true,"href":"https:\/\/eticacomunica.com.mx\/index.php?rest_route=\/wp\/v2\/media\/31762"}],"wp:attachment":[{"href":"https:\/\/eticacomunica.com.mx\/index.php?rest_route=%2Fwp%2Fv2%2Fmedia&parent=31763"}],"wp:term":[{"taxonomy":"category","embeddable":true,"href":"https:\/\/eticacomunica.com.mx\/index.php?rest_route=%2Fwp%2Fv2%2Fcategories&post=31763"},{"taxonomy":"post_tag","embeddable":true,"href":"https:\/\/eticacomunica.com.mx\/index.php?rest_route=%2Fwp%2Fv2%2Ftags&post=31763"}],"curies":[{"name":"wp","href":"https:\/\/api.w.org\/{rel}","templated":true}]}}