{"id":31768,"date":"2026-03-11T15:25:10","date_gmt":"2026-03-11T22:25:10","guid":{"rendered":"https:\/\/eticacomunica.com.mx\/?p=31768"},"modified":"2026-03-11T15:25:10","modified_gmt":"2026-03-11T22:25:10","slug":"mazatlan-fortalece-coordinacion-con-federacion-y-estado-para-impulsar-bienestar-y-seguridad-estrella-palacios","status":"publish","type":"post","link":"https:\/\/eticacomunica.com.mx\/?p=31768","title":{"rendered":"Mazatl\u00e1n fortalece coordinaci\u00f3n con Federaci\u00f3n y Estado para impulsar bienestar y seguridad: Estrella Palacios"},"content":{"rendered":"\n<p>La Presidenta Municipal, Estrella Palacios Dom\u00ednguez, destac\u00f3 el respaldo del Gobierno de M\u00e9xico y del Gobierno de Sinaloa para impulsar la construcci\u00f3n de un Centro Comunitario del Bienestar en Pradera Dorada.<br><br>Mazatl\u00e1n, Sinaloa, 11 de marzo de 2026.\u2014 La Presidenta Municipal, Estrella Palacios Dom\u00ednguez, inform\u00f3 que, tras la visita realizada ayer a la Ciudad de M\u00e9xico \u2014a invitaci\u00f3n de la presidenta de la Rep\u00fablica, la Doctora Claudia Sheinbaum Pardo\u2014, los tres \u00f3rdenes de gobierno trabajan de manera coordinada para que Mazatl\u00e1n forme parte de programas estrat\u00e9gicos como Territorios de Paz y M\u00e9xico Imparable.<br><br>En el caso de este \u00faltimo programa, se contempla la construcci\u00f3n de un Centro Comunitario del Bienestar (CECOBI) en el fraccionamiento Pradera Dorada, proyecto para el cual ya se cuenta con el predio y que ser\u00e1 financiado con recursos federales. Se estima que esta obra beneficiar\u00e1 a alrededor de 18 mil habitantes de la zona.<br><br>La Alcaldesa tambi\u00e9n se\u00f1al\u00f3 que la Secretar\u00eda de Infraestructura, Comunicaciones y Transportes del Gobierno Federal, destinar\u00e1 recursos para trabajos de bacheo e instalaci\u00f3n de luminarias en colonias donde se ha detectado mayor necesidad de mejorar la iluminaci\u00f3n y las vialidades.<br><br>Asimismo, adelant\u00f3 que durante la Mesa de Construcci\u00f3n de Paz, el Gobernador de Sinaloa, el Doctor Rub\u00e9n Rocha Moya, anunci\u00f3 que Mazatl\u00e1n contar\u00e1 con un Centro de Comando, Control, Comunicaci\u00f3n, C\u00f3mputo y Calidad (C5), proyecto que ya dispone de recursos para su puesta en marcha y que ser\u00e1 clave para fortalecer la seguridad y generar mejores condiciones para la inversi\u00f3n y el desarrollo de las actividades econ\u00f3micas del municipio.<br><br>Palacios Dom\u00ednguez indic\u00f3 que, adem\u00e1s del impulso al Programa Viviendas del Bienestar y a la iniciativa Tejedoras de la Patria, que ya se desarrollan en el municipio, tambi\u00e9n se abrir\u00e1n dos nuevos Centros Libre para las mujeres, uno en la sindicatura de Villa Uni\u00f3n y otro en Infonavit Playas.<br><br>Finalmente, se\u00f1al\u00f3 que Mazatl\u00e1n tambi\u00e9n participa en el Programa Nacional Boxeando por la Paz, el cual brinda a ni\u00f1as, ni\u00f1os y j\u00f3venes la oportunidad de practicar este deporte de manera gratuita en un gimnasio ubicado en la colonia Lomas del \u00c9bano.<\/p>\n","protected":false},"excerpt":{"rendered":"<p>La Presidenta Municipal, Estrella Palacios Dom\u00ednguez, destac\u00f3 el respaldo del Gobierno de M\u00e9xico y del Gobierno de Sinaloa para impulsar la construcci\u00f3n de un Centro Comunitario del Bienestar en Pradera&hellip;<\/p>\n","protected":false},"author":1,"featured_media":31767,"comment_status":"open","ping_status":"open","sticky":false,"template":"","format":"standard","meta":{"_jetpack_memberships_contains_paid_content":false,"footnotes":"","jetpack_publicize_message":"","jetpack_publicize_feature_enabled":true,"jetpack_social_post_already_shared":true,"jetpack_social_options":{"image_generator_settings":{"template":"highway","default_image_id":0,"font":"","enabled":false},"version":2}},"categories":[26],"tags":[289],"class_list":["post-31768","post","type-post","status-publish","format-standard","has-post-thumbnail","hentry","category-portada","tag-estrella-palacios"],"yoast_head":"<!-- This site is optimized with the Yoast SEO plugin v27.2 - https:\/\/yoast.com\/product\/yoast-seo-wordpress\/ -->\n<title>Mazatl\u00e1n fortalece coordinaci\u00f3n con Federaci\u00f3n y Estado para impulsar bienestar y seguridad: Estrella Palacios - \u00c9tica Comunica<\/title>\n<meta name=\"robots\" content=\"index, follow, max-snippet:-1, max-image-preview:large, max-video-preview:-1\" \/>\n<link rel=\"canonical\" href=\"https:\/\/eticacomunica.com.mx\/?p=31768\" \/>\n<meta property=\"og:locale\" content=\"es_MX\" \/>\n<meta property=\"og:type\" content=\"article\" \/>\n<meta property=\"og:title\" content=\"Mazatl\u00e1n fortalece coordinaci\u00f3n con Federaci\u00f3n y Estado para impulsar bienestar y seguridad: Estrella Palacios - \u00c9tica Comunica\" \/>\n<meta property=\"og:description\" content=\"La Presidenta Municipal, Estrella Palacios Dom\u00ednguez, destac\u00f3 el respaldo del Gobierno de M\u00e9xico y del Gobierno de Sinaloa para impulsar la construcci\u00f3n de un Centro Comunitario del Bienestar en Pradera&hellip;\" \/>\n<meta property=\"og:url\" content=\"https:\/\/eticacomunica.com.mx\/?p=31768\" \/>\n<meta property=\"og:site_name\" content=\"\u00c9tica Comunica\" \/>\n<meta property=\"article:publisher\" content=\"https:\/\/www.facebook.com\/eticacomunica\" \/>\n<meta property=\"article:published_time\" content=\"2026-03-11T22:25:10+00:00\" \/>\n<meta name=\"author\" content=\"etica\" \/>\n<meta name=\"twitter:card\" content=\"summary_large_image\" \/>\n<meta name=\"twitter:label1\" content=\"Escrito por\" \/>\n\t<meta name=\"twitter:data1\" content=\"etica\" \/>\n\t<meta name=\"twitter:label2\" content=\"Tiempo de lectura\" \/>\n\t<meta name=\"twitter:data2\" content=\"2 minutos\" \/>\n<script type=\"application\/ld+json\" class=\"yoast-schema-graph\">{\"@context\":\"https:\/\/schema.org\",\"@graph\":[{\"@type\":\"Article\",\"@id\":\"https:\/\/eticacomunica.com.mx\/?p=31768#article\",\"isPartOf\":{\"@id\":\"https:\/\/eticacomunica.com.mx\/?p=31768\"},\"author\":{\"name\":\"etica\",\"@id\":\"https:\/\/eticacomunica.com.mx\/#\/schema\/person\/2cacc47bd17fe8ad92f08c0313d22fa6\"},\"headline\":\"Mazatl\u00e1n fortalece coordinaci\u00f3n con Federaci\u00f3n y Estado para impulsar bienestar y seguridad: Estrella Palacios\",\"datePublished\":\"2026-03-11T22:25:10+00:00\",\"mainEntityOfPage\":{\"@id\":\"https:\/\/eticacomunica.com.mx\/?p=31768\"},\"wordCount\":396,\"commentCount\":0,\"publisher\":{\"@id\":\"https:\/\/eticacomunica.com.mx\/#organization\"},\"image\":{\"@id\":\"https:\/\/eticacomunica.com.mx\/?p=31768#primaryimage\"},\"thumbnailUrl\":\"https:\/\/eticacomunica.com.mx\/wp-content\/uploads\/2026\/03\/IMG-20260311-WA0057.jpg\",\"keywords\":[\"Estrella Palacios\"],\"articleSection\":[\"Portada\"],\"inLanguage\":\"es\",\"potentialAction\":[{\"@type\":\"CommentAction\",\"name\":\"Comment\",\"target\":[\"https:\/\/eticacomunica.com.mx\/?p=31768#respond\"]}]},{\"@type\":\"WebPage\",\"@id\":\"https:\/\/eticacomunica.com.mx\/?p=31768\",\"url\":\"https:\/\/eticacomunica.com.mx\/?p=31768\",\"name\":\"Mazatl\u00e1n fortalece coordinaci\u00f3n con Federaci\u00f3n y Estado para impulsar bienestar y seguridad: Estrella Palacios - \u00c9tica Comunica\",\"isPartOf\":{\"@id\":\"https:\/\/eticacomunica.com.mx\/#website\"},\"primaryImageOfPage\":{\"@id\":\"https:\/\/eticacomunica.com.mx\/?p=31768#primaryimage\"},\"image\":{\"@id\":\"https:\/\/eticacomunica.com.mx\/?p=31768#primaryimage\"},\"thumbnailUrl\":\"https:\/\/eticacomunica.com.mx\/wp-content\/uploads\/2026\/03\/IMG-20260311-WA0057.jpg\",\"datePublished\":\"2026-03-11T22:25:10+00:00\",\"breadcrumb\":{\"@id\":\"https:\/\/eticacomunica.com.mx\/?p=31768#breadcrumb\"},\"inLanguage\":\"es\",\"potentialAction\":[{\"@type\":\"ReadAction\",\"target\":[\"https:\/\/eticacomunica.com.mx\/?p=31768\"]}]},{\"@type\":\"ImageObject\",\"inLanguage\":\"es\",\"@id\":\"https:\/\/eticacomunica.com.mx\/?p=31768#primaryimage\",\"url\":\"https:\/\/eticacomunica.com.mx\/wp-content\/uploads\/2026\/03\/IMG-20260311-WA0057.jpg\",\"contentUrl\":\"https:\/\/eticacomunica.com.mx\/wp-content\/uploads\/2026\/03\/IMG-20260311-WA0057.jpg\",\"width\":1280,\"height\":854},{\"@type\":\"BreadcrumbList\",\"@id\":\"https:\/\/eticacomunica.com.mx\/?p=31768#breadcrumb\",\"itemListElement\":[{\"@type\":\"ListItem\",\"position\":1,\"name\":\"Inicio\",\"item\":\"https:\/\/eticacomunica.com.mx\/\"},{\"@type\":\"ListItem\",\"position\":2,\"name\":\"Mazatl\u00e1n fortalece coordinaci\u00f3n con Federaci\u00f3n y Estado para impulsar bienestar y seguridad: Estrella Palacios\"}]},{\"@type\":\"WebSite\",\"@id\":\"https:\/\/eticacomunica.com.mx\/#website\",\"url\":\"https:\/\/eticacomunica.com.mx\/\",\"name\":\"\u00c9tica Comunica\",\"description\":\"Diario Digital\",\"publisher\":{\"@id\":\"https:\/\/eticacomunica.com.mx\/#organization\"},\"potentialAction\":[{\"@type\":\"SearchAction\",\"target\":{\"@type\":\"EntryPoint\",\"urlTemplate\":\"https:\/\/eticacomunica.com.mx\/?s={search_term_string}\"},\"query-input\":{\"@type\":\"PropertyValueSpecification\",\"valueRequired\":true,\"valueName\":\"search_term_string\"}}],\"inLanguage\":\"es\"},{\"@type\":\"Organization\",\"@id\":\"https:\/\/eticacomunica.com.mx\/#organization\",\"name\":\"Diarios Digitales de Sinaloa\",\"url\":\"https:\/\/eticacomunica.com.mx\/\",\"logo\":{\"@type\":\"ImageObject\",\"inLanguage\":\"es\",\"@id\":\"https:\/\/eticacomunica.com.mx\/#\/schema\/logo\/image\/\",\"url\":\"https:\/\/eticacomunica.com.mx\/wp-content\/uploads\/2023\/10\/etica-logo.png\",\"contentUrl\":\"https:\/\/eticacomunica.com.mx\/wp-content\/uploads\/2023\/10\/etica-logo.png\",\"width\":1280,\"height\":432,\"caption\":\"Diarios Digitales de Sinaloa\"},\"image\":{\"@id\":\"https:\/\/eticacomunica.com.mx\/#\/schema\/logo\/image\/\"},\"sameAs\":[\"https:\/\/www.facebook.com\/eticacomunica\"]},{\"@type\":\"Person\",\"@id\":\"https:\/\/eticacomunica.com.mx\/#\/schema\/person\/2cacc47bd17fe8ad92f08c0313d22fa6\",\"name\":\"etica\",\"image\":{\"@type\":\"ImageObject\",\"inLanguage\":\"es\",\"@id\":\"https:\/\/secure.gravatar.com\/avatar\/dfb45d32bc7097f8f06d6e4f6e6b387e7cb8fd5b3a2869265c40587ab62cab1e?s=96&d=mm&r=g\",\"url\":\"https:\/\/secure.gravatar.com\/avatar\/dfb45d32bc7097f8f06d6e4f6e6b387e7cb8fd5b3a2869265c40587ab62cab1e?s=96&d=mm&r=g\",\"contentUrl\":\"https:\/\/secure.gravatar.com\/avatar\/dfb45d32bc7097f8f06d6e4f6e6b387e7cb8fd5b3a2869265c40587ab62cab1e?s=96&d=mm&r=g\",\"caption\":\"etica\"},\"sameAs\":[\"https:\/\/eticacomunica.com.mx\"],\"url\":\"https:\/\/eticacomunica.com.mx\/?author=1\"}]}<\/script>\n<!-- \/ Yoast SEO plugin. -->","yoast_head_json":{"title":"Mazatl\u00e1n fortalece coordinaci\u00f3n con Federaci\u00f3n y Estado para impulsar bienestar y seguridad: Estrella Palacios - \u00c9tica Comunica","robots":{"index":"index","follow":"follow","max-snippet":"max-snippet:-1","max-image-preview":"max-image-preview:large","max-video-preview":"max-video-preview:-1"},"canonical":"https:\/\/eticacomunica.com.mx\/?p=31768","og_locale":"es_MX","og_type":"article","og_title":"Mazatl\u00e1n fortalece coordinaci\u00f3n con Federaci\u00f3n y Estado para impulsar bienestar y seguridad: Estrella Palacios - \u00c9tica Comunica","og_description":"La Presidenta Municipal, Estrella Palacios Dom\u00ednguez, destac\u00f3 el respaldo del Gobierno de M\u00e9xico y del Gobierno de Sinaloa para impulsar la construcci\u00f3n de un Centro Comunitario del Bienestar en Pradera&hellip;","og_url":"https:\/\/eticacomunica.com.mx\/?p=31768","og_site_name":"\u00c9tica Comunica","article_publisher":"https:\/\/www.facebook.com\/eticacomunica","article_published_time":"2026-03-11T22:25:10+00:00","author":"etica","twitter_card":"summary_large_image","twitter_misc":{"Escrito por":"etica","Tiempo de lectura":"2 minutos"},"schema":{"@context":"https:\/\/schema.org","@graph":[{"@type":"Article","@id":"https:\/\/eticacomunica.com.mx\/?p=31768#article","isPartOf":{"@id":"https:\/\/eticacomunica.com.mx\/?p=31768"},"author":{"name":"etica","@id":"https:\/\/eticacomunica.com.mx\/#\/schema\/person\/2cacc47bd17fe8ad92f08c0313d22fa6"},"headline":"Mazatl\u00e1n fortalece coordinaci\u00f3n con Federaci\u00f3n y Estado para impulsar bienestar y seguridad: Estrella Palacios","datePublished":"2026-03-11T22:25:10+00:00","mainEntityOfPage":{"@id":"https:\/\/eticacomunica.com.mx\/?p=31768"},"wordCount":396,"commentCount":0,"publisher":{"@id":"https:\/\/eticacomunica.com.mx\/#organization"},"image":{"@id":"https:\/\/eticacomunica.com.mx\/?p=31768#primaryimage"},"thumbnailUrl":"https:\/\/eticacomunica.com.mx\/wp-content\/uploads\/2026\/03\/IMG-20260311-WA0057.jpg","keywords":["Estrella Palacios"],"articleSection":["Portada"],"inLanguage":"es","potentialAction":[{"@type":"CommentAction","name":"Comment","target":["https:\/\/eticacomunica.com.mx\/?p=31768#respond"]}]},{"@type":"WebPage","@id":"https:\/\/eticacomunica.com.mx\/?p=31768","url":"https:\/\/eticacomunica.com.mx\/?p=31768","name":"Mazatl\u00e1n fortalece coordinaci\u00f3n con Federaci\u00f3n y Estado para impulsar bienestar y seguridad: Estrella Palacios - \u00c9tica Comunica","isPartOf":{"@id":"https:\/\/eticacomunica.com.mx\/#website"},"primaryImageOfPage":{"@id":"https:\/\/eticacomunica.com.mx\/?p=31768#primaryimage"},"image":{"@id":"https:\/\/eticacomunica.com.mx\/?p=31768#primaryimage"},"thumbnailUrl":"https:\/\/eticacomunica.com.mx\/wp-content\/uploads\/2026\/03\/IMG-20260311-WA0057.jpg","datePublished":"2026-03-11T22:25:10+00:00","breadcrumb":{"@id":"https:\/\/eticacomunica.com.mx\/?p=31768#breadcrumb"},"inLanguage":"es","potentialAction":[{"@type":"ReadAction","target":["https:\/\/eticacomunica.com.mx\/?p=31768"]}]},{"@type":"ImageObject","inLanguage":"es","@id":"https:\/\/eticacomunica.com.mx\/?p=31768#primaryimage","url":"https:\/\/eticacomunica.com.mx\/wp-content\/uploads\/2026\/03\/IMG-20260311-WA0057.jpg","contentUrl":"https:\/\/eticacomunica.com.mx\/wp-content\/uploads\/2026\/03\/IMG-20260311-WA0057.jpg","width":1280,"height":854},{"@type":"BreadcrumbList","@id":"https:\/\/eticacomunica.com.mx\/?p=31768#breadcrumb","itemListElement":[{"@type":"ListItem","position":1,"name":"Inicio","item":"https:\/\/eticacomunica.com.mx\/"},{"@type":"ListItem","position":2,"name":"Mazatl\u00e1n fortalece coordinaci\u00f3n con Federaci\u00f3n y Estado para impulsar bienestar y seguridad: Estrella Palacios"}]},{"@type":"WebSite","@id":"https:\/\/eticacomunica.com.mx\/#website","url":"https:\/\/eticacomunica.com.mx\/","name":"\u00c9tica Comunica","description":"Diario Digital","publisher":{"@id":"https:\/\/eticacomunica.com.mx\/#organization"},"potentialAction":[{"@type":"SearchAction","target":{"@type":"EntryPoint","urlTemplate":"https:\/\/eticacomunica.com.mx\/?s={search_term_string}"},"query-input":{"@type":"PropertyValueSpecification","valueRequired":true,"valueName":"search_term_string"}}],"inLanguage":"es"},{"@type":"Organization","@id":"https:\/\/eticacomunica.com.mx\/#organization","name":"Diarios Digitales de Sinaloa","url":"https:\/\/eticacomunica.com.mx\/","logo":{"@type":"ImageObject","inLanguage":"es","@id":"https:\/\/eticacomunica.com.mx\/#\/schema\/logo\/image\/","url":"https:\/\/eticacomunica.com.mx\/wp-content\/uploads\/2023\/10\/etica-logo.png","contentUrl":"https:\/\/eticacomunica.com.mx\/wp-content\/uploads\/2023\/10\/etica-logo.png","width":1280,"height":432,"caption":"Diarios Digitales de Sinaloa"},"image":{"@id":"https:\/\/eticacomunica.com.mx\/#\/schema\/logo\/image\/"},"sameAs":["https:\/\/www.facebook.com\/eticacomunica"]},{"@type":"Person","@id":"https:\/\/eticacomunica.com.mx\/#\/schema\/person\/2cacc47bd17fe8ad92f08c0313d22fa6","name":"etica","image":{"@type":"ImageObject","inLanguage":"es","@id":"https:\/\/secure.gravatar.com\/avatar\/dfb45d32bc7097f8f06d6e4f6e6b387e7cb8fd5b3a2869265c40587ab62cab1e?s=96&d=mm&r=g","url":"https:\/\/secure.gravatar.com\/avatar\/dfb45d32bc7097f8f06d6e4f6e6b387e7cb8fd5b3a2869265c40587ab62cab1e?s=96&d=mm&r=g","contentUrl":"https:\/\/secure.gravatar.com\/avatar\/dfb45d32bc7097f8f06d6e4f6e6b387e7cb8fd5b3a2869265c40587ab62cab1e?s=96&d=mm&r=g","caption":"etica"},"sameAs":["https:\/\/eticacomunica.com.mx"],"url":"https:\/\/eticacomunica.com.mx\/?author=1"}]}},"jetpack_publicize_connections":[],"jetpack_featured_media_url":"https:\/\/eticacomunica.com.mx\/wp-content\/uploads\/2026\/03\/IMG-20260311-WA0057.jpg","jetpack_sharing_enabled":true,"_links":{"self":[{"href":"https:\/\/eticacomunica.com.mx\/index.php?rest_route=\/wp\/v2\/posts\/31768","targetHints":{"allow":["GET"]}}],"collection":[{"href":"https:\/\/eticacomunica.com.mx\/index.php?rest_route=\/wp\/v2\/posts"}],"about":[{"href":"https:\/\/eticacomunica.com.mx\/index.php?rest_route=\/wp\/v2\/types\/post"}],"author":[{"embeddable":true,"href":"https:\/\/eticacomunica.com.mx\/index.php?rest_route=\/wp\/v2\/users\/1"}],"replies":[{"embeddable":true,"href":"https:\/\/eticacomunica.com.mx\/index.php?rest_route=%2Fwp%2Fv2%2Fcomments&post=31768"}],"version-history":[{"count":0,"href":"https:\/\/eticacomunica.com.mx\/index.php?rest_route=\/wp\/v2\/posts\/31768\/revisions"}],"wp:featuredmedia":[{"embeddable":true,"href":"https:\/\/eticacomunica.com.mx\/index.php?rest_route=\/wp\/v2\/media\/31767"}],"wp:attachment":[{"href":"https:\/\/eticacomunica.com.mx\/index.php?rest_route=%2Fwp%2Fv2%2Fmedia&parent=31768"}],"wp:term":[{"taxonomy":"category","embeddable":true,"href":"https:\/\/eticacomunica.com.mx\/index.php?rest_route=%2Fwp%2Fv2%2Fcategories&post=31768"},{"taxonomy":"post_tag","embeddable":true,"href":"https:\/\/eticacomunica.com.mx\/index.php?rest_route=%2Fwp%2Fv2%2Ftags&post=31768"}],"curies":[{"name":"wp","href":"https:\/\/api.w.org\/{rel}","templated":true}]}}