{"id":31770,"date":"2026-03-11T16:35:49","date_gmt":"2026-03-11T23:35:49","guid":{"rendered":"https:\/\/eticacomunica.com.mx\/?p=31770"},"modified":"2026-03-11T16:35:49","modified_gmt":"2026-03-11T23:35:49","slug":"del-19-al-22-de-marzo-se-realizara-el-carnaval-de-mesillas-2026-arriba-mi-sinaloa","status":"publish","type":"post","link":"https:\/\/eticacomunica.com.mx\/?p=31770","title":{"rendered":"Del 19 al 22 de marzo se realizar\u00e1 el Carnaval de Mesillas 2026, \u201cArriba mi Sinaloa\u201d"},"content":{"rendered":"\n<p>M\u00e1s de 5 mil personas se esperan en esta celebraci\u00f3n que impulsa el turismo comunitario y genera oportunidades para emprendedores locales y prestadores de servicios.<br><br>Mazatl\u00e1n, Sinaloa, 11 de marzo de 2026.- Del 19 al 22 de marzo se llevar\u00e1 a cabo el Carnaval de Mesillas 2026, \u201cArriba mi Sinaloa\u201d, en el municipio de Concordia.<br><br>En rueda de prensa donde se dieron a conocer los detalles de esta celebraci\u00f3n, Celia J\u00e1uregui Ibarra, subsecretaria de Planeaci\u00f3n, Inversi\u00f3n y Desarrollo Tur\u00edstico de Sectur, en representaci\u00f3n de la secretaria de Turismo estatal, Mireya Sosa Osuna, se\u00f1al\u00f3 que el Carnaval de Mesillas es una fiesta que presenta lo mejor de las tradiciones y el orgullo sinaloense.<br><br>\u201cMesillas es un lugar emblem\u00e1tico de nuestro estado, conocido como la \u2018capital del mueble\u2019 y como una comunidad que conserva con orgullo sus costumbres, su gastronom\u00eda y su talento art\u00edstico\u201d, destac\u00f3.<br><br>Durante cuatro d\u00edas, se ofrecer\u00e1n actividades culturales, deportivas y gastron\u00f3micas, que fortalecen la convivencia familiar y promueven la identidad de nuestras comunidades.<br><br>Habr\u00e1 tambi\u00e9n momentos muy especiales, como el D\u00eda del Carpintero (19 de marzo), que reconoce el oficio que ha dado identidad a Mesillas; la coronaci\u00f3n de la Reina Infantil (20 de marzo); la de la Reina y Rey del Carnaval (21 de marzo) y el tradicional desfile de carros aleg\u00f3ricos (22 de marzo), que llenar\u00e1n de color y m\u00fasica las calles de esta comunidad.<br><br>\u201cDesde la Sectur, creemos firmemente que las fiestas tradicionales son una forma de impulsar el turismo comunitario, generando oportunidades para emprendedores locales, artesanos, cocineras tradicionales y prestadores de servicios. Como lo ha dicho nuestro gobernador, el Dr. Rub\u00e9n Rocha Moya, en Sinaloa trabajamos bajo un principio muy claro, un humanismo que transforma, que significa llevar desarrollo y oportunidad a nuestras comunidades\u201d, enfatiz\u00f3.<br><br>Por su parte, Jasaret \u00c1lvarez, directora de Turismo de Concordia, resalt\u00f3 que entre las novedades para esta edici\u00f3n del Carnaval de Mesillas, se tendr\u00e1 una ruta biker y de senderismo, el d\u00eda 22 de marzo, en la que se podr\u00e1n disfrutar los impresionantes paisajes que se tienen en el municipio de Concordia; adem\u00e1s de la actuaci\u00f3n de Jorge Cordero, Yesenia La Gitana, el Ballet Folcl\u00f3rico de la UAS; los artistas locales \u00c1ngel \u00c1vila, David Sarabia y diversos invitados especiales de la comunidad.<br><br>\u201cEl a\u00f1o pasado se recibieron alrededor de 5 mil personas durante los cuatro d\u00edas y este a\u00f1o esperamos tener m\u00e1s, por eso hacemos la invitaci\u00f3n, para que la gente disfrute de Mesillas\u201d, puntualiz\u00f3.<br><br>A la rueda de prensa tambi\u00e9n asistieron Hugo Daniel Hern\u00e1ndez Osuna, secretario del Comit\u00e9 de Cultura de Mesillas; Ariana I, Reina Infantil del Carnaval Tradicional Mesillas 2026 y Jos\u00e9 Roberto Osuna, dise\u00f1ador de los trajes reales.<\/p>\n","protected":false},"excerpt":{"rendered":"<p>M\u00e1s de 5 mil personas se esperan en esta celebraci\u00f3n que impulsa el turismo comunitario y genera oportunidades para emprendedores locales y prestadores de servicios. Mazatl\u00e1n, Sinaloa, 11 de marzo&hellip;<\/p>\n","protected":false},"author":1,"featured_media":31769,"comment_status":"open","ping_status":"open","sticky":false,"template":"","format":"standard","meta":{"_jetpack_memberships_contains_paid_content":false,"footnotes":"","jetpack_publicize_message":"","jetpack_publicize_feature_enabled":true,"jetpack_social_post_already_shared":true,"jetpack_social_options":{"image_generator_settings":{"template":"highway","default_image_id":0,"font":"","enabled":false},"version":2}},"categories":[18],"tags":[34],"class_list":["post-31770","post","type-post","status-publish","format-standard","has-post-thumbnail","hentry","category-turismo","tag-gobierno-del-estado-de-sinaloa"],"yoast_head":"<!-- This site is optimized with the Yoast SEO plugin v27.2 - https:\/\/yoast.com\/product\/yoast-seo-wordpress\/ -->\n<title>Del 19 al 22 de marzo se realizar\u00e1 el Carnaval de Mesillas 2026, \u201cArriba mi Sinaloa\u201d - \u00c9tica Comunica<\/title>\n<meta name=\"robots\" content=\"index, follow, max-snippet:-1, max-image-preview:large, max-video-preview:-1\" \/>\n<link rel=\"canonical\" href=\"https:\/\/eticacomunica.com.mx\/?p=31770\" \/>\n<meta property=\"og:locale\" content=\"es_MX\" \/>\n<meta property=\"og:type\" content=\"article\" \/>\n<meta property=\"og:title\" content=\"Del 19 al 22 de marzo se realizar\u00e1 el Carnaval de Mesillas 2026, \u201cArriba mi Sinaloa\u201d - \u00c9tica Comunica\" \/>\n<meta property=\"og:description\" content=\"M\u00e1s de 5 mil personas se esperan en esta celebraci\u00f3n que impulsa el turismo comunitario y genera oportunidades para emprendedores locales y prestadores de servicios. Mazatl\u00e1n, Sinaloa, 11 de marzo&hellip;\" \/>\n<meta property=\"og:url\" content=\"https:\/\/eticacomunica.com.mx\/?p=31770\" \/>\n<meta property=\"og:site_name\" content=\"\u00c9tica Comunica\" \/>\n<meta property=\"article:publisher\" content=\"https:\/\/www.facebook.com\/eticacomunica\" \/>\n<meta property=\"article:published_time\" content=\"2026-03-11T23:35:49+00:00\" \/>\n<meta name=\"author\" content=\"etica\" \/>\n<meta name=\"twitter:card\" content=\"summary_large_image\" \/>\n<meta name=\"twitter:label1\" content=\"Escrito por\" \/>\n\t<meta name=\"twitter:data1\" content=\"etica\" \/>\n\t<meta name=\"twitter:label2\" content=\"Tiempo de lectura\" \/>\n\t<meta name=\"twitter:data2\" content=\"2 minutos\" \/>\n<script type=\"application\/ld+json\" class=\"yoast-schema-graph\">{\"@context\":\"https:\/\/schema.org\",\"@graph\":[{\"@type\":\"Article\",\"@id\":\"https:\/\/eticacomunica.com.mx\/?p=31770#article\",\"isPartOf\":{\"@id\":\"https:\/\/eticacomunica.com.mx\/?p=31770\"},\"author\":{\"name\":\"etica\",\"@id\":\"https:\/\/eticacomunica.com.mx\/#\/schema\/person\/2cacc47bd17fe8ad92f08c0313d22fa6\"},\"headline\":\"Del 19 al 22 de marzo se realizar\u00e1 el Carnaval de Mesillas 2026, \u201cArriba mi Sinaloa\u201d\",\"datePublished\":\"2026-03-11T23:35:49+00:00\",\"mainEntityOfPage\":{\"@id\":\"https:\/\/eticacomunica.com.mx\/?p=31770\"},\"wordCount\":480,\"commentCount\":0,\"publisher\":{\"@id\":\"https:\/\/eticacomunica.com.mx\/#organization\"},\"image\":{\"@id\":\"https:\/\/eticacomunica.com.mx\/?p=31770#primaryimage\"},\"thumbnailUrl\":\"https:\/\/eticacomunica.com.mx\/wp-content\/uploads\/2026\/03\/IMG-20260311-WA0035.jpg\",\"keywords\":[\"Gobierno del Estado de Sinaloa\"],\"articleSection\":[\"Turismo\"],\"inLanguage\":\"es\",\"potentialAction\":[{\"@type\":\"CommentAction\",\"name\":\"Comment\",\"target\":[\"https:\/\/eticacomunica.com.mx\/?p=31770#respond\"]}]},{\"@type\":\"WebPage\",\"@id\":\"https:\/\/eticacomunica.com.mx\/?p=31770\",\"url\":\"https:\/\/eticacomunica.com.mx\/?p=31770\",\"name\":\"Del 19 al 22 de marzo se realizar\u00e1 el Carnaval de Mesillas 2026, \u201cArriba mi Sinaloa\u201d - \u00c9tica Comunica\",\"isPartOf\":{\"@id\":\"https:\/\/eticacomunica.com.mx\/#website\"},\"primaryImageOfPage\":{\"@id\":\"https:\/\/eticacomunica.com.mx\/?p=31770#primaryimage\"},\"image\":{\"@id\":\"https:\/\/eticacomunica.com.mx\/?p=31770#primaryimage\"},\"thumbnailUrl\":\"https:\/\/eticacomunica.com.mx\/wp-content\/uploads\/2026\/03\/IMG-20260311-WA0035.jpg\",\"datePublished\":\"2026-03-11T23:35:49+00:00\",\"breadcrumb\":{\"@id\":\"https:\/\/eticacomunica.com.mx\/?p=31770#breadcrumb\"},\"inLanguage\":\"es\",\"potentialAction\":[{\"@type\":\"ReadAction\",\"target\":[\"https:\/\/eticacomunica.com.mx\/?p=31770\"]}]},{\"@type\":\"ImageObject\",\"inLanguage\":\"es\",\"@id\":\"https:\/\/eticacomunica.com.mx\/?p=31770#primaryimage\",\"url\":\"https:\/\/eticacomunica.com.mx\/wp-content\/uploads\/2026\/03\/IMG-20260311-WA0035.jpg\",\"contentUrl\":\"https:\/\/eticacomunica.com.mx\/wp-content\/uploads\/2026\/03\/IMG-20260311-WA0035.jpg\",\"width\":1600,\"height\":1200},{\"@type\":\"BreadcrumbList\",\"@id\":\"https:\/\/eticacomunica.com.mx\/?p=31770#breadcrumb\",\"itemListElement\":[{\"@type\":\"ListItem\",\"position\":1,\"name\":\"Inicio\",\"item\":\"https:\/\/eticacomunica.com.mx\/\"},{\"@type\":\"ListItem\",\"position\":2,\"name\":\"Del 19 al 22 de marzo se realizar\u00e1 el Carnaval de Mesillas 2026, \u201cArriba mi Sinaloa\u201d\"}]},{\"@type\":\"WebSite\",\"@id\":\"https:\/\/eticacomunica.com.mx\/#website\",\"url\":\"https:\/\/eticacomunica.com.mx\/\",\"name\":\"\u00c9tica Comunica\",\"description\":\"Diario Digital\",\"publisher\":{\"@id\":\"https:\/\/eticacomunica.com.mx\/#organization\"},\"potentialAction\":[{\"@type\":\"SearchAction\",\"target\":{\"@type\":\"EntryPoint\",\"urlTemplate\":\"https:\/\/eticacomunica.com.mx\/?s={search_term_string}\"},\"query-input\":{\"@type\":\"PropertyValueSpecification\",\"valueRequired\":true,\"valueName\":\"search_term_string\"}}],\"inLanguage\":\"es\"},{\"@type\":\"Organization\",\"@id\":\"https:\/\/eticacomunica.com.mx\/#organization\",\"name\":\"Diarios Digitales de Sinaloa\",\"url\":\"https:\/\/eticacomunica.com.mx\/\",\"logo\":{\"@type\":\"ImageObject\",\"inLanguage\":\"es\",\"@id\":\"https:\/\/eticacomunica.com.mx\/#\/schema\/logo\/image\/\",\"url\":\"https:\/\/eticacomunica.com.mx\/wp-content\/uploads\/2023\/10\/etica-logo.png\",\"contentUrl\":\"https:\/\/eticacomunica.com.mx\/wp-content\/uploads\/2023\/10\/etica-logo.png\",\"width\":1280,\"height\":432,\"caption\":\"Diarios Digitales de Sinaloa\"},\"image\":{\"@id\":\"https:\/\/eticacomunica.com.mx\/#\/schema\/logo\/image\/\"},\"sameAs\":[\"https:\/\/www.facebook.com\/eticacomunica\"]},{\"@type\":\"Person\",\"@id\":\"https:\/\/eticacomunica.com.mx\/#\/schema\/person\/2cacc47bd17fe8ad92f08c0313d22fa6\",\"name\":\"etica\",\"image\":{\"@type\":\"ImageObject\",\"inLanguage\":\"es\",\"@id\":\"https:\/\/secure.gravatar.com\/avatar\/dfb45d32bc7097f8f06d6e4f6e6b387e7cb8fd5b3a2869265c40587ab62cab1e?s=96&d=mm&r=g\",\"url\":\"https:\/\/secure.gravatar.com\/avatar\/dfb45d32bc7097f8f06d6e4f6e6b387e7cb8fd5b3a2869265c40587ab62cab1e?s=96&d=mm&r=g\",\"contentUrl\":\"https:\/\/secure.gravatar.com\/avatar\/dfb45d32bc7097f8f06d6e4f6e6b387e7cb8fd5b3a2869265c40587ab62cab1e?s=96&d=mm&r=g\",\"caption\":\"etica\"},\"sameAs\":[\"https:\/\/eticacomunica.com.mx\"],\"url\":\"https:\/\/eticacomunica.com.mx\/?author=1\"}]}<\/script>\n<!-- \/ Yoast SEO plugin. -->","yoast_head_json":{"title":"Del 19 al 22 de marzo se realizar\u00e1 el Carnaval de Mesillas 2026, \u201cArriba mi Sinaloa\u201d - \u00c9tica Comunica","robots":{"index":"index","follow":"follow","max-snippet":"max-snippet:-1","max-image-preview":"max-image-preview:large","max-video-preview":"max-video-preview:-1"},"canonical":"https:\/\/eticacomunica.com.mx\/?p=31770","og_locale":"es_MX","og_type":"article","og_title":"Del 19 al 22 de marzo se realizar\u00e1 el Carnaval de Mesillas 2026, \u201cArriba mi Sinaloa\u201d - \u00c9tica Comunica","og_description":"M\u00e1s de 5 mil personas se esperan en esta celebraci\u00f3n que impulsa el turismo comunitario y genera oportunidades para emprendedores locales y prestadores de servicios. Mazatl\u00e1n, Sinaloa, 11 de marzo&hellip;","og_url":"https:\/\/eticacomunica.com.mx\/?p=31770","og_site_name":"\u00c9tica Comunica","article_publisher":"https:\/\/www.facebook.com\/eticacomunica","article_published_time":"2026-03-11T23:35:49+00:00","author":"etica","twitter_card":"summary_large_image","twitter_misc":{"Escrito por":"etica","Tiempo de lectura":"2 minutos"},"schema":{"@context":"https:\/\/schema.org","@graph":[{"@type":"Article","@id":"https:\/\/eticacomunica.com.mx\/?p=31770#article","isPartOf":{"@id":"https:\/\/eticacomunica.com.mx\/?p=31770"},"author":{"name":"etica","@id":"https:\/\/eticacomunica.com.mx\/#\/schema\/person\/2cacc47bd17fe8ad92f08c0313d22fa6"},"headline":"Del 19 al 22 de marzo se realizar\u00e1 el Carnaval de Mesillas 2026, \u201cArriba mi Sinaloa\u201d","datePublished":"2026-03-11T23:35:49+00:00","mainEntityOfPage":{"@id":"https:\/\/eticacomunica.com.mx\/?p=31770"},"wordCount":480,"commentCount":0,"publisher":{"@id":"https:\/\/eticacomunica.com.mx\/#organization"},"image":{"@id":"https:\/\/eticacomunica.com.mx\/?p=31770#primaryimage"},"thumbnailUrl":"https:\/\/eticacomunica.com.mx\/wp-content\/uploads\/2026\/03\/IMG-20260311-WA0035.jpg","keywords":["Gobierno del Estado de Sinaloa"],"articleSection":["Turismo"],"inLanguage":"es","potentialAction":[{"@type":"CommentAction","name":"Comment","target":["https:\/\/eticacomunica.com.mx\/?p=31770#respond"]}]},{"@type":"WebPage","@id":"https:\/\/eticacomunica.com.mx\/?p=31770","url":"https:\/\/eticacomunica.com.mx\/?p=31770","name":"Del 19 al 22 de marzo se realizar\u00e1 el Carnaval de Mesillas 2026, \u201cArriba mi Sinaloa\u201d - \u00c9tica Comunica","isPartOf":{"@id":"https:\/\/eticacomunica.com.mx\/#website"},"primaryImageOfPage":{"@id":"https:\/\/eticacomunica.com.mx\/?p=31770#primaryimage"},"image":{"@id":"https:\/\/eticacomunica.com.mx\/?p=31770#primaryimage"},"thumbnailUrl":"https:\/\/eticacomunica.com.mx\/wp-content\/uploads\/2026\/03\/IMG-20260311-WA0035.jpg","datePublished":"2026-03-11T23:35:49+00:00","breadcrumb":{"@id":"https:\/\/eticacomunica.com.mx\/?p=31770#breadcrumb"},"inLanguage":"es","potentialAction":[{"@type":"ReadAction","target":["https:\/\/eticacomunica.com.mx\/?p=31770"]}]},{"@type":"ImageObject","inLanguage":"es","@id":"https:\/\/eticacomunica.com.mx\/?p=31770#primaryimage","url":"https:\/\/eticacomunica.com.mx\/wp-content\/uploads\/2026\/03\/IMG-20260311-WA0035.jpg","contentUrl":"https:\/\/eticacomunica.com.mx\/wp-content\/uploads\/2026\/03\/IMG-20260311-WA0035.jpg","width":1600,"height":1200},{"@type":"BreadcrumbList","@id":"https:\/\/eticacomunica.com.mx\/?p=31770#breadcrumb","itemListElement":[{"@type":"ListItem","position":1,"name":"Inicio","item":"https:\/\/eticacomunica.com.mx\/"},{"@type":"ListItem","position":2,"name":"Del 19 al 22 de marzo se realizar\u00e1 el Carnaval de Mesillas 2026, \u201cArriba mi Sinaloa\u201d"}]},{"@type":"WebSite","@id":"https:\/\/eticacomunica.com.mx\/#website","url":"https:\/\/eticacomunica.com.mx\/","name":"\u00c9tica Comunica","description":"Diario Digital","publisher":{"@id":"https:\/\/eticacomunica.com.mx\/#organization"},"potentialAction":[{"@type":"SearchAction","target":{"@type":"EntryPoint","urlTemplate":"https:\/\/eticacomunica.com.mx\/?s={search_term_string}"},"query-input":{"@type":"PropertyValueSpecification","valueRequired":true,"valueName":"search_term_string"}}],"inLanguage":"es"},{"@type":"Organization","@id":"https:\/\/eticacomunica.com.mx\/#organization","name":"Diarios Digitales de Sinaloa","url":"https:\/\/eticacomunica.com.mx\/","logo":{"@type":"ImageObject","inLanguage":"es","@id":"https:\/\/eticacomunica.com.mx\/#\/schema\/logo\/image\/","url":"https:\/\/eticacomunica.com.mx\/wp-content\/uploads\/2023\/10\/etica-logo.png","contentUrl":"https:\/\/eticacomunica.com.mx\/wp-content\/uploads\/2023\/10\/etica-logo.png","width":1280,"height":432,"caption":"Diarios Digitales de Sinaloa"},"image":{"@id":"https:\/\/eticacomunica.com.mx\/#\/schema\/logo\/image\/"},"sameAs":["https:\/\/www.facebook.com\/eticacomunica"]},{"@type":"Person","@id":"https:\/\/eticacomunica.com.mx\/#\/schema\/person\/2cacc47bd17fe8ad92f08c0313d22fa6","name":"etica","image":{"@type":"ImageObject","inLanguage":"es","@id":"https:\/\/secure.gravatar.com\/avatar\/dfb45d32bc7097f8f06d6e4f6e6b387e7cb8fd5b3a2869265c40587ab62cab1e?s=96&d=mm&r=g","url":"https:\/\/secure.gravatar.com\/avatar\/dfb45d32bc7097f8f06d6e4f6e6b387e7cb8fd5b3a2869265c40587ab62cab1e?s=96&d=mm&r=g","contentUrl":"https:\/\/secure.gravatar.com\/avatar\/dfb45d32bc7097f8f06d6e4f6e6b387e7cb8fd5b3a2869265c40587ab62cab1e?s=96&d=mm&r=g","caption":"etica"},"sameAs":["https:\/\/eticacomunica.com.mx"],"url":"https:\/\/eticacomunica.com.mx\/?author=1"}]}},"jetpack_publicize_connections":[],"jetpack_featured_media_url":"https:\/\/eticacomunica.com.mx\/wp-content\/uploads\/2026\/03\/IMG-20260311-WA0035.jpg","jetpack_sharing_enabled":true,"_links":{"self":[{"href":"https:\/\/eticacomunica.com.mx\/index.php?rest_route=\/wp\/v2\/posts\/31770","targetHints":{"allow":["GET"]}}],"collection":[{"href":"https:\/\/eticacomunica.com.mx\/index.php?rest_route=\/wp\/v2\/posts"}],"about":[{"href":"https:\/\/eticacomunica.com.mx\/index.php?rest_route=\/wp\/v2\/types\/post"}],"author":[{"embeddable":true,"href":"https:\/\/eticacomunica.com.mx\/index.php?rest_route=\/wp\/v2\/users\/1"}],"replies":[{"embeddable":true,"href":"https:\/\/eticacomunica.com.mx\/index.php?rest_route=%2Fwp%2Fv2%2Fcomments&post=31770"}],"version-history":[{"count":0,"href":"https:\/\/eticacomunica.com.mx\/index.php?rest_route=\/wp\/v2\/posts\/31770\/revisions"}],"wp:featuredmedia":[{"embeddable":true,"href":"https:\/\/eticacomunica.com.mx\/index.php?rest_route=\/wp\/v2\/media\/31769"}],"wp:attachment":[{"href":"https:\/\/eticacomunica.com.mx\/index.php?rest_route=%2Fwp%2Fv2%2Fmedia&parent=31770"}],"wp:term":[{"taxonomy":"category","embeddable":true,"href":"https:\/\/eticacomunica.com.mx\/index.php?rest_route=%2Fwp%2Fv2%2Fcategories&post=31770"},{"taxonomy":"post_tag","embeddable":true,"href":"https:\/\/eticacomunica.com.mx\/index.php?rest_route=%2Fwp%2Fv2%2Ftags&post=31770"}],"curies":[{"name":"wp","href":"https:\/\/api.w.org\/{rel}","templated":true}]}}