{"id":31772,"date":"2026-03-11T17:34:43","date_gmt":"2026-03-12T00:34:43","guid":{"rendered":"https:\/\/eticacomunica.com.mx\/?p=31772"},"modified":"2026-03-11T17:34:43","modified_gmt":"2026-03-12T00:34:43","slug":"la-uas-premia-la-excelencia-academica-en-el-3er-concurso-de-tesis-e-investigaciones-en-estudios-de-genero-reconoce-el-talento-y-la-valentia-intelectual-en-pro-de-la-igualdad","status":"publish","type":"post","link":"https:\/\/eticacomunica.com.mx\/?p=31772","title":{"rendered":"La UAS premia la excelencia acad\u00e9mica en el 3er. Concurso de Tesis e Investigaciones en Estudios de G\u00e9nero; reconoce el talento y la valent\u00eda intelectual en pro de la igualdad"},"content":{"rendered":"\n<p>El Centro de Pol\u00edticas de G\u00e9nero para la Igualdad entre Mujeres y Hombres (CPGIMH) de la Universidad Aut\u00f3noma de Sinaloa (UAS), en coordinaci\u00f3n con la Secretar\u00eda Acad\u00e9mica Universitaria (SAU), la Direcci\u00f3n General de Investigaci\u00f3n y Posgrado (DGIP) y la Direcci\u00f3n de Editorial, llev\u00f3 a cabo la premiaci\u00f3n del \u201c3er. Concurso de Tesis e Investigaciones en Estudios de G\u00e9nero\u201d. Este certamen visibiliza, reconoce y promueve la producci\u00f3n acad\u00e9mica de investigadores, investigadoras y estudiantes que, desde distintos enfoques y disciplinas, contribuyen al fortalecimiento de los estudios de g\u00e9nero y la teor\u00eda feminista.<br><br>Este significativo evento, vinculado al D\u00eda Internacional de las Mujeres 2026 y al compromiso institucional con la igualdad de g\u00e9nero, fue encabezado por el secretario acad\u00e9mico universitario, el maestro Sergio Mario Arredondo Salas. Durante su intervenci\u00f3n, el secretario hizo referencia a los principios de respeto y no discriminaci\u00f3n hacia cualquier miembro de la comunidad universitaria, establecidos en la Ley Org\u00e1nica y sus Estatutos Generales.<br><br>\u201cHoy nuestra Ley Org\u00e1nica plasma con absoluta claridad cu\u00e1les son los derechos de la mujer y la igualdad con la que debe ser tratada al interior de la universidad; as\u00ed como el derecho que tiene a ejercer todos los espacios viables en funci\u00f3n de su capacidad, habilidad, prop\u00f3sito y deseo. No hay espacios reservados para nadie; hay espacios que se ganan a partir del esfuerzo, el trabajo y la dedicaci\u00f3n que las mujeres universitarias han demostrado, con creces, tener y ejercer\u201d, se\u00f1al\u00f3 Arredondo Salas.<br><br>Por su parte, la directora general de Investigaci\u00f3n y Posgrado, la doctora Marcela de Jes\u00fas Vergara Jim\u00e9nez, felicit\u00f3 a las y los galardonados de esta tercera edici\u00f3n, adem\u00e1s de reconocer a los investigadores e investigadoras que asesoraron a los participantes.<br><br>\u201cQue todos sus trabajos trasciendan fronteras y lleguen a los espacios donde su impacto pueda transformar, de forma positiva, las desigualdades que en materia de g\u00e9nero, derechos humanos y justicia social siguen existiendo en nuestra sociedad\u201d, concluy\u00f3.<br><br>Asimismo, la directora del CPGIMH, doctora Beatriz Eugenia Rodr\u00edguez P\u00e9rez, habl\u00f3 del impacto en la generaci\u00f3n de un \u201cconocimiento situado, encarnado e involucrado\u201d, \u00fatil para la formulaci\u00f3n de pol\u00edticas p\u00fablicas y la transformaci\u00f3n de pr\u00e1cticas institucionales. Estas acciones buscan fortalecer el desarrollo interdisciplinario con enfoques cr\u00edticos, innovadores y socialmente pertinentes para contribuir, de manera sustantiva, a la comprensi\u00f3n, prevenci\u00f3n y atenci\u00f3n de las desigualdades en los \u00e1mbitos cient\u00edfico, human\u00edstico y social.<br><br>\u201cEn consonancia con los compromisos institucionales, nacionales e internacionales en materia de igualdad sustantiva, la Universidad Aut\u00f3noma de Sinaloa impulsa acciones orientadas a promover la participaci\u00f3n activa de las mujeres en los procesos de investigaci\u00f3n, difusi\u00f3n y transferencia del conocimiento, as\u00ed como a reconocer p\u00fablicamente los trabajos acad\u00e9micos que contribuyen al an\u00e1lisis, la reflexi\u00f3n y la transformaci\u00f3n de las relaciones de g\u00e9nero\u201d, destac\u00f3.<br><br>Respecto a la tercera edici\u00f3n, inform\u00f3 que se inscribieron un total de 34 trabajos en las categor\u00edas de licenciatura, maestr\u00eda y doctorado, dentro de la Modalidad I (Tesis en Estudios de G\u00e9nero) y la Modalidad II (Investigaciones en Estudios de G\u00e9nero). El jurado evaluador, integrado por 31 acad\u00e9micos de diversas instituciones de educaci\u00f3n superior del pa\u00eds, otorg\u00f3 el primero, segundo y tercer lugar en el nivel licenciatura a Salma Georgina Valenzuela Cornejo, Arnoldo Atondo Morales y Alejandro Mac\u00edas Valenzuela, respectivamente. Asimismo, se concedi\u00f3 una menci\u00f3n honor\u00edfica a Mar\u00eda Magdalena Garc\u00eda L\u00f3pez, Gladys Berenice Hern\u00e1ndez Mu\u00f1oz y Cynthia Karely R\u00edos Mu\u00f1oz.<br><br>En el nivel maestr\u00eda de la misma categor\u00eda, resultaron ganadoras Denisse Alejandra Fr\u00edas Ojeda (primer lugar), Johanelly Benazir Mares S\u00e1nchez (segundo) y Cinthya Nereyda P\u00e9rez Lara (tercero). En el nivel doctorado, Rosa Acela Mayanix Alvarado Guevara obtuvo el primer lugar, Mar\u00eda de los \u00c1ngeles Ram\u00edrez Uribe el segundo y Luis Guadalupe Guerrero Vega el tercero.<br><br>En la segunda modalidad, Patricia Carmina Inzunza Mej\u00eda y Rosalinda G\u00e1mez Gast\u00e9lum ganaron el primer lugar; Lidia Guadalupe Corona \u00c1lvarez, Silvestre Flores Gamboa y Nadia Ilenia Peinado Osuna obtuvieron el segundo, y Grisela Medina Monta\u00f1o el tercero, todos por sus investigaciones en estudios de g\u00e9nero.<br><br>A las y los galardonados se les entreg\u00f3 un reconocimiento al talento, la dedicaci\u00f3n y la valent\u00eda intelectual, adem\u00e1s de un paquete de libros donado por la Direcci\u00f3n de Editorial, a cargo de la doctora Azucena Manjarrez Bastidas.<\/p>\n","protected":false},"excerpt":{"rendered":"<p>El Centro de Pol\u00edticas de G\u00e9nero para la Igualdad entre Mujeres y Hombres (CPGIMH) de la Universidad Aut\u00f3noma de Sinaloa (UAS), en coordinaci\u00f3n con la Secretar\u00eda Acad\u00e9mica Universitaria (SAU), la&hellip;<\/p>\n","protected":false},"author":1,"featured_media":31771,"comment_status":"open","ping_status":"open","sticky":false,"template":"","format":"standard","meta":{"_jetpack_memberships_contains_paid_content":false,"footnotes":"","jetpack_publicize_message":"","jetpack_publicize_feature_enabled":true,"jetpack_social_post_already_shared":true,"jetpack_social_options":{"image_generator_settings":{"template":"highway","default_image_id":0,"font":"","enabled":false},"version":2}},"categories":[40],"tags":[41],"class_list":["post-31772","post","type-post","status-publish","format-standard","has-post-thumbnail","hentry","category-educacion","tag-uas"],"yoast_head":"<!-- This site is optimized with the Yoast SEO plugin v27.2 - https:\/\/yoast.com\/product\/yoast-seo-wordpress\/ -->\n<title>La UAS premia la excelencia acad\u00e9mica en el 3er. Concurso de Tesis e Investigaciones en Estudios de G\u00e9nero; reconoce el talento y la valent\u00eda intelectual en pro de la igualdad - \u00c9tica Comunica<\/title>\n<meta name=\"robots\" content=\"index, follow, max-snippet:-1, max-image-preview:large, max-video-preview:-1\" \/>\n<link rel=\"canonical\" href=\"https:\/\/eticacomunica.com.mx\/?p=31772\" \/>\n<meta property=\"og:locale\" content=\"es_MX\" \/>\n<meta property=\"og:type\" content=\"article\" \/>\n<meta property=\"og:title\" content=\"La UAS premia la excelencia acad\u00e9mica en el 3er. Concurso de Tesis e Investigaciones en Estudios de G\u00e9nero; reconoce el talento y la valent\u00eda intelectual en pro de la igualdad - \u00c9tica Comunica\" \/>\n<meta property=\"og:description\" content=\"El Centro de Pol\u00edticas de G\u00e9nero para la Igualdad entre Mujeres y Hombres (CPGIMH) de la Universidad Aut\u00f3noma de Sinaloa (UAS), en coordinaci\u00f3n con la Secretar\u00eda Acad\u00e9mica Universitaria (SAU), la&hellip;\" \/>\n<meta property=\"og:url\" content=\"https:\/\/eticacomunica.com.mx\/?p=31772\" \/>\n<meta property=\"og:site_name\" content=\"\u00c9tica Comunica\" \/>\n<meta property=\"article:publisher\" content=\"https:\/\/www.facebook.com\/eticacomunica\" \/>\n<meta property=\"article:published_time\" content=\"2026-03-12T00:34:43+00:00\" \/>\n<meta name=\"author\" content=\"etica\" \/>\n<meta name=\"twitter:card\" content=\"summary_large_image\" \/>\n<meta name=\"twitter:label1\" content=\"Escrito por\" \/>\n\t<meta name=\"twitter:data1\" content=\"etica\" \/>\n\t<meta name=\"twitter:label2\" content=\"Tiempo de lectura\" \/>\n\t<meta name=\"twitter:data2\" content=\"4 minutos\" \/>\n<script type=\"application\/ld+json\" class=\"yoast-schema-graph\">{\"@context\":\"https:\/\/schema.org\",\"@graph\":[{\"@type\":\"Article\",\"@id\":\"https:\/\/eticacomunica.com.mx\/?p=31772#article\",\"isPartOf\":{\"@id\":\"https:\/\/eticacomunica.com.mx\/?p=31772\"},\"author\":{\"name\":\"etica\",\"@id\":\"https:\/\/eticacomunica.com.mx\/#\/schema\/person\/2cacc47bd17fe8ad92f08c0313d22fa6\"},\"headline\":\"La UAS premia la excelencia acad\u00e9mica en el 3er. Concurso de Tesis e Investigaciones en Estudios de G\u00e9nero; reconoce el talento y la valent\u00eda intelectual en pro de la igualdad\",\"datePublished\":\"2026-03-12T00:34:43+00:00\",\"mainEntityOfPage\":{\"@id\":\"https:\/\/eticacomunica.com.mx\/?p=31772\"},\"wordCount\":808,\"commentCount\":0,\"publisher\":{\"@id\":\"https:\/\/eticacomunica.com.mx\/#organization\"},\"image\":{\"@id\":\"https:\/\/eticacomunica.com.mx\/?p=31772#primaryimage\"},\"thumbnailUrl\":\"https:\/\/eticacomunica.com.mx\/wp-content\/uploads\/2026\/03\/IMG-20260311-WA0090.jpg\",\"keywords\":[\"UAS\"],\"articleSection\":[\"Educaci\u00f3n\"],\"inLanguage\":\"es\",\"potentialAction\":[{\"@type\":\"CommentAction\",\"name\":\"Comment\",\"target\":[\"https:\/\/eticacomunica.com.mx\/?p=31772#respond\"]}]},{\"@type\":\"WebPage\",\"@id\":\"https:\/\/eticacomunica.com.mx\/?p=31772\",\"url\":\"https:\/\/eticacomunica.com.mx\/?p=31772\",\"name\":\"La UAS premia la excelencia acad\u00e9mica en el 3er. Concurso de Tesis e Investigaciones en Estudios de G\u00e9nero; reconoce el talento y la valent\u00eda intelectual en pro de la igualdad - \u00c9tica Comunica\",\"isPartOf\":{\"@id\":\"https:\/\/eticacomunica.com.mx\/#website\"},\"primaryImageOfPage\":{\"@id\":\"https:\/\/eticacomunica.com.mx\/?p=31772#primaryimage\"},\"image\":{\"@id\":\"https:\/\/eticacomunica.com.mx\/?p=31772#primaryimage\"},\"thumbnailUrl\":\"https:\/\/eticacomunica.com.mx\/wp-content\/uploads\/2026\/03\/IMG-20260311-WA0090.jpg\",\"datePublished\":\"2026-03-12T00:34:43+00:00\",\"breadcrumb\":{\"@id\":\"https:\/\/eticacomunica.com.mx\/?p=31772#breadcrumb\"},\"inLanguage\":\"es\",\"potentialAction\":[{\"@type\":\"ReadAction\",\"target\":[\"https:\/\/eticacomunica.com.mx\/?p=31772\"]}]},{\"@type\":\"ImageObject\",\"inLanguage\":\"es\",\"@id\":\"https:\/\/eticacomunica.com.mx\/?p=31772#primaryimage\",\"url\":\"https:\/\/eticacomunica.com.mx\/wp-content\/uploads\/2026\/03\/IMG-20260311-WA0090.jpg\",\"contentUrl\":\"https:\/\/eticacomunica.com.mx\/wp-content\/uploads\/2026\/03\/IMG-20260311-WA0090.jpg\",\"width\":1500,\"height\":1125},{\"@type\":\"BreadcrumbList\",\"@id\":\"https:\/\/eticacomunica.com.mx\/?p=31772#breadcrumb\",\"itemListElement\":[{\"@type\":\"ListItem\",\"position\":1,\"name\":\"Inicio\",\"item\":\"https:\/\/eticacomunica.com.mx\/\"},{\"@type\":\"ListItem\",\"position\":2,\"name\":\"La UAS premia la excelencia acad\u00e9mica en el 3er. Concurso de Tesis e Investigaciones en Estudios de G\u00e9nero; reconoce el talento y la valent\u00eda intelectual en pro de la igualdad\"}]},{\"@type\":\"WebSite\",\"@id\":\"https:\/\/eticacomunica.com.mx\/#website\",\"url\":\"https:\/\/eticacomunica.com.mx\/\",\"name\":\"\u00c9tica Comunica\",\"description\":\"Diario Digital\",\"publisher\":{\"@id\":\"https:\/\/eticacomunica.com.mx\/#organization\"},\"potentialAction\":[{\"@type\":\"SearchAction\",\"target\":{\"@type\":\"EntryPoint\",\"urlTemplate\":\"https:\/\/eticacomunica.com.mx\/?s={search_term_string}\"},\"query-input\":{\"@type\":\"PropertyValueSpecification\",\"valueRequired\":true,\"valueName\":\"search_term_string\"}}],\"inLanguage\":\"es\"},{\"@type\":\"Organization\",\"@id\":\"https:\/\/eticacomunica.com.mx\/#organization\",\"name\":\"Diarios Digitales de Sinaloa\",\"url\":\"https:\/\/eticacomunica.com.mx\/\",\"logo\":{\"@type\":\"ImageObject\",\"inLanguage\":\"es\",\"@id\":\"https:\/\/eticacomunica.com.mx\/#\/schema\/logo\/image\/\",\"url\":\"https:\/\/eticacomunica.com.mx\/wp-content\/uploads\/2023\/10\/etica-logo.png\",\"contentUrl\":\"https:\/\/eticacomunica.com.mx\/wp-content\/uploads\/2023\/10\/etica-logo.png\",\"width\":1280,\"height\":432,\"caption\":\"Diarios Digitales de Sinaloa\"},\"image\":{\"@id\":\"https:\/\/eticacomunica.com.mx\/#\/schema\/logo\/image\/\"},\"sameAs\":[\"https:\/\/www.facebook.com\/eticacomunica\"]},{\"@type\":\"Person\",\"@id\":\"https:\/\/eticacomunica.com.mx\/#\/schema\/person\/2cacc47bd17fe8ad92f08c0313d22fa6\",\"name\":\"etica\",\"image\":{\"@type\":\"ImageObject\",\"inLanguage\":\"es\",\"@id\":\"https:\/\/secure.gravatar.com\/avatar\/dfb45d32bc7097f8f06d6e4f6e6b387e7cb8fd5b3a2869265c40587ab62cab1e?s=96&d=mm&r=g\",\"url\":\"https:\/\/secure.gravatar.com\/avatar\/dfb45d32bc7097f8f06d6e4f6e6b387e7cb8fd5b3a2869265c40587ab62cab1e?s=96&d=mm&r=g\",\"contentUrl\":\"https:\/\/secure.gravatar.com\/avatar\/dfb45d32bc7097f8f06d6e4f6e6b387e7cb8fd5b3a2869265c40587ab62cab1e?s=96&d=mm&r=g\",\"caption\":\"etica\"},\"sameAs\":[\"https:\/\/eticacomunica.com.mx\"],\"url\":\"https:\/\/eticacomunica.com.mx\/?author=1\"}]}<\/script>\n<!-- \/ Yoast SEO plugin. -->","yoast_head_json":{"title":"La UAS premia la excelencia acad\u00e9mica en el 3er. Concurso de Tesis e Investigaciones en Estudios de G\u00e9nero; reconoce el talento y la valent\u00eda intelectual en pro de la igualdad - \u00c9tica Comunica","robots":{"index":"index","follow":"follow","max-snippet":"max-snippet:-1","max-image-preview":"max-image-preview:large","max-video-preview":"max-video-preview:-1"},"canonical":"https:\/\/eticacomunica.com.mx\/?p=31772","og_locale":"es_MX","og_type":"article","og_title":"La UAS premia la excelencia acad\u00e9mica en el 3er. Concurso de Tesis e Investigaciones en Estudios de G\u00e9nero; reconoce el talento y la valent\u00eda intelectual en pro de la igualdad - \u00c9tica Comunica","og_description":"El Centro de Pol\u00edticas de G\u00e9nero para la Igualdad entre Mujeres y Hombres (CPGIMH) de la Universidad Aut\u00f3noma de Sinaloa (UAS), en coordinaci\u00f3n con la Secretar\u00eda Acad\u00e9mica Universitaria (SAU), la&hellip;","og_url":"https:\/\/eticacomunica.com.mx\/?p=31772","og_site_name":"\u00c9tica Comunica","article_publisher":"https:\/\/www.facebook.com\/eticacomunica","article_published_time":"2026-03-12T00:34:43+00:00","author":"etica","twitter_card":"summary_large_image","twitter_misc":{"Escrito por":"etica","Tiempo de lectura":"4 minutos"},"schema":{"@context":"https:\/\/schema.org","@graph":[{"@type":"Article","@id":"https:\/\/eticacomunica.com.mx\/?p=31772#article","isPartOf":{"@id":"https:\/\/eticacomunica.com.mx\/?p=31772"},"author":{"name":"etica","@id":"https:\/\/eticacomunica.com.mx\/#\/schema\/person\/2cacc47bd17fe8ad92f08c0313d22fa6"},"headline":"La UAS premia la excelencia acad\u00e9mica en el 3er. Concurso de Tesis e Investigaciones en Estudios de G\u00e9nero; reconoce el talento y la valent\u00eda intelectual en pro de la igualdad","datePublished":"2026-03-12T00:34:43+00:00","mainEntityOfPage":{"@id":"https:\/\/eticacomunica.com.mx\/?p=31772"},"wordCount":808,"commentCount":0,"publisher":{"@id":"https:\/\/eticacomunica.com.mx\/#organization"},"image":{"@id":"https:\/\/eticacomunica.com.mx\/?p=31772#primaryimage"},"thumbnailUrl":"https:\/\/eticacomunica.com.mx\/wp-content\/uploads\/2026\/03\/IMG-20260311-WA0090.jpg","keywords":["UAS"],"articleSection":["Educaci\u00f3n"],"inLanguage":"es","potentialAction":[{"@type":"CommentAction","name":"Comment","target":["https:\/\/eticacomunica.com.mx\/?p=31772#respond"]}]},{"@type":"WebPage","@id":"https:\/\/eticacomunica.com.mx\/?p=31772","url":"https:\/\/eticacomunica.com.mx\/?p=31772","name":"La UAS premia la excelencia acad\u00e9mica en el 3er. Concurso de Tesis e Investigaciones en Estudios de G\u00e9nero; reconoce el talento y la valent\u00eda intelectual en pro de la igualdad - \u00c9tica Comunica","isPartOf":{"@id":"https:\/\/eticacomunica.com.mx\/#website"},"primaryImageOfPage":{"@id":"https:\/\/eticacomunica.com.mx\/?p=31772#primaryimage"},"image":{"@id":"https:\/\/eticacomunica.com.mx\/?p=31772#primaryimage"},"thumbnailUrl":"https:\/\/eticacomunica.com.mx\/wp-content\/uploads\/2026\/03\/IMG-20260311-WA0090.jpg","datePublished":"2026-03-12T00:34:43+00:00","breadcrumb":{"@id":"https:\/\/eticacomunica.com.mx\/?p=31772#breadcrumb"},"inLanguage":"es","potentialAction":[{"@type":"ReadAction","target":["https:\/\/eticacomunica.com.mx\/?p=31772"]}]},{"@type":"ImageObject","inLanguage":"es","@id":"https:\/\/eticacomunica.com.mx\/?p=31772#primaryimage","url":"https:\/\/eticacomunica.com.mx\/wp-content\/uploads\/2026\/03\/IMG-20260311-WA0090.jpg","contentUrl":"https:\/\/eticacomunica.com.mx\/wp-content\/uploads\/2026\/03\/IMG-20260311-WA0090.jpg","width":1500,"height":1125},{"@type":"BreadcrumbList","@id":"https:\/\/eticacomunica.com.mx\/?p=31772#breadcrumb","itemListElement":[{"@type":"ListItem","position":1,"name":"Inicio","item":"https:\/\/eticacomunica.com.mx\/"},{"@type":"ListItem","position":2,"name":"La UAS premia la excelencia acad\u00e9mica en el 3er. Concurso de Tesis e Investigaciones en Estudios de G\u00e9nero; reconoce el talento y la valent\u00eda intelectual en pro de la igualdad"}]},{"@type":"WebSite","@id":"https:\/\/eticacomunica.com.mx\/#website","url":"https:\/\/eticacomunica.com.mx\/","name":"\u00c9tica Comunica","description":"Diario Digital","publisher":{"@id":"https:\/\/eticacomunica.com.mx\/#organization"},"potentialAction":[{"@type":"SearchAction","target":{"@type":"EntryPoint","urlTemplate":"https:\/\/eticacomunica.com.mx\/?s={search_term_string}"},"query-input":{"@type":"PropertyValueSpecification","valueRequired":true,"valueName":"search_term_string"}}],"inLanguage":"es"},{"@type":"Organization","@id":"https:\/\/eticacomunica.com.mx\/#organization","name":"Diarios Digitales de Sinaloa","url":"https:\/\/eticacomunica.com.mx\/","logo":{"@type":"ImageObject","inLanguage":"es","@id":"https:\/\/eticacomunica.com.mx\/#\/schema\/logo\/image\/","url":"https:\/\/eticacomunica.com.mx\/wp-content\/uploads\/2023\/10\/etica-logo.png","contentUrl":"https:\/\/eticacomunica.com.mx\/wp-content\/uploads\/2023\/10\/etica-logo.png","width":1280,"height":432,"caption":"Diarios Digitales de Sinaloa"},"image":{"@id":"https:\/\/eticacomunica.com.mx\/#\/schema\/logo\/image\/"},"sameAs":["https:\/\/www.facebook.com\/eticacomunica"]},{"@type":"Person","@id":"https:\/\/eticacomunica.com.mx\/#\/schema\/person\/2cacc47bd17fe8ad92f08c0313d22fa6","name":"etica","image":{"@type":"ImageObject","inLanguage":"es","@id":"https:\/\/secure.gravatar.com\/avatar\/dfb45d32bc7097f8f06d6e4f6e6b387e7cb8fd5b3a2869265c40587ab62cab1e?s=96&d=mm&r=g","url":"https:\/\/secure.gravatar.com\/avatar\/dfb45d32bc7097f8f06d6e4f6e6b387e7cb8fd5b3a2869265c40587ab62cab1e?s=96&d=mm&r=g","contentUrl":"https:\/\/secure.gravatar.com\/avatar\/dfb45d32bc7097f8f06d6e4f6e6b387e7cb8fd5b3a2869265c40587ab62cab1e?s=96&d=mm&r=g","caption":"etica"},"sameAs":["https:\/\/eticacomunica.com.mx"],"url":"https:\/\/eticacomunica.com.mx\/?author=1"}]}},"jetpack_publicize_connections":[],"jetpack_featured_media_url":"https:\/\/eticacomunica.com.mx\/wp-content\/uploads\/2026\/03\/IMG-20260311-WA0090.jpg","jetpack_sharing_enabled":true,"_links":{"self":[{"href":"https:\/\/eticacomunica.com.mx\/index.php?rest_route=\/wp\/v2\/posts\/31772","targetHints":{"allow":["GET"]}}],"collection":[{"href":"https:\/\/eticacomunica.com.mx\/index.php?rest_route=\/wp\/v2\/posts"}],"about":[{"href":"https:\/\/eticacomunica.com.mx\/index.php?rest_route=\/wp\/v2\/types\/post"}],"author":[{"embeddable":true,"href":"https:\/\/eticacomunica.com.mx\/index.php?rest_route=\/wp\/v2\/users\/1"}],"replies":[{"embeddable":true,"href":"https:\/\/eticacomunica.com.mx\/index.php?rest_route=%2Fwp%2Fv2%2Fcomments&post=31772"}],"version-history":[{"count":0,"href":"https:\/\/eticacomunica.com.mx\/index.php?rest_route=\/wp\/v2\/posts\/31772\/revisions"}],"wp:featuredmedia":[{"embeddable":true,"href":"https:\/\/eticacomunica.com.mx\/index.php?rest_route=\/wp\/v2\/media\/31771"}],"wp:attachment":[{"href":"https:\/\/eticacomunica.com.mx\/index.php?rest_route=%2Fwp%2Fv2%2Fmedia&parent=31772"}],"wp:term":[{"taxonomy":"category","embeddable":true,"href":"https:\/\/eticacomunica.com.mx\/index.php?rest_route=%2Fwp%2Fv2%2Fcategories&post=31772"},{"taxonomy":"post_tag","embeddable":true,"href":"https:\/\/eticacomunica.com.mx\/index.php?rest_route=%2Fwp%2Fv2%2Ftags&post=31772"}],"curies":[{"name":"wp","href":"https:\/\/api.w.org\/{rel}","templated":true}]}}