{"id":31774,"date":"2026-03-11T17:43:21","date_gmt":"2026-03-12T00:43:21","guid":{"rendered":"https:\/\/eticacomunica.com.mx\/?p=31774"},"modified":"2026-03-11T17:43:21","modified_gmt":"2026-03-12T00:43:21","slug":"la-camerata-mazatlan-lista-para-el-estreno-de-un-baile-de-mascaras-en-el-teatro-angela-peralta","status":"publish","type":"post","link":"https:\/\/eticacomunica.com.mx\/?p=31774","title":{"rendered":"La Camerata Mazatl\u00e1n lista para el estreno de \u201cUn baile de m\u00e1scaras\u201d en el Teatro \u00c1ngela Peralta"},"content":{"rendered":"\n<p>Mazatl\u00e1n, Sinaloa, 11 de marzo de 2026.- Bajo la direcci\u00f3n magistral del Mtro. Sergio Freeman, la Camerata Mazatl\u00e1n afina los \u00faltimos detalles para presentar la \u00f3pera \u201cUn baile de m\u00e1scaras\u201d (Un ballo in maschera), una de las obras m\u00e1s intensas y emocionantes de Giuseppe Verdi. La cita ser\u00e1 este viernes 13 y s\u00e1bado 14 de marzo a las 19:00 horas en el Teatro \u00c1ngela Peralta.<br><br>Para Sergio Freeman, director de la agrupaci\u00f3n, este montaje representa un desaf\u00edo art\u00edstico de primer nivel, no solo por la complejidad t\u00e9cnica de la partitura de Verdi, sino por su relevancia hist\u00f3rica:<br><br> Es una obra compuesta por Verdi en una etapa de plena madurez musical, llena de contrastes emocionales. Adem\u00e1s, tiene una importancia especial porque han pasado aproximadamente 30 a\u00f1os desde la \u00faltima vez que esta obra se present\u00f3 en M\u00e9xico, destac\u00f3 el director.<br><br>Uno de los pilares de esta producci\u00f3n es el uso de talento local de alto rendimiento. La mayor\u00eda de los artistas involucrados son egresados o estudiantes destacados del Centro Municipal de las Artes (CMA). Entre los solistas que subir\u00e1n a escena se encuentran: Patricia P\u00e9rez,&nbsp; Jorge Palacios, Eduardo Tapia,&nbsp; Jos\u00e9 Miguel Valenzuela y&nbsp; Noel Osuna. Tambi\u00e9n participan Pablo Aranday, Arisb\u00e9 de la Barrera y Ana Laura Rojas y Octavio Rivas.<br><br>La puesta en escena contar\u00e1 adem\u00e1s con la direcci\u00f3n esc\u00e9nica de Rodrigo Caravantes y la participaci\u00f3n del Coro \u00c1ngela Peralta, dirigido por la maestra Mar\u00eda Murillo.<br><br>Una trama de censura y pasi\u00f3n<br><br>Basada en el regicidio real del rey Gustavo III de Suecia, la obra es un thriller de amores prohibidos y conspiraciones pol\u00edticas. Debido a la censura de 1859, Verdi se vio obligado a trasladar la ambientaci\u00f3n de la historia a Boston, Estados Unidos, para poder estrenarla.<br><br>&#8220;Es una \u00f3pera muy actual; en esta obra Verdi presenta tramas muy intensas, amores prohibidos, conspiraciones, que siguen sucediendo, es una \u00f3pera muy actual, muy interesante, muy bien lograda, no hay momentos de vac\u00edo, siempre est\u00e1 pasando algo, invito al p\u00fablico a ver esta puesta en escena que es muy interesante\u201d, expres\u00f3 el maestro Sergio Freeman.<br><br>Es una producci\u00f3n en colaboraci\u00f3n entre Armas Interdisciplina, Escena 77 Producciones y el Instituto Municipal de Cultura, Turismo y Arte de Mazatl\u00e1n,&nbsp; con el est\u00edmulo fiscal del Art\u00edculo 190 de la Ley del Impuesto sobre la Renta (EFIARTES).<br><br>Boletos: $500.00, $450.00, $380.00 y $280.00 disponibles en la taquilla del Teatro \u00c1ngela Peralta, abierta de lunes a viernes de 9:00 am a 2:00 pm y de 4:00 pm a 7:00 pm; s\u00e1bado de 9:00 am a 1:00 pm.<\/p>\n","protected":false},"excerpt":{"rendered":"<p>Mazatl\u00e1n, Sinaloa, 11 de marzo de 2026.- Bajo la direcci\u00f3n magistral del Mtro. Sergio Freeman, la Camerata Mazatl\u00e1n afina los \u00faltimos detalles para presentar la \u00f3pera \u201cUn baile de m\u00e1scaras\u201d&hellip;<\/p>\n","protected":false},"author":1,"featured_media":31773,"comment_status":"open","ping_status":"open","sticky":false,"template":"","format":"standard","meta":{"_jetpack_memberships_contains_paid_content":false,"footnotes":"","jetpack_publicize_message":"","jetpack_publicize_feature_enabled":true,"jetpack_social_post_already_shared":true,"jetpack_social_options":{"image_generator_settings":{"template":"highway","default_image_id":0,"font":"","enabled":false},"version":2}},"categories":[22],"tags":[],"class_list":["post-31774","post","type-post","status-publish","format-standard","has-post-thumbnail","hentry","category-cultura"],"yoast_head":"<!-- This site is optimized with the Yoast SEO plugin v27.2 - https:\/\/yoast.com\/product\/yoast-seo-wordpress\/ -->\n<title>La Camerata Mazatl\u00e1n lista para el estreno de \u201cUn baile de m\u00e1scaras\u201d en el Teatro \u00c1ngela Peralta - \u00c9tica Comunica<\/title>\n<meta name=\"robots\" content=\"index, follow, max-snippet:-1, max-image-preview:large, max-video-preview:-1\" \/>\n<link rel=\"canonical\" href=\"https:\/\/eticacomunica.com.mx\/?p=31774\" \/>\n<meta property=\"og:locale\" content=\"es_MX\" \/>\n<meta property=\"og:type\" content=\"article\" \/>\n<meta property=\"og:title\" content=\"La Camerata Mazatl\u00e1n lista para el estreno de \u201cUn baile de m\u00e1scaras\u201d en el Teatro \u00c1ngela Peralta - \u00c9tica Comunica\" \/>\n<meta property=\"og:description\" content=\"Mazatl\u00e1n, Sinaloa, 11 de marzo de 2026.- Bajo la direcci\u00f3n magistral del Mtro. Sergio Freeman, la Camerata Mazatl\u00e1n afina los \u00faltimos detalles para presentar la \u00f3pera \u201cUn baile de m\u00e1scaras\u201d&hellip;\" \/>\n<meta property=\"og:url\" content=\"https:\/\/eticacomunica.com.mx\/?p=31774\" \/>\n<meta property=\"og:site_name\" content=\"\u00c9tica Comunica\" \/>\n<meta property=\"article:publisher\" content=\"https:\/\/www.facebook.com\/eticacomunica\" \/>\n<meta property=\"article:published_time\" content=\"2026-03-12T00:43:21+00:00\" \/>\n<meta name=\"author\" content=\"etica\" \/>\n<meta name=\"twitter:card\" content=\"summary_large_image\" \/>\n<meta name=\"twitter:label1\" content=\"Escrito por\" \/>\n\t<meta name=\"twitter:data1\" content=\"etica\" \/>\n\t<meta name=\"twitter:label2\" content=\"Tiempo de lectura\" \/>\n\t<meta name=\"twitter:data2\" content=\"2 minutos\" \/>\n<script type=\"application\/ld+json\" class=\"yoast-schema-graph\">{\"@context\":\"https:\/\/schema.org\",\"@graph\":[{\"@type\":\"Article\",\"@id\":\"https:\/\/eticacomunica.com.mx\/?p=31774#article\",\"isPartOf\":{\"@id\":\"https:\/\/eticacomunica.com.mx\/?p=31774\"},\"author\":{\"name\":\"etica\",\"@id\":\"https:\/\/eticacomunica.com.mx\/#\/schema\/person\/2cacc47bd17fe8ad92f08c0313d22fa6\"},\"headline\":\"La Camerata Mazatl\u00e1n lista para el estreno de \u201cUn baile de m\u00e1scaras\u201d en el Teatro \u00c1ngela Peralta\",\"datePublished\":\"2026-03-12T00:43:21+00:00\",\"mainEntityOfPage\":{\"@id\":\"https:\/\/eticacomunica.com.mx\/?p=31774\"},\"wordCount\":460,\"commentCount\":0,\"publisher\":{\"@id\":\"https:\/\/eticacomunica.com.mx\/#organization\"},\"image\":{\"@id\":\"https:\/\/eticacomunica.com.mx\/?p=31774#primaryimage\"},\"thumbnailUrl\":\"https:\/\/eticacomunica.com.mx\/wp-content\/uploads\/2026\/03\/IMG-20260311-WA0061.jpg\",\"articleSection\":[\"Cultura\"],\"inLanguage\":\"es\",\"potentialAction\":[{\"@type\":\"CommentAction\",\"name\":\"Comment\",\"target\":[\"https:\/\/eticacomunica.com.mx\/?p=31774#respond\"]}]},{\"@type\":\"WebPage\",\"@id\":\"https:\/\/eticacomunica.com.mx\/?p=31774\",\"url\":\"https:\/\/eticacomunica.com.mx\/?p=31774\",\"name\":\"La Camerata Mazatl\u00e1n lista para el estreno de \u201cUn baile de m\u00e1scaras\u201d en el Teatro \u00c1ngela Peralta - \u00c9tica Comunica\",\"isPartOf\":{\"@id\":\"https:\/\/eticacomunica.com.mx\/#website\"},\"primaryImageOfPage\":{\"@id\":\"https:\/\/eticacomunica.com.mx\/?p=31774#primaryimage\"},\"image\":{\"@id\":\"https:\/\/eticacomunica.com.mx\/?p=31774#primaryimage\"},\"thumbnailUrl\":\"https:\/\/eticacomunica.com.mx\/wp-content\/uploads\/2026\/03\/IMG-20260311-WA0061.jpg\",\"datePublished\":\"2026-03-12T00:43:21+00:00\",\"breadcrumb\":{\"@id\":\"https:\/\/eticacomunica.com.mx\/?p=31774#breadcrumb\"},\"inLanguage\":\"es\",\"potentialAction\":[{\"@type\":\"ReadAction\",\"target\":[\"https:\/\/eticacomunica.com.mx\/?p=31774\"]}]},{\"@type\":\"ImageObject\",\"inLanguage\":\"es\",\"@id\":\"https:\/\/eticacomunica.com.mx\/?p=31774#primaryimage\",\"url\":\"https:\/\/eticacomunica.com.mx\/wp-content\/uploads\/2026\/03\/IMG-20260311-WA0061.jpg\",\"contentUrl\":\"https:\/\/eticacomunica.com.mx\/wp-content\/uploads\/2026\/03\/IMG-20260311-WA0061.jpg\",\"width\":1599,\"height\":1066},{\"@type\":\"BreadcrumbList\",\"@id\":\"https:\/\/eticacomunica.com.mx\/?p=31774#breadcrumb\",\"itemListElement\":[{\"@type\":\"ListItem\",\"position\":1,\"name\":\"Inicio\",\"item\":\"https:\/\/eticacomunica.com.mx\/\"},{\"@type\":\"ListItem\",\"position\":2,\"name\":\"La Camerata Mazatl\u00e1n lista para el estreno de \u201cUn baile de m\u00e1scaras\u201d en el Teatro \u00c1ngela Peralta\"}]},{\"@type\":\"WebSite\",\"@id\":\"https:\/\/eticacomunica.com.mx\/#website\",\"url\":\"https:\/\/eticacomunica.com.mx\/\",\"name\":\"\u00c9tica Comunica\",\"description\":\"Diario Digital\",\"publisher\":{\"@id\":\"https:\/\/eticacomunica.com.mx\/#organization\"},\"potentialAction\":[{\"@type\":\"SearchAction\",\"target\":{\"@type\":\"EntryPoint\",\"urlTemplate\":\"https:\/\/eticacomunica.com.mx\/?s={search_term_string}\"},\"query-input\":{\"@type\":\"PropertyValueSpecification\",\"valueRequired\":true,\"valueName\":\"search_term_string\"}}],\"inLanguage\":\"es\"},{\"@type\":\"Organization\",\"@id\":\"https:\/\/eticacomunica.com.mx\/#organization\",\"name\":\"Diarios Digitales de Sinaloa\",\"url\":\"https:\/\/eticacomunica.com.mx\/\",\"logo\":{\"@type\":\"ImageObject\",\"inLanguage\":\"es\",\"@id\":\"https:\/\/eticacomunica.com.mx\/#\/schema\/logo\/image\/\",\"url\":\"https:\/\/eticacomunica.com.mx\/wp-content\/uploads\/2023\/10\/etica-logo.png\",\"contentUrl\":\"https:\/\/eticacomunica.com.mx\/wp-content\/uploads\/2023\/10\/etica-logo.png\",\"width\":1280,\"height\":432,\"caption\":\"Diarios Digitales de Sinaloa\"},\"image\":{\"@id\":\"https:\/\/eticacomunica.com.mx\/#\/schema\/logo\/image\/\"},\"sameAs\":[\"https:\/\/www.facebook.com\/eticacomunica\"]},{\"@type\":\"Person\",\"@id\":\"https:\/\/eticacomunica.com.mx\/#\/schema\/person\/2cacc47bd17fe8ad92f08c0313d22fa6\",\"name\":\"etica\",\"image\":{\"@type\":\"ImageObject\",\"inLanguage\":\"es\",\"@id\":\"https:\/\/secure.gravatar.com\/avatar\/dfb45d32bc7097f8f06d6e4f6e6b387e7cb8fd5b3a2869265c40587ab62cab1e?s=96&d=mm&r=g\",\"url\":\"https:\/\/secure.gravatar.com\/avatar\/dfb45d32bc7097f8f06d6e4f6e6b387e7cb8fd5b3a2869265c40587ab62cab1e?s=96&d=mm&r=g\",\"contentUrl\":\"https:\/\/secure.gravatar.com\/avatar\/dfb45d32bc7097f8f06d6e4f6e6b387e7cb8fd5b3a2869265c40587ab62cab1e?s=96&d=mm&r=g\",\"caption\":\"etica\"},\"sameAs\":[\"https:\/\/eticacomunica.com.mx\"],\"url\":\"https:\/\/eticacomunica.com.mx\/?author=1\"}]}<\/script>\n<!-- \/ Yoast SEO plugin. -->","yoast_head_json":{"title":"La Camerata Mazatl\u00e1n lista para el estreno de \u201cUn baile de m\u00e1scaras\u201d en el Teatro \u00c1ngela Peralta - \u00c9tica Comunica","robots":{"index":"index","follow":"follow","max-snippet":"max-snippet:-1","max-image-preview":"max-image-preview:large","max-video-preview":"max-video-preview:-1"},"canonical":"https:\/\/eticacomunica.com.mx\/?p=31774","og_locale":"es_MX","og_type":"article","og_title":"La Camerata Mazatl\u00e1n lista para el estreno de \u201cUn baile de m\u00e1scaras\u201d en el Teatro \u00c1ngela Peralta - \u00c9tica Comunica","og_description":"Mazatl\u00e1n, Sinaloa, 11 de marzo de 2026.- Bajo la direcci\u00f3n magistral del Mtro. Sergio Freeman, la Camerata Mazatl\u00e1n afina los \u00faltimos detalles para presentar la \u00f3pera \u201cUn baile de m\u00e1scaras\u201d&hellip;","og_url":"https:\/\/eticacomunica.com.mx\/?p=31774","og_site_name":"\u00c9tica Comunica","article_publisher":"https:\/\/www.facebook.com\/eticacomunica","article_published_time":"2026-03-12T00:43:21+00:00","author":"etica","twitter_card":"summary_large_image","twitter_misc":{"Escrito por":"etica","Tiempo de lectura":"2 minutos"},"schema":{"@context":"https:\/\/schema.org","@graph":[{"@type":"Article","@id":"https:\/\/eticacomunica.com.mx\/?p=31774#article","isPartOf":{"@id":"https:\/\/eticacomunica.com.mx\/?p=31774"},"author":{"name":"etica","@id":"https:\/\/eticacomunica.com.mx\/#\/schema\/person\/2cacc47bd17fe8ad92f08c0313d22fa6"},"headline":"La Camerata Mazatl\u00e1n lista para el estreno de \u201cUn baile de m\u00e1scaras\u201d en el Teatro \u00c1ngela Peralta","datePublished":"2026-03-12T00:43:21+00:00","mainEntityOfPage":{"@id":"https:\/\/eticacomunica.com.mx\/?p=31774"},"wordCount":460,"commentCount":0,"publisher":{"@id":"https:\/\/eticacomunica.com.mx\/#organization"},"image":{"@id":"https:\/\/eticacomunica.com.mx\/?p=31774#primaryimage"},"thumbnailUrl":"https:\/\/eticacomunica.com.mx\/wp-content\/uploads\/2026\/03\/IMG-20260311-WA0061.jpg","articleSection":["Cultura"],"inLanguage":"es","potentialAction":[{"@type":"CommentAction","name":"Comment","target":["https:\/\/eticacomunica.com.mx\/?p=31774#respond"]}]},{"@type":"WebPage","@id":"https:\/\/eticacomunica.com.mx\/?p=31774","url":"https:\/\/eticacomunica.com.mx\/?p=31774","name":"La Camerata Mazatl\u00e1n lista para el estreno de \u201cUn baile de m\u00e1scaras\u201d en el Teatro \u00c1ngela Peralta - \u00c9tica Comunica","isPartOf":{"@id":"https:\/\/eticacomunica.com.mx\/#website"},"primaryImageOfPage":{"@id":"https:\/\/eticacomunica.com.mx\/?p=31774#primaryimage"},"image":{"@id":"https:\/\/eticacomunica.com.mx\/?p=31774#primaryimage"},"thumbnailUrl":"https:\/\/eticacomunica.com.mx\/wp-content\/uploads\/2026\/03\/IMG-20260311-WA0061.jpg","datePublished":"2026-03-12T00:43:21+00:00","breadcrumb":{"@id":"https:\/\/eticacomunica.com.mx\/?p=31774#breadcrumb"},"inLanguage":"es","potentialAction":[{"@type":"ReadAction","target":["https:\/\/eticacomunica.com.mx\/?p=31774"]}]},{"@type":"ImageObject","inLanguage":"es","@id":"https:\/\/eticacomunica.com.mx\/?p=31774#primaryimage","url":"https:\/\/eticacomunica.com.mx\/wp-content\/uploads\/2026\/03\/IMG-20260311-WA0061.jpg","contentUrl":"https:\/\/eticacomunica.com.mx\/wp-content\/uploads\/2026\/03\/IMG-20260311-WA0061.jpg","width":1599,"height":1066},{"@type":"BreadcrumbList","@id":"https:\/\/eticacomunica.com.mx\/?p=31774#breadcrumb","itemListElement":[{"@type":"ListItem","position":1,"name":"Inicio","item":"https:\/\/eticacomunica.com.mx\/"},{"@type":"ListItem","position":2,"name":"La Camerata Mazatl\u00e1n lista para el estreno de \u201cUn baile de m\u00e1scaras\u201d en el Teatro \u00c1ngela Peralta"}]},{"@type":"WebSite","@id":"https:\/\/eticacomunica.com.mx\/#website","url":"https:\/\/eticacomunica.com.mx\/","name":"\u00c9tica Comunica","description":"Diario Digital","publisher":{"@id":"https:\/\/eticacomunica.com.mx\/#organization"},"potentialAction":[{"@type":"SearchAction","target":{"@type":"EntryPoint","urlTemplate":"https:\/\/eticacomunica.com.mx\/?s={search_term_string}"},"query-input":{"@type":"PropertyValueSpecification","valueRequired":true,"valueName":"search_term_string"}}],"inLanguage":"es"},{"@type":"Organization","@id":"https:\/\/eticacomunica.com.mx\/#organization","name":"Diarios Digitales de Sinaloa","url":"https:\/\/eticacomunica.com.mx\/","logo":{"@type":"ImageObject","inLanguage":"es","@id":"https:\/\/eticacomunica.com.mx\/#\/schema\/logo\/image\/","url":"https:\/\/eticacomunica.com.mx\/wp-content\/uploads\/2023\/10\/etica-logo.png","contentUrl":"https:\/\/eticacomunica.com.mx\/wp-content\/uploads\/2023\/10\/etica-logo.png","width":1280,"height":432,"caption":"Diarios Digitales de Sinaloa"},"image":{"@id":"https:\/\/eticacomunica.com.mx\/#\/schema\/logo\/image\/"},"sameAs":["https:\/\/www.facebook.com\/eticacomunica"]},{"@type":"Person","@id":"https:\/\/eticacomunica.com.mx\/#\/schema\/person\/2cacc47bd17fe8ad92f08c0313d22fa6","name":"etica","image":{"@type":"ImageObject","inLanguage":"es","@id":"https:\/\/secure.gravatar.com\/avatar\/dfb45d32bc7097f8f06d6e4f6e6b387e7cb8fd5b3a2869265c40587ab62cab1e?s=96&d=mm&r=g","url":"https:\/\/secure.gravatar.com\/avatar\/dfb45d32bc7097f8f06d6e4f6e6b387e7cb8fd5b3a2869265c40587ab62cab1e?s=96&d=mm&r=g","contentUrl":"https:\/\/secure.gravatar.com\/avatar\/dfb45d32bc7097f8f06d6e4f6e6b387e7cb8fd5b3a2869265c40587ab62cab1e?s=96&d=mm&r=g","caption":"etica"},"sameAs":["https:\/\/eticacomunica.com.mx"],"url":"https:\/\/eticacomunica.com.mx\/?author=1"}]}},"jetpack_publicize_connections":[],"jetpack_featured_media_url":"https:\/\/eticacomunica.com.mx\/wp-content\/uploads\/2026\/03\/IMG-20260311-WA0061.jpg","jetpack_sharing_enabled":true,"_links":{"self":[{"href":"https:\/\/eticacomunica.com.mx\/index.php?rest_route=\/wp\/v2\/posts\/31774","targetHints":{"allow":["GET"]}}],"collection":[{"href":"https:\/\/eticacomunica.com.mx\/index.php?rest_route=\/wp\/v2\/posts"}],"about":[{"href":"https:\/\/eticacomunica.com.mx\/index.php?rest_route=\/wp\/v2\/types\/post"}],"author":[{"embeddable":true,"href":"https:\/\/eticacomunica.com.mx\/index.php?rest_route=\/wp\/v2\/users\/1"}],"replies":[{"embeddable":true,"href":"https:\/\/eticacomunica.com.mx\/index.php?rest_route=%2Fwp%2Fv2%2Fcomments&post=31774"}],"version-history":[{"count":0,"href":"https:\/\/eticacomunica.com.mx\/index.php?rest_route=\/wp\/v2\/posts\/31774\/revisions"}],"wp:featuredmedia":[{"embeddable":true,"href":"https:\/\/eticacomunica.com.mx\/index.php?rest_route=\/wp\/v2\/media\/31773"}],"wp:attachment":[{"href":"https:\/\/eticacomunica.com.mx\/index.php?rest_route=%2Fwp%2Fv2%2Fmedia&parent=31774"}],"wp:term":[{"taxonomy":"category","embeddable":true,"href":"https:\/\/eticacomunica.com.mx\/index.php?rest_route=%2Fwp%2Fv2%2Fcategories&post=31774"},{"taxonomy":"post_tag","embeddable":true,"href":"https:\/\/eticacomunica.com.mx\/index.php?rest_route=%2Fwp%2Fv2%2Ftags&post=31774"}],"curies":[{"name":"wp","href":"https:\/\/api.w.org\/{rel}","templated":true}]}}