{"id":31776,"date":"2026-03-11T18:34:20","date_gmt":"2026-03-12T01:34:20","guid":{"rendered":"https:\/\/eticacomunica.com.mx\/?p=31776"},"modified":"2026-03-11T18:34:20","modified_gmt":"2026-03-12T01:34:20","slug":"el-sector-inmobiliario-en-sinaloa-genera-dinamismo-y-desarrollo-reconoce-feliciano-castro-en-inauguracion-del-5to-foro-inmobiliario-ampi-mazatlan","status":"publish","type":"post","link":"https:\/\/eticacomunica.com.mx\/?p=31776","title":{"rendered":"El sector inmobiliario en Sinaloa genera dinamismo y desarrollo, reconoce Feliciano Castro en inauguraci\u00f3n del \u201c5to Foro Inmobiliario AMPI Mazatl\u00e1n\u201d"},"content":{"rendered":"\n<p>En representaci\u00f3n del Gobernador Rub\u00e9n Rocha Moya, el Secretario de Econom\u00eda, Feliciano Castro Mel\u00e9ndrez, se\u00f1al\u00f3 que el desarrollo inmobiliario genera y fortalece el patrimonio familiar, lo que contribuye a la certeza jur\u00eddica.<br><br>Mazatl\u00e1n, Sinaloa, 11 de marzo de 2026.- Al inaugurar, en representaci\u00f3n del Gobernador Rub\u00e9n Rocha Moya, el \u201c5to Foro Inmobiliario AMPI Mazatl\u00e1n\u201d, el Secretario de Econom\u00eda, Feliciano Castro Mel\u00e9ndrez, dijo que el desarrollo inmobiliario que se vive en buena parte del sur del estado coloca a Sinaloa en un dinamismo econ\u00f3mico importante.<br><br>\u201cHablar del desarrollo inmobiliario es poner en el centro el dinamismo de la econom\u00eda. Decirles que la inversi\u00f3n privada en Sinaloa en los \u00faltimos cuatro a\u00f1os del gobierno de Rub\u00e9n Rocha Moya suma ya 128 mil mdp, concentrados en un 80 % entre Culiac\u00e1n y Mazatl\u00e1n\u201d, refiri\u00f3.<br><br>Comparti\u00f3 que la construcci\u00f3n tiene una presencia significativa en el Producto Interno Bruto, ya que alcanza alrededor del 43 % de la inversi\u00f3n realizada en Sinaloa, \u201cen buena medida de desarrollo inmobiliario, y esta actividad genera alrededor del 10 % del PIB de Sinaloa\u201d, expres\u00f3.<br><br>Ante un p\u00fablico que llen\u00f3 uno de los auditorios del Centro de Convenciones para la inauguraci\u00f3n del \u201c5to Foro Inmobiliario AMPI Mazatl\u00e1n\u201d, Castro Mel\u00e9ndrez resalt\u00f3 que m\u00e1s all\u00e1 del desarrollo inmobiliario se encuentra el patrimonio familiar. Asimismo, reconoci\u00f3 la labor profesional de los desarrolladores inmobiliarios en apego a la ley, lo cual contribuye a la certeza jur\u00eddica en el patrimonio familiar.<br><br>Tambi\u00e9n se\u00f1al\u00f3 que hablar de desarrollo es referirse a inversiones y que en Sinaloa se tienen dos polos de desarrollo importantes: el de la zona norte con Topolobampo, que implica una inversi\u00f3n de alrededor de 12 mil millones de d\u00f3lares con proyectos, muchos de ellos en operaci\u00f3n.<br><br>\u201cPor ejemplo, el grupo GPO, cuya inversi\u00f3n girar\u00e1 alrededor de 6,300 mdd; su planta ya tiene un avance del 80 %. Asimismo, Mexinol iniciar\u00e1 la construcci\u00f3n de su planta a finales de abril con una inversi\u00f3n de 3,300 mdd. Todo esto propicia desarrollo, genera inversi\u00f3n y convoca al desarrollo inmobiliario\u201d, sostuvo.<br><br>Asimismo, resalt\u00f3 el otro gran polo que tiene que ver con la inversi\u00f3n y el desarrollo tur\u00edstico e inmobiliario en Mazatl\u00e1n, con siete hoteles importantes en construcci\u00f3n y otros siete m\u00e1s en proceso de formalizarse.<br><br>Sobre la miner\u00eda, mencion\u00f3 que hay 35 proyectos, varios en exploraci\u00f3n y explotaci\u00f3n, \u201cde tal manera que la convergencia de la inversi\u00f3n privada, la inversi\u00f3n extranjera directa y la inversi\u00f3n p\u00fablica propiciar\u00e1n las condiciones para que Sinaloa alcance niveles de desarrollo que ofrecer\u00e1n otra din\u00e1mica y mayor bienestar para la comunidad\u201d.<br><br>En este \u201c5to Foro Inmobiliario AMPI Mazatl\u00e1n\u201d, el presidente de este organismo en el puerto, Luciano Carrasco Altamirano, dijo que este encuentro de profesionales inmobiliarios reafirma el compromiso de que Mazatl\u00e1n est\u00e1 viviendo uno de sus momentos m\u00e1s importantes en su desarrollo, en inversi\u00f3n y en polos como el industrial y el tur\u00edstico.<br><br>\u201cEl sector inmobiliario es fundamental para el desarrollo y los invito a caminar unidos, porque la fortaleza de la profesionalizaci\u00f3n y el actuar con transparencia y confianza trae frutos de nuevas inversiones\u201d, subray\u00f3.<br><br>Dijo que el \u201c5to Foro Inmobiliario AMPI Mazatl\u00e1n\u201d es un espacio en donde se dialoga y se comparten conocimientos; adem\u00e1s, se analizan tendencias y se construye una visi\u00f3n clara frente al futuro inmobiliario del puerto.<br><br>En este evento participaron tambi\u00e9n Ali Ren\u00e9 Zamudio Garza, Secretario de Desarrollo Econ\u00f3mico, Turismo y Pesca de Mazatl\u00e1n; Alejandro Higuera Osuna, Subsecretario de Industria de Reuniones de la Secretar\u00eda de Turismo; Rosa Guadalupe de Jes\u00fas Armenta, Directora de Atenci\u00f3n a la Membres\u00eda y Expansi\u00f3n en representaci\u00f3n de AMPI Nacional; el diputado C\u00e9sar Ismael Guerrero Alarc\u00f3n; y el capit\u00e1n de corbeta Javier Mauro Valencia, en representaci\u00f3n de la Cuarta Regi\u00f3n Naval.<\/p>\n","protected":false},"excerpt":{"rendered":"<p>En representaci\u00f3n del Gobernador Rub\u00e9n Rocha Moya, el Secretario de Econom\u00eda, Feliciano Castro Mel\u00e9ndrez, se\u00f1al\u00f3 que el desarrollo inmobiliario genera y fortalece el patrimonio familiar, lo que contribuye a la&hellip;<\/p>\n","protected":false},"author":1,"featured_media":31775,"comment_status":"open","ping_status":"open","sticky":false,"template":"","format":"standard","meta":{"_jetpack_memberships_contains_paid_content":false,"footnotes":"","jetpack_publicize_message":"","jetpack_publicize_feature_enabled":true,"jetpack_social_post_already_shared":true,"jetpack_social_options":{"image_generator_settings":{"template":"highway","default_image_id":0,"font":"","enabled":false},"version":2}},"categories":[24],"tags":[34],"class_list":["post-31776","post","type-post","status-publish","format-standard","has-post-thumbnail","hentry","category-estados","tag-gobierno-del-estado-de-sinaloa"],"yoast_head":"<!-- This site is optimized with the Yoast SEO plugin v27.2 - https:\/\/yoast.com\/product\/yoast-seo-wordpress\/ -->\n<title>El sector inmobiliario en Sinaloa genera dinamismo y desarrollo, reconoce Feliciano Castro en inauguraci\u00f3n del \u201c5to Foro Inmobiliario AMPI Mazatl\u00e1n\u201d - \u00c9tica Comunica<\/title>\n<meta name=\"robots\" content=\"index, follow, max-snippet:-1, max-image-preview:large, max-video-preview:-1\" \/>\n<link rel=\"canonical\" href=\"https:\/\/eticacomunica.com.mx\/?p=31776\" \/>\n<meta property=\"og:locale\" content=\"es_MX\" \/>\n<meta property=\"og:type\" content=\"article\" \/>\n<meta property=\"og:title\" content=\"El sector inmobiliario en Sinaloa genera dinamismo y desarrollo, reconoce Feliciano Castro en inauguraci\u00f3n del \u201c5to Foro Inmobiliario AMPI Mazatl\u00e1n\u201d - \u00c9tica Comunica\" \/>\n<meta property=\"og:description\" content=\"En representaci\u00f3n del Gobernador Rub\u00e9n Rocha Moya, el Secretario de Econom\u00eda, Feliciano Castro Mel\u00e9ndrez, se\u00f1al\u00f3 que el desarrollo inmobiliario genera y fortalece el patrimonio familiar, lo que contribuye a la&hellip;\" \/>\n<meta property=\"og:url\" content=\"https:\/\/eticacomunica.com.mx\/?p=31776\" \/>\n<meta property=\"og:site_name\" content=\"\u00c9tica Comunica\" \/>\n<meta property=\"article:publisher\" content=\"https:\/\/www.facebook.com\/eticacomunica\" \/>\n<meta property=\"article:published_time\" content=\"2026-03-12T01:34:20+00:00\" \/>\n<meta name=\"author\" content=\"etica\" \/>\n<meta name=\"twitter:card\" content=\"summary_large_image\" \/>\n<meta name=\"twitter:label1\" content=\"Escrito por\" \/>\n\t<meta name=\"twitter:data1\" content=\"etica\" \/>\n\t<meta name=\"twitter:label2\" content=\"Tiempo de lectura\" \/>\n\t<meta name=\"twitter:data2\" content=\"3 minutos\" \/>\n<script type=\"application\/ld+json\" class=\"yoast-schema-graph\">{\"@context\":\"https:\/\/schema.org\",\"@graph\":[{\"@type\":\"Article\",\"@id\":\"https:\/\/eticacomunica.com.mx\/?p=31776#article\",\"isPartOf\":{\"@id\":\"https:\/\/eticacomunica.com.mx\/?p=31776\"},\"author\":{\"name\":\"etica\",\"@id\":\"https:\/\/eticacomunica.com.mx\/#\/schema\/person\/2cacc47bd17fe8ad92f08c0313d22fa6\"},\"headline\":\"El sector inmobiliario en Sinaloa genera dinamismo y desarrollo, reconoce Feliciano Castro en inauguraci\u00f3n del \u201c5to Foro Inmobiliario AMPI Mazatl\u00e1n\u201d\",\"datePublished\":\"2026-03-12T01:34:20+00:00\",\"mainEntityOfPage\":{\"@id\":\"https:\/\/eticacomunica.com.mx\/?p=31776\"},\"wordCount\":694,\"commentCount\":0,\"publisher\":{\"@id\":\"https:\/\/eticacomunica.com.mx\/#organization\"},\"image\":{\"@id\":\"https:\/\/eticacomunica.com.mx\/?p=31776#primaryimage\"},\"thumbnailUrl\":\"https:\/\/eticacomunica.com.mx\/wp-content\/uploads\/2026\/03\/IMG-20260311-WA0087.jpg\",\"keywords\":[\"Gobierno del Estado de Sinaloa\"],\"articleSection\":[\"Estados\"],\"inLanguage\":\"es\",\"potentialAction\":[{\"@type\":\"CommentAction\",\"name\":\"Comment\",\"target\":[\"https:\/\/eticacomunica.com.mx\/?p=31776#respond\"]}]},{\"@type\":\"WebPage\",\"@id\":\"https:\/\/eticacomunica.com.mx\/?p=31776\",\"url\":\"https:\/\/eticacomunica.com.mx\/?p=31776\",\"name\":\"El sector inmobiliario en Sinaloa genera dinamismo y desarrollo, reconoce Feliciano Castro en inauguraci\u00f3n del \u201c5to Foro Inmobiliario AMPI Mazatl\u00e1n\u201d - \u00c9tica Comunica\",\"isPartOf\":{\"@id\":\"https:\/\/eticacomunica.com.mx\/#website\"},\"primaryImageOfPage\":{\"@id\":\"https:\/\/eticacomunica.com.mx\/?p=31776#primaryimage\"},\"image\":{\"@id\":\"https:\/\/eticacomunica.com.mx\/?p=31776#primaryimage\"},\"thumbnailUrl\":\"https:\/\/eticacomunica.com.mx\/wp-content\/uploads\/2026\/03\/IMG-20260311-WA0087.jpg\",\"datePublished\":\"2026-03-12T01:34:20+00:00\",\"breadcrumb\":{\"@id\":\"https:\/\/eticacomunica.com.mx\/?p=31776#breadcrumb\"},\"inLanguage\":\"es\",\"potentialAction\":[{\"@type\":\"ReadAction\",\"target\":[\"https:\/\/eticacomunica.com.mx\/?p=31776\"]}]},{\"@type\":\"ImageObject\",\"inLanguage\":\"es\",\"@id\":\"https:\/\/eticacomunica.com.mx\/?p=31776#primaryimage\",\"url\":\"https:\/\/eticacomunica.com.mx\/wp-content\/uploads\/2026\/03\/IMG-20260311-WA0087.jpg\",\"contentUrl\":\"https:\/\/eticacomunica.com.mx\/wp-content\/uploads\/2026\/03\/IMG-20260311-WA0087.jpg\",\"width\":1600,\"height\":1064},{\"@type\":\"BreadcrumbList\",\"@id\":\"https:\/\/eticacomunica.com.mx\/?p=31776#breadcrumb\",\"itemListElement\":[{\"@type\":\"ListItem\",\"position\":1,\"name\":\"Inicio\",\"item\":\"https:\/\/eticacomunica.com.mx\/\"},{\"@type\":\"ListItem\",\"position\":2,\"name\":\"El sector inmobiliario en Sinaloa genera dinamismo y desarrollo, reconoce Feliciano Castro en inauguraci\u00f3n del \u201c5to Foro Inmobiliario AMPI Mazatl\u00e1n\u201d\"}]},{\"@type\":\"WebSite\",\"@id\":\"https:\/\/eticacomunica.com.mx\/#website\",\"url\":\"https:\/\/eticacomunica.com.mx\/\",\"name\":\"\u00c9tica Comunica\",\"description\":\"Diario Digital\",\"publisher\":{\"@id\":\"https:\/\/eticacomunica.com.mx\/#organization\"},\"potentialAction\":[{\"@type\":\"SearchAction\",\"target\":{\"@type\":\"EntryPoint\",\"urlTemplate\":\"https:\/\/eticacomunica.com.mx\/?s={search_term_string}\"},\"query-input\":{\"@type\":\"PropertyValueSpecification\",\"valueRequired\":true,\"valueName\":\"search_term_string\"}}],\"inLanguage\":\"es\"},{\"@type\":\"Organization\",\"@id\":\"https:\/\/eticacomunica.com.mx\/#organization\",\"name\":\"Diarios Digitales de Sinaloa\",\"url\":\"https:\/\/eticacomunica.com.mx\/\",\"logo\":{\"@type\":\"ImageObject\",\"inLanguage\":\"es\",\"@id\":\"https:\/\/eticacomunica.com.mx\/#\/schema\/logo\/image\/\",\"url\":\"https:\/\/eticacomunica.com.mx\/wp-content\/uploads\/2023\/10\/etica-logo.png\",\"contentUrl\":\"https:\/\/eticacomunica.com.mx\/wp-content\/uploads\/2023\/10\/etica-logo.png\",\"width\":1280,\"height\":432,\"caption\":\"Diarios Digitales de Sinaloa\"},\"image\":{\"@id\":\"https:\/\/eticacomunica.com.mx\/#\/schema\/logo\/image\/\"},\"sameAs\":[\"https:\/\/www.facebook.com\/eticacomunica\"]},{\"@type\":\"Person\",\"@id\":\"https:\/\/eticacomunica.com.mx\/#\/schema\/person\/2cacc47bd17fe8ad92f08c0313d22fa6\",\"name\":\"etica\",\"image\":{\"@type\":\"ImageObject\",\"inLanguage\":\"es\",\"@id\":\"https:\/\/secure.gravatar.com\/avatar\/dfb45d32bc7097f8f06d6e4f6e6b387e7cb8fd5b3a2869265c40587ab62cab1e?s=96&d=mm&r=g\",\"url\":\"https:\/\/secure.gravatar.com\/avatar\/dfb45d32bc7097f8f06d6e4f6e6b387e7cb8fd5b3a2869265c40587ab62cab1e?s=96&d=mm&r=g\",\"contentUrl\":\"https:\/\/secure.gravatar.com\/avatar\/dfb45d32bc7097f8f06d6e4f6e6b387e7cb8fd5b3a2869265c40587ab62cab1e?s=96&d=mm&r=g\",\"caption\":\"etica\"},\"sameAs\":[\"https:\/\/eticacomunica.com.mx\"],\"url\":\"https:\/\/eticacomunica.com.mx\/?author=1\"}]}<\/script>\n<!-- \/ Yoast SEO plugin. -->","yoast_head_json":{"title":"El sector inmobiliario en Sinaloa genera dinamismo y desarrollo, reconoce Feliciano Castro en inauguraci\u00f3n del \u201c5to Foro Inmobiliario AMPI Mazatl\u00e1n\u201d - \u00c9tica Comunica","robots":{"index":"index","follow":"follow","max-snippet":"max-snippet:-1","max-image-preview":"max-image-preview:large","max-video-preview":"max-video-preview:-1"},"canonical":"https:\/\/eticacomunica.com.mx\/?p=31776","og_locale":"es_MX","og_type":"article","og_title":"El sector inmobiliario en Sinaloa genera dinamismo y desarrollo, reconoce Feliciano Castro en inauguraci\u00f3n del \u201c5to Foro Inmobiliario AMPI Mazatl\u00e1n\u201d - \u00c9tica Comunica","og_description":"En representaci\u00f3n del Gobernador Rub\u00e9n Rocha Moya, el Secretario de Econom\u00eda, Feliciano Castro Mel\u00e9ndrez, se\u00f1al\u00f3 que el desarrollo inmobiliario genera y fortalece el patrimonio familiar, lo que contribuye a la&hellip;","og_url":"https:\/\/eticacomunica.com.mx\/?p=31776","og_site_name":"\u00c9tica Comunica","article_publisher":"https:\/\/www.facebook.com\/eticacomunica","article_published_time":"2026-03-12T01:34:20+00:00","author":"etica","twitter_card":"summary_large_image","twitter_misc":{"Escrito por":"etica","Tiempo de lectura":"3 minutos"},"schema":{"@context":"https:\/\/schema.org","@graph":[{"@type":"Article","@id":"https:\/\/eticacomunica.com.mx\/?p=31776#article","isPartOf":{"@id":"https:\/\/eticacomunica.com.mx\/?p=31776"},"author":{"name":"etica","@id":"https:\/\/eticacomunica.com.mx\/#\/schema\/person\/2cacc47bd17fe8ad92f08c0313d22fa6"},"headline":"El sector inmobiliario en Sinaloa genera dinamismo y desarrollo, reconoce Feliciano Castro en inauguraci\u00f3n del \u201c5to Foro Inmobiliario AMPI Mazatl\u00e1n\u201d","datePublished":"2026-03-12T01:34:20+00:00","mainEntityOfPage":{"@id":"https:\/\/eticacomunica.com.mx\/?p=31776"},"wordCount":694,"commentCount":0,"publisher":{"@id":"https:\/\/eticacomunica.com.mx\/#organization"},"image":{"@id":"https:\/\/eticacomunica.com.mx\/?p=31776#primaryimage"},"thumbnailUrl":"https:\/\/eticacomunica.com.mx\/wp-content\/uploads\/2026\/03\/IMG-20260311-WA0087.jpg","keywords":["Gobierno del Estado de Sinaloa"],"articleSection":["Estados"],"inLanguage":"es","potentialAction":[{"@type":"CommentAction","name":"Comment","target":["https:\/\/eticacomunica.com.mx\/?p=31776#respond"]}]},{"@type":"WebPage","@id":"https:\/\/eticacomunica.com.mx\/?p=31776","url":"https:\/\/eticacomunica.com.mx\/?p=31776","name":"El sector inmobiliario en Sinaloa genera dinamismo y desarrollo, reconoce Feliciano Castro en inauguraci\u00f3n del \u201c5to Foro Inmobiliario AMPI Mazatl\u00e1n\u201d - \u00c9tica Comunica","isPartOf":{"@id":"https:\/\/eticacomunica.com.mx\/#website"},"primaryImageOfPage":{"@id":"https:\/\/eticacomunica.com.mx\/?p=31776#primaryimage"},"image":{"@id":"https:\/\/eticacomunica.com.mx\/?p=31776#primaryimage"},"thumbnailUrl":"https:\/\/eticacomunica.com.mx\/wp-content\/uploads\/2026\/03\/IMG-20260311-WA0087.jpg","datePublished":"2026-03-12T01:34:20+00:00","breadcrumb":{"@id":"https:\/\/eticacomunica.com.mx\/?p=31776#breadcrumb"},"inLanguage":"es","potentialAction":[{"@type":"ReadAction","target":["https:\/\/eticacomunica.com.mx\/?p=31776"]}]},{"@type":"ImageObject","inLanguage":"es","@id":"https:\/\/eticacomunica.com.mx\/?p=31776#primaryimage","url":"https:\/\/eticacomunica.com.mx\/wp-content\/uploads\/2026\/03\/IMG-20260311-WA0087.jpg","contentUrl":"https:\/\/eticacomunica.com.mx\/wp-content\/uploads\/2026\/03\/IMG-20260311-WA0087.jpg","width":1600,"height":1064},{"@type":"BreadcrumbList","@id":"https:\/\/eticacomunica.com.mx\/?p=31776#breadcrumb","itemListElement":[{"@type":"ListItem","position":1,"name":"Inicio","item":"https:\/\/eticacomunica.com.mx\/"},{"@type":"ListItem","position":2,"name":"El sector inmobiliario en Sinaloa genera dinamismo y desarrollo, reconoce Feliciano Castro en inauguraci\u00f3n del \u201c5to Foro Inmobiliario AMPI Mazatl\u00e1n\u201d"}]},{"@type":"WebSite","@id":"https:\/\/eticacomunica.com.mx\/#website","url":"https:\/\/eticacomunica.com.mx\/","name":"\u00c9tica Comunica","description":"Diario Digital","publisher":{"@id":"https:\/\/eticacomunica.com.mx\/#organization"},"potentialAction":[{"@type":"SearchAction","target":{"@type":"EntryPoint","urlTemplate":"https:\/\/eticacomunica.com.mx\/?s={search_term_string}"},"query-input":{"@type":"PropertyValueSpecification","valueRequired":true,"valueName":"search_term_string"}}],"inLanguage":"es"},{"@type":"Organization","@id":"https:\/\/eticacomunica.com.mx\/#organization","name":"Diarios Digitales de Sinaloa","url":"https:\/\/eticacomunica.com.mx\/","logo":{"@type":"ImageObject","inLanguage":"es","@id":"https:\/\/eticacomunica.com.mx\/#\/schema\/logo\/image\/","url":"https:\/\/eticacomunica.com.mx\/wp-content\/uploads\/2023\/10\/etica-logo.png","contentUrl":"https:\/\/eticacomunica.com.mx\/wp-content\/uploads\/2023\/10\/etica-logo.png","width":1280,"height":432,"caption":"Diarios Digitales de Sinaloa"},"image":{"@id":"https:\/\/eticacomunica.com.mx\/#\/schema\/logo\/image\/"},"sameAs":["https:\/\/www.facebook.com\/eticacomunica"]},{"@type":"Person","@id":"https:\/\/eticacomunica.com.mx\/#\/schema\/person\/2cacc47bd17fe8ad92f08c0313d22fa6","name":"etica","image":{"@type":"ImageObject","inLanguage":"es","@id":"https:\/\/secure.gravatar.com\/avatar\/dfb45d32bc7097f8f06d6e4f6e6b387e7cb8fd5b3a2869265c40587ab62cab1e?s=96&d=mm&r=g","url":"https:\/\/secure.gravatar.com\/avatar\/dfb45d32bc7097f8f06d6e4f6e6b387e7cb8fd5b3a2869265c40587ab62cab1e?s=96&d=mm&r=g","contentUrl":"https:\/\/secure.gravatar.com\/avatar\/dfb45d32bc7097f8f06d6e4f6e6b387e7cb8fd5b3a2869265c40587ab62cab1e?s=96&d=mm&r=g","caption":"etica"},"sameAs":["https:\/\/eticacomunica.com.mx"],"url":"https:\/\/eticacomunica.com.mx\/?author=1"}]}},"jetpack_publicize_connections":[],"jetpack_featured_media_url":"https:\/\/eticacomunica.com.mx\/wp-content\/uploads\/2026\/03\/IMG-20260311-WA0087.jpg","jetpack_sharing_enabled":true,"_links":{"self":[{"href":"https:\/\/eticacomunica.com.mx\/index.php?rest_route=\/wp\/v2\/posts\/31776","targetHints":{"allow":["GET"]}}],"collection":[{"href":"https:\/\/eticacomunica.com.mx\/index.php?rest_route=\/wp\/v2\/posts"}],"about":[{"href":"https:\/\/eticacomunica.com.mx\/index.php?rest_route=\/wp\/v2\/types\/post"}],"author":[{"embeddable":true,"href":"https:\/\/eticacomunica.com.mx\/index.php?rest_route=\/wp\/v2\/users\/1"}],"replies":[{"embeddable":true,"href":"https:\/\/eticacomunica.com.mx\/index.php?rest_route=%2Fwp%2Fv2%2Fcomments&post=31776"}],"version-history":[{"count":0,"href":"https:\/\/eticacomunica.com.mx\/index.php?rest_route=\/wp\/v2\/posts\/31776\/revisions"}],"wp:featuredmedia":[{"embeddable":true,"href":"https:\/\/eticacomunica.com.mx\/index.php?rest_route=\/wp\/v2\/media\/31775"}],"wp:attachment":[{"href":"https:\/\/eticacomunica.com.mx\/index.php?rest_route=%2Fwp%2Fv2%2Fmedia&parent=31776"}],"wp:term":[{"taxonomy":"category","embeddable":true,"href":"https:\/\/eticacomunica.com.mx\/index.php?rest_route=%2Fwp%2Fv2%2Fcategories&post=31776"},{"taxonomy":"post_tag","embeddable":true,"href":"https:\/\/eticacomunica.com.mx\/index.php?rest_route=%2Fwp%2Fv2%2Ftags&post=31776"}],"curies":[{"name":"wp","href":"https:\/\/api.w.org\/{rel}","templated":true}]}}