{"id":31796,"date":"2026-03-12T12:57:10","date_gmt":"2026-03-12T19:57:10","guid":{"rendered":"https:\/\/eticacomunica.com.mx\/?p=31796"},"modified":"2026-03-12T13:00:56","modified_gmt":"2026-03-12T20:00:56","slug":"participa-el-rector-jesus-maduena-en-firma-de-convenio-entre-sep-anuies-e-inea-para-abatir-el-rezago-educativo-se-busca-alfabetizar-a-100-mil-personas-a-nivel-nacional-con-apoyo-de-universitarios-2","status":"publish","type":"post","link":"https:\/\/eticacomunica.com.mx\/?p=31796","title":{"rendered":"Participa el rector Jes\u00fas Madue\u00f1a en firma de convenio entre SEP, ANUIES e INEA para abatir el rezago educativo; se busca alfabetizar a 100 mil personas a nivel nacional con apoyo de universitarios"},"content":{"rendered":"\n<p>El rector de la Universidad Aut\u00f3noma de Sinaloa (UAS), el doctor Jes\u00fas Madue\u00f1a Molina, particip\u00f3 en la firma del Convenio de Colaboraci\u00f3n entre la Secretar\u00eda de Educaci\u00f3n P\u00fablica (SEP) Federal \u2014a trav\u00e9s de la Subsecretar\u00eda de Educaci\u00f3n Superior\u2014, la Asociaci\u00f3n Nacional de Universidades e Instituciones de Educaci\u00f3n Superior (ANUIES) y el Instituto Nacional para la Educaci\u00f3n de los Adultos (INEA), con el fin de fortalecer la alfabetizaci\u00f3n y abatir el rezago educativo en el pa\u00eds.<br><br>Dicho convenio, firmado en el Sal\u00f3n Iberoamericano de la Secretar\u00eda en la Ciudad de M\u00e9xico, busca integrar las capacidades del sistema de educaci\u00f3n superior y la participaci\u00f3n estudiantil para ampliar las oportunidades de j\u00f3venes y adultos que no han concluido su educaci\u00f3n b\u00e1sica. El objetivo es que, a m\u00e1s tardar en el mes de agosto, los prestadores de servicio social realicen labores de alfabetizaci\u00f3n para m\u00e1s de 100 mil personas, como un acto de compromiso de las universidades con la sociedad y una labor de justicia social.<br><br>El evento fue encabezado por el maestro Mario Delgado Carrillo, secretario de Educaci\u00f3n P\u00fablica; el doctor Ricardo Villanueva Lomel\u00ed, subsecretario de Educaci\u00f3n Superior; el maestro Armando Contreras Castillo, director general del INEA; Luis Armando Gonz\u00e1lez Placencia, secretario general ejecutivo de la ANUIES; la doctora Martha Patricia Zarza Delgado, rectora de la Universidad Aut\u00f3noma del Estado de M\u00e9xico, e Ingrid Vanelli Colimber Gara, alfabetizadora del Tecnol\u00f3gico Nacional de M\u00e9xico.<br><br>El maestro Armando Contreras Castillo indic\u00f3 que, como instituci\u00f3n, el INEA es consciente de la importancia estrat\u00e9gica de la educaci\u00f3n. Por ello, trabajan en la creaci\u00f3n y actualizaci\u00f3n de alternativas educativas flexibles que se ajusten a las necesidades de las personas para invitarlas a retomar sus estudios. Se\u00f1al\u00f3 que, si bien realizan esta labor desde hace 44 a\u00f1os, el reto persiste: a\u00fan queda pendiente la deuda con casi 4 millones de personas mayores de 15 a\u00f1os en el pa\u00eds que no saben leer ni escribir, lo que representa el 3.8 % de la poblaci\u00f3n.<br><br>&#8220;Esta problem\u00e1tica social nos demanda acciones coordinadas y contundentes. Es por ello que, desde el INEA, impulsamos la estrategia &#8216;Alfabetizaci\u00f3n para el Bienestar Compartido&#8217;, haciendo un llamado a la poblaci\u00f3n para apoyar solidariamente los servicios educativos. El reto es grande y complejo, y estamos abiertos a que todas las manos se sumen a esta obra educativa&#8221;, expres\u00f3 Contreras.<br><br>Por su parte, el maestro Mario Delgado Carrillo felicit\u00f3 a las universidades, instituciones de educaci\u00f3n superior, escuelas normales y, particularmente, a los estudiantes que se sumar\u00e1n a esta tarea. Se\u00f1al\u00f3 que la alfabetizaci\u00f3n es, ante todo, un ejercicio de reconocimiento mutuo que abre la posibilidad de &#8220;nombrar al mundo&#8221;. A\u00f1adi\u00f3 que la meta de atender a 100 mil personas es alcanzable junto con la ANUIES, promoviendo que el servicio social consista en alfabetizar a una persona. Con esto, se busca que la universidad no se conciba solo como un recinto acad\u00e9mico ajeno a las realidades sociales.<br><br>\u201cAlfabetizar es sembrar luz. Cuando alguien traza por primera vez las letras de su nombre despu\u00e9s de 50 o 60 a\u00f1os de vida, est\u00e1 afirmando: &#8216;Aqu\u00ed estoy, existo&#8217;, y proclama su propio destino dentro del inmenso tejido de la humanidad\u201d, puntualiz\u00f3 Delgado.<br><br>Finalmente, detall\u00f3 que las instituciones de educaci\u00f3n superior est\u00e1n llamadas a ense\u00f1ar la humildad del conocimiento, pues saber implica la responsabilidad de compartir. Recalc\u00f3 que el coraz\u00f3n de este convenio es mostrar a los j\u00f3venes que lo aprendido en el aula cobra pleno sentido cuando se convierte en una mano extendida.<\/p>\n","protected":false},"excerpt":{"rendered":"<p>El rector de la Universidad Aut\u00f3noma de Sinaloa (UAS), el doctor Jes\u00fas Madue\u00f1a Molina, particip\u00f3 en la firma del Convenio de Colaboraci\u00f3n entre la Secretar\u00eda de Educaci\u00f3n P\u00fablica (SEP) Federal&hellip;<\/p>\n","protected":false},"author":1,"featured_media":31793,"comment_status":"open","ping_status":"open","sticky":false,"template":"","format":"standard","meta":{"_jetpack_memberships_contains_paid_content":false,"footnotes":"","jetpack_publicize_message":"","jetpack_publicize_feature_enabled":true,"jetpack_social_post_already_shared":true,"jetpack_social_options":{"image_generator_settings":{"template":"highway","default_image_id":0,"font":"","enabled":false},"version":2}},"categories":[40],"tags":[41],"class_list":["post-31796","post","type-post","status-publish","format-standard","has-post-thumbnail","hentry","category-educacion","tag-uas"],"yoast_head":"<!-- This site is optimized with the Yoast SEO plugin v27.2 - https:\/\/yoast.com\/product\/yoast-seo-wordpress\/ -->\n<title>Participa el rector Jes\u00fas Madue\u00f1a en firma de convenio entre SEP, ANUIES e INEA para abatir el rezago educativo; se busca alfabetizar a 100 mil personas a nivel nacional con apoyo de universitarios - \u00c9tica Comunica<\/title>\n<meta name=\"robots\" content=\"index, follow, max-snippet:-1, max-image-preview:large, max-video-preview:-1\" \/>\n<link rel=\"canonical\" href=\"https:\/\/eticacomunica.com.mx\/?p=31796\" \/>\n<meta property=\"og:locale\" content=\"es_MX\" \/>\n<meta property=\"og:type\" content=\"article\" \/>\n<meta property=\"og:title\" content=\"Participa el rector Jes\u00fas Madue\u00f1a en firma de convenio entre SEP, ANUIES e INEA para abatir el rezago educativo; se busca alfabetizar a 100 mil personas a nivel nacional con apoyo de universitarios - \u00c9tica Comunica\" \/>\n<meta property=\"og:description\" content=\"El rector de la Universidad Aut\u00f3noma de Sinaloa (UAS), el doctor Jes\u00fas Madue\u00f1a Molina, particip\u00f3 en la firma del Convenio de Colaboraci\u00f3n entre la Secretar\u00eda de Educaci\u00f3n P\u00fablica (SEP) Federal&hellip;\" \/>\n<meta property=\"og:url\" content=\"https:\/\/eticacomunica.com.mx\/?p=31796\" \/>\n<meta property=\"og:site_name\" content=\"\u00c9tica Comunica\" \/>\n<meta property=\"article:publisher\" content=\"https:\/\/www.facebook.com\/eticacomunica\" \/>\n<meta property=\"article:published_time\" content=\"2026-03-12T19:57:10+00:00\" \/>\n<meta property=\"article:modified_time\" content=\"2026-03-12T20:00:56+00:00\" \/>\n<meta property=\"og:image\" content=\"https:\/\/eticacomunica.com.mx\/wp-content\/uploads\/2026\/03\/IMG-20260312-WA0024-2.jpg\" \/>\n\t<meta property=\"og:image:width\" content=\"1200\" \/>\n\t<meta property=\"og:image:height\" content=\"720\" \/>\n\t<meta property=\"og:image:type\" content=\"image\/jpeg\" \/>\n<meta name=\"author\" content=\"etica\" \/>\n<meta name=\"twitter:card\" content=\"summary_large_image\" \/>\n<meta name=\"twitter:label1\" content=\"Escrito por\" \/>\n\t<meta name=\"twitter:data1\" content=\"etica\" \/>\n\t<meta name=\"twitter:label2\" content=\"Tiempo de lectura\" \/>\n\t<meta name=\"twitter:data2\" content=\"3 minutos\" \/>\n<script type=\"application\/ld+json\" class=\"yoast-schema-graph\">{\"@context\":\"https:\/\/schema.org\",\"@graph\":[{\"@type\":\"Article\",\"@id\":\"https:\/\/eticacomunica.com.mx\/?p=31796#article\",\"isPartOf\":{\"@id\":\"https:\/\/eticacomunica.com.mx\/?p=31796\"},\"author\":{\"name\":\"etica\",\"@id\":\"https:\/\/eticacomunica.com.mx\/#\/schema\/person\/2cacc47bd17fe8ad92f08c0313d22fa6\"},\"headline\":\"Participa el rector Jes\u00fas Madue\u00f1a en firma de convenio entre SEP, ANUIES e INEA para abatir el rezago educativo; se busca alfabetizar a 100 mil personas a nivel nacional con apoyo de universitarios\",\"datePublished\":\"2026-03-12T19:57:10+00:00\",\"dateModified\":\"2026-03-12T20:00:56+00:00\",\"mainEntityOfPage\":{\"@id\":\"https:\/\/eticacomunica.com.mx\/?p=31796\"},\"wordCount\":657,\"commentCount\":0,\"publisher\":{\"@id\":\"https:\/\/eticacomunica.com.mx\/#organization\"},\"image\":{\"@id\":\"https:\/\/eticacomunica.com.mx\/?p=31796#primaryimage\"},\"thumbnailUrl\":\"https:\/\/eticacomunica.com.mx\/wp-content\/uploads\/2026\/03\/IMG-20260312-WA0024-2.jpg\",\"keywords\":[\"UAS\"],\"articleSection\":[\"Educaci\u00f3n\"],\"inLanguage\":\"es\",\"potentialAction\":[{\"@type\":\"CommentAction\",\"name\":\"Comment\",\"target\":[\"https:\/\/eticacomunica.com.mx\/?p=31796#respond\"]}]},{\"@type\":\"WebPage\",\"@id\":\"https:\/\/eticacomunica.com.mx\/?p=31796\",\"url\":\"https:\/\/eticacomunica.com.mx\/?p=31796\",\"name\":\"Participa el rector Jes\u00fas Madue\u00f1a en firma de convenio entre SEP, ANUIES e INEA para abatir el rezago educativo; se busca alfabetizar a 100 mil personas a nivel nacional con apoyo de universitarios - \u00c9tica Comunica\",\"isPartOf\":{\"@id\":\"https:\/\/eticacomunica.com.mx\/#website\"},\"primaryImageOfPage\":{\"@id\":\"https:\/\/eticacomunica.com.mx\/?p=31796#primaryimage\"},\"image\":{\"@id\":\"https:\/\/eticacomunica.com.mx\/?p=31796#primaryimage\"},\"thumbnailUrl\":\"https:\/\/eticacomunica.com.mx\/wp-content\/uploads\/2026\/03\/IMG-20260312-WA0024-2.jpg\",\"datePublished\":\"2026-03-12T19:57:10+00:00\",\"dateModified\":\"2026-03-12T20:00:56+00:00\",\"breadcrumb\":{\"@id\":\"https:\/\/eticacomunica.com.mx\/?p=31796#breadcrumb\"},\"inLanguage\":\"es\",\"potentialAction\":[{\"@type\":\"ReadAction\",\"target\":[\"https:\/\/eticacomunica.com.mx\/?p=31796\"]}]},{\"@type\":\"ImageObject\",\"inLanguage\":\"es\",\"@id\":\"https:\/\/eticacomunica.com.mx\/?p=31796#primaryimage\",\"url\":\"https:\/\/eticacomunica.com.mx\/wp-content\/uploads\/2026\/03\/IMG-20260312-WA0024-2.jpg\",\"contentUrl\":\"https:\/\/eticacomunica.com.mx\/wp-content\/uploads\/2026\/03\/IMG-20260312-WA0024-2.jpg\",\"width\":1200,\"height\":720},{\"@type\":\"BreadcrumbList\",\"@id\":\"https:\/\/eticacomunica.com.mx\/?p=31796#breadcrumb\",\"itemListElement\":[{\"@type\":\"ListItem\",\"position\":1,\"name\":\"Inicio\",\"item\":\"https:\/\/eticacomunica.com.mx\/\"},{\"@type\":\"ListItem\",\"position\":2,\"name\":\"Participa el rector Jes\u00fas Madue\u00f1a en firma de convenio entre SEP, ANUIES e INEA para abatir el rezago educativo; se busca alfabetizar a 100 mil personas a nivel nacional con apoyo de universitarios\"}]},{\"@type\":\"WebSite\",\"@id\":\"https:\/\/eticacomunica.com.mx\/#website\",\"url\":\"https:\/\/eticacomunica.com.mx\/\",\"name\":\"\u00c9tica Comunica\",\"description\":\"Diario Digital\",\"publisher\":{\"@id\":\"https:\/\/eticacomunica.com.mx\/#organization\"},\"potentialAction\":[{\"@type\":\"SearchAction\",\"target\":{\"@type\":\"EntryPoint\",\"urlTemplate\":\"https:\/\/eticacomunica.com.mx\/?s={search_term_string}\"},\"query-input\":{\"@type\":\"PropertyValueSpecification\",\"valueRequired\":true,\"valueName\":\"search_term_string\"}}],\"inLanguage\":\"es\"},{\"@type\":\"Organization\",\"@id\":\"https:\/\/eticacomunica.com.mx\/#organization\",\"name\":\"Diarios Digitales de Sinaloa\",\"url\":\"https:\/\/eticacomunica.com.mx\/\",\"logo\":{\"@type\":\"ImageObject\",\"inLanguage\":\"es\",\"@id\":\"https:\/\/eticacomunica.com.mx\/#\/schema\/logo\/image\/\",\"url\":\"https:\/\/eticacomunica.com.mx\/wp-content\/uploads\/2023\/10\/etica-logo.png\",\"contentUrl\":\"https:\/\/eticacomunica.com.mx\/wp-content\/uploads\/2023\/10\/etica-logo.png\",\"width\":1280,\"height\":432,\"caption\":\"Diarios Digitales de Sinaloa\"},\"image\":{\"@id\":\"https:\/\/eticacomunica.com.mx\/#\/schema\/logo\/image\/\"},\"sameAs\":[\"https:\/\/www.facebook.com\/eticacomunica\"]},{\"@type\":\"Person\",\"@id\":\"https:\/\/eticacomunica.com.mx\/#\/schema\/person\/2cacc47bd17fe8ad92f08c0313d22fa6\",\"name\":\"etica\",\"image\":{\"@type\":\"ImageObject\",\"inLanguage\":\"es\",\"@id\":\"https:\/\/secure.gravatar.com\/avatar\/dfb45d32bc7097f8f06d6e4f6e6b387e7cb8fd5b3a2869265c40587ab62cab1e?s=96&d=mm&r=g\",\"url\":\"https:\/\/secure.gravatar.com\/avatar\/dfb45d32bc7097f8f06d6e4f6e6b387e7cb8fd5b3a2869265c40587ab62cab1e?s=96&d=mm&r=g\",\"contentUrl\":\"https:\/\/secure.gravatar.com\/avatar\/dfb45d32bc7097f8f06d6e4f6e6b387e7cb8fd5b3a2869265c40587ab62cab1e?s=96&d=mm&r=g\",\"caption\":\"etica\"},\"sameAs\":[\"https:\/\/eticacomunica.com.mx\"],\"url\":\"https:\/\/eticacomunica.com.mx\/?author=1\"}]}<\/script>\n<!-- \/ Yoast SEO plugin. -->","yoast_head_json":{"title":"Participa el rector Jes\u00fas Madue\u00f1a en firma de convenio entre SEP, ANUIES e INEA para abatir el rezago educativo; se busca alfabetizar a 100 mil personas a nivel nacional con apoyo de universitarios - \u00c9tica Comunica","robots":{"index":"index","follow":"follow","max-snippet":"max-snippet:-1","max-image-preview":"max-image-preview:large","max-video-preview":"max-video-preview:-1"},"canonical":"https:\/\/eticacomunica.com.mx\/?p=31796","og_locale":"es_MX","og_type":"article","og_title":"Participa el rector Jes\u00fas Madue\u00f1a en firma de convenio entre SEP, ANUIES e INEA para abatir el rezago educativo; se busca alfabetizar a 100 mil personas a nivel nacional con apoyo de universitarios - \u00c9tica Comunica","og_description":"El rector de la Universidad Aut\u00f3noma de Sinaloa (UAS), el doctor Jes\u00fas Madue\u00f1a Molina, particip\u00f3 en la firma del Convenio de Colaboraci\u00f3n entre la Secretar\u00eda de Educaci\u00f3n P\u00fablica (SEP) Federal&hellip;","og_url":"https:\/\/eticacomunica.com.mx\/?p=31796","og_site_name":"\u00c9tica Comunica","article_publisher":"https:\/\/www.facebook.com\/eticacomunica","article_published_time":"2026-03-12T19:57:10+00:00","article_modified_time":"2026-03-12T20:00:56+00:00","og_image":[{"width":1200,"height":720,"url":"https:\/\/eticacomunica.com.mx\/wp-content\/uploads\/2026\/03\/IMG-20260312-WA0024-2.jpg","type":"image\/jpeg"}],"author":"etica","twitter_card":"summary_large_image","twitter_misc":{"Escrito por":"etica","Tiempo de lectura":"3 minutos"},"schema":{"@context":"https:\/\/schema.org","@graph":[{"@type":"Article","@id":"https:\/\/eticacomunica.com.mx\/?p=31796#article","isPartOf":{"@id":"https:\/\/eticacomunica.com.mx\/?p=31796"},"author":{"name":"etica","@id":"https:\/\/eticacomunica.com.mx\/#\/schema\/person\/2cacc47bd17fe8ad92f08c0313d22fa6"},"headline":"Participa el rector Jes\u00fas Madue\u00f1a en firma de convenio entre SEP, ANUIES e INEA para abatir el rezago educativo; se busca alfabetizar a 100 mil personas a nivel nacional con apoyo de universitarios","datePublished":"2026-03-12T19:57:10+00:00","dateModified":"2026-03-12T20:00:56+00:00","mainEntityOfPage":{"@id":"https:\/\/eticacomunica.com.mx\/?p=31796"},"wordCount":657,"commentCount":0,"publisher":{"@id":"https:\/\/eticacomunica.com.mx\/#organization"},"image":{"@id":"https:\/\/eticacomunica.com.mx\/?p=31796#primaryimage"},"thumbnailUrl":"https:\/\/eticacomunica.com.mx\/wp-content\/uploads\/2026\/03\/IMG-20260312-WA0024-2.jpg","keywords":["UAS"],"articleSection":["Educaci\u00f3n"],"inLanguage":"es","potentialAction":[{"@type":"CommentAction","name":"Comment","target":["https:\/\/eticacomunica.com.mx\/?p=31796#respond"]}]},{"@type":"WebPage","@id":"https:\/\/eticacomunica.com.mx\/?p=31796","url":"https:\/\/eticacomunica.com.mx\/?p=31796","name":"Participa el rector Jes\u00fas Madue\u00f1a en firma de convenio entre SEP, ANUIES e INEA para abatir el rezago educativo; se busca alfabetizar a 100 mil personas a nivel nacional con apoyo de universitarios - \u00c9tica Comunica","isPartOf":{"@id":"https:\/\/eticacomunica.com.mx\/#website"},"primaryImageOfPage":{"@id":"https:\/\/eticacomunica.com.mx\/?p=31796#primaryimage"},"image":{"@id":"https:\/\/eticacomunica.com.mx\/?p=31796#primaryimage"},"thumbnailUrl":"https:\/\/eticacomunica.com.mx\/wp-content\/uploads\/2026\/03\/IMG-20260312-WA0024-2.jpg","datePublished":"2026-03-12T19:57:10+00:00","dateModified":"2026-03-12T20:00:56+00:00","breadcrumb":{"@id":"https:\/\/eticacomunica.com.mx\/?p=31796#breadcrumb"},"inLanguage":"es","potentialAction":[{"@type":"ReadAction","target":["https:\/\/eticacomunica.com.mx\/?p=31796"]}]},{"@type":"ImageObject","inLanguage":"es","@id":"https:\/\/eticacomunica.com.mx\/?p=31796#primaryimage","url":"https:\/\/eticacomunica.com.mx\/wp-content\/uploads\/2026\/03\/IMG-20260312-WA0024-2.jpg","contentUrl":"https:\/\/eticacomunica.com.mx\/wp-content\/uploads\/2026\/03\/IMG-20260312-WA0024-2.jpg","width":1200,"height":720},{"@type":"BreadcrumbList","@id":"https:\/\/eticacomunica.com.mx\/?p=31796#breadcrumb","itemListElement":[{"@type":"ListItem","position":1,"name":"Inicio","item":"https:\/\/eticacomunica.com.mx\/"},{"@type":"ListItem","position":2,"name":"Participa el rector Jes\u00fas Madue\u00f1a en firma de convenio entre SEP, ANUIES e INEA para abatir el rezago educativo; se busca alfabetizar a 100 mil personas a nivel nacional con apoyo de universitarios"}]},{"@type":"WebSite","@id":"https:\/\/eticacomunica.com.mx\/#website","url":"https:\/\/eticacomunica.com.mx\/","name":"\u00c9tica Comunica","description":"Diario Digital","publisher":{"@id":"https:\/\/eticacomunica.com.mx\/#organization"},"potentialAction":[{"@type":"SearchAction","target":{"@type":"EntryPoint","urlTemplate":"https:\/\/eticacomunica.com.mx\/?s={search_term_string}"},"query-input":{"@type":"PropertyValueSpecification","valueRequired":true,"valueName":"search_term_string"}}],"inLanguage":"es"},{"@type":"Organization","@id":"https:\/\/eticacomunica.com.mx\/#organization","name":"Diarios Digitales de Sinaloa","url":"https:\/\/eticacomunica.com.mx\/","logo":{"@type":"ImageObject","inLanguage":"es","@id":"https:\/\/eticacomunica.com.mx\/#\/schema\/logo\/image\/","url":"https:\/\/eticacomunica.com.mx\/wp-content\/uploads\/2023\/10\/etica-logo.png","contentUrl":"https:\/\/eticacomunica.com.mx\/wp-content\/uploads\/2023\/10\/etica-logo.png","width":1280,"height":432,"caption":"Diarios Digitales de Sinaloa"},"image":{"@id":"https:\/\/eticacomunica.com.mx\/#\/schema\/logo\/image\/"},"sameAs":["https:\/\/www.facebook.com\/eticacomunica"]},{"@type":"Person","@id":"https:\/\/eticacomunica.com.mx\/#\/schema\/person\/2cacc47bd17fe8ad92f08c0313d22fa6","name":"etica","image":{"@type":"ImageObject","inLanguage":"es","@id":"https:\/\/secure.gravatar.com\/avatar\/dfb45d32bc7097f8f06d6e4f6e6b387e7cb8fd5b3a2869265c40587ab62cab1e?s=96&d=mm&r=g","url":"https:\/\/secure.gravatar.com\/avatar\/dfb45d32bc7097f8f06d6e4f6e6b387e7cb8fd5b3a2869265c40587ab62cab1e?s=96&d=mm&r=g","contentUrl":"https:\/\/secure.gravatar.com\/avatar\/dfb45d32bc7097f8f06d6e4f6e6b387e7cb8fd5b3a2869265c40587ab62cab1e?s=96&d=mm&r=g","caption":"etica"},"sameAs":["https:\/\/eticacomunica.com.mx"],"url":"https:\/\/eticacomunica.com.mx\/?author=1"}]}},"jetpack_publicize_connections":[],"jetpack_featured_media_url":"https:\/\/eticacomunica.com.mx\/wp-content\/uploads\/2026\/03\/IMG-20260312-WA0024-2.jpg","jetpack_sharing_enabled":true,"_links":{"self":[{"href":"https:\/\/eticacomunica.com.mx\/index.php?rest_route=\/wp\/v2\/posts\/31796","targetHints":{"allow":["GET"]}}],"collection":[{"href":"https:\/\/eticacomunica.com.mx\/index.php?rest_route=\/wp\/v2\/posts"}],"about":[{"href":"https:\/\/eticacomunica.com.mx\/index.php?rest_route=\/wp\/v2\/types\/post"}],"author":[{"embeddable":true,"href":"https:\/\/eticacomunica.com.mx\/index.php?rest_route=\/wp\/v2\/users\/1"}],"replies":[{"embeddable":true,"href":"https:\/\/eticacomunica.com.mx\/index.php?rest_route=%2Fwp%2Fv2%2Fcomments&post=31796"}],"version-history":[{"count":1,"href":"https:\/\/eticacomunica.com.mx\/index.php?rest_route=\/wp\/v2\/posts\/31796\/revisions"}],"predecessor-version":[{"id":31797,"href":"https:\/\/eticacomunica.com.mx\/index.php?rest_route=\/wp\/v2\/posts\/31796\/revisions\/31797"}],"wp:featuredmedia":[{"embeddable":true,"href":"https:\/\/eticacomunica.com.mx\/index.php?rest_route=\/wp\/v2\/media\/31793"}],"wp:attachment":[{"href":"https:\/\/eticacomunica.com.mx\/index.php?rest_route=%2Fwp%2Fv2%2Fmedia&parent=31796"}],"wp:term":[{"taxonomy":"category","embeddable":true,"href":"https:\/\/eticacomunica.com.mx\/index.php?rest_route=%2Fwp%2Fv2%2Fcategories&post=31796"},{"taxonomy":"post_tag","embeddable":true,"href":"https:\/\/eticacomunica.com.mx\/index.php?rest_route=%2Fwp%2Fv2%2Ftags&post=31796"}],"curies":[{"name":"wp","href":"https:\/\/api.w.org\/{rel}","templated":true}]}}