{"id":31800,"date":"2026-03-12T13:55:09","date_gmt":"2026-03-12T20:55:09","guid":{"rendered":"https:\/\/eticacomunica.com.mx\/?p=31800"},"modified":"2026-03-12T13:55:09","modified_gmt":"2026-03-12T20:55:09","slug":"se-reune-estrella-palacios-con-la-secretaria-de-turismo-y-la-titular-del-secretariado-ejecutivo-del-sistema-nacional-de-seguridad-publica","status":"publish","type":"post","link":"https:\/\/eticacomunica.com.mx\/?p=31800","title":{"rendered":"Se re\u00fane Estrella Palacios con la Secretaria de Turismo y la titular del Secretariado Ejecutivo del Sistema Nacional de Seguridad P\u00fablica"},"content":{"rendered":"\n<p>En encuentro con empresarias y empresarios del sector tur\u00edstico de Mazatl\u00e1n, se establecen acuerdos para impulsar la promoci\u00f3n tur\u00edstica, el bienestar y la seguridad en el destino.<br><br>Mazatl\u00e1n, Sinaloa, 12 de marzo de 2026.- La Presidenta Municipal, Estrella Palacios Dom\u00ednguez, sostuvo la ma\u00f1ana de este jueves una reuni\u00f3n de trabajo con la Secretaria de Turismo Federal, Josefina Rodr\u00edguez Zamora; la Secretaria Ejecutiva del Sistema Nacional de Seguridad P\u00fablica, Marcela Figueroa Franco; as\u00ed como empresarias y empresarios del sector tur\u00edstico de Mazatl\u00e1n, entre ellos hoteleros, desarrolladores, restauranteros y comerciantes. El encuentro se llev\u00f3 a cabo en las instalaciones de la Cuarta Regi\u00f3n Naval, con el objetivo de avanzar en los objetivos comunes en materia de bienestar, promoci\u00f3n tur\u00edstica y seguridad, mediante el fortalecimiento de la coordinaci\u00f3n entre los tres \u00f3rdenes de gobierno y la iniciativa privada.<br><br>La Alcaldesa Estrella Palacios refrend\u00f3 su compromiso con el sector empresarial, por lo que a petici\u00f3n del gremio, anunci\u00f3 que se adelantar\u00e1 el Operativo de Seguridad Semana Santa 2026, con el banderazo de inicio el d\u00eda 28 de marzo. \u201cHace d\u00edas tuve la oportunidad de asistir junto con 60 alcaldes a la Ciudad de M\u00e9xico, con nuestra Presidenta, donde Mazatl\u00e1n es prioridad para ser Territorio de Paz, en el cual se nos est\u00e1n dando apoyos federales directos para Mazatl\u00e1n, y creo que es importante aprovechar la ocasi\u00f3n que est\u00e1n todos reunidos para informarles\u201d, dijo. <br><br>Por su parte, la titular de la Secretar\u00eda de Turismo Federal precis\u00f3 que este encuentro responde a una encomienda de la Presidenta de la Rep\u00fablica, la Doctora Claudia Sheinbaum Pardo, y marca la pauta para identificar las oportunidades que tiene el ramo tur\u00edstico de Mazatl\u00e1n, abriendo adem\u00e1s una mesa de di\u00e1logo para escuchar y atender las peticiones, necesidades y sugerencias del gremio.<br><br>La Secretaria Ejecutiva del Sistema Nacional de Seguridad P\u00fablica inform\u00f3 que el Gobierno Federal lleva a cabo el proyecto de un Centro de Comando, Control, Comunicaci\u00f3n, C\u00f3mputo y Calidad (C5), con la finalidad de brindar mayor atenci\u00f3n y seguridad en las carreteras; de igual manera, la instalaci\u00f3n de arcos carreteros en puntos estrat\u00e9gicos, algunos de ellos en la carretera Durango-Mazatl\u00e1n-Culiac\u00e1n. <br><br>En representaci\u00f3n del sector hotelero, el Vicepresidente de la Asociaci\u00f3n de Hoteles y Empresas Tur\u00edsticas de Mazatl\u00e1n, Carlos Berdegu\u00e9 Sacrist\u00e1n, destac\u00f3 que el puerto vivi\u00f3 un Carnaval hist\u00f3rico, que el arribo de cruceros contin\u00faa al alza durante 2026 y que los visitantes han compartido experiencias positivas del destino; asimismo, propuso dise\u00f1ar estrategias de promoci\u00f3n para atraer m\u00e1s turismo nacional y coordinar esfuerzos que contribuyan a mejorar la percepci\u00f3n de seguridad. <br><br>En la reuni\u00f3n tambi\u00e9n estuvieron presentes el Almirante Guadalupe Juan Jos\u00e9 Bernal M\u00e9ndez, Comandante de la Cuarta Regi\u00f3n Naval; el Director General de FONATUR, Sebasti\u00e1n Ram\u00edrez Mendoza; la Secretaria de Turismo de Sinaloa, Mireya Sosa Osuna; entre otros.<\/p>\n","protected":false},"excerpt":{"rendered":"<p>En encuentro con empresarias y empresarios del sector tur\u00edstico de Mazatl\u00e1n, se establecen acuerdos para impulsar la promoci\u00f3n tur\u00edstica, el bienestar y la seguridad en el destino. Mazatl\u00e1n, Sinaloa, 12&hellip;<\/p>\n","protected":false},"author":1,"featured_media":31799,"comment_status":"open","ping_status":"open","sticky":false,"template":"","format":"standard","meta":{"_jetpack_memberships_contains_paid_content":false,"footnotes":"","jetpack_publicize_message":"","jetpack_publicize_feature_enabled":true,"jetpack_social_post_already_shared":true,"jetpack_social_options":{"image_generator_settings":{"template":"highway","default_image_id":0,"font":"","enabled":false},"version":2}},"categories":[26],"tags":[289],"class_list":["post-31800","post","type-post","status-publish","format-standard","has-post-thumbnail","hentry","category-portada","tag-estrella-palacios"],"yoast_head":"<!-- This site is optimized with the Yoast SEO plugin v27.2 - https:\/\/yoast.com\/product\/yoast-seo-wordpress\/ -->\n<title>Se re\u00fane Estrella Palacios con la Secretaria de Turismo y la titular del Secretariado Ejecutivo del Sistema Nacional de Seguridad P\u00fablica - \u00c9tica Comunica<\/title>\n<meta name=\"robots\" content=\"index, follow, max-snippet:-1, max-image-preview:large, max-video-preview:-1\" \/>\n<link rel=\"canonical\" href=\"https:\/\/eticacomunica.com.mx\/?p=31800\" \/>\n<meta property=\"og:locale\" content=\"es_MX\" \/>\n<meta property=\"og:type\" content=\"article\" \/>\n<meta property=\"og:title\" content=\"Se re\u00fane Estrella Palacios con la Secretaria de Turismo y la titular del Secretariado Ejecutivo del Sistema Nacional de Seguridad P\u00fablica - \u00c9tica Comunica\" \/>\n<meta property=\"og:description\" content=\"En encuentro con empresarias y empresarios del sector tur\u00edstico de Mazatl\u00e1n, se establecen acuerdos para impulsar la promoci\u00f3n tur\u00edstica, el bienestar y la seguridad en el destino. Mazatl\u00e1n, Sinaloa, 12&hellip;\" \/>\n<meta property=\"og:url\" content=\"https:\/\/eticacomunica.com.mx\/?p=31800\" \/>\n<meta property=\"og:site_name\" content=\"\u00c9tica Comunica\" \/>\n<meta property=\"article:publisher\" content=\"https:\/\/www.facebook.com\/eticacomunica\" \/>\n<meta property=\"article:published_time\" content=\"2026-03-12T20:55:09+00:00\" \/>\n<meta name=\"author\" content=\"etica\" \/>\n<meta name=\"twitter:card\" content=\"summary_large_image\" \/>\n<meta name=\"twitter:label1\" content=\"Escrito por\" \/>\n\t<meta name=\"twitter:data1\" content=\"etica\" \/>\n\t<meta name=\"twitter:label2\" content=\"Tiempo de lectura\" \/>\n\t<meta name=\"twitter:data2\" content=\"3 minutos\" \/>\n<script type=\"application\/ld+json\" class=\"yoast-schema-graph\">{\"@context\":\"https:\/\/schema.org\",\"@graph\":[{\"@type\":\"Article\",\"@id\":\"https:\/\/eticacomunica.com.mx\/?p=31800#article\",\"isPartOf\":{\"@id\":\"https:\/\/eticacomunica.com.mx\/?p=31800\"},\"author\":{\"name\":\"etica\",\"@id\":\"https:\/\/eticacomunica.com.mx\/#\/schema\/person\/2cacc47bd17fe8ad92f08c0313d22fa6\"},\"headline\":\"Se re\u00fane Estrella Palacios con la Secretaria de Turismo y la titular del Secretariado Ejecutivo del Sistema Nacional de Seguridad P\u00fablica\",\"datePublished\":\"2026-03-12T20:55:09+00:00\",\"mainEntityOfPage\":{\"@id\":\"https:\/\/eticacomunica.com.mx\/?p=31800\"},\"wordCount\":533,\"commentCount\":0,\"publisher\":{\"@id\":\"https:\/\/eticacomunica.com.mx\/#organization\"},\"image\":{\"@id\":\"https:\/\/eticacomunica.com.mx\/?p=31800#primaryimage\"},\"thumbnailUrl\":\"https:\/\/eticacomunica.com.mx\/wp-content\/uploads\/2026\/03\/IMG-20260312-WA0039.jpg\",\"keywords\":[\"Estrella Palacios\"],\"articleSection\":[\"Portada\"],\"inLanguage\":\"es\",\"potentialAction\":[{\"@type\":\"CommentAction\",\"name\":\"Comment\",\"target\":[\"https:\/\/eticacomunica.com.mx\/?p=31800#respond\"]}]},{\"@type\":\"WebPage\",\"@id\":\"https:\/\/eticacomunica.com.mx\/?p=31800\",\"url\":\"https:\/\/eticacomunica.com.mx\/?p=31800\",\"name\":\"Se re\u00fane Estrella Palacios con la Secretaria de Turismo y la titular del Secretariado Ejecutivo del Sistema Nacional de Seguridad P\u00fablica - \u00c9tica Comunica\",\"isPartOf\":{\"@id\":\"https:\/\/eticacomunica.com.mx\/#website\"},\"primaryImageOfPage\":{\"@id\":\"https:\/\/eticacomunica.com.mx\/?p=31800#primaryimage\"},\"image\":{\"@id\":\"https:\/\/eticacomunica.com.mx\/?p=31800#primaryimage\"},\"thumbnailUrl\":\"https:\/\/eticacomunica.com.mx\/wp-content\/uploads\/2026\/03\/IMG-20260312-WA0039.jpg\",\"datePublished\":\"2026-03-12T20:55:09+00:00\",\"breadcrumb\":{\"@id\":\"https:\/\/eticacomunica.com.mx\/?p=31800#breadcrumb\"},\"inLanguage\":\"es\",\"potentialAction\":[{\"@type\":\"ReadAction\",\"target\":[\"https:\/\/eticacomunica.com.mx\/?p=31800\"]}]},{\"@type\":\"ImageObject\",\"inLanguage\":\"es\",\"@id\":\"https:\/\/eticacomunica.com.mx\/?p=31800#primaryimage\",\"url\":\"https:\/\/eticacomunica.com.mx\/wp-content\/uploads\/2026\/03\/IMG-20260312-WA0039.jpg\",\"contentUrl\":\"https:\/\/eticacomunica.com.mx\/wp-content\/uploads\/2026\/03\/IMG-20260312-WA0039.jpg\",\"width\":2560,\"height\":1706},{\"@type\":\"BreadcrumbList\",\"@id\":\"https:\/\/eticacomunica.com.mx\/?p=31800#breadcrumb\",\"itemListElement\":[{\"@type\":\"ListItem\",\"position\":1,\"name\":\"Inicio\",\"item\":\"https:\/\/eticacomunica.com.mx\/\"},{\"@type\":\"ListItem\",\"position\":2,\"name\":\"Se re\u00fane Estrella Palacios con la Secretaria de Turismo y la titular del Secretariado Ejecutivo del Sistema Nacional de Seguridad P\u00fablica\"}]},{\"@type\":\"WebSite\",\"@id\":\"https:\/\/eticacomunica.com.mx\/#website\",\"url\":\"https:\/\/eticacomunica.com.mx\/\",\"name\":\"\u00c9tica Comunica\",\"description\":\"Diario Digital\",\"publisher\":{\"@id\":\"https:\/\/eticacomunica.com.mx\/#organization\"},\"potentialAction\":[{\"@type\":\"SearchAction\",\"target\":{\"@type\":\"EntryPoint\",\"urlTemplate\":\"https:\/\/eticacomunica.com.mx\/?s={search_term_string}\"},\"query-input\":{\"@type\":\"PropertyValueSpecification\",\"valueRequired\":true,\"valueName\":\"search_term_string\"}}],\"inLanguage\":\"es\"},{\"@type\":\"Organization\",\"@id\":\"https:\/\/eticacomunica.com.mx\/#organization\",\"name\":\"Diarios Digitales de Sinaloa\",\"url\":\"https:\/\/eticacomunica.com.mx\/\",\"logo\":{\"@type\":\"ImageObject\",\"inLanguage\":\"es\",\"@id\":\"https:\/\/eticacomunica.com.mx\/#\/schema\/logo\/image\/\",\"url\":\"https:\/\/eticacomunica.com.mx\/wp-content\/uploads\/2023\/10\/etica-logo.png\",\"contentUrl\":\"https:\/\/eticacomunica.com.mx\/wp-content\/uploads\/2023\/10\/etica-logo.png\",\"width\":1280,\"height\":432,\"caption\":\"Diarios Digitales de Sinaloa\"},\"image\":{\"@id\":\"https:\/\/eticacomunica.com.mx\/#\/schema\/logo\/image\/\"},\"sameAs\":[\"https:\/\/www.facebook.com\/eticacomunica\"]},{\"@type\":\"Person\",\"@id\":\"https:\/\/eticacomunica.com.mx\/#\/schema\/person\/2cacc47bd17fe8ad92f08c0313d22fa6\",\"name\":\"etica\",\"image\":{\"@type\":\"ImageObject\",\"inLanguage\":\"es\",\"@id\":\"https:\/\/secure.gravatar.com\/avatar\/dfb45d32bc7097f8f06d6e4f6e6b387e7cb8fd5b3a2869265c40587ab62cab1e?s=96&d=mm&r=g\",\"url\":\"https:\/\/secure.gravatar.com\/avatar\/dfb45d32bc7097f8f06d6e4f6e6b387e7cb8fd5b3a2869265c40587ab62cab1e?s=96&d=mm&r=g\",\"contentUrl\":\"https:\/\/secure.gravatar.com\/avatar\/dfb45d32bc7097f8f06d6e4f6e6b387e7cb8fd5b3a2869265c40587ab62cab1e?s=96&d=mm&r=g\",\"caption\":\"etica\"},\"sameAs\":[\"https:\/\/eticacomunica.com.mx\"],\"url\":\"https:\/\/eticacomunica.com.mx\/?author=1\"}]}<\/script>\n<!-- \/ Yoast SEO plugin. -->","yoast_head_json":{"title":"Se re\u00fane Estrella Palacios con la Secretaria de Turismo y la titular del Secretariado Ejecutivo del Sistema Nacional de Seguridad P\u00fablica - \u00c9tica Comunica","robots":{"index":"index","follow":"follow","max-snippet":"max-snippet:-1","max-image-preview":"max-image-preview:large","max-video-preview":"max-video-preview:-1"},"canonical":"https:\/\/eticacomunica.com.mx\/?p=31800","og_locale":"es_MX","og_type":"article","og_title":"Se re\u00fane Estrella Palacios con la Secretaria de Turismo y la titular del Secretariado Ejecutivo del Sistema Nacional de Seguridad P\u00fablica - \u00c9tica Comunica","og_description":"En encuentro con empresarias y empresarios del sector tur\u00edstico de Mazatl\u00e1n, se establecen acuerdos para impulsar la promoci\u00f3n tur\u00edstica, el bienestar y la seguridad en el destino. Mazatl\u00e1n, Sinaloa, 12&hellip;","og_url":"https:\/\/eticacomunica.com.mx\/?p=31800","og_site_name":"\u00c9tica Comunica","article_publisher":"https:\/\/www.facebook.com\/eticacomunica","article_published_time":"2026-03-12T20:55:09+00:00","author":"etica","twitter_card":"summary_large_image","twitter_misc":{"Escrito por":"etica","Tiempo de lectura":"3 minutos"},"schema":{"@context":"https:\/\/schema.org","@graph":[{"@type":"Article","@id":"https:\/\/eticacomunica.com.mx\/?p=31800#article","isPartOf":{"@id":"https:\/\/eticacomunica.com.mx\/?p=31800"},"author":{"name":"etica","@id":"https:\/\/eticacomunica.com.mx\/#\/schema\/person\/2cacc47bd17fe8ad92f08c0313d22fa6"},"headline":"Se re\u00fane Estrella Palacios con la Secretaria de Turismo y la titular del Secretariado Ejecutivo del Sistema Nacional de Seguridad P\u00fablica","datePublished":"2026-03-12T20:55:09+00:00","mainEntityOfPage":{"@id":"https:\/\/eticacomunica.com.mx\/?p=31800"},"wordCount":533,"commentCount":0,"publisher":{"@id":"https:\/\/eticacomunica.com.mx\/#organization"},"image":{"@id":"https:\/\/eticacomunica.com.mx\/?p=31800#primaryimage"},"thumbnailUrl":"https:\/\/eticacomunica.com.mx\/wp-content\/uploads\/2026\/03\/IMG-20260312-WA0039.jpg","keywords":["Estrella Palacios"],"articleSection":["Portada"],"inLanguage":"es","potentialAction":[{"@type":"CommentAction","name":"Comment","target":["https:\/\/eticacomunica.com.mx\/?p=31800#respond"]}]},{"@type":"WebPage","@id":"https:\/\/eticacomunica.com.mx\/?p=31800","url":"https:\/\/eticacomunica.com.mx\/?p=31800","name":"Se re\u00fane Estrella Palacios con la Secretaria de Turismo y la titular del Secretariado Ejecutivo del Sistema Nacional de Seguridad P\u00fablica - \u00c9tica Comunica","isPartOf":{"@id":"https:\/\/eticacomunica.com.mx\/#website"},"primaryImageOfPage":{"@id":"https:\/\/eticacomunica.com.mx\/?p=31800#primaryimage"},"image":{"@id":"https:\/\/eticacomunica.com.mx\/?p=31800#primaryimage"},"thumbnailUrl":"https:\/\/eticacomunica.com.mx\/wp-content\/uploads\/2026\/03\/IMG-20260312-WA0039.jpg","datePublished":"2026-03-12T20:55:09+00:00","breadcrumb":{"@id":"https:\/\/eticacomunica.com.mx\/?p=31800#breadcrumb"},"inLanguage":"es","potentialAction":[{"@type":"ReadAction","target":["https:\/\/eticacomunica.com.mx\/?p=31800"]}]},{"@type":"ImageObject","inLanguage":"es","@id":"https:\/\/eticacomunica.com.mx\/?p=31800#primaryimage","url":"https:\/\/eticacomunica.com.mx\/wp-content\/uploads\/2026\/03\/IMG-20260312-WA0039.jpg","contentUrl":"https:\/\/eticacomunica.com.mx\/wp-content\/uploads\/2026\/03\/IMG-20260312-WA0039.jpg","width":2560,"height":1706},{"@type":"BreadcrumbList","@id":"https:\/\/eticacomunica.com.mx\/?p=31800#breadcrumb","itemListElement":[{"@type":"ListItem","position":1,"name":"Inicio","item":"https:\/\/eticacomunica.com.mx\/"},{"@type":"ListItem","position":2,"name":"Se re\u00fane Estrella Palacios con la Secretaria de Turismo y la titular del Secretariado Ejecutivo del Sistema Nacional de Seguridad P\u00fablica"}]},{"@type":"WebSite","@id":"https:\/\/eticacomunica.com.mx\/#website","url":"https:\/\/eticacomunica.com.mx\/","name":"\u00c9tica Comunica","description":"Diario Digital","publisher":{"@id":"https:\/\/eticacomunica.com.mx\/#organization"},"potentialAction":[{"@type":"SearchAction","target":{"@type":"EntryPoint","urlTemplate":"https:\/\/eticacomunica.com.mx\/?s={search_term_string}"},"query-input":{"@type":"PropertyValueSpecification","valueRequired":true,"valueName":"search_term_string"}}],"inLanguage":"es"},{"@type":"Organization","@id":"https:\/\/eticacomunica.com.mx\/#organization","name":"Diarios Digitales de Sinaloa","url":"https:\/\/eticacomunica.com.mx\/","logo":{"@type":"ImageObject","inLanguage":"es","@id":"https:\/\/eticacomunica.com.mx\/#\/schema\/logo\/image\/","url":"https:\/\/eticacomunica.com.mx\/wp-content\/uploads\/2023\/10\/etica-logo.png","contentUrl":"https:\/\/eticacomunica.com.mx\/wp-content\/uploads\/2023\/10\/etica-logo.png","width":1280,"height":432,"caption":"Diarios Digitales de Sinaloa"},"image":{"@id":"https:\/\/eticacomunica.com.mx\/#\/schema\/logo\/image\/"},"sameAs":["https:\/\/www.facebook.com\/eticacomunica"]},{"@type":"Person","@id":"https:\/\/eticacomunica.com.mx\/#\/schema\/person\/2cacc47bd17fe8ad92f08c0313d22fa6","name":"etica","image":{"@type":"ImageObject","inLanguage":"es","@id":"https:\/\/secure.gravatar.com\/avatar\/dfb45d32bc7097f8f06d6e4f6e6b387e7cb8fd5b3a2869265c40587ab62cab1e?s=96&d=mm&r=g","url":"https:\/\/secure.gravatar.com\/avatar\/dfb45d32bc7097f8f06d6e4f6e6b387e7cb8fd5b3a2869265c40587ab62cab1e?s=96&d=mm&r=g","contentUrl":"https:\/\/secure.gravatar.com\/avatar\/dfb45d32bc7097f8f06d6e4f6e6b387e7cb8fd5b3a2869265c40587ab62cab1e?s=96&d=mm&r=g","caption":"etica"},"sameAs":["https:\/\/eticacomunica.com.mx"],"url":"https:\/\/eticacomunica.com.mx\/?author=1"}]}},"jetpack_publicize_connections":[],"jetpack_featured_media_url":"https:\/\/eticacomunica.com.mx\/wp-content\/uploads\/2026\/03\/IMG-20260312-WA0039.jpg","jetpack_sharing_enabled":true,"_links":{"self":[{"href":"https:\/\/eticacomunica.com.mx\/index.php?rest_route=\/wp\/v2\/posts\/31800","targetHints":{"allow":["GET"]}}],"collection":[{"href":"https:\/\/eticacomunica.com.mx\/index.php?rest_route=\/wp\/v2\/posts"}],"about":[{"href":"https:\/\/eticacomunica.com.mx\/index.php?rest_route=\/wp\/v2\/types\/post"}],"author":[{"embeddable":true,"href":"https:\/\/eticacomunica.com.mx\/index.php?rest_route=\/wp\/v2\/users\/1"}],"replies":[{"embeddable":true,"href":"https:\/\/eticacomunica.com.mx\/index.php?rest_route=%2Fwp%2Fv2%2Fcomments&post=31800"}],"version-history":[{"count":0,"href":"https:\/\/eticacomunica.com.mx\/index.php?rest_route=\/wp\/v2\/posts\/31800\/revisions"}],"wp:featuredmedia":[{"embeddable":true,"href":"https:\/\/eticacomunica.com.mx\/index.php?rest_route=\/wp\/v2\/media\/31799"}],"wp:attachment":[{"href":"https:\/\/eticacomunica.com.mx\/index.php?rest_route=%2Fwp%2Fv2%2Fmedia&parent=31800"}],"wp:term":[{"taxonomy":"category","embeddable":true,"href":"https:\/\/eticacomunica.com.mx\/index.php?rest_route=%2Fwp%2Fv2%2Fcategories&post=31800"},{"taxonomy":"post_tag","embeddable":true,"href":"https:\/\/eticacomunica.com.mx\/index.php?rest_route=%2Fwp%2Fv2%2Ftags&post=31800"}],"curies":[{"name":"wp","href":"https:\/\/api.w.org\/{rel}","templated":true}]}}