{"id":31802,"date":"2026-03-12T15:13:52","date_gmt":"2026-03-12T22:13:52","guid":{"rendered":"https:\/\/eticacomunica.com.mx\/?p=31802"},"modified":"2026-03-12T15:13:52","modified_gmt":"2026-03-12T22:13:52","slug":"la-educacion-transforma-destinos-ustedes-pueden-decidir-que-quieren-ser-por-mas-mujeres-en-la-ciencia-ana-chiquete-elizalde","status":"publish","type":"post","link":"https:\/\/eticacomunica.com.mx\/?p=31802","title":{"rendered":"La educaci\u00f3n transforma destinos, ustedes pueden decidir que quieren ser, por m\u00e1s mujeres en la ciencia: Ana Chiquete Elizalde"},"content":{"rendered":"\n<p>Las instituciones impulsan vocaciones cient\u00edficas en j\u00f3venes con la jornada \u201cRuta hacia la Ciencia: J\u00f3venes Mujeres y Decisiones Profesionales.\u201d<br><br><br>Culiac\u00e1n, Sinaloa, 12 de marzo de 2026. Como parte de la Jornada Estatal por el D\u00eda Internacional de las Mujeres, se llev\u00f3 a cabo el evento \u201cRuta hacia la Ciencia: J\u00f3venes Mujeres y Decisiones Profesionales\u201d, una actividad orientada a inspirar y acompa\u00f1ar a estudiantes en la construcci\u00f3n de su proyecto profesional dentro del \u00e1mbito cient\u00edfico.<br><br><br>El encuentro reuni\u00f3 a j\u00f3venes mujeres estudiantes de COBAES y de la UAS, para escuchar un di\u00e1logo con especialistas y experiencias de acercamiento a la ciencia a trav\u00e9s de la Red de Mentoras en Ciencia \u2013 Promoci\u00f3n 2026.<br><br><br>Convocadas por la Direcci\u00f3n de CONF\u00cdE, trav\u00e9s de la Direcci\u00f3n de Mujeres en la Ciencia, en coordinaci\u00f3n con la Secretar\u00eda de las Mujeres, la Secretar\u00eda de Educaci\u00f3n P\u00fablica y Cultura, el Colegio de Bachilleres del Estado de Sinaloa y las preparatorias de la Universidad Aut\u00f3noma de Sinaloa, las estudiantes tuvieron la oportunidad de conocer de cerca el trabajo de mujeres a lo largo de la historia y de cient\u00edficas sinaloenses y mexicanas que se desempe\u00f1an en distintas \u00e1reas del conocimiento con el objetivo de motivar a m\u00e1s j\u00f3venes a considerar carreras cient\u00edficas y tecnol\u00f3gicas.<br><br><br>La actividad forma parte de los esfuerzos interinstitucionales para promover la participaci\u00f3n de las mujeres en la ciencia, la tecnolog\u00eda y la innovaci\u00f3n, as\u00ed como para impulsar entornos educativos que fortalezcan la igualdad de oportunidades.<br>Con este tipo de iniciativas, se abren m\u00e1s espacios para que j\u00f3venes desarrollen su talento y participen activamente en la construcci\u00f3n del conocimiento y el desarrollo del estado.<br><br><br>Las investigadoras presentes fueron: Dra. Josefina Le\u00f3n F\u00e9lix, Dra. Edith Olivia Cuevas Rodr\u00edguez, Dra. Mar\u00eda Barr\u00f3n, Dra. Sylvia Cristina Rodr\u00edguez Gonz\u00e1lez, Dra.Nidia Maribel Le\u00f3n Sicairos, Dra. Ana Luz Ruelas, Dra. Sandra Irene Reyes Garc\u00eda, Dra. Josefa Sa\u00f1udo y la Dra. Adriana Ro\u00e9 Sosa de las \u00e1reas de biolog\u00eda, qu\u00edmica, humanidades, ciencias de la conducta, ciencias de la salud, ciencias sociales, biotecnolog\u00eda, ciencias agron\u00f3micas e ingenier\u00edas. <br><br><br>En el acto protocolario, la directora de Mujeres en la Ciencia de CONF\u00cdE, Dra. Itz\u00e9 Coronel Salom\u00f3n, ofreci\u00f3 el mensaje de bienvenida, en el que destac\u00f3 la importancia de generar pol\u00edticas p\u00fablicas y espacios de acompa\u00f1amiento que permitan a m\u00e1s j\u00f3venes considerar la ciencia y la tecnolog\u00eda como proyectos de vida.<br><br><br>\u201cCuando una joven mujer descubre la ciencia, no solo cambia su futuro, cambia el futuro del mundo. Con este horizonte nos reunimos hoy en esta Jornada Estatal 8M 2026 \u201cRuta hacia la Ciencia: J\u00f3venes Mujeres y Decisiones Profesionales\u201d. Este es un espacio que dise\u00f1amos pensando en ustedes, en uno de los momentos m\u00e1s importantes de su vida, la decisi\u00f3n sobre su futuro profesional. Creemos profundamente que la ciencia necesita m\u00e1s talento de las mujeres, pero tambi\u00e9n que las mujeres j\u00f3venes como ustedes necesitan ver que ese camino es posible. Por eso estamos aqu\u00ed hoy, cient\u00edficas, investigadoras, profesionales y ustedes que son las futuras investigadoras y profesionales\u201d, expres\u00f3.<br><br><br>La Subsecretaria de Evaluaci\u00f3n Educativa, Lcda. Paulina Pe\u00f1a Pay\u00e1n, en representaci\u00f3n de SEPyC inspir\u00f3 a las estudiantes a elegir una vocaci\u00f3n. <br><br><br>\u201cEste evento para reivindicar la importancia de la decisi\u00f3n vocacional, como una decisi\u00f3n que subyace y corresponde \u00fanicamente al interior, a la individualidad, a la decisi\u00f3n personal de nosotras como mujeres de elegir lo que queramos ser en la vida. Es una decisi\u00f3n crucial que va a atravesar todas las etapas de nuestra vida y elegir una carrera, elegir una vocaci\u00f3n, porque elegir una carrera es distinto de elegir una vocaci\u00f3n,ojal\u00e1 tengamos todas la fortuna de elegir m\u00e1s que una carrera que una licenciatura o una ingenier\u00eda, una vocaci\u00f3n es una visi\u00f3n humana de c\u00f3mo vamos a entregarnos a la sociedad por un bien en com\u00fan por un bien colectivo por una por un prop\u00f3sito mayor\u201d, dijo la subsecretaria. <br><br><br>Como parte del mensaje de inauguraci\u00f3n de la Secretaria de las Mujeres de Sinaloa, Lcda. Ana Francis Chiquete Elizalde, manifest\u00f3 el seguir abriendo espacios para el conocimiento de historias de otras mujeres que fueron pioneras en distintas ciencias y forjando en el pensamiento que las mujeres puedes ser lo que decidan ser. <br><br><br>\u201cNecesitamos que ustedes sepan que pueden decidir, que pueden tomar este camino, que pueden tambi\u00e9n decidir qu\u00e9 es lo que quieren investigar y esas preguntas sean el colectivo. Ahora tendr\u00e1n la oportunidad de tener unas mentoras que van a poder consultar dudas, preguntas y tambi\u00e9n buscar que lo que usted interesen sea de beneficio para la sociedad y podamos construir cada vez m\u00e1s mujeres en la ciencia y buscar que tambi\u00e9n las mujeres que estuvieron antes que nosotras puedan sentirse tambi\u00e9n orgullosas del camino Que hemos logrado recorrer en conjunto y que las oportunidades que ustedes tienen sean cada vez mejores\u201d, indic\u00f3 Ana Chiquete. <br><br><br>Como parte del desarrollo de este evento se labr\u00f3. Cabo la conferencia: \u201cSi puedes imaginarlo, puedes investigarlo\u201d con la MC. Daniela Gallardo as\u00ed como un recorrido de las participantes a los laboratorios del Centro de Ciencias. <br><br><br>Acompa\u00f1ando este encuentro tambi\u00e9n, la Secretaria T\u00e9cnica de COBAES, Dra. Sandra Irene Reyes Garc\u00eda y la Dra. Evelyn Guerrero Amarillas de la UAS.<\/p>\n","protected":false},"excerpt":{"rendered":"<p>Las instituciones impulsan vocaciones cient\u00edficas en j\u00f3venes con la jornada \u201cRuta hacia la Ciencia: J\u00f3venes Mujeres y Decisiones Profesionales.\u201d Culiac\u00e1n, Sinaloa, 12 de marzo de 2026. Como parte de la&hellip;<\/p>\n","protected":false},"author":1,"featured_media":31801,"comment_status":"open","ping_status":"open","sticky":false,"template":"","format":"standard","meta":{"_jetpack_memberships_contains_paid_content":false,"footnotes":"","jetpack_publicize_message":"","jetpack_publicize_feature_enabled":true,"jetpack_social_post_already_shared":true,"jetpack_social_options":{"image_generator_settings":{"template":"highway","default_image_id":0,"font":"","enabled":false},"version":2}},"categories":[24],"tags":[34],"class_list":["post-31802","post","type-post","status-publish","format-standard","has-post-thumbnail","hentry","category-estados","tag-gobierno-del-estado-de-sinaloa"],"yoast_head":"<!-- This site is optimized with the Yoast SEO plugin v27.2 - https:\/\/yoast.com\/product\/yoast-seo-wordpress\/ -->\n<title>La educaci\u00f3n transforma destinos, ustedes pueden decidir que quieren ser, por m\u00e1s mujeres en la ciencia: Ana Chiquete Elizalde - \u00c9tica Comunica<\/title>\n<meta name=\"robots\" content=\"index, follow, max-snippet:-1, max-image-preview:large, max-video-preview:-1\" \/>\n<link rel=\"canonical\" href=\"https:\/\/eticacomunica.com.mx\/?p=31802\" \/>\n<meta property=\"og:locale\" content=\"es_MX\" \/>\n<meta property=\"og:type\" content=\"article\" \/>\n<meta property=\"og:title\" content=\"La educaci\u00f3n transforma destinos, ustedes pueden decidir que quieren ser, por m\u00e1s mujeres en la ciencia: Ana Chiquete Elizalde - \u00c9tica Comunica\" \/>\n<meta property=\"og:description\" content=\"Las instituciones impulsan vocaciones cient\u00edficas en j\u00f3venes con la jornada \u201cRuta hacia la Ciencia: J\u00f3venes Mujeres y Decisiones Profesionales.\u201d Culiac\u00e1n, Sinaloa, 12 de marzo de 2026. Como parte de la&hellip;\" \/>\n<meta property=\"og:url\" content=\"https:\/\/eticacomunica.com.mx\/?p=31802\" \/>\n<meta property=\"og:site_name\" content=\"\u00c9tica Comunica\" \/>\n<meta property=\"article:publisher\" content=\"https:\/\/www.facebook.com\/eticacomunica\" \/>\n<meta property=\"article:published_time\" content=\"2026-03-12T22:13:52+00:00\" \/>\n<meta name=\"author\" content=\"etica\" \/>\n<meta name=\"twitter:card\" content=\"summary_large_image\" \/>\n<meta name=\"twitter:label1\" content=\"Escrito por\" \/>\n\t<meta name=\"twitter:data1\" content=\"etica\" \/>\n\t<meta name=\"twitter:label2\" content=\"Tiempo de lectura\" \/>\n\t<meta name=\"twitter:data2\" content=\"5 minutos\" \/>\n<script type=\"application\/ld+json\" class=\"yoast-schema-graph\">{\"@context\":\"https:\/\/schema.org\",\"@graph\":[{\"@type\":\"Article\",\"@id\":\"https:\/\/eticacomunica.com.mx\/?p=31802#article\",\"isPartOf\":{\"@id\":\"https:\/\/eticacomunica.com.mx\/?p=31802\"},\"author\":{\"name\":\"etica\",\"@id\":\"https:\/\/eticacomunica.com.mx\/#\/schema\/person\/2cacc47bd17fe8ad92f08c0313d22fa6\"},\"headline\":\"La educaci\u00f3n transforma destinos, ustedes pueden decidir que quieren ser, por m\u00e1s mujeres en la ciencia: Ana Chiquete Elizalde\",\"datePublished\":\"2026-03-12T22:13:52+00:00\",\"mainEntityOfPage\":{\"@id\":\"https:\/\/eticacomunica.com.mx\/?p=31802\"},\"wordCount\":960,\"commentCount\":0,\"publisher\":{\"@id\":\"https:\/\/eticacomunica.com.mx\/#organization\"},\"image\":{\"@id\":\"https:\/\/eticacomunica.com.mx\/?p=31802#primaryimage\"},\"thumbnailUrl\":\"https:\/\/eticacomunica.com.mx\/wp-content\/uploads\/2026\/03\/IMG-20260312-WA0023.jpg\",\"keywords\":[\"Gobierno del Estado de Sinaloa\"],\"articleSection\":[\"Estados\"],\"inLanguage\":\"es\",\"potentialAction\":[{\"@type\":\"CommentAction\",\"name\":\"Comment\",\"target\":[\"https:\/\/eticacomunica.com.mx\/?p=31802#respond\"]}]},{\"@type\":\"WebPage\",\"@id\":\"https:\/\/eticacomunica.com.mx\/?p=31802\",\"url\":\"https:\/\/eticacomunica.com.mx\/?p=31802\",\"name\":\"La educaci\u00f3n transforma destinos, ustedes pueden decidir que quieren ser, por m\u00e1s mujeres en la ciencia: Ana Chiquete Elizalde - \u00c9tica Comunica\",\"isPartOf\":{\"@id\":\"https:\/\/eticacomunica.com.mx\/#website\"},\"primaryImageOfPage\":{\"@id\":\"https:\/\/eticacomunica.com.mx\/?p=31802#primaryimage\"},\"image\":{\"@id\":\"https:\/\/eticacomunica.com.mx\/?p=31802#primaryimage\"},\"thumbnailUrl\":\"https:\/\/eticacomunica.com.mx\/wp-content\/uploads\/2026\/03\/IMG-20260312-WA0023.jpg\",\"datePublished\":\"2026-03-12T22:13:52+00:00\",\"breadcrumb\":{\"@id\":\"https:\/\/eticacomunica.com.mx\/?p=31802#breadcrumb\"},\"inLanguage\":\"es\",\"potentialAction\":[{\"@type\":\"ReadAction\",\"target\":[\"https:\/\/eticacomunica.com.mx\/?p=31802\"]}]},{\"@type\":\"ImageObject\",\"inLanguage\":\"es\",\"@id\":\"https:\/\/eticacomunica.com.mx\/?p=31802#primaryimage\",\"url\":\"https:\/\/eticacomunica.com.mx\/wp-content\/uploads\/2026\/03\/IMG-20260312-WA0023.jpg\",\"contentUrl\":\"https:\/\/eticacomunica.com.mx\/wp-content\/uploads\/2026\/03\/IMG-20260312-WA0023.jpg\",\"width\":1280,\"height\":852},{\"@type\":\"BreadcrumbList\",\"@id\":\"https:\/\/eticacomunica.com.mx\/?p=31802#breadcrumb\",\"itemListElement\":[{\"@type\":\"ListItem\",\"position\":1,\"name\":\"Inicio\",\"item\":\"https:\/\/eticacomunica.com.mx\/\"},{\"@type\":\"ListItem\",\"position\":2,\"name\":\"La educaci\u00f3n transforma destinos, ustedes pueden decidir que quieren ser, por m\u00e1s mujeres en la ciencia: Ana Chiquete Elizalde\"}]},{\"@type\":\"WebSite\",\"@id\":\"https:\/\/eticacomunica.com.mx\/#website\",\"url\":\"https:\/\/eticacomunica.com.mx\/\",\"name\":\"\u00c9tica Comunica\",\"description\":\"Diario Digital\",\"publisher\":{\"@id\":\"https:\/\/eticacomunica.com.mx\/#organization\"},\"potentialAction\":[{\"@type\":\"SearchAction\",\"target\":{\"@type\":\"EntryPoint\",\"urlTemplate\":\"https:\/\/eticacomunica.com.mx\/?s={search_term_string}\"},\"query-input\":{\"@type\":\"PropertyValueSpecification\",\"valueRequired\":true,\"valueName\":\"search_term_string\"}}],\"inLanguage\":\"es\"},{\"@type\":\"Organization\",\"@id\":\"https:\/\/eticacomunica.com.mx\/#organization\",\"name\":\"Diarios Digitales de Sinaloa\",\"url\":\"https:\/\/eticacomunica.com.mx\/\",\"logo\":{\"@type\":\"ImageObject\",\"inLanguage\":\"es\",\"@id\":\"https:\/\/eticacomunica.com.mx\/#\/schema\/logo\/image\/\",\"url\":\"https:\/\/eticacomunica.com.mx\/wp-content\/uploads\/2023\/10\/etica-logo.png\",\"contentUrl\":\"https:\/\/eticacomunica.com.mx\/wp-content\/uploads\/2023\/10\/etica-logo.png\",\"width\":1280,\"height\":432,\"caption\":\"Diarios Digitales de Sinaloa\"},\"image\":{\"@id\":\"https:\/\/eticacomunica.com.mx\/#\/schema\/logo\/image\/\"},\"sameAs\":[\"https:\/\/www.facebook.com\/eticacomunica\"]},{\"@type\":\"Person\",\"@id\":\"https:\/\/eticacomunica.com.mx\/#\/schema\/person\/2cacc47bd17fe8ad92f08c0313d22fa6\",\"name\":\"etica\",\"image\":{\"@type\":\"ImageObject\",\"inLanguage\":\"es\",\"@id\":\"https:\/\/secure.gravatar.com\/avatar\/dfb45d32bc7097f8f06d6e4f6e6b387e7cb8fd5b3a2869265c40587ab62cab1e?s=96&d=mm&r=g\",\"url\":\"https:\/\/secure.gravatar.com\/avatar\/dfb45d32bc7097f8f06d6e4f6e6b387e7cb8fd5b3a2869265c40587ab62cab1e?s=96&d=mm&r=g\",\"contentUrl\":\"https:\/\/secure.gravatar.com\/avatar\/dfb45d32bc7097f8f06d6e4f6e6b387e7cb8fd5b3a2869265c40587ab62cab1e?s=96&d=mm&r=g\",\"caption\":\"etica\"},\"sameAs\":[\"https:\/\/eticacomunica.com.mx\"],\"url\":\"https:\/\/eticacomunica.com.mx\/?author=1\"}]}<\/script>\n<!-- \/ Yoast SEO plugin. -->","yoast_head_json":{"title":"La educaci\u00f3n transforma destinos, ustedes pueden decidir que quieren ser, por m\u00e1s mujeres en la ciencia: Ana Chiquete Elizalde - \u00c9tica Comunica","robots":{"index":"index","follow":"follow","max-snippet":"max-snippet:-1","max-image-preview":"max-image-preview:large","max-video-preview":"max-video-preview:-1"},"canonical":"https:\/\/eticacomunica.com.mx\/?p=31802","og_locale":"es_MX","og_type":"article","og_title":"La educaci\u00f3n transforma destinos, ustedes pueden decidir que quieren ser, por m\u00e1s mujeres en la ciencia: Ana Chiquete Elizalde - \u00c9tica Comunica","og_description":"Las instituciones impulsan vocaciones cient\u00edficas en j\u00f3venes con la jornada \u201cRuta hacia la Ciencia: J\u00f3venes Mujeres y Decisiones Profesionales.\u201d Culiac\u00e1n, Sinaloa, 12 de marzo de 2026. Como parte de la&hellip;","og_url":"https:\/\/eticacomunica.com.mx\/?p=31802","og_site_name":"\u00c9tica Comunica","article_publisher":"https:\/\/www.facebook.com\/eticacomunica","article_published_time":"2026-03-12T22:13:52+00:00","author":"etica","twitter_card":"summary_large_image","twitter_misc":{"Escrito por":"etica","Tiempo de lectura":"5 minutos"},"schema":{"@context":"https:\/\/schema.org","@graph":[{"@type":"Article","@id":"https:\/\/eticacomunica.com.mx\/?p=31802#article","isPartOf":{"@id":"https:\/\/eticacomunica.com.mx\/?p=31802"},"author":{"name":"etica","@id":"https:\/\/eticacomunica.com.mx\/#\/schema\/person\/2cacc47bd17fe8ad92f08c0313d22fa6"},"headline":"La educaci\u00f3n transforma destinos, ustedes pueden decidir que quieren ser, por m\u00e1s mujeres en la ciencia: Ana Chiquete Elizalde","datePublished":"2026-03-12T22:13:52+00:00","mainEntityOfPage":{"@id":"https:\/\/eticacomunica.com.mx\/?p=31802"},"wordCount":960,"commentCount":0,"publisher":{"@id":"https:\/\/eticacomunica.com.mx\/#organization"},"image":{"@id":"https:\/\/eticacomunica.com.mx\/?p=31802#primaryimage"},"thumbnailUrl":"https:\/\/eticacomunica.com.mx\/wp-content\/uploads\/2026\/03\/IMG-20260312-WA0023.jpg","keywords":["Gobierno del Estado de Sinaloa"],"articleSection":["Estados"],"inLanguage":"es","potentialAction":[{"@type":"CommentAction","name":"Comment","target":["https:\/\/eticacomunica.com.mx\/?p=31802#respond"]}]},{"@type":"WebPage","@id":"https:\/\/eticacomunica.com.mx\/?p=31802","url":"https:\/\/eticacomunica.com.mx\/?p=31802","name":"La educaci\u00f3n transforma destinos, ustedes pueden decidir que quieren ser, por m\u00e1s mujeres en la ciencia: Ana Chiquete Elizalde - \u00c9tica Comunica","isPartOf":{"@id":"https:\/\/eticacomunica.com.mx\/#website"},"primaryImageOfPage":{"@id":"https:\/\/eticacomunica.com.mx\/?p=31802#primaryimage"},"image":{"@id":"https:\/\/eticacomunica.com.mx\/?p=31802#primaryimage"},"thumbnailUrl":"https:\/\/eticacomunica.com.mx\/wp-content\/uploads\/2026\/03\/IMG-20260312-WA0023.jpg","datePublished":"2026-03-12T22:13:52+00:00","breadcrumb":{"@id":"https:\/\/eticacomunica.com.mx\/?p=31802#breadcrumb"},"inLanguage":"es","potentialAction":[{"@type":"ReadAction","target":["https:\/\/eticacomunica.com.mx\/?p=31802"]}]},{"@type":"ImageObject","inLanguage":"es","@id":"https:\/\/eticacomunica.com.mx\/?p=31802#primaryimage","url":"https:\/\/eticacomunica.com.mx\/wp-content\/uploads\/2026\/03\/IMG-20260312-WA0023.jpg","contentUrl":"https:\/\/eticacomunica.com.mx\/wp-content\/uploads\/2026\/03\/IMG-20260312-WA0023.jpg","width":1280,"height":852},{"@type":"BreadcrumbList","@id":"https:\/\/eticacomunica.com.mx\/?p=31802#breadcrumb","itemListElement":[{"@type":"ListItem","position":1,"name":"Inicio","item":"https:\/\/eticacomunica.com.mx\/"},{"@type":"ListItem","position":2,"name":"La educaci\u00f3n transforma destinos, ustedes pueden decidir que quieren ser, por m\u00e1s mujeres en la ciencia: Ana Chiquete Elizalde"}]},{"@type":"WebSite","@id":"https:\/\/eticacomunica.com.mx\/#website","url":"https:\/\/eticacomunica.com.mx\/","name":"\u00c9tica Comunica","description":"Diario Digital","publisher":{"@id":"https:\/\/eticacomunica.com.mx\/#organization"},"potentialAction":[{"@type":"SearchAction","target":{"@type":"EntryPoint","urlTemplate":"https:\/\/eticacomunica.com.mx\/?s={search_term_string}"},"query-input":{"@type":"PropertyValueSpecification","valueRequired":true,"valueName":"search_term_string"}}],"inLanguage":"es"},{"@type":"Organization","@id":"https:\/\/eticacomunica.com.mx\/#organization","name":"Diarios Digitales de Sinaloa","url":"https:\/\/eticacomunica.com.mx\/","logo":{"@type":"ImageObject","inLanguage":"es","@id":"https:\/\/eticacomunica.com.mx\/#\/schema\/logo\/image\/","url":"https:\/\/eticacomunica.com.mx\/wp-content\/uploads\/2023\/10\/etica-logo.png","contentUrl":"https:\/\/eticacomunica.com.mx\/wp-content\/uploads\/2023\/10\/etica-logo.png","width":1280,"height":432,"caption":"Diarios Digitales de Sinaloa"},"image":{"@id":"https:\/\/eticacomunica.com.mx\/#\/schema\/logo\/image\/"},"sameAs":["https:\/\/www.facebook.com\/eticacomunica"]},{"@type":"Person","@id":"https:\/\/eticacomunica.com.mx\/#\/schema\/person\/2cacc47bd17fe8ad92f08c0313d22fa6","name":"etica","image":{"@type":"ImageObject","inLanguage":"es","@id":"https:\/\/secure.gravatar.com\/avatar\/dfb45d32bc7097f8f06d6e4f6e6b387e7cb8fd5b3a2869265c40587ab62cab1e?s=96&d=mm&r=g","url":"https:\/\/secure.gravatar.com\/avatar\/dfb45d32bc7097f8f06d6e4f6e6b387e7cb8fd5b3a2869265c40587ab62cab1e?s=96&d=mm&r=g","contentUrl":"https:\/\/secure.gravatar.com\/avatar\/dfb45d32bc7097f8f06d6e4f6e6b387e7cb8fd5b3a2869265c40587ab62cab1e?s=96&d=mm&r=g","caption":"etica"},"sameAs":["https:\/\/eticacomunica.com.mx"],"url":"https:\/\/eticacomunica.com.mx\/?author=1"}]}},"jetpack_publicize_connections":[],"jetpack_featured_media_url":"https:\/\/eticacomunica.com.mx\/wp-content\/uploads\/2026\/03\/IMG-20260312-WA0023.jpg","jetpack_sharing_enabled":true,"_links":{"self":[{"href":"https:\/\/eticacomunica.com.mx\/index.php?rest_route=\/wp\/v2\/posts\/31802","targetHints":{"allow":["GET"]}}],"collection":[{"href":"https:\/\/eticacomunica.com.mx\/index.php?rest_route=\/wp\/v2\/posts"}],"about":[{"href":"https:\/\/eticacomunica.com.mx\/index.php?rest_route=\/wp\/v2\/types\/post"}],"author":[{"embeddable":true,"href":"https:\/\/eticacomunica.com.mx\/index.php?rest_route=\/wp\/v2\/users\/1"}],"replies":[{"embeddable":true,"href":"https:\/\/eticacomunica.com.mx\/index.php?rest_route=%2Fwp%2Fv2%2Fcomments&post=31802"}],"version-history":[{"count":0,"href":"https:\/\/eticacomunica.com.mx\/index.php?rest_route=\/wp\/v2\/posts\/31802\/revisions"}],"wp:featuredmedia":[{"embeddable":true,"href":"https:\/\/eticacomunica.com.mx\/index.php?rest_route=\/wp\/v2\/media\/31801"}],"wp:attachment":[{"href":"https:\/\/eticacomunica.com.mx\/index.php?rest_route=%2Fwp%2Fv2%2Fmedia&parent=31802"}],"wp:term":[{"taxonomy":"category","embeddable":true,"href":"https:\/\/eticacomunica.com.mx\/index.php?rest_route=%2Fwp%2Fv2%2Fcategories&post=31802"},{"taxonomy":"post_tag","embeddable":true,"href":"https:\/\/eticacomunica.com.mx\/index.php?rest_route=%2Fwp%2Fv2%2Ftags&post=31802"}],"curies":[{"name":"wp","href":"https:\/\/api.w.org\/{rel}","templated":true}]}}