{"id":31808,"date":"2026-03-12T17:54:13","date_gmt":"2026-03-13T00:54:13","guid":{"rendered":"https:\/\/eticacomunica.com.mx\/?p=31808"},"modified":"2026-03-12T17:54:13","modified_gmt":"2026-03-13T00:54:13","slug":"autoridades-de-seguridad-proteccion-civil-y-cuerpos-de-auxilio-se-reunen-para-coordinar-el-plan-general-operativo-semana-santa-2026","status":"publish","type":"post","link":"https:\/\/eticacomunica.com.mx\/?p=31808","title":{"rendered":"Autoridades de seguridad, Protecci\u00f3n Civil y cuerpos de auxilio se re\u00fanen para coordinar el Plan General Operativo Semana Santa 2026"},"content":{"rendered":"\n<p>Se estima una afluencia de 2 millones 600 mil visitantes a los 172 centros recreativos y ceremoniales en Sinaloa.<br><br>Culiac\u00e1n, Sinaloa, 12 de marzo de 2026.- Con el objetivo de salvaguardar la integridad y el bienestar de las familias sinaloenses a trav\u00e9s de un entorno de seguridad durante el pr\u00f3ximo periodo vacacional, as\u00ed como de conservar el orden p\u00fablico, las autoridades de seguridad, as\u00ed como Protecci\u00f3n Civil y cuerpos de auxilio se reunieron para coordinar acciones y poner en marcha el Plan General Operativo Semana Santa 2026, el cual se implementar\u00e1 del 28 de marzo al 06 de abril del a\u00f1o en curso.<br><br>Durante la reuni\u00f3n, se indic\u00f3 que el despliegue se llevar\u00e1 a cabo mediante una coordinaci\u00f3n interinstitucional orientada a implementar acciones de prevenci\u00f3n y vigilancia para brindar protecci\u00f3n y ayuda en los 172 centros recreativos y ceremoniales que ser\u00e1n vigilados y atendidos en los 20 municipios del estado. Se estima que la asistencia a estos destinos tur\u00edsticos, en el periodo vacacional de la Semana Mayor, ser\u00e1 superior a los 2.6 millones de visitantes y contempla, entre otros, playas, r\u00edos, pueblos m\u00e1gicos y centros ceremoniales, por lo que las autoridades de seguridad, Protecci\u00f3n Civil y cuerpos de emergencia estar\u00e1n atentas y desplegadas para atender cualquier llamado que requiera la poblaci\u00f3n.<br><br>Como parte de los objetivos del operativo, se contempla reforzar la presencia de las autoridades en las carreteras en apoyo de los vacacionistas que transiten por el estado; asimismo, la permanencia de las autoridades y cuerpos de auxilio en los centros recreativos para prevenir accidentes y atender emergencias m\u00e9dicas. Asimismo, las fuerzas del orden mantendr\u00e1n presencia en las ciudades, poblaciones y \u00e1reas habitacionales para inhibir actos il\u00edcitos y brindar seguridad a quienes decidan no salir a vacacionar.<br><br>Se inform\u00f3 que las autoridades mantendr\u00e1n coordinaci\u00f3n y comunicaci\u00f3n constante a trav\u00e9s del C4i para actuar de manera oportuna ante alguna emergencia; tambi\u00e9n se contar\u00e1 con el apoyo de helic\u00f3pteros para realizar sobrevuelos preventivos y, de requerirse, utilizarlos como ambulancia a\u00e9rea para una atenci\u00f3n m\u00e1s oportuna.<br><br>Cabe se\u00f1alar que durante el encuentro estuvieron presentes representantes de la Secretar\u00eda de Turismo, Secretar\u00eda del Bienestar y Secretar\u00eda de Seguridad P\u00fablica de Sinaloa, as\u00ed como los titulares de seguridad de los 20 municipios, representantes de Protecci\u00f3n Civil estatal y municipal de Culiac\u00e1n, de Cruz Roja, Bomberos y del Centro Regulador de Urgencias M\u00e9dicas (CRUM), con quienes se acord\u00f3 llevar a cabo todas las acciones preventivas y de seguridad en beneficio del bienestar de las personas locales y turistas.<br><br>Todas las autoridades involucradas exhortan a la poblaci\u00f3n a disfrutar sanamente y con responsabilidad del periodo vacacional de Semana Santa, as\u00ed como hacen un llamado al autocuidado y reiteran que, ante cualquier emergencia, utilicen el n\u00famero 9-1-1 o se acerquen a alguna autoridad para solicitar apoyo.<\/p>\n","protected":false},"excerpt":{"rendered":"<p>Se estima una afluencia de 2 millones 600 mil visitantes a los 172 centros recreativos y ceremoniales en Sinaloa. Culiac\u00e1n, Sinaloa, 12 de marzo de 2026.- Con el objetivo de&hellip;<\/p>\n","protected":false},"author":1,"featured_media":31807,"comment_status":"open","ping_status":"open","sticky":false,"template":"","format":"standard","meta":{"_jetpack_memberships_contains_paid_content":false,"footnotes":"","jetpack_publicize_message":"","jetpack_publicize_feature_enabled":true,"jetpack_social_post_already_shared":true,"jetpack_social_options":{"image_generator_settings":{"template":"highway","default_image_id":0,"font":"","enabled":false},"version":2}},"categories":[24],"tags":[34],"class_list":["post-31808","post","type-post","status-publish","format-standard","has-post-thumbnail","hentry","category-estados","tag-gobierno-del-estado-de-sinaloa"],"yoast_head":"<!-- This site is optimized with the Yoast SEO plugin v27.2 - https:\/\/yoast.com\/product\/yoast-seo-wordpress\/ -->\n<title>Autoridades de seguridad, Protecci\u00f3n Civil y cuerpos de auxilio se re\u00fanen para coordinar el Plan General Operativo Semana Santa 2026 - \u00c9tica Comunica<\/title>\n<meta name=\"robots\" content=\"index, follow, max-snippet:-1, max-image-preview:large, max-video-preview:-1\" \/>\n<link rel=\"canonical\" href=\"https:\/\/eticacomunica.com.mx\/?p=31808\" \/>\n<meta property=\"og:locale\" content=\"es_MX\" \/>\n<meta property=\"og:type\" content=\"article\" \/>\n<meta property=\"og:title\" content=\"Autoridades de seguridad, Protecci\u00f3n Civil y cuerpos de auxilio se re\u00fanen para coordinar el Plan General Operativo Semana Santa 2026 - \u00c9tica Comunica\" \/>\n<meta property=\"og:description\" content=\"Se estima una afluencia de 2 millones 600 mil visitantes a los 172 centros recreativos y ceremoniales en Sinaloa. Culiac\u00e1n, Sinaloa, 12 de marzo de 2026.- Con el objetivo de&hellip;\" \/>\n<meta property=\"og:url\" content=\"https:\/\/eticacomunica.com.mx\/?p=31808\" \/>\n<meta property=\"og:site_name\" content=\"\u00c9tica Comunica\" \/>\n<meta property=\"article:publisher\" content=\"https:\/\/www.facebook.com\/eticacomunica\" \/>\n<meta property=\"article:published_time\" content=\"2026-03-13T00:54:13+00:00\" \/>\n<meta name=\"author\" content=\"etica\" \/>\n<meta name=\"twitter:card\" content=\"summary_large_image\" \/>\n<meta name=\"twitter:label1\" content=\"Escrito por\" \/>\n\t<meta name=\"twitter:data1\" content=\"etica\" \/>\n\t<meta name=\"twitter:label2\" content=\"Tiempo de lectura\" \/>\n\t<meta name=\"twitter:data2\" content=\"2 minutos\" \/>\n<script type=\"application\/ld+json\" class=\"yoast-schema-graph\">{\"@context\":\"https:\/\/schema.org\",\"@graph\":[{\"@type\":\"Article\",\"@id\":\"https:\/\/eticacomunica.com.mx\/?p=31808#article\",\"isPartOf\":{\"@id\":\"https:\/\/eticacomunica.com.mx\/?p=31808\"},\"author\":{\"name\":\"etica\",\"@id\":\"https:\/\/eticacomunica.com.mx\/#\/schema\/person\/2cacc47bd17fe8ad92f08c0313d22fa6\"},\"headline\":\"Autoridades de seguridad, Protecci\u00f3n Civil y cuerpos de auxilio se re\u00fanen para coordinar el Plan General Operativo Semana Santa 2026\",\"datePublished\":\"2026-03-13T00:54:13+00:00\",\"mainEntityOfPage\":{\"@id\":\"https:\/\/eticacomunica.com.mx\/?p=31808\"},\"wordCount\":510,\"commentCount\":0,\"publisher\":{\"@id\":\"https:\/\/eticacomunica.com.mx\/#organization\"},\"image\":{\"@id\":\"https:\/\/eticacomunica.com.mx\/?p=31808#primaryimage\"},\"thumbnailUrl\":\"https:\/\/eticacomunica.com.mx\/wp-content\/uploads\/2026\/03\/FB_IMG_1773363153489.jpg\",\"keywords\":[\"Gobierno del Estado de Sinaloa\"],\"articleSection\":[\"Estados\"],\"inLanguage\":\"es\",\"potentialAction\":[{\"@type\":\"CommentAction\",\"name\":\"Comment\",\"target\":[\"https:\/\/eticacomunica.com.mx\/?p=31808#respond\"]}]},{\"@type\":\"WebPage\",\"@id\":\"https:\/\/eticacomunica.com.mx\/?p=31808\",\"url\":\"https:\/\/eticacomunica.com.mx\/?p=31808\",\"name\":\"Autoridades de seguridad, Protecci\u00f3n Civil y cuerpos de auxilio se re\u00fanen para coordinar el Plan General Operativo Semana Santa 2026 - \u00c9tica Comunica\",\"isPartOf\":{\"@id\":\"https:\/\/eticacomunica.com.mx\/#website\"},\"primaryImageOfPage\":{\"@id\":\"https:\/\/eticacomunica.com.mx\/?p=31808#primaryimage\"},\"image\":{\"@id\":\"https:\/\/eticacomunica.com.mx\/?p=31808#primaryimage\"},\"thumbnailUrl\":\"https:\/\/eticacomunica.com.mx\/wp-content\/uploads\/2026\/03\/FB_IMG_1773363153489.jpg\",\"datePublished\":\"2026-03-13T00:54:13+00:00\",\"breadcrumb\":{\"@id\":\"https:\/\/eticacomunica.com.mx\/?p=31808#breadcrumb\"},\"inLanguage\":\"es\",\"potentialAction\":[{\"@type\":\"ReadAction\",\"target\":[\"https:\/\/eticacomunica.com.mx\/?p=31808\"]}]},{\"@type\":\"ImageObject\",\"inLanguage\":\"es\",\"@id\":\"https:\/\/eticacomunica.com.mx\/?p=31808#primaryimage\",\"url\":\"https:\/\/eticacomunica.com.mx\/wp-content\/uploads\/2026\/03\/FB_IMG_1773363153489.jpg\",\"contentUrl\":\"https:\/\/eticacomunica.com.mx\/wp-content\/uploads\/2026\/03\/FB_IMG_1773363153489.jpg\",\"width\":1080,\"height\":720},{\"@type\":\"BreadcrumbList\",\"@id\":\"https:\/\/eticacomunica.com.mx\/?p=31808#breadcrumb\",\"itemListElement\":[{\"@type\":\"ListItem\",\"position\":1,\"name\":\"Inicio\",\"item\":\"https:\/\/eticacomunica.com.mx\/\"},{\"@type\":\"ListItem\",\"position\":2,\"name\":\"Autoridades de seguridad, Protecci\u00f3n Civil y cuerpos de auxilio se re\u00fanen para coordinar el Plan General Operativo Semana Santa 2026\"}]},{\"@type\":\"WebSite\",\"@id\":\"https:\/\/eticacomunica.com.mx\/#website\",\"url\":\"https:\/\/eticacomunica.com.mx\/\",\"name\":\"\u00c9tica Comunica\",\"description\":\"Diario Digital\",\"publisher\":{\"@id\":\"https:\/\/eticacomunica.com.mx\/#organization\"},\"potentialAction\":[{\"@type\":\"SearchAction\",\"target\":{\"@type\":\"EntryPoint\",\"urlTemplate\":\"https:\/\/eticacomunica.com.mx\/?s={search_term_string}\"},\"query-input\":{\"@type\":\"PropertyValueSpecification\",\"valueRequired\":true,\"valueName\":\"search_term_string\"}}],\"inLanguage\":\"es\"},{\"@type\":\"Organization\",\"@id\":\"https:\/\/eticacomunica.com.mx\/#organization\",\"name\":\"Diarios Digitales de Sinaloa\",\"url\":\"https:\/\/eticacomunica.com.mx\/\",\"logo\":{\"@type\":\"ImageObject\",\"inLanguage\":\"es\",\"@id\":\"https:\/\/eticacomunica.com.mx\/#\/schema\/logo\/image\/\",\"url\":\"https:\/\/eticacomunica.com.mx\/wp-content\/uploads\/2023\/10\/etica-logo.png\",\"contentUrl\":\"https:\/\/eticacomunica.com.mx\/wp-content\/uploads\/2023\/10\/etica-logo.png\",\"width\":1280,\"height\":432,\"caption\":\"Diarios Digitales de Sinaloa\"},\"image\":{\"@id\":\"https:\/\/eticacomunica.com.mx\/#\/schema\/logo\/image\/\"},\"sameAs\":[\"https:\/\/www.facebook.com\/eticacomunica\"]},{\"@type\":\"Person\",\"@id\":\"https:\/\/eticacomunica.com.mx\/#\/schema\/person\/2cacc47bd17fe8ad92f08c0313d22fa6\",\"name\":\"etica\",\"image\":{\"@type\":\"ImageObject\",\"inLanguage\":\"es\",\"@id\":\"https:\/\/secure.gravatar.com\/avatar\/dfb45d32bc7097f8f06d6e4f6e6b387e7cb8fd5b3a2869265c40587ab62cab1e?s=96&d=mm&r=g\",\"url\":\"https:\/\/secure.gravatar.com\/avatar\/dfb45d32bc7097f8f06d6e4f6e6b387e7cb8fd5b3a2869265c40587ab62cab1e?s=96&d=mm&r=g\",\"contentUrl\":\"https:\/\/secure.gravatar.com\/avatar\/dfb45d32bc7097f8f06d6e4f6e6b387e7cb8fd5b3a2869265c40587ab62cab1e?s=96&d=mm&r=g\",\"caption\":\"etica\"},\"sameAs\":[\"https:\/\/eticacomunica.com.mx\"],\"url\":\"https:\/\/eticacomunica.com.mx\/?author=1\"}]}<\/script>\n<!-- \/ Yoast SEO plugin. -->","yoast_head_json":{"title":"Autoridades de seguridad, Protecci\u00f3n Civil y cuerpos de auxilio se re\u00fanen para coordinar el Plan General Operativo Semana Santa 2026 - \u00c9tica Comunica","robots":{"index":"index","follow":"follow","max-snippet":"max-snippet:-1","max-image-preview":"max-image-preview:large","max-video-preview":"max-video-preview:-1"},"canonical":"https:\/\/eticacomunica.com.mx\/?p=31808","og_locale":"es_MX","og_type":"article","og_title":"Autoridades de seguridad, Protecci\u00f3n Civil y cuerpos de auxilio se re\u00fanen para coordinar el Plan General Operativo Semana Santa 2026 - \u00c9tica Comunica","og_description":"Se estima una afluencia de 2 millones 600 mil visitantes a los 172 centros recreativos y ceremoniales en Sinaloa. Culiac\u00e1n, Sinaloa, 12 de marzo de 2026.- Con el objetivo de&hellip;","og_url":"https:\/\/eticacomunica.com.mx\/?p=31808","og_site_name":"\u00c9tica Comunica","article_publisher":"https:\/\/www.facebook.com\/eticacomunica","article_published_time":"2026-03-13T00:54:13+00:00","author":"etica","twitter_card":"summary_large_image","twitter_misc":{"Escrito por":"etica","Tiempo de lectura":"2 minutos"},"schema":{"@context":"https:\/\/schema.org","@graph":[{"@type":"Article","@id":"https:\/\/eticacomunica.com.mx\/?p=31808#article","isPartOf":{"@id":"https:\/\/eticacomunica.com.mx\/?p=31808"},"author":{"name":"etica","@id":"https:\/\/eticacomunica.com.mx\/#\/schema\/person\/2cacc47bd17fe8ad92f08c0313d22fa6"},"headline":"Autoridades de seguridad, Protecci\u00f3n Civil y cuerpos de auxilio se re\u00fanen para coordinar el Plan General Operativo Semana Santa 2026","datePublished":"2026-03-13T00:54:13+00:00","mainEntityOfPage":{"@id":"https:\/\/eticacomunica.com.mx\/?p=31808"},"wordCount":510,"commentCount":0,"publisher":{"@id":"https:\/\/eticacomunica.com.mx\/#organization"},"image":{"@id":"https:\/\/eticacomunica.com.mx\/?p=31808#primaryimage"},"thumbnailUrl":"https:\/\/eticacomunica.com.mx\/wp-content\/uploads\/2026\/03\/FB_IMG_1773363153489.jpg","keywords":["Gobierno del Estado de Sinaloa"],"articleSection":["Estados"],"inLanguage":"es","potentialAction":[{"@type":"CommentAction","name":"Comment","target":["https:\/\/eticacomunica.com.mx\/?p=31808#respond"]}]},{"@type":"WebPage","@id":"https:\/\/eticacomunica.com.mx\/?p=31808","url":"https:\/\/eticacomunica.com.mx\/?p=31808","name":"Autoridades de seguridad, Protecci\u00f3n Civil y cuerpos de auxilio se re\u00fanen para coordinar el Plan General Operativo Semana Santa 2026 - \u00c9tica Comunica","isPartOf":{"@id":"https:\/\/eticacomunica.com.mx\/#website"},"primaryImageOfPage":{"@id":"https:\/\/eticacomunica.com.mx\/?p=31808#primaryimage"},"image":{"@id":"https:\/\/eticacomunica.com.mx\/?p=31808#primaryimage"},"thumbnailUrl":"https:\/\/eticacomunica.com.mx\/wp-content\/uploads\/2026\/03\/FB_IMG_1773363153489.jpg","datePublished":"2026-03-13T00:54:13+00:00","breadcrumb":{"@id":"https:\/\/eticacomunica.com.mx\/?p=31808#breadcrumb"},"inLanguage":"es","potentialAction":[{"@type":"ReadAction","target":["https:\/\/eticacomunica.com.mx\/?p=31808"]}]},{"@type":"ImageObject","inLanguage":"es","@id":"https:\/\/eticacomunica.com.mx\/?p=31808#primaryimage","url":"https:\/\/eticacomunica.com.mx\/wp-content\/uploads\/2026\/03\/FB_IMG_1773363153489.jpg","contentUrl":"https:\/\/eticacomunica.com.mx\/wp-content\/uploads\/2026\/03\/FB_IMG_1773363153489.jpg","width":1080,"height":720},{"@type":"BreadcrumbList","@id":"https:\/\/eticacomunica.com.mx\/?p=31808#breadcrumb","itemListElement":[{"@type":"ListItem","position":1,"name":"Inicio","item":"https:\/\/eticacomunica.com.mx\/"},{"@type":"ListItem","position":2,"name":"Autoridades de seguridad, Protecci\u00f3n Civil y cuerpos de auxilio se re\u00fanen para coordinar el Plan General Operativo Semana Santa 2026"}]},{"@type":"WebSite","@id":"https:\/\/eticacomunica.com.mx\/#website","url":"https:\/\/eticacomunica.com.mx\/","name":"\u00c9tica Comunica","description":"Diario Digital","publisher":{"@id":"https:\/\/eticacomunica.com.mx\/#organization"},"potentialAction":[{"@type":"SearchAction","target":{"@type":"EntryPoint","urlTemplate":"https:\/\/eticacomunica.com.mx\/?s={search_term_string}"},"query-input":{"@type":"PropertyValueSpecification","valueRequired":true,"valueName":"search_term_string"}}],"inLanguage":"es"},{"@type":"Organization","@id":"https:\/\/eticacomunica.com.mx\/#organization","name":"Diarios Digitales de Sinaloa","url":"https:\/\/eticacomunica.com.mx\/","logo":{"@type":"ImageObject","inLanguage":"es","@id":"https:\/\/eticacomunica.com.mx\/#\/schema\/logo\/image\/","url":"https:\/\/eticacomunica.com.mx\/wp-content\/uploads\/2023\/10\/etica-logo.png","contentUrl":"https:\/\/eticacomunica.com.mx\/wp-content\/uploads\/2023\/10\/etica-logo.png","width":1280,"height":432,"caption":"Diarios Digitales de Sinaloa"},"image":{"@id":"https:\/\/eticacomunica.com.mx\/#\/schema\/logo\/image\/"},"sameAs":["https:\/\/www.facebook.com\/eticacomunica"]},{"@type":"Person","@id":"https:\/\/eticacomunica.com.mx\/#\/schema\/person\/2cacc47bd17fe8ad92f08c0313d22fa6","name":"etica","image":{"@type":"ImageObject","inLanguage":"es","@id":"https:\/\/secure.gravatar.com\/avatar\/dfb45d32bc7097f8f06d6e4f6e6b387e7cb8fd5b3a2869265c40587ab62cab1e?s=96&d=mm&r=g","url":"https:\/\/secure.gravatar.com\/avatar\/dfb45d32bc7097f8f06d6e4f6e6b387e7cb8fd5b3a2869265c40587ab62cab1e?s=96&d=mm&r=g","contentUrl":"https:\/\/secure.gravatar.com\/avatar\/dfb45d32bc7097f8f06d6e4f6e6b387e7cb8fd5b3a2869265c40587ab62cab1e?s=96&d=mm&r=g","caption":"etica"},"sameAs":["https:\/\/eticacomunica.com.mx"],"url":"https:\/\/eticacomunica.com.mx\/?author=1"}]}},"jetpack_publicize_connections":[],"jetpack_featured_media_url":"https:\/\/eticacomunica.com.mx\/wp-content\/uploads\/2026\/03\/FB_IMG_1773363153489.jpg","jetpack_sharing_enabled":true,"_links":{"self":[{"href":"https:\/\/eticacomunica.com.mx\/index.php?rest_route=\/wp\/v2\/posts\/31808","targetHints":{"allow":["GET"]}}],"collection":[{"href":"https:\/\/eticacomunica.com.mx\/index.php?rest_route=\/wp\/v2\/posts"}],"about":[{"href":"https:\/\/eticacomunica.com.mx\/index.php?rest_route=\/wp\/v2\/types\/post"}],"author":[{"embeddable":true,"href":"https:\/\/eticacomunica.com.mx\/index.php?rest_route=\/wp\/v2\/users\/1"}],"replies":[{"embeddable":true,"href":"https:\/\/eticacomunica.com.mx\/index.php?rest_route=%2Fwp%2Fv2%2Fcomments&post=31808"}],"version-history":[{"count":0,"href":"https:\/\/eticacomunica.com.mx\/index.php?rest_route=\/wp\/v2\/posts\/31808\/revisions"}],"wp:featuredmedia":[{"embeddable":true,"href":"https:\/\/eticacomunica.com.mx\/index.php?rest_route=\/wp\/v2\/media\/31807"}],"wp:attachment":[{"href":"https:\/\/eticacomunica.com.mx\/index.php?rest_route=%2Fwp%2Fv2%2Fmedia&parent=31808"}],"wp:term":[{"taxonomy":"category","embeddable":true,"href":"https:\/\/eticacomunica.com.mx\/index.php?rest_route=%2Fwp%2Fv2%2Fcategories&post=31808"},{"taxonomy":"post_tag","embeddable":true,"href":"https:\/\/eticacomunica.com.mx\/index.php?rest_route=%2Fwp%2Fv2%2Ftags&post=31808"}],"curies":[{"name":"wp","href":"https:\/\/api.w.org\/{rel}","templated":true}]}}