{"id":31812,"date":"2026-03-12T18:53:39","date_gmt":"2026-03-13T01:53:39","guid":{"rendered":"https:\/\/eticacomunica.com.mx\/?p=31812"},"modified":"2026-03-12T18:53:39","modified_gmt":"2026-03-13T01:53:39","slug":"en-reunion-la-sep-y-el-rector-jesus-maduena-acuerdan-estrategias-de-solucion-para-la-problematica-de-la-uas-y-fortalecer-la-estabilidad-institucional-en-2026","status":"publish","type":"post","link":"https:\/\/eticacomunica.com.mx\/?p=31812","title":{"rendered":"En reuni\u00f3n, la SEP y el Rector Jes\u00fas Madue\u00f1a acuerdan estrategias de soluci\u00f3n para la problem\u00e1tica de la UAS y fortalecer la estabilidad institucional en 2026"},"content":{"rendered":"\n<p>En un encuentro estrat\u00e9gico para garantizar la viabilidad de la educaci\u00f3n superior en Sinaloa, el Rector de la Universidad Aut\u00f3noma de Sinaloa (UAS), doctor Jes\u00fas Madue\u00f1a Molina, sostuvo una reuni\u00f3n de trabajo con el Subsecretario de Educaci\u00f3n Superior de la Secretar\u00eda de Educaci\u00f3n P\u00fablica Federal (SEP), doctor Ricardo Villanueva Lomel\u00ed, as\u00ed como con el doctor Carlos Iv\u00e1n Moreno Arellano, titular de la Direcci\u00f3n General de Educaci\u00f3n Superior Universitaria e Intercultural (DGESUI).<br><br>El objetivo central de la reuni\u00f3n fue analizar la problem\u00e1tica actual de la instituci\u00f3n y establecer rutas de soluci\u00f3n conjuntas entre el Gobierno Federal, el Gobierno Estatal y las autoridades universitarias.<br><br>Lo anterior, en virtud de que el cumplimiento de los compromisos de 2025 con las instituciones de seguridad social ha generado un d\u00e9ficit financiero importante. Esto se traduce en dificultades para afrontar los retos educativos de 2026, por lo cual se ha solicitado, de forma anticipada, apoyo por parte de la Federaci\u00f3n.<br><br>*Prioridades Acad\u00e9micas y Financieras*<br><br>Durante la sesi\u00f3n, Madue\u00f1a Molina present\u00f3 la proyecci\u00f3n del ejercicio 2026, destacando que la universidad mantiene su compromiso con la excelencia. Entre los puntos clave expuestos se encuentran:<br>*\u2022\tIndicadores de Calidad:* Se prioriza el fortalecimiento de la oferta educativa y el mantenimiento de la cobertura total.<br>*\u2022\tDisciplina Administrativa:* Un enfoque riguroso en la gesti\u00f3n de recursos para el pr\u00f3ximo a\u00f1o fiscal.<br><br>*Responsabilidad Institucional y Saneamiento*<br><br>Uno de los puntos m\u00e1s relevantes fue el informe sobre el esfuerzo financiero realizado por la UAS para regularizar su situaci\u00f3n ante organismos federales. El Rector destac\u00f3 el cumplimiento puntual de las obligaciones con:<br>\u2022\tEl Instituto Mexicano del Seguro Social (IMSS).<br>\u2022\tEl Instituto del Fondo Nacional de la Vivienda para los Trabajadores (INFONAVIT).<br>\u2022\tEl Servicio de Administraci\u00f3n Tributaria (SAT).<br><br>*Respaldo de la SEP*<br><br>Por su parte, tanto el doctor Ricardo Villanueva Lomel\u00ed como el doctor Carlos Iv\u00e1n Moreno Arellano, reconocieron el esfuerzo y la transparencia con la que se ha conducido la administraci\u00f3n de la UAS. Tras analizar los avances, los funcionarios federales ratificaron el compromiso de la SEP para apoyar a la &#8220;M\u00e1xima Casa de Estudios&#8221; sinaloense, asegurando que se trabajar\u00e1 de manera coordinada para que la universidad cumpla con sus objetivos acad\u00e9micos y sociales.<br><br>&#8220;La ruta de soluci\u00f3n se construye con la suma de voluntades entre los distintos niveles de gobierno y la autoridad universitaria, siempre en beneficio de los estudiantes y la comunidad, se\u00f1al\u00f3 Villanueva Lomel\u00ed.<\/p>\n","protected":false},"excerpt":{"rendered":"<p>En un encuentro estrat\u00e9gico para garantizar la viabilidad de la educaci\u00f3n superior en Sinaloa, el Rector de la Universidad Aut\u00f3noma de Sinaloa (UAS), doctor Jes\u00fas Madue\u00f1a Molina, sostuvo una reuni\u00f3n&hellip;<\/p>\n","protected":false},"author":1,"featured_media":31811,"comment_status":"open","ping_status":"open","sticky":false,"template":"","format":"standard","meta":{"_jetpack_memberships_contains_paid_content":false,"footnotes":"","jetpack_publicize_message":"","jetpack_publicize_feature_enabled":true,"jetpack_social_post_already_shared":true,"jetpack_social_options":{"image_generator_settings":{"template":"highway","default_image_id":0,"font":"","enabled":false},"version":2}},"categories":[40,26],"tags":[41],"class_list":["post-31812","post","type-post","status-publish","format-standard","has-post-thumbnail","hentry","category-educacion","category-portada","tag-uas"],"yoast_head":"<!-- This site is optimized with the Yoast SEO plugin v27.2 - https:\/\/yoast.com\/product\/yoast-seo-wordpress\/ -->\n<title>En reuni\u00f3n, la SEP y el Rector Jes\u00fas Madue\u00f1a acuerdan estrategias de soluci\u00f3n para la problem\u00e1tica de la UAS y fortalecer la estabilidad institucional en 2026 - \u00c9tica Comunica<\/title>\n<meta name=\"robots\" content=\"index, follow, max-snippet:-1, max-image-preview:large, max-video-preview:-1\" \/>\n<link rel=\"canonical\" href=\"https:\/\/eticacomunica.com.mx\/?p=31812\" \/>\n<meta property=\"og:locale\" content=\"es_MX\" \/>\n<meta property=\"og:type\" content=\"article\" \/>\n<meta property=\"og:title\" content=\"En reuni\u00f3n, la SEP y el Rector Jes\u00fas Madue\u00f1a acuerdan estrategias de soluci\u00f3n para la problem\u00e1tica de la UAS y fortalecer la estabilidad institucional en 2026 - \u00c9tica Comunica\" \/>\n<meta property=\"og:description\" content=\"En un encuentro estrat\u00e9gico para garantizar la viabilidad de la educaci\u00f3n superior en Sinaloa, el Rector de la Universidad Aut\u00f3noma de Sinaloa (UAS), doctor Jes\u00fas Madue\u00f1a Molina, sostuvo una reuni\u00f3n&hellip;\" \/>\n<meta property=\"og:url\" content=\"https:\/\/eticacomunica.com.mx\/?p=31812\" \/>\n<meta property=\"og:site_name\" content=\"\u00c9tica Comunica\" \/>\n<meta property=\"article:publisher\" content=\"https:\/\/www.facebook.com\/eticacomunica\" \/>\n<meta property=\"article:published_time\" content=\"2026-03-13T01:53:39+00:00\" \/>\n<meta name=\"author\" content=\"etica\" \/>\n<meta name=\"twitter:card\" content=\"summary_large_image\" \/>\n<meta name=\"twitter:label1\" content=\"Escrito por\" \/>\n\t<meta name=\"twitter:data1\" content=\"etica\" \/>\n\t<meta name=\"twitter:label2\" content=\"Tiempo de lectura\" \/>\n\t<meta name=\"twitter:data2\" content=\"2 minutos\" \/>\n<script type=\"application\/ld+json\" class=\"yoast-schema-graph\">{\"@context\":\"https:\/\/schema.org\",\"@graph\":[{\"@type\":\"Article\",\"@id\":\"https:\/\/eticacomunica.com.mx\/?p=31812#article\",\"isPartOf\":{\"@id\":\"https:\/\/eticacomunica.com.mx\/?p=31812\"},\"author\":{\"name\":\"etica\",\"@id\":\"https:\/\/eticacomunica.com.mx\/#\/schema\/person\/2cacc47bd17fe8ad92f08c0313d22fa6\"},\"headline\":\"En reuni\u00f3n, la SEP y el Rector Jes\u00fas Madue\u00f1a acuerdan estrategias de soluci\u00f3n para la problem\u00e1tica de la UAS y fortalecer la estabilidad institucional en 2026\",\"datePublished\":\"2026-03-13T01:53:39+00:00\",\"mainEntityOfPage\":{\"@id\":\"https:\/\/eticacomunica.com.mx\/?p=31812\"},\"wordCount\":454,\"commentCount\":0,\"publisher\":{\"@id\":\"https:\/\/eticacomunica.com.mx\/#organization\"},\"image\":{\"@id\":\"https:\/\/eticacomunica.com.mx\/?p=31812#primaryimage\"},\"thumbnailUrl\":\"https:\/\/eticacomunica.com.mx\/wp-content\/uploads\/2026\/03\/IMG-20260312-WA0077.jpg\",\"keywords\":[\"UAS\"],\"articleSection\":[\"Educaci\u00f3n\",\"Portada\"],\"inLanguage\":\"es\",\"potentialAction\":[{\"@type\":\"CommentAction\",\"name\":\"Comment\",\"target\":[\"https:\/\/eticacomunica.com.mx\/?p=31812#respond\"]}]},{\"@type\":\"WebPage\",\"@id\":\"https:\/\/eticacomunica.com.mx\/?p=31812\",\"url\":\"https:\/\/eticacomunica.com.mx\/?p=31812\",\"name\":\"En reuni\u00f3n, la SEP y el Rector Jes\u00fas Madue\u00f1a acuerdan estrategias de soluci\u00f3n para la problem\u00e1tica de la UAS y fortalecer la estabilidad institucional en 2026 - \u00c9tica Comunica\",\"isPartOf\":{\"@id\":\"https:\/\/eticacomunica.com.mx\/#website\"},\"primaryImageOfPage\":{\"@id\":\"https:\/\/eticacomunica.com.mx\/?p=31812#primaryimage\"},\"image\":{\"@id\":\"https:\/\/eticacomunica.com.mx\/?p=31812#primaryimage\"},\"thumbnailUrl\":\"https:\/\/eticacomunica.com.mx\/wp-content\/uploads\/2026\/03\/IMG-20260312-WA0077.jpg\",\"datePublished\":\"2026-03-13T01:53:39+00:00\",\"breadcrumb\":{\"@id\":\"https:\/\/eticacomunica.com.mx\/?p=31812#breadcrumb\"},\"inLanguage\":\"es\",\"potentialAction\":[{\"@type\":\"ReadAction\",\"target\":[\"https:\/\/eticacomunica.com.mx\/?p=31812\"]}]},{\"@type\":\"ImageObject\",\"inLanguage\":\"es\",\"@id\":\"https:\/\/eticacomunica.com.mx\/?p=31812#primaryimage\",\"url\":\"https:\/\/eticacomunica.com.mx\/wp-content\/uploads\/2026\/03\/IMG-20260312-WA0077.jpg\",\"contentUrl\":\"https:\/\/eticacomunica.com.mx\/wp-content\/uploads\/2026\/03\/IMG-20260312-WA0077.jpg\",\"width\":1153,\"height\":692},{\"@type\":\"BreadcrumbList\",\"@id\":\"https:\/\/eticacomunica.com.mx\/?p=31812#breadcrumb\",\"itemListElement\":[{\"@type\":\"ListItem\",\"position\":1,\"name\":\"Inicio\",\"item\":\"https:\/\/eticacomunica.com.mx\/\"},{\"@type\":\"ListItem\",\"position\":2,\"name\":\"En reuni\u00f3n, la SEP y el Rector Jes\u00fas Madue\u00f1a acuerdan estrategias de soluci\u00f3n para la problem\u00e1tica de la UAS y fortalecer la estabilidad institucional en 2026\"}]},{\"@type\":\"WebSite\",\"@id\":\"https:\/\/eticacomunica.com.mx\/#website\",\"url\":\"https:\/\/eticacomunica.com.mx\/\",\"name\":\"\u00c9tica Comunica\",\"description\":\"Diario Digital\",\"publisher\":{\"@id\":\"https:\/\/eticacomunica.com.mx\/#organization\"},\"potentialAction\":[{\"@type\":\"SearchAction\",\"target\":{\"@type\":\"EntryPoint\",\"urlTemplate\":\"https:\/\/eticacomunica.com.mx\/?s={search_term_string}\"},\"query-input\":{\"@type\":\"PropertyValueSpecification\",\"valueRequired\":true,\"valueName\":\"search_term_string\"}}],\"inLanguage\":\"es\"},{\"@type\":\"Organization\",\"@id\":\"https:\/\/eticacomunica.com.mx\/#organization\",\"name\":\"Diarios Digitales de Sinaloa\",\"url\":\"https:\/\/eticacomunica.com.mx\/\",\"logo\":{\"@type\":\"ImageObject\",\"inLanguage\":\"es\",\"@id\":\"https:\/\/eticacomunica.com.mx\/#\/schema\/logo\/image\/\",\"url\":\"https:\/\/eticacomunica.com.mx\/wp-content\/uploads\/2023\/10\/etica-logo.png\",\"contentUrl\":\"https:\/\/eticacomunica.com.mx\/wp-content\/uploads\/2023\/10\/etica-logo.png\",\"width\":1280,\"height\":432,\"caption\":\"Diarios Digitales de Sinaloa\"},\"image\":{\"@id\":\"https:\/\/eticacomunica.com.mx\/#\/schema\/logo\/image\/\"},\"sameAs\":[\"https:\/\/www.facebook.com\/eticacomunica\"]},{\"@type\":\"Person\",\"@id\":\"https:\/\/eticacomunica.com.mx\/#\/schema\/person\/2cacc47bd17fe8ad92f08c0313d22fa6\",\"name\":\"etica\",\"image\":{\"@type\":\"ImageObject\",\"inLanguage\":\"es\",\"@id\":\"https:\/\/secure.gravatar.com\/avatar\/dfb45d32bc7097f8f06d6e4f6e6b387e7cb8fd5b3a2869265c40587ab62cab1e?s=96&d=mm&r=g\",\"url\":\"https:\/\/secure.gravatar.com\/avatar\/dfb45d32bc7097f8f06d6e4f6e6b387e7cb8fd5b3a2869265c40587ab62cab1e?s=96&d=mm&r=g\",\"contentUrl\":\"https:\/\/secure.gravatar.com\/avatar\/dfb45d32bc7097f8f06d6e4f6e6b387e7cb8fd5b3a2869265c40587ab62cab1e?s=96&d=mm&r=g\",\"caption\":\"etica\"},\"sameAs\":[\"https:\/\/eticacomunica.com.mx\"],\"url\":\"https:\/\/eticacomunica.com.mx\/?author=1\"}]}<\/script>\n<!-- \/ Yoast SEO plugin. -->","yoast_head_json":{"title":"En reuni\u00f3n, la SEP y el Rector Jes\u00fas Madue\u00f1a acuerdan estrategias de soluci\u00f3n para la problem\u00e1tica de la UAS y fortalecer la estabilidad institucional en 2026 - \u00c9tica Comunica","robots":{"index":"index","follow":"follow","max-snippet":"max-snippet:-1","max-image-preview":"max-image-preview:large","max-video-preview":"max-video-preview:-1"},"canonical":"https:\/\/eticacomunica.com.mx\/?p=31812","og_locale":"es_MX","og_type":"article","og_title":"En reuni\u00f3n, la SEP y el Rector Jes\u00fas Madue\u00f1a acuerdan estrategias de soluci\u00f3n para la problem\u00e1tica de la UAS y fortalecer la estabilidad institucional en 2026 - \u00c9tica Comunica","og_description":"En un encuentro estrat\u00e9gico para garantizar la viabilidad de la educaci\u00f3n superior en Sinaloa, el Rector de la Universidad Aut\u00f3noma de Sinaloa (UAS), doctor Jes\u00fas Madue\u00f1a Molina, sostuvo una reuni\u00f3n&hellip;","og_url":"https:\/\/eticacomunica.com.mx\/?p=31812","og_site_name":"\u00c9tica Comunica","article_publisher":"https:\/\/www.facebook.com\/eticacomunica","article_published_time":"2026-03-13T01:53:39+00:00","author":"etica","twitter_card":"summary_large_image","twitter_misc":{"Escrito por":"etica","Tiempo de lectura":"2 minutos"},"schema":{"@context":"https:\/\/schema.org","@graph":[{"@type":"Article","@id":"https:\/\/eticacomunica.com.mx\/?p=31812#article","isPartOf":{"@id":"https:\/\/eticacomunica.com.mx\/?p=31812"},"author":{"name":"etica","@id":"https:\/\/eticacomunica.com.mx\/#\/schema\/person\/2cacc47bd17fe8ad92f08c0313d22fa6"},"headline":"En reuni\u00f3n, la SEP y el Rector Jes\u00fas Madue\u00f1a acuerdan estrategias de soluci\u00f3n para la problem\u00e1tica de la UAS y fortalecer la estabilidad institucional en 2026","datePublished":"2026-03-13T01:53:39+00:00","mainEntityOfPage":{"@id":"https:\/\/eticacomunica.com.mx\/?p=31812"},"wordCount":454,"commentCount":0,"publisher":{"@id":"https:\/\/eticacomunica.com.mx\/#organization"},"image":{"@id":"https:\/\/eticacomunica.com.mx\/?p=31812#primaryimage"},"thumbnailUrl":"https:\/\/eticacomunica.com.mx\/wp-content\/uploads\/2026\/03\/IMG-20260312-WA0077.jpg","keywords":["UAS"],"articleSection":["Educaci\u00f3n","Portada"],"inLanguage":"es","potentialAction":[{"@type":"CommentAction","name":"Comment","target":["https:\/\/eticacomunica.com.mx\/?p=31812#respond"]}]},{"@type":"WebPage","@id":"https:\/\/eticacomunica.com.mx\/?p=31812","url":"https:\/\/eticacomunica.com.mx\/?p=31812","name":"En reuni\u00f3n, la SEP y el Rector Jes\u00fas Madue\u00f1a acuerdan estrategias de soluci\u00f3n para la problem\u00e1tica de la UAS y fortalecer la estabilidad institucional en 2026 - \u00c9tica Comunica","isPartOf":{"@id":"https:\/\/eticacomunica.com.mx\/#website"},"primaryImageOfPage":{"@id":"https:\/\/eticacomunica.com.mx\/?p=31812#primaryimage"},"image":{"@id":"https:\/\/eticacomunica.com.mx\/?p=31812#primaryimage"},"thumbnailUrl":"https:\/\/eticacomunica.com.mx\/wp-content\/uploads\/2026\/03\/IMG-20260312-WA0077.jpg","datePublished":"2026-03-13T01:53:39+00:00","breadcrumb":{"@id":"https:\/\/eticacomunica.com.mx\/?p=31812#breadcrumb"},"inLanguage":"es","potentialAction":[{"@type":"ReadAction","target":["https:\/\/eticacomunica.com.mx\/?p=31812"]}]},{"@type":"ImageObject","inLanguage":"es","@id":"https:\/\/eticacomunica.com.mx\/?p=31812#primaryimage","url":"https:\/\/eticacomunica.com.mx\/wp-content\/uploads\/2026\/03\/IMG-20260312-WA0077.jpg","contentUrl":"https:\/\/eticacomunica.com.mx\/wp-content\/uploads\/2026\/03\/IMG-20260312-WA0077.jpg","width":1153,"height":692},{"@type":"BreadcrumbList","@id":"https:\/\/eticacomunica.com.mx\/?p=31812#breadcrumb","itemListElement":[{"@type":"ListItem","position":1,"name":"Inicio","item":"https:\/\/eticacomunica.com.mx\/"},{"@type":"ListItem","position":2,"name":"En reuni\u00f3n, la SEP y el Rector Jes\u00fas Madue\u00f1a acuerdan estrategias de soluci\u00f3n para la problem\u00e1tica de la UAS y fortalecer la estabilidad institucional en 2026"}]},{"@type":"WebSite","@id":"https:\/\/eticacomunica.com.mx\/#website","url":"https:\/\/eticacomunica.com.mx\/","name":"\u00c9tica Comunica","description":"Diario Digital","publisher":{"@id":"https:\/\/eticacomunica.com.mx\/#organization"},"potentialAction":[{"@type":"SearchAction","target":{"@type":"EntryPoint","urlTemplate":"https:\/\/eticacomunica.com.mx\/?s={search_term_string}"},"query-input":{"@type":"PropertyValueSpecification","valueRequired":true,"valueName":"search_term_string"}}],"inLanguage":"es"},{"@type":"Organization","@id":"https:\/\/eticacomunica.com.mx\/#organization","name":"Diarios Digitales de Sinaloa","url":"https:\/\/eticacomunica.com.mx\/","logo":{"@type":"ImageObject","inLanguage":"es","@id":"https:\/\/eticacomunica.com.mx\/#\/schema\/logo\/image\/","url":"https:\/\/eticacomunica.com.mx\/wp-content\/uploads\/2023\/10\/etica-logo.png","contentUrl":"https:\/\/eticacomunica.com.mx\/wp-content\/uploads\/2023\/10\/etica-logo.png","width":1280,"height":432,"caption":"Diarios Digitales de Sinaloa"},"image":{"@id":"https:\/\/eticacomunica.com.mx\/#\/schema\/logo\/image\/"},"sameAs":["https:\/\/www.facebook.com\/eticacomunica"]},{"@type":"Person","@id":"https:\/\/eticacomunica.com.mx\/#\/schema\/person\/2cacc47bd17fe8ad92f08c0313d22fa6","name":"etica","image":{"@type":"ImageObject","inLanguage":"es","@id":"https:\/\/secure.gravatar.com\/avatar\/dfb45d32bc7097f8f06d6e4f6e6b387e7cb8fd5b3a2869265c40587ab62cab1e?s=96&d=mm&r=g","url":"https:\/\/secure.gravatar.com\/avatar\/dfb45d32bc7097f8f06d6e4f6e6b387e7cb8fd5b3a2869265c40587ab62cab1e?s=96&d=mm&r=g","contentUrl":"https:\/\/secure.gravatar.com\/avatar\/dfb45d32bc7097f8f06d6e4f6e6b387e7cb8fd5b3a2869265c40587ab62cab1e?s=96&d=mm&r=g","caption":"etica"},"sameAs":["https:\/\/eticacomunica.com.mx"],"url":"https:\/\/eticacomunica.com.mx\/?author=1"}]}},"jetpack_publicize_connections":[],"jetpack_featured_media_url":"https:\/\/eticacomunica.com.mx\/wp-content\/uploads\/2026\/03\/IMG-20260312-WA0077.jpg","jetpack_sharing_enabled":true,"_links":{"self":[{"href":"https:\/\/eticacomunica.com.mx\/index.php?rest_route=\/wp\/v2\/posts\/31812","targetHints":{"allow":["GET"]}}],"collection":[{"href":"https:\/\/eticacomunica.com.mx\/index.php?rest_route=\/wp\/v2\/posts"}],"about":[{"href":"https:\/\/eticacomunica.com.mx\/index.php?rest_route=\/wp\/v2\/types\/post"}],"author":[{"embeddable":true,"href":"https:\/\/eticacomunica.com.mx\/index.php?rest_route=\/wp\/v2\/users\/1"}],"replies":[{"embeddable":true,"href":"https:\/\/eticacomunica.com.mx\/index.php?rest_route=%2Fwp%2Fv2%2Fcomments&post=31812"}],"version-history":[{"count":0,"href":"https:\/\/eticacomunica.com.mx\/index.php?rest_route=\/wp\/v2\/posts\/31812\/revisions"}],"wp:featuredmedia":[{"embeddable":true,"href":"https:\/\/eticacomunica.com.mx\/index.php?rest_route=\/wp\/v2\/media\/31811"}],"wp:attachment":[{"href":"https:\/\/eticacomunica.com.mx\/index.php?rest_route=%2Fwp%2Fv2%2Fmedia&parent=31812"}],"wp:term":[{"taxonomy":"category","embeddable":true,"href":"https:\/\/eticacomunica.com.mx\/index.php?rest_route=%2Fwp%2Fv2%2Fcategories&post=31812"},{"taxonomy":"post_tag","embeddable":true,"href":"https:\/\/eticacomunica.com.mx\/index.php?rest_route=%2Fwp%2Fv2%2Ftags&post=31812"}],"curies":[{"name":"wp","href":"https:\/\/api.w.org\/{rel}","templated":true}]}}