{"id":31816,"date":"2026-03-12T19:26:46","date_gmt":"2026-03-13T02:26:46","guid":{"rendered":"https:\/\/eticacomunica.com.mx\/?p=31816"},"modified":"2026-03-12T19:26:46","modified_gmt":"2026-03-13T02:26:46","slug":"entregan-tarjetas-del-programa-bienpesca-a-pescadoras-y-pescadores-en-el-cerro-cabezon-juan-jose-rios","status":"publish","type":"post","link":"https:\/\/eticacomunica.com.mx\/?p=31816","title":{"rendered":"Entregan tarjetas del programa Bienpesca a pescadoras y pescadores en El Cerro Cabez\u00f3n, Juan Jos\u00e9 R\u00edos"},"content":{"rendered":"\n<p>En este municipio se estar\u00e1n entregando alrededor de 1,500 tarjetas a pescadoras y pescadores beneficiarios del programa.<br><br>El Cerro Cabez\u00f3n, Juan Jos\u00e9 R\u00edos, Sinaloa a 12 de marzo de 2026.\u2013 Pescadoras y pescadores del campo pesquero El Cerro Cabez\u00f3n, en el municipio de Juan Jos\u00e9 R\u00edos, recibieron la renovaci\u00f3n de sus tarjetas del Banco del Bienestar como parte del programa Bienpesca, un apoyo impulsado por el Gobierno de M\u00e9xico para fortalecer la econom\u00eda de las familias que dependen de esta actividad.<br><br>Durante el encuentro con beneficiarios, la secretaria de Pesca y Acuacultura del Gobierno del Estado, Flor Emilia Guerra Mena, particip\u00f3 en la entrega de tarjetas, reiterando el compromiso del gobernador, Rub\u00e9n Rocha Moya, de seguir respaldando al sector pesquero sinaloense:<br><br>\u201cTodos estos programas sociales de nuestro gobierno humanista, nuestro gobierno con sentido social, porque queremos que todo lo que se recaude de impuestos se le regrese al pueblo y que sean programas que realmente atiendan las necesidades, como Gobierno del Estado, como Secretar\u00eda de Pesca, los estamos respaldando, somos el estado que destina m\u00e1s recursos a la pesca\u201d, expres\u00f3.<br><br>La entrega fue encabezada por el delegado de Programas para el Bienestar en Sinaloa, Ulises Pi\u00f1a, quien inform\u00f3 que en este municipio se estar\u00e1n entregando alrededor de 1,500 tarjetas a pescadoras y pescadores beneficiarios del programa.<br><br>Asimismo, se\u00f1al\u00f3 que este a\u00f1o la presidenta Claudia Sheinbaum increment\u00f3 el apoyo federal de 7,500 a 8,000 pesos, recurso que ser\u00e1 otorgado durante el pr\u00f3ximo mes de abril. Adem\u00e1s, destac\u00f3 que en Sinaloa se cuenta tambi\u00e9n con el programa Bienpesca Estatal, que consiste en un apoyo adicional de 3,750 pesos, el cual se entrega entre los meses de septiembre y octubre.<br><br>Con ambos apoyos, explic\u00f3, las y los beneficiarios recibir\u00e1n en total 11,750 pesos, lo que representa un respaldo importante para las familias que viven de la pesca.<br>Este apoyo econ\u00f3mico contribuye al bienestar de las comunidades pesqueras, fortaleciendo una actividad productiva fundamental para la econom\u00eda y la alimentaci\u00f3n del pa\u00eds.<br><br>Asimismo, la alcaldesa de Juan Jos\u00e9 R\u00edos, Evangelina Llanes, agradeci\u00f3 el apoyo de la presidenta Claudia Sheinbaum y del gobernador Rub\u00e9n Rocha Moya por mantener el compromiso de trabajar de manera coordinada para que los programas de bienestar contin\u00faen llegando a las familias que viven del mar:<br><br>\u201cSiempre hemos agradecido a nuestros gobiernos, sobretdo federal, que se fij\u00f3 en nosotros, en los pescadores, en dar un beneficio que en este caso es el Bienpesca, agradecer mucho a nuestro gobernador, Rub\u00e9n Rocha Moya, que implement\u00f3 tambi\u00e9n el Bienpesca Estatal, creo que eso es lo m\u00e1s gratificante que puede haber, que volteen nuestros gobiernos para el bienestar de todas y todos ustedes\u201d, expres\u00f3.<br><br>Para finalizar, Argelia Castro y Jorge Pinz\u00f3n, representantes de las y los pescadores de El Cerro Cabez\u00f3n, agradecieron a las autoridades por la entrega de este apoyo, destacando que el programa Bienpesca representa un respaldo importante para las familias que dependen de la actividad pesquera y contribuye al bienestar de sus comunidades.<\/p>\n","protected":false},"excerpt":{"rendered":"<p>En este municipio se estar\u00e1n entregando alrededor de 1,500 tarjetas a pescadoras y pescadores beneficiarios del programa. El Cerro Cabez\u00f3n, Juan Jos\u00e9 R\u00edos, Sinaloa a 12 de marzo de 2026.\u2013&hellip;<\/p>\n","protected":false},"author":1,"featured_media":31815,"comment_status":"open","ping_status":"open","sticky":false,"template":"","format":"standard","meta":{"_jetpack_memberships_contains_paid_content":false,"footnotes":"","jetpack_publicize_message":"","jetpack_publicize_feature_enabled":true,"jetpack_social_post_already_shared":true,"jetpack_social_options":{"image_generator_settings":{"template":"highway","default_image_id":0,"font":"","enabled":false},"version":2}},"categories":[24],"tags":[34],"class_list":["post-31816","post","type-post","status-publish","format-standard","has-post-thumbnail","hentry","category-estados","tag-gobierno-del-estado-de-sinaloa"],"yoast_head":"<!-- This site is optimized with the Yoast SEO plugin v27.2 - https:\/\/yoast.com\/product\/yoast-seo-wordpress\/ -->\n<title>Entregan tarjetas del programa Bienpesca a pescadoras y pescadores en El Cerro Cabez\u00f3n, Juan Jos\u00e9 R\u00edos - \u00c9tica Comunica<\/title>\n<meta name=\"robots\" content=\"index, follow, max-snippet:-1, max-image-preview:large, max-video-preview:-1\" \/>\n<link rel=\"canonical\" href=\"https:\/\/eticacomunica.com.mx\/?p=31816\" \/>\n<meta property=\"og:locale\" content=\"es_MX\" \/>\n<meta property=\"og:type\" content=\"article\" \/>\n<meta property=\"og:title\" content=\"Entregan tarjetas del programa Bienpesca a pescadoras y pescadores en El Cerro Cabez\u00f3n, Juan Jos\u00e9 R\u00edos - \u00c9tica Comunica\" \/>\n<meta property=\"og:description\" content=\"En este municipio se estar\u00e1n entregando alrededor de 1,500 tarjetas a pescadoras y pescadores beneficiarios del programa. El Cerro Cabez\u00f3n, Juan Jos\u00e9 R\u00edos, Sinaloa a 12 de marzo de 2026.\u2013&hellip;\" \/>\n<meta property=\"og:url\" content=\"https:\/\/eticacomunica.com.mx\/?p=31816\" \/>\n<meta property=\"og:site_name\" content=\"\u00c9tica Comunica\" \/>\n<meta property=\"article:publisher\" content=\"https:\/\/www.facebook.com\/eticacomunica\" \/>\n<meta property=\"article:published_time\" content=\"2026-03-13T02:26:46+00:00\" \/>\n<meta name=\"author\" content=\"etica\" \/>\n<meta name=\"twitter:card\" content=\"summary_large_image\" \/>\n<meta name=\"twitter:label1\" content=\"Escrito por\" \/>\n\t<meta name=\"twitter:data1\" content=\"etica\" \/>\n\t<meta name=\"twitter:label2\" content=\"Tiempo de lectura\" \/>\n\t<meta name=\"twitter:data2\" content=\"3 minutos\" \/>\n<script type=\"application\/ld+json\" class=\"yoast-schema-graph\">{\"@context\":\"https:\/\/schema.org\",\"@graph\":[{\"@type\":\"Article\",\"@id\":\"https:\/\/eticacomunica.com.mx\/?p=31816#article\",\"isPartOf\":{\"@id\":\"https:\/\/eticacomunica.com.mx\/?p=31816\"},\"author\":{\"name\":\"etica\",\"@id\":\"https:\/\/eticacomunica.com.mx\/#\/schema\/person\/2cacc47bd17fe8ad92f08c0313d22fa6\"},\"headline\":\"Entregan tarjetas del programa Bienpesca a pescadoras y pescadores en El Cerro Cabez\u00f3n, Juan Jos\u00e9 R\u00edos\",\"datePublished\":\"2026-03-13T02:26:46+00:00\",\"mainEntityOfPage\":{\"@id\":\"https:\/\/eticacomunica.com.mx\/?p=31816\"},\"wordCount\":531,\"commentCount\":0,\"publisher\":{\"@id\":\"https:\/\/eticacomunica.com.mx\/#organization\"},\"image\":{\"@id\":\"https:\/\/eticacomunica.com.mx\/?p=31816#primaryimage\"},\"thumbnailUrl\":\"https:\/\/eticacomunica.com.mx\/wp-content\/uploads\/2026\/03\/IMG-20260312-WA0078.jpg\",\"keywords\":[\"Gobierno del Estado de Sinaloa\"],\"articleSection\":[\"Estados\"],\"inLanguage\":\"es\",\"potentialAction\":[{\"@type\":\"CommentAction\",\"name\":\"Comment\",\"target\":[\"https:\/\/eticacomunica.com.mx\/?p=31816#respond\"]}]},{\"@type\":\"WebPage\",\"@id\":\"https:\/\/eticacomunica.com.mx\/?p=31816\",\"url\":\"https:\/\/eticacomunica.com.mx\/?p=31816\",\"name\":\"Entregan tarjetas del programa Bienpesca a pescadoras y pescadores en El Cerro Cabez\u00f3n, Juan Jos\u00e9 R\u00edos - \u00c9tica Comunica\",\"isPartOf\":{\"@id\":\"https:\/\/eticacomunica.com.mx\/#website\"},\"primaryImageOfPage\":{\"@id\":\"https:\/\/eticacomunica.com.mx\/?p=31816#primaryimage\"},\"image\":{\"@id\":\"https:\/\/eticacomunica.com.mx\/?p=31816#primaryimage\"},\"thumbnailUrl\":\"https:\/\/eticacomunica.com.mx\/wp-content\/uploads\/2026\/03\/IMG-20260312-WA0078.jpg\",\"datePublished\":\"2026-03-13T02:26:46+00:00\",\"breadcrumb\":{\"@id\":\"https:\/\/eticacomunica.com.mx\/?p=31816#breadcrumb\"},\"inLanguage\":\"es\",\"potentialAction\":[{\"@type\":\"ReadAction\",\"target\":[\"https:\/\/eticacomunica.com.mx\/?p=31816\"]}]},{\"@type\":\"ImageObject\",\"inLanguage\":\"es\",\"@id\":\"https:\/\/eticacomunica.com.mx\/?p=31816#primaryimage\",\"url\":\"https:\/\/eticacomunica.com.mx\/wp-content\/uploads\/2026\/03\/IMG-20260312-WA0078.jpg\",\"contentUrl\":\"https:\/\/eticacomunica.com.mx\/wp-content\/uploads\/2026\/03\/IMG-20260312-WA0078.jpg\",\"width\":1600,\"height\":1066},{\"@type\":\"BreadcrumbList\",\"@id\":\"https:\/\/eticacomunica.com.mx\/?p=31816#breadcrumb\",\"itemListElement\":[{\"@type\":\"ListItem\",\"position\":1,\"name\":\"Inicio\",\"item\":\"https:\/\/eticacomunica.com.mx\/\"},{\"@type\":\"ListItem\",\"position\":2,\"name\":\"Entregan tarjetas del programa Bienpesca a pescadoras y pescadores en El Cerro Cabez\u00f3n, Juan Jos\u00e9 R\u00edos\"}]},{\"@type\":\"WebSite\",\"@id\":\"https:\/\/eticacomunica.com.mx\/#website\",\"url\":\"https:\/\/eticacomunica.com.mx\/\",\"name\":\"\u00c9tica Comunica\",\"description\":\"Diario Digital\",\"publisher\":{\"@id\":\"https:\/\/eticacomunica.com.mx\/#organization\"},\"potentialAction\":[{\"@type\":\"SearchAction\",\"target\":{\"@type\":\"EntryPoint\",\"urlTemplate\":\"https:\/\/eticacomunica.com.mx\/?s={search_term_string}\"},\"query-input\":{\"@type\":\"PropertyValueSpecification\",\"valueRequired\":true,\"valueName\":\"search_term_string\"}}],\"inLanguage\":\"es\"},{\"@type\":\"Organization\",\"@id\":\"https:\/\/eticacomunica.com.mx\/#organization\",\"name\":\"Diarios Digitales de Sinaloa\",\"url\":\"https:\/\/eticacomunica.com.mx\/\",\"logo\":{\"@type\":\"ImageObject\",\"inLanguage\":\"es\",\"@id\":\"https:\/\/eticacomunica.com.mx\/#\/schema\/logo\/image\/\",\"url\":\"https:\/\/eticacomunica.com.mx\/wp-content\/uploads\/2023\/10\/etica-logo.png\",\"contentUrl\":\"https:\/\/eticacomunica.com.mx\/wp-content\/uploads\/2023\/10\/etica-logo.png\",\"width\":1280,\"height\":432,\"caption\":\"Diarios Digitales de Sinaloa\"},\"image\":{\"@id\":\"https:\/\/eticacomunica.com.mx\/#\/schema\/logo\/image\/\"},\"sameAs\":[\"https:\/\/www.facebook.com\/eticacomunica\"]},{\"@type\":\"Person\",\"@id\":\"https:\/\/eticacomunica.com.mx\/#\/schema\/person\/2cacc47bd17fe8ad92f08c0313d22fa6\",\"name\":\"etica\",\"image\":{\"@type\":\"ImageObject\",\"inLanguage\":\"es\",\"@id\":\"https:\/\/secure.gravatar.com\/avatar\/dfb45d32bc7097f8f06d6e4f6e6b387e7cb8fd5b3a2869265c40587ab62cab1e?s=96&d=mm&r=g\",\"url\":\"https:\/\/secure.gravatar.com\/avatar\/dfb45d32bc7097f8f06d6e4f6e6b387e7cb8fd5b3a2869265c40587ab62cab1e?s=96&d=mm&r=g\",\"contentUrl\":\"https:\/\/secure.gravatar.com\/avatar\/dfb45d32bc7097f8f06d6e4f6e6b387e7cb8fd5b3a2869265c40587ab62cab1e?s=96&d=mm&r=g\",\"caption\":\"etica\"},\"sameAs\":[\"https:\/\/eticacomunica.com.mx\"],\"url\":\"https:\/\/eticacomunica.com.mx\/?author=1\"}]}<\/script>\n<!-- \/ Yoast SEO plugin. -->","yoast_head_json":{"title":"Entregan tarjetas del programa Bienpesca a pescadoras y pescadores en El Cerro Cabez\u00f3n, Juan Jos\u00e9 R\u00edos - \u00c9tica Comunica","robots":{"index":"index","follow":"follow","max-snippet":"max-snippet:-1","max-image-preview":"max-image-preview:large","max-video-preview":"max-video-preview:-1"},"canonical":"https:\/\/eticacomunica.com.mx\/?p=31816","og_locale":"es_MX","og_type":"article","og_title":"Entregan tarjetas del programa Bienpesca a pescadoras y pescadores en El Cerro Cabez\u00f3n, Juan Jos\u00e9 R\u00edos - \u00c9tica Comunica","og_description":"En este municipio se estar\u00e1n entregando alrededor de 1,500 tarjetas a pescadoras y pescadores beneficiarios del programa. El Cerro Cabez\u00f3n, Juan Jos\u00e9 R\u00edos, Sinaloa a 12 de marzo de 2026.\u2013&hellip;","og_url":"https:\/\/eticacomunica.com.mx\/?p=31816","og_site_name":"\u00c9tica Comunica","article_publisher":"https:\/\/www.facebook.com\/eticacomunica","article_published_time":"2026-03-13T02:26:46+00:00","author":"etica","twitter_card":"summary_large_image","twitter_misc":{"Escrito por":"etica","Tiempo de lectura":"3 minutos"},"schema":{"@context":"https:\/\/schema.org","@graph":[{"@type":"Article","@id":"https:\/\/eticacomunica.com.mx\/?p=31816#article","isPartOf":{"@id":"https:\/\/eticacomunica.com.mx\/?p=31816"},"author":{"name":"etica","@id":"https:\/\/eticacomunica.com.mx\/#\/schema\/person\/2cacc47bd17fe8ad92f08c0313d22fa6"},"headline":"Entregan tarjetas del programa Bienpesca a pescadoras y pescadores en El Cerro Cabez\u00f3n, Juan Jos\u00e9 R\u00edos","datePublished":"2026-03-13T02:26:46+00:00","mainEntityOfPage":{"@id":"https:\/\/eticacomunica.com.mx\/?p=31816"},"wordCount":531,"commentCount":0,"publisher":{"@id":"https:\/\/eticacomunica.com.mx\/#organization"},"image":{"@id":"https:\/\/eticacomunica.com.mx\/?p=31816#primaryimage"},"thumbnailUrl":"https:\/\/eticacomunica.com.mx\/wp-content\/uploads\/2026\/03\/IMG-20260312-WA0078.jpg","keywords":["Gobierno del Estado de Sinaloa"],"articleSection":["Estados"],"inLanguage":"es","potentialAction":[{"@type":"CommentAction","name":"Comment","target":["https:\/\/eticacomunica.com.mx\/?p=31816#respond"]}]},{"@type":"WebPage","@id":"https:\/\/eticacomunica.com.mx\/?p=31816","url":"https:\/\/eticacomunica.com.mx\/?p=31816","name":"Entregan tarjetas del programa Bienpesca a pescadoras y pescadores en El Cerro Cabez\u00f3n, Juan Jos\u00e9 R\u00edos - \u00c9tica Comunica","isPartOf":{"@id":"https:\/\/eticacomunica.com.mx\/#website"},"primaryImageOfPage":{"@id":"https:\/\/eticacomunica.com.mx\/?p=31816#primaryimage"},"image":{"@id":"https:\/\/eticacomunica.com.mx\/?p=31816#primaryimage"},"thumbnailUrl":"https:\/\/eticacomunica.com.mx\/wp-content\/uploads\/2026\/03\/IMG-20260312-WA0078.jpg","datePublished":"2026-03-13T02:26:46+00:00","breadcrumb":{"@id":"https:\/\/eticacomunica.com.mx\/?p=31816#breadcrumb"},"inLanguage":"es","potentialAction":[{"@type":"ReadAction","target":["https:\/\/eticacomunica.com.mx\/?p=31816"]}]},{"@type":"ImageObject","inLanguage":"es","@id":"https:\/\/eticacomunica.com.mx\/?p=31816#primaryimage","url":"https:\/\/eticacomunica.com.mx\/wp-content\/uploads\/2026\/03\/IMG-20260312-WA0078.jpg","contentUrl":"https:\/\/eticacomunica.com.mx\/wp-content\/uploads\/2026\/03\/IMG-20260312-WA0078.jpg","width":1600,"height":1066},{"@type":"BreadcrumbList","@id":"https:\/\/eticacomunica.com.mx\/?p=31816#breadcrumb","itemListElement":[{"@type":"ListItem","position":1,"name":"Inicio","item":"https:\/\/eticacomunica.com.mx\/"},{"@type":"ListItem","position":2,"name":"Entregan tarjetas del programa Bienpesca a pescadoras y pescadores en El Cerro Cabez\u00f3n, Juan Jos\u00e9 R\u00edos"}]},{"@type":"WebSite","@id":"https:\/\/eticacomunica.com.mx\/#website","url":"https:\/\/eticacomunica.com.mx\/","name":"\u00c9tica Comunica","description":"Diario Digital","publisher":{"@id":"https:\/\/eticacomunica.com.mx\/#organization"},"potentialAction":[{"@type":"SearchAction","target":{"@type":"EntryPoint","urlTemplate":"https:\/\/eticacomunica.com.mx\/?s={search_term_string}"},"query-input":{"@type":"PropertyValueSpecification","valueRequired":true,"valueName":"search_term_string"}}],"inLanguage":"es"},{"@type":"Organization","@id":"https:\/\/eticacomunica.com.mx\/#organization","name":"Diarios Digitales de Sinaloa","url":"https:\/\/eticacomunica.com.mx\/","logo":{"@type":"ImageObject","inLanguage":"es","@id":"https:\/\/eticacomunica.com.mx\/#\/schema\/logo\/image\/","url":"https:\/\/eticacomunica.com.mx\/wp-content\/uploads\/2023\/10\/etica-logo.png","contentUrl":"https:\/\/eticacomunica.com.mx\/wp-content\/uploads\/2023\/10\/etica-logo.png","width":1280,"height":432,"caption":"Diarios Digitales de Sinaloa"},"image":{"@id":"https:\/\/eticacomunica.com.mx\/#\/schema\/logo\/image\/"},"sameAs":["https:\/\/www.facebook.com\/eticacomunica"]},{"@type":"Person","@id":"https:\/\/eticacomunica.com.mx\/#\/schema\/person\/2cacc47bd17fe8ad92f08c0313d22fa6","name":"etica","image":{"@type":"ImageObject","inLanguage":"es","@id":"https:\/\/secure.gravatar.com\/avatar\/dfb45d32bc7097f8f06d6e4f6e6b387e7cb8fd5b3a2869265c40587ab62cab1e?s=96&d=mm&r=g","url":"https:\/\/secure.gravatar.com\/avatar\/dfb45d32bc7097f8f06d6e4f6e6b387e7cb8fd5b3a2869265c40587ab62cab1e?s=96&d=mm&r=g","contentUrl":"https:\/\/secure.gravatar.com\/avatar\/dfb45d32bc7097f8f06d6e4f6e6b387e7cb8fd5b3a2869265c40587ab62cab1e?s=96&d=mm&r=g","caption":"etica"},"sameAs":["https:\/\/eticacomunica.com.mx"],"url":"https:\/\/eticacomunica.com.mx\/?author=1"}]}},"jetpack_publicize_connections":[],"jetpack_featured_media_url":"https:\/\/eticacomunica.com.mx\/wp-content\/uploads\/2026\/03\/IMG-20260312-WA0078.jpg","jetpack_sharing_enabled":true,"_links":{"self":[{"href":"https:\/\/eticacomunica.com.mx\/index.php?rest_route=\/wp\/v2\/posts\/31816","targetHints":{"allow":["GET"]}}],"collection":[{"href":"https:\/\/eticacomunica.com.mx\/index.php?rest_route=\/wp\/v2\/posts"}],"about":[{"href":"https:\/\/eticacomunica.com.mx\/index.php?rest_route=\/wp\/v2\/types\/post"}],"author":[{"embeddable":true,"href":"https:\/\/eticacomunica.com.mx\/index.php?rest_route=\/wp\/v2\/users\/1"}],"replies":[{"embeddable":true,"href":"https:\/\/eticacomunica.com.mx\/index.php?rest_route=%2Fwp%2Fv2%2Fcomments&post=31816"}],"version-history":[{"count":0,"href":"https:\/\/eticacomunica.com.mx\/index.php?rest_route=\/wp\/v2\/posts\/31816\/revisions"}],"wp:featuredmedia":[{"embeddable":true,"href":"https:\/\/eticacomunica.com.mx\/index.php?rest_route=\/wp\/v2\/media\/31815"}],"wp:attachment":[{"href":"https:\/\/eticacomunica.com.mx\/index.php?rest_route=%2Fwp%2Fv2%2Fmedia&parent=31816"}],"wp:term":[{"taxonomy":"category","embeddable":true,"href":"https:\/\/eticacomunica.com.mx\/index.php?rest_route=%2Fwp%2Fv2%2Fcategories&post=31816"},{"taxonomy":"post_tag","embeddable":true,"href":"https:\/\/eticacomunica.com.mx\/index.php?rest_route=%2Fwp%2Fv2%2Ftags&post=31816"}],"curies":[{"name":"wp","href":"https:\/\/api.w.org\/{rel}","templated":true}]}}