{"id":31818,"date":"2026-03-12T19:41:17","date_gmt":"2026-03-13T02:41:17","guid":{"rendered":"https:\/\/eticacomunica.com.mx\/?p=31818"},"modified":"2026-03-12T19:41:17","modified_gmt":"2026-03-13T02:41:17","slug":"sebides-realiza-recorrido-de-inspeccion-en-el-parque-ecologico-de-culiacan-para-atender-planteamientos-ciudadanos","status":"publish","type":"post","link":"https:\/\/eticacomunica.com.mx\/?p=31818","title":{"rendered":"SEBIDES realiza recorrido de inspecci\u00f3n en el Parque Ecol\u00f3gico de Culiac\u00e1n para atender planteamientos ciudadanos"},"content":{"rendered":"\n<p>El titular de SEBIDES, Omar L\u00f3pez Campos, encabez\u00f3 un recorrido de inspecci\u00f3n junto a representantes ciudadanos para conocer de primera mano las principales necesidades del Parque Ecol\u00f3gico de Culiac\u00e1n._<br><br>Culiac\u00e1n, Sinaloa, 12 de marzo de 2026.\u2014* Con el objetivo de analizar, junto con representantes ciudadanos, las condiciones actuales del Parque Ecol\u00f3gico de Culiac\u00e1n y revisar las obras y acciones que podr\u00edan implementarse para dar soluci\u00f3n a distintas necesidades y mejorar este espacio p\u00fablico, el secretario de Bienestar y Desarrollo Sustentable, Omar L\u00f3pez Campos, realiz\u00f3 un recorrido de inspecci\u00f3n acompa\u00f1ado por integrantes de la Comisi\u00f3n Ciudadana Representativa del Parque Ecol\u00f3gico de Culiac\u00e1n (CCR).<br><br>Durante el recorrido tambi\u00e9n estuvieron presentes el subsecretario de Desarrollo Sustentable, Francisco Barr\u00f3n Aguayo, y el arquitecto Melchor Peiro, defensor del medio ambiente y activista ciudadano, quienes participaron en la revisi\u00f3n del espacio y en la atenci\u00f3n de los planteamientos expuestos por las y los representantes ciudadanos.<br><br>Durante la visita, las y los integrantes de la comisi\u00f3n expusieron diversas demandas y observaciones relacionadas con la operaci\u00f3n, mantenimiento y gobernanza de los espacios que integran el Parque Ecol\u00f3gico de Culiac\u00e1n.<br><br>Entre los planteamientos generales se destac\u00f3 la necesidad de fortalecer la coordinaci\u00f3n institucional, garantizar una atenci\u00f3n equitativa entre los espacios del parque, dar seguimiento a acuerdos establecidos en reuniones y recorridos previos, as\u00ed como revisar aspectos relacionados con la gobernanza del parque y la relaci\u00f3n administrativa con la Sociedad Bot\u00e1nica y Zool\u00f3gica de Sinaloa I.A.P.<br><br>En el caso del Parque Ecol\u00f3gico de Culiac\u00e1n, las principales solicitudes se centraron en el mejoramiento de la infraestructura, el mantenimiento y rehabilitaci\u00f3n del arbolado, la gesti\u00f3n eficiente del agua y los sistemas de riego, as\u00ed como en reforzar la seguridad, el ordenamiento y la limpieza del espacio.<br><br>Asimismo, se plante\u00f3 la importancia de fortalecer los mecanismos de organizaci\u00f3n y participaci\u00f3n ciudadana, adem\u00e1s de contar con informaci\u00f3n detallada sobre el seguimiento del Plan Maestro del Parque Ecol\u00f3gico de Culiac\u00e1n, particularmente en lo referente a la construcci\u00f3n de la Planta de Tratamiento de Aguas Residuales (PTAR).<br><br>Tambi\u00e9n se expusieron inquietudes relacionadas con el uso eficiente del agua, los sistemas de riego y las condiciones de mantenimiento en algunas \u00e1reas del parque.<br><br>El secretario de SEBIDES, Omar L\u00f3pez Campos, reiter\u00f3 la disposici\u00f3n del Gobierno del Estado para mantener el di\u00e1logo abierto con la ciudadan\u00eda y trabajar de manera coordinada en la atenci\u00f3n de los temas planteados, con el objetivo de fortalecer la conservaci\u00f3n y el buen funcionamiento de los espacios ambientales de Culiac\u00e1n.<br><br>Estas acciones forman parte del trabajo que impulsa el Gobierno de Sinaloa, encabezado por el gobernador Rub\u00e9n Rocha Moya, para fortalecer el cuidado de los espacios p\u00fablicos, promover la participaci\u00f3n ciudadana y garantizar el desarrollo sustentable en beneficio de las y los sinaloenses<\/p>\n","protected":false},"excerpt":{"rendered":"<p>El titular de SEBIDES, Omar L\u00f3pez Campos, encabez\u00f3 un recorrido de inspecci\u00f3n junto a representantes ciudadanos para conocer de primera mano las principales necesidades del Parque Ecol\u00f3gico de Culiac\u00e1n._ Culiac\u00e1n,&hellip;<\/p>\n","protected":false},"author":1,"featured_media":31817,"comment_status":"open","ping_status":"open","sticky":false,"template":"","format":"standard","meta":{"_jetpack_memberships_contains_paid_content":false,"footnotes":"","jetpack_publicize_message":"","jetpack_publicize_feature_enabled":true,"jetpack_social_post_already_shared":true,"jetpack_social_options":{"image_generator_settings":{"template":"highway","default_image_id":0,"font":"","enabled":false},"version":2}},"categories":[24],"tags":[34],"class_list":["post-31818","post","type-post","status-publish","format-standard","has-post-thumbnail","hentry","category-estados","tag-gobierno-del-estado-de-sinaloa"],"yoast_head":"<!-- This site is optimized with the Yoast SEO plugin v27.2 - https:\/\/yoast.com\/product\/yoast-seo-wordpress\/ -->\n<title>SEBIDES realiza recorrido de inspecci\u00f3n en el Parque Ecol\u00f3gico de Culiac\u00e1n para atender planteamientos ciudadanos - \u00c9tica Comunica<\/title>\n<meta name=\"robots\" content=\"index, follow, max-snippet:-1, max-image-preview:large, max-video-preview:-1\" \/>\n<link rel=\"canonical\" href=\"https:\/\/eticacomunica.com.mx\/?p=31818\" \/>\n<meta property=\"og:locale\" content=\"es_MX\" \/>\n<meta property=\"og:type\" content=\"article\" \/>\n<meta property=\"og:title\" content=\"SEBIDES realiza recorrido de inspecci\u00f3n en el Parque Ecol\u00f3gico de Culiac\u00e1n para atender planteamientos ciudadanos - \u00c9tica Comunica\" \/>\n<meta property=\"og:description\" content=\"El titular de SEBIDES, Omar L\u00f3pez Campos, encabez\u00f3 un recorrido de inspecci\u00f3n junto a representantes ciudadanos para conocer de primera mano las principales necesidades del Parque Ecol\u00f3gico de Culiac\u00e1n._ Culiac\u00e1n,&hellip;\" \/>\n<meta property=\"og:url\" content=\"https:\/\/eticacomunica.com.mx\/?p=31818\" \/>\n<meta property=\"og:site_name\" content=\"\u00c9tica Comunica\" \/>\n<meta property=\"article:publisher\" content=\"https:\/\/www.facebook.com\/eticacomunica\" \/>\n<meta property=\"article:published_time\" content=\"2026-03-13T02:41:17+00:00\" \/>\n<meta name=\"author\" content=\"etica\" \/>\n<meta name=\"twitter:card\" content=\"summary_large_image\" \/>\n<meta name=\"twitter:label1\" content=\"Escrito por\" \/>\n\t<meta name=\"twitter:data1\" content=\"etica\" \/>\n\t<meta name=\"twitter:label2\" content=\"Tiempo de lectura\" \/>\n\t<meta name=\"twitter:data2\" content=\"3 minutos\" \/>\n<script type=\"application\/ld+json\" class=\"yoast-schema-graph\">{\"@context\":\"https:\/\/schema.org\",\"@graph\":[{\"@type\":\"Article\",\"@id\":\"https:\/\/eticacomunica.com.mx\/?p=31818#article\",\"isPartOf\":{\"@id\":\"https:\/\/eticacomunica.com.mx\/?p=31818\"},\"author\":{\"name\":\"etica\",\"@id\":\"https:\/\/eticacomunica.com.mx\/#\/schema\/person\/2cacc47bd17fe8ad92f08c0313d22fa6\"},\"headline\":\"SEBIDES realiza recorrido de inspecci\u00f3n en el Parque Ecol\u00f3gico de Culiac\u00e1n para atender planteamientos ciudadanos\",\"datePublished\":\"2026-03-13T02:41:17+00:00\",\"mainEntityOfPage\":{\"@id\":\"https:\/\/eticacomunica.com.mx\/?p=31818\"},\"wordCount\":519,\"commentCount\":0,\"publisher\":{\"@id\":\"https:\/\/eticacomunica.com.mx\/#organization\"},\"image\":{\"@id\":\"https:\/\/eticacomunica.com.mx\/?p=31818#primaryimage\"},\"thumbnailUrl\":\"https:\/\/eticacomunica.com.mx\/wp-content\/uploads\/2026\/03\/IMG-20260312-WA0079.jpg\",\"keywords\":[\"Gobierno del Estado de Sinaloa\"],\"articleSection\":[\"Estados\"],\"inLanguage\":\"es\",\"potentialAction\":[{\"@type\":\"CommentAction\",\"name\":\"Comment\",\"target\":[\"https:\/\/eticacomunica.com.mx\/?p=31818#respond\"]}]},{\"@type\":\"WebPage\",\"@id\":\"https:\/\/eticacomunica.com.mx\/?p=31818\",\"url\":\"https:\/\/eticacomunica.com.mx\/?p=31818\",\"name\":\"SEBIDES realiza recorrido de inspecci\u00f3n en el Parque Ecol\u00f3gico de Culiac\u00e1n para atender planteamientos ciudadanos - \u00c9tica Comunica\",\"isPartOf\":{\"@id\":\"https:\/\/eticacomunica.com.mx\/#website\"},\"primaryImageOfPage\":{\"@id\":\"https:\/\/eticacomunica.com.mx\/?p=31818#primaryimage\"},\"image\":{\"@id\":\"https:\/\/eticacomunica.com.mx\/?p=31818#primaryimage\"},\"thumbnailUrl\":\"https:\/\/eticacomunica.com.mx\/wp-content\/uploads\/2026\/03\/IMG-20260312-WA0079.jpg\",\"datePublished\":\"2026-03-13T02:41:17+00:00\",\"breadcrumb\":{\"@id\":\"https:\/\/eticacomunica.com.mx\/?p=31818#breadcrumb\"},\"inLanguage\":\"es\",\"potentialAction\":[{\"@type\":\"ReadAction\",\"target\":[\"https:\/\/eticacomunica.com.mx\/?p=31818\"]}]},{\"@type\":\"ImageObject\",\"inLanguage\":\"es\",\"@id\":\"https:\/\/eticacomunica.com.mx\/?p=31818#primaryimage\",\"url\":\"https:\/\/eticacomunica.com.mx\/wp-content\/uploads\/2026\/03\/IMG-20260312-WA0079.jpg\",\"contentUrl\":\"https:\/\/eticacomunica.com.mx\/wp-content\/uploads\/2026\/03\/IMG-20260312-WA0079.jpg\",\"width\":1600,\"height\":1066},{\"@type\":\"BreadcrumbList\",\"@id\":\"https:\/\/eticacomunica.com.mx\/?p=31818#breadcrumb\",\"itemListElement\":[{\"@type\":\"ListItem\",\"position\":1,\"name\":\"Inicio\",\"item\":\"https:\/\/eticacomunica.com.mx\/\"},{\"@type\":\"ListItem\",\"position\":2,\"name\":\"SEBIDES realiza recorrido de inspecci\u00f3n en el Parque Ecol\u00f3gico de Culiac\u00e1n para atender planteamientos ciudadanos\"}]},{\"@type\":\"WebSite\",\"@id\":\"https:\/\/eticacomunica.com.mx\/#website\",\"url\":\"https:\/\/eticacomunica.com.mx\/\",\"name\":\"\u00c9tica Comunica\",\"description\":\"Diario Digital\",\"publisher\":{\"@id\":\"https:\/\/eticacomunica.com.mx\/#organization\"},\"potentialAction\":[{\"@type\":\"SearchAction\",\"target\":{\"@type\":\"EntryPoint\",\"urlTemplate\":\"https:\/\/eticacomunica.com.mx\/?s={search_term_string}\"},\"query-input\":{\"@type\":\"PropertyValueSpecification\",\"valueRequired\":true,\"valueName\":\"search_term_string\"}}],\"inLanguage\":\"es\"},{\"@type\":\"Organization\",\"@id\":\"https:\/\/eticacomunica.com.mx\/#organization\",\"name\":\"Diarios Digitales de Sinaloa\",\"url\":\"https:\/\/eticacomunica.com.mx\/\",\"logo\":{\"@type\":\"ImageObject\",\"inLanguage\":\"es\",\"@id\":\"https:\/\/eticacomunica.com.mx\/#\/schema\/logo\/image\/\",\"url\":\"https:\/\/eticacomunica.com.mx\/wp-content\/uploads\/2023\/10\/etica-logo.png\",\"contentUrl\":\"https:\/\/eticacomunica.com.mx\/wp-content\/uploads\/2023\/10\/etica-logo.png\",\"width\":1280,\"height\":432,\"caption\":\"Diarios Digitales de Sinaloa\"},\"image\":{\"@id\":\"https:\/\/eticacomunica.com.mx\/#\/schema\/logo\/image\/\"},\"sameAs\":[\"https:\/\/www.facebook.com\/eticacomunica\"]},{\"@type\":\"Person\",\"@id\":\"https:\/\/eticacomunica.com.mx\/#\/schema\/person\/2cacc47bd17fe8ad92f08c0313d22fa6\",\"name\":\"etica\",\"image\":{\"@type\":\"ImageObject\",\"inLanguage\":\"es\",\"@id\":\"https:\/\/secure.gravatar.com\/avatar\/dfb45d32bc7097f8f06d6e4f6e6b387e7cb8fd5b3a2869265c40587ab62cab1e?s=96&d=mm&r=g\",\"url\":\"https:\/\/secure.gravatar.com\/avatar\/dfb45d32bc7097f8f06d6e4f6e6b387e7cb8fd5b3a2869265c40587ab62cab1e?s=96&d=mm&r=g\",\"contentUrl\":\"https:\/\/secure.gravatar.com\/avatar\/dfb45d32bc7097f8f06d6e4f6e6b387e7cb8fd5b3a2869265c40587ab62cab1e?s=96&d=mm&r=g\",\"caption\":\"etica\"},\"sameAs\":[\"https:\/\/eticacomunica.com.mx\"],\"url\":\"https:\/\/eticacomunica.com.mx\/?author=1\"}]}<\/script>\n<!-- \/ Yoast SEO plugin. -->","yoast_head_json":{"title":"SEBIDES realiza recorrido de inspecci\u00f3n en el Parque Ecol\u00f3gico de Culiac\u00e1n para atender planteamientos ciudadanos - \u00c9tica Comunica","robots":{"index":"index","follow":"follow","max-snippet":"max-snippet:-1","max-image-preview":"max-image-preview:large","max-video-preview":"max-video-preview:-1"},"canonical":"https:\/\/eticacomunica.com.mx\/?p=31818","og_locale":"es_MX","og_type":"article","og_title":"SEBIDES realiza recorrido de inspecci\u00f3n en el Parque Ecol\u00f3gico de Culiac\u00e1n para atender planteamientos ciudadanos - \u00c9tica Comunica","og_description":"El titular de SEBIDES, Omar L\u00f3pez Campos, encabez\u00f3 un recorrido de inspecci\u00f3n junto a representantes ciudadanos para conocer de primera mano las principales necesidades del Parque Ecol\u00f3gico de Culiac\u00e1n._ Culiac\u00e1n,&hellip;","og_url":"https:\/\/eticacomunica.com.mx\/?p=31818","og_site_name":"\u00c9tica Comunica","article_publisher":"https:\/\/www.facebook.com\/eticacomunica","article_published_time":"2026-03-13T02:41:17+00:00","author":"etica","twitter_card":"summary_large_image","twitter_misc":{"Escrito por":"etica","Tiempo de lectura":"3 minutos"},"schema":{"@context":"https:\/\/schema.org","@graph":[{"@type":"Article","@id":"https:\/\/eticacomunica.com.mx\/?p=31818#article","isPartOf":{"@id":"https:\/\/eticacomunica.com.mx\/?p=31818"},"author":{"name":"etica","@id":"https:\/\/eticacomunica.com.mx\/#\/schema\/person\/2cacc47bd17fe8ad92f08c0313d22fa6"},"headline":"SEBIDES realiza recorrido de inspecci\u00f3n en el Parque Ecol\u00f3gico de Culiac\u00e1n para atender planteamientos ciudadanos","datePublished":"2026-03-13T02:41:17+00:00","mainEntityOfPage":{"@id":"https:\/\/eticacomunica.com.mx\/?p=31818"},"wordCount":519,"commentCount":0,"publisher":{"@id":"https:\/\/eticacomunica.com.mx\/#organization"},"image":{"@id":"https:\/\/eticacomunica.com.mx\/?p=31818#primaryimage"},"thumbnailUrl":"https:\/\/eticacomunica.com.mx\/wp-content\/uploads\/2026\/03\/IMG-20260312-WA0079.jpg","keywords":["Gobierno del Estado de Sinaloa"],"articleSection":["Estados"],"inLanguage":"es","potentialAction":[{"@type":"CommentAction","name":"Comment","target":["https:\/\/eticacomunica.com.mx\/?p=31818#respond"]}]},{"@type":"WebPage","@id":"https:\/\/eticacomunica.com.mx\/?p=31818","url":"https:\/\/eticacomunica.com.mx\/?p=31818","name":"SEBIDES realiza recorrido de inspecci\u00f3n en el Parque Ecol\u00f3gico de Culiac\u00e1n para atender planteamientos ciudadanos - \u00c9tica Comunica","isPartOf":{"@id":"https:\/\/eticacomunica.com.mx\/#website"},"primaryImageOfPage":{"@id":"https:\/\/eticacomunica.com.mx\/?p=31818#primaryimage"},"image":{"@id":"https:\/\/eticacomunica.com.mx\/?p=31818#primaryimage"},"thumbnailUrl":"https:\/\/eticacomunica.com.mx\/wp-content\/uploads\/2026\/03\/IMG-20260312-WA0079.jpg","datePublished":"2026-03-13T02:41:17+00:00","breadcrumb":{"@id":"https:\/\/eticacomunica.com.mx\/?p=31818#breadcrumb"},"inLanguage":"es","potentialAction":[{"@type":"ReadAction","target":["https:\/\/eticacomunica.com.mx\/?p=31818"]}]},{"@type":"ImageObject","inLanguage":"es","@id":"https:\/\/eticacomunica.com.mx\/?p=31818#primaryimage","url":"https:\/\/eticacomunica.com.mx\/wp-content\/uploads\/2026\/03\/IMG-20260312-WA0079.jpg","contentUrl":"https:\/\/eticacomunica.com.mx\/wp-content\/uploads\/2026\/03\/IMG-20260312-WA0079.jpg","width":1600,"height":1066},{"@type":"BreadcrumbList","@id":"https:\/\/eticacomunica.com.mx\/?p=31818#breadcrumb","itemListElement":[{"@type":"ListItem","position":1,"name":"Inicio","item":"https:\/\/eticacomunica.com.mx\/"},{"@type":"ListItem","position":2,"name":"SEBIDES realiza recorrido de inspecci\u00f3n en el Parque Ecol\u00f3gico de Culiac\u00e1n para atender planteamientos ciudadanos"}]},{"@type":"WebSite","@id":"https:\/\/eticacomunica.com.mx\/#website","url":"https:\/\/eticacomunica.com.mx\/","name":"\u00c9tica Comunica","description":"Diario Digital","publisher":{"@id":"https:\/\/eticacomunica.com.mx\/#organization"},"potentialAction":[{"@type":"SearchAction","target":{"@type":"EntryPoint","urlTemplate":"https:\/\/eticacomunica.com.mx\/?s={search_term_string}"},"query-input":{"@type":"PropertyValueSpecification","valueRequired":true,"valueName":"search_term_string"}}],"inLanguage":"es"},{"@type":"Organization","@id":"https:\/\/eticacomunica.com.mx\/#organization","name":"Diarios Digitales de Sinaloa","url":"https:\/\/eticacomunica.com.mx\/","logo":{"@type":"ImageObject","inLanguage":"es","@id":"https:\/\/eticacomunica.com.mx\/#\/schema\/logo\/image\/","url":"https:\/\/eticacomunica.com.mx\/wp-content\/uploads\/2023\/10\/etica-logo.png","contentUrl":"https:\/\/eticacomunica.com.mx\/wp-content\/uploads\/2023\/10\/etica-logo.png","width":1280,"height":432,"caption":"Diarios Digitales de Sinaloa"},"image":{"@id":"https:\/\/eticacomunica.com.mx\/#\/schema\/logo\/image\/"},"sameAs":["https:\/\/www.facebook.com\/eticacomunica"]},{"@type":"Person","@id":"https:\/\/eticacomunica.com.mx\/#\/schema\/person\/2cacc47bd17fe8ad92f08c0313d22fa6","name":"etica","image":{"@type":"ImageObject","inLanguage":"es","@id":"https:\/\/secure.gravatar.com\/avatar\/dfb45d32bc7097f8f06d6e4f6e6b387e7cb8fd5b3a2869265c40587ab62cab1e?s=96&d=mm&r=g","url":"https:\/\/secure.gravatar.com\/avatar\/dfb45d32bc7097f8f06d6e4f6e6b387e7cb8fd5b3a2869265c40587ab62cab1e?s=96&d=mm&r=g","contentUrl":"https:\/\/secure.gravatar.com\/avatar\/dfb45d32bc7097f8f06d6e4f6e6b387e7cb8fd5b3a2869265c40587ab62cab1e?s=96&d=mm&r=g","caption":"etica"},"sameAs":["https:\/\/eticacomunica.com.mx"],"url":"https:\/\/eticacomunica.com.mx\/?author=1"}]}},"jetpack_publicize_connections":[],"jetpack_featured_media_url":"https:\/\/eticacomunica.com.mx\/wp-content\/uploads\/2026\/03\/IMG-20260312-WA0079.jpg","jetpack_sharing_enabled":true,"_links":{"self":[{"href":"https:\/\/eticacomunica.com.mx\/index.php?rest_route=\/wp\/v2\/posts\/31818","targetHints":{"allow":["GET"]}}],"collection":[{"href":"https:\/\/eticacomunica.com.mx\/index.php?rest_route=\/wp\/v2\/posts"}],"about":[{"href":"https:\/\/eticacomunica.com.mx\/index.php?rest_route=\/wp\/v2\/types\/post"}],"author":[{"embeddable":true,"href":"https:\/\/eticacomunica.com.mx\/index.php?rest_route=\/wp\/v2\/users\/1"}],"replies":[{"embeddable":true,"href":"https:\/\/eticacomunica.com.mx\/index.php?rest_route=%2Fwp%2Fv2%2Fcomments&post=31818"}],"version-history":[{"count":0,"href":"https:\/\/eticacomunica.com.mx\/index.php?rest_route=\/wp\/v2\/posts\/31818\/revisions"}],"wp:featuredmedia":[{"embeddable":true,"href":"https:\/\/eticacomunica.com.mx\/index.php?rest_route=\/wp\/v2\/media\/31817"}],"wp:attachment":[{"href":"https:\/\/eticacomunica.com.mx\/index.php?rest_route=%2Fwp%2Fv2%2Fmedia&parent=31818"}],"wp:term":[{"taxonomy":"category","embeddable":true,"href":"https:\/\/eticacomunica.com.mx\/index.php?rest_route=%2Fwp%2Fv2%2Fcategories&post=31818"},{"taxonomy":"post_tag","embeddable":true,"href":"https:\/\/eticacomunica.com.mx\/index.php?rest_route=%2Fwp%2Fv2%2Ftags&post=31818"}],"curies":[{"name":"wp","href":"https:\/\/api.w.org\/{rel}","templated":true}]}}