{"id":31822,"date":"2026-03-13T08:28:46","date_gmt":"2026-03-13T15:28:46","guid":{"rendered":"https:\/\/eticacomunica.com.mx\/?p=31822"},"modified":"2026-03-13T08:28:46","modified_gmt":"2026-03-13T15:28:46","slug":"dr-ismael-alvarado-vazquez-es-nombrado-presidente-de-la-comision-dictaminadora-del-area-de-las-ciencias-sociales","status":"publish","type":"post","link":"https:\/\/eticacomunica.com.mx\/?p=31822","title":{"rendered":"Dr. Ismael Alvarado V\u00e1zquez es nombrado Presidente de la Comisi\u00f3n Dictaminadora del \u00e1rea de las Ciencias Sociales"},"content":{"rendered":"\n<p>El investigador universitario Dr. Ismael Alvarado V\u00e1zquez , fue nombrado recientemente por la Secretar\u00eda Ejecutiva del sistema Nacional de Investigadores, Presidente de la Comisi\u00f3n Dictaminadora del \u00e1rea de las Ciencias Sociales, lo que representa un logro m\u00e1s en su trayectoria acad\u00e9mica que permite colocar a la Universidad Aut\u00f3noma de Sinaloa a nivel nacional e internacional, como una instituci\u00f3n formadora de investigadores e investigadoras; pues es el primer acad\u00e9mico que recibe esta distinci\u00f3n a trav\u00e9s de la Comisi\u00f3n Nacional de Humanidades, Ciencias y Tecnolog\u00edas (CONAHCYT). <br><br>Los trabajos de investigaci\u00f3n del acad\u00e9mico universitario, han sido considerados como un referente a nivel internacional, pues agencias de noticias Alemanas y de otros pa\u00edses consideran sus aportes investigativos interesantes, para el an\u00e1lisis de fen\u00f3menos sociales.<br><br>El investigador, hace un llamado a los estudiantes de la Universidad Aut\u00f3noma de Sinaloa a incorporarse a posgrados que les permitir\u00e1n crecer acad\u00e9micamente y realizar aportes importantes a la ciencia a trav\u00e9s de la investigaci\u00f3n.<br><br>Ismael Alvarado V\u00e1zquez, es Licenciado en Ciencias Sociales, Maestro en Ciencias de la Educaci\u00f3n. Egresado del Programa Inscrito en el Padr\u00f3n de Excelencia CONACyT (PNPC), Doctor en Educaci\u00f3n, Docente de la UPES, Profesor de Tiempo Completo en la UAS y de Posgrado en diferentes instituciones de educaci\u00f3n superior.<br><br>Ha elaborado cinco libros individuales, coordinado 7 m\u00e1s y colaborado en m\u00e1s de veinte libros colectivos con cap\u00edtulos y art\u00edculos para revistas indexadas, todos sobre temas de J\u00f3venes Educaci\u00f3n y Cultura, entre su trayectoria ha sido ponente internacional y miembro de c\u00e1tedra UNESCO en la Red Internacional de Investigadores, adem\u00e1s del reciente nombramiento que le otorg\u00f3 CONAHCYT como Presidente de la Comisi\u00f3n Dictaminadora del \u00c1rea de Ciencias Sociales.<\/p>\n","protected":false},"excerpt":{"rendered":"<p>El investigador universitario Dr. Ismael Alvarado V\u00e1zquez , fue nombrado recientemente por la Secretar\u00eda Ejecutiva del sistema Nacional de Investigadores, Presidente de la Comisi\u00f3n Dictaminadora del \u00e1rea de las Ciencias&hellip;<\/p>\n","protected":false},"author":1,"featured_media":31821,"comment_status":"open","ping_status":"open","sticky":false,"template":"","format":"standard","meta":{"_jetpack_memberships_contains_paid_content":false,"footnotes":"","jetpack_publicize_message":"","jetpack_publicize_feature_enabled":true,"jetpack_social_post_already_shared":true,"jetpack_social_options":{"image_generator_settings":{"template":"highway","default_image_id":0,"font":"","enabled":false},"version":2}},"categories":[40],"tags":[41],"class_list":["post-31822","post","type-post","status-publish","format-standard","has-post-thumbnail","hentry","category-educacion","tag-uas"],"yoast_head":"<!-- This site is optimized with the Yoast SEO plugin v27.2 - https:\/\/yoast.com\/product\/yoast-seo-wordpress\/ -->\n<title>Dr. Ismael Alvarado V\u00e1zquez es nombrado Presidente de la Comisi\u00f3n Dictaminadora del \u00e1rea de las Ciencias Sociales - \u00c9tica Comunica<\/title>\n<meta name=\"robots\" content=\"index, follow, max-snippet:-1, max-image-preview:large, max-video-preview:-1\" \/>\n<link rel=\"canonical\" href=\"https:\/\/eticacomunica.com.mx\/?p=31822\" \/>\n<meta property=\"og:locale\" content=\"es_MX\" \/>\n<meta property=\"og:type\" content=\"article\" \/>\n<meta property=\"og:title\" content=\"Dr. Ismael Alvarado V\u00e1zquez es nombrado Presidente de la Comisi\u00f3n Dictaminadora del \u00e1rea de las Ciencias Sociales - \u00c9tica Comunica\" \/>\n<meta property=\"og:description\" content=\"El investigador universitario Dr. Ismael Alvarado V\u00e1zquez , fue nombrado recientemente por la Secretar\u00eda Ejecutiva del sistema Nacional de Investigadores, Presidente de la Comisi\u00f3n Dictaminadora del \u00e1rea de las Ciencias&hellip;\" \/>\n<meta property=\"og:url\" content=\"https:\/\/eticacomunica.com.mx\/?p=31822\" \/>\n<meta property=\"og:site_name\" content=\"\u00c9tica Comunica\" \/>\n<meta property=\"article:publisher\" content=\"https:\/\/www.facebook.com\/eticacomunica\" \/>\n<meta property=\"article:published_time\" content=\"2026-03-13T15:28:46+00:00\" \/>\n<meta name=\"author\" content=\"etica\" \/>\n<meta name=\"twitter:card\" content=\"summary_large_image\" \/>\n<meta name=\"twitter:label1\" content=\"Escrito por\" \/>\n\t<meta name=\"twitter:data1\" content=\"etica\" \/>\n\t<meta name=\"twitter:label2\" content=\"Tiempo de lectura\" \/>\n\t<meta name=\"twitter:data2\" content=\"2 minutos\" \/>\n<script type=\"application\/ld+json\" class=\"yoast-schema-graph\">{\"@context\":\"https:\/\/schema.org\",\"@graph\":[{\"@type\":\"Article\",\"@id\":\"https:\/\/eticacomunica.com.mx\/?p=31822#article\",\"isPartOf\":{\"@id\":\"https:\/\/eticacomunica.com.mx\/?p=31822\"},\"author\":{\"name\":\"etica\",\"@id\":\"https:\/\/eticacomunica.com.mx\/#\/schema\/person\/2cacc47bd17fe8ad92f08c0313d22fa6\"},\"headline\":\"Dr. Ismael Alvarado V\u00e1zquez es nombrado Presidente de la Comisi\u00f3n Dictaminadora del \u00e1rea de las Ciencias Sociales\",\"datePublished\":\"2026-03-13T15:28:46+00:00\",\"mainEntityOfPage\":{\"@id\":\"https:\/\/eticacomunica.com.mx\/?p=31822\"},\"wordCount\":324,\"commentCount\":0,\"publisher\":{\"@id\":\"https:\/\/eticacomunica.com.mx\/#organization\"},\"image\":{\"@id\":\"https:\/\/eticacomunica.com.mx\/?p=31822#primaryimage\"},\"thumbnailUrl\":\"https:\/\/eticacomunica.com.mx\/wp-content\/uploads\/2026\/03\/IMG-20260313-WA0003.jpg\",\"keywords\":[\"UAS\"],\"articleSection\":[\"Educaci\u00f3n\"],\"inLanguage\":\"es\",\"potentialAction\":[{\"@type\":\"CommentAction\",\"name\":\"Comment\",\"target\":[\"https:\/\/eticacomunica.com.mx\/?p=31822#respond\"]}]},{\"@type\":\"WebPage\",\"@id\":\"https:\/\/eticacomunica.com.mx\/?p=31822\",\"url\":\"https:\/\/eticacomunica.com.mx\/?p=31822\",\"name\":\"Dr. Ismael Alvarado V\u00e1zquez es nombrado Presidente de la Comisi\u00f3n Dictaminadora del \u00e1rea de las Ciencias Sociales - \u00c9tica Comunica\",\"isPartOf\":{\"@id\":\"https:\/\/eticacomunica.com.mx\/#website\"},\"primaryImageOfPage\":{\"@id\":\"https:\/\/eticacomunica.com.mx\/?p=31822#primaryimage\"},\"image\":{\"@id\":\"https:\/\/eticacomunica.com.mx\/?p=31822#primaryimage\"},\"thumbnailUrl\":\"https:\/\/eticacomunica.com.mx\/wp-content\/uploads\/2026\/03\/IMG-20260313-WA0003.jpg\",\"datePublished\":\"2026-03-13T15:28:46+00:00\",\"breadcrumb\":{\"@id\":\"https:\/\/eticacomunica.com.mx\/?p=31822#breadcrumb\"},\"inLanguage\":\"es\",\"potentialAction\":[{\"@type\":\"ReadAction\",\"target\":[\"https:\/\/eticacomunica.com.mx\/?p=31822\"]}]},{\"@type\":\"ImageObject\",\"inLanguage\":\"es\",\"@id\":\"https:\/\/eticacomunica.com.mx\/?p=31822#primaryimage\",\"url\":\"https:\/\/eticacomunica.com.mx\/wp-content\/uploads\/2026\/03\/IMG-20260313-WA0003.jpg\",\"contentUrl\":\"https:\/\/eticacomunica.com.mx\/wp-content\/uploads\/2026\/03\/IMG-20260313-WA0003.jpg\",\"width\":1200,\"height\":720},{\"@type\":\"BreadcrumbList\",\"@id\":\"https:\/\/eticacomunica.com.mx\/?p=31822#breadcrumb\",\"itemListElement\":[{\"@type\":\"ListItem\",\"position\":1,\"name\":\"Inicio\",\"item\":\"https:\/\/eticacomunica.com.mx\/\"},{\"@type\":\"ListItem\",\"position\":2,\"name\":\"Dr. Ismael Alvarado V\u00e1zquez es nombrado Presidente de la Comisi\u00f3n Dictaminadora del \u00e1rea de las Ciencias Sociales\"}]},{\"@type\":\"WebSite\",\"@id\":\"https:\/\/eticacomunica.com.mx\/#website\",\"url\":\"https:\/\/eticacomunica.com.mx\/\",\"name\":\"\u00c9tica Comunica\",\"description\":\"Diario Digital\",\"publisher\":{\"@id\":\"https:\/\/eticacomunica.com.mx\/#organization\"},\"potentialAction\":[{\"@type\":\"SearchAction\",\"target\":{\"@type\":\"EntryPoint\",\"urlTemplate\":\"https:\/\/eticacomunica.com.mx\/?s={search_term_string}\"},\"query-input\":{\"@type\":\"PropertyValueSpecification\",\"valueRequired\":true,\"valueName\":\"search_term_string\"}}],\"inLanguage\":\"es\"},{\"@type\":\"Organization\",\"@id\":\"https:\/\/eticacomunica.com.mx\/#organization\",\"name\":\"Diarios Digitales de Sinaloa\",\"url\":\"https:\/\/eticacomunica.com.mx\/\",\"logo\":{\"@type\":\"ImageObject\",\"inLanguage\":\"es\",\"@id\":\"https:\/\/eticacomunica.com.mx\/#\/schema\/logo\/image\/\",\"url\":\"https:\/\/eticacomunica.com.mx\/wp-content\/uploads\/2023\/10\/etica-logo.png\",\"contentUrl\":\"https:\/\/eticacomunica.com.mx\/wp-content\/uploads\/2023\/10\/etica-logo.png\",\"width\":1280,\"height\":432,\"caption\":\"Diarios Digitales de Sinaloa\"},\"image\":{\"@id\":\"https:\/\/eticacomunica.com.mx\/#\/schema\/logo\/image\/\"},\"sameAs\":[\"https:\/\/www.facebook.com\/eticacomunica\"]},{\"@type\":\"Person\",\"@id\":\"https:\/\/eticacomunica.com.mx\/#\/schema\/person\/2cacc47bd17fe8ad92f08c0313d22fa6\",\"name\":\"etica\",\"image\":{\"@type\":\"ImageObject\",\"inLanguage\":\"es\",\"@id\":\"https:\/\/secure.gravatar.com\/avatar\/dfb45d32bc7097f8f06d6e4f6e6b387e7cb8fd5b3a2869265c40587ab62cab1e?s=96&d=mm&r=g\",\"url\":\"https:\/\/secure.gravatar.com\/avatar\/dfb45d32bc7097f8f06d6e4f6e6b387e7cb8fd5b3a2869265c40587ab62cab1e?s=96&d=mm&r=g\",\"contentUrl\":\"https:\/\/secure.gravatar.com\/avatar\/dfb45d32bc7097f8f06d6e4f6e6b387e7cb8fd5b3a2869265c40587ab62cab1e?s=96&d=mm&r=g\",\"caption\":\"etica\"},\"sameAs\":[\"https:\/\/eticacomunica.com.mx\"],\"url\":\"https:\/\/eticacomunica.com.mx\/?author=1\"}]}<\/script>\n<!-- \/ Yoast SEO plugin. -->","yoast_head_json":{"title":"Dr. Ismael Alvarado V\u00e1zquez es nombrado Presidente de la Comisi\u00f3n Dictaminadora del \u00e1rea de las Ciencias Sociales - \u00c9tica Comunica","robots":{"index":"index","follow":"follow","max-snippet":"max-snippet:-1","max-image-preview":"max-image-preview:large","max-video-preview":"max-video-preview:-1"},"canonical":"https:\/\/eticacomunica.com.mx\/?p=31822","og_locale":"es_MX","og_type":"article","og_title":"Dr. Ismael Alvarado V\u00e1zquez es nombrado Presidente de la Comisi\u00f3n Dictaminadora del \u00e1rea de las Ciencias Sociales - \u00c9tica Comunica","og_description":"El investigador universitario Dr. Ismael Alvarado V\u00e1zquez , fue nombrado recientemente por la Secretar\u00eda Ejecutiva del sistema Nacional de Investigadores, Presidente de la Comisi\u00f3n Dictaminadora del \u00e1rea de las Ciencias&hellip;","og_url":"https:\/\/eticacomunica.com.mx\/?p=31822","og_site_name":"\u00c9tica Comunica","article_publisher":"https:\/\/www.facebook.com\/eticacomunica","article_published_time":"2026-03-13T15:28:46+00:00","author":"etica","twitter_card":"summary_large_image","twitter_misc":{"Escrito por":"etica","Tiempo de lectura":"2 minutos"},"schema":{"@context":"https:\/\/schema.org","@graph":[{"@type":"Article","@id":"https:\/\/eticacomunica.com.mx\/?p=31822#article","isPartOf":{"@id":"https:\/\/eticacomunica.com.mx\/?p=31822"},"author":{"name":"etica","@id":"https:\/\/eticacomunica.com.mx\/#\/schema\/person\/2cacc47bd17fe8ad92f08c0313d22fa6"},"headline":"Dr. Ismael Alvarado V\u00e1zquez es nombrado Presidente de la Comisi\u00f3n Dictaminadora del \u00e1rea de las Ciencias Sociales","datePublished":"2026-03-13T15:28:46+00:00","mainEntityOfPage":{"@id":"https:\/\/eticacomunica.com.mx\/?p=31822"},"wordCount":324,"commentCount":0,"publisher":{"@id":"https:\/\/eticacomunica.com.mx\/#organization"},"image":{"@id":"https:\/\/eticacomunica.com.mx\/?p=31822#primaryimage"},"thumbnailUrl":"https:\/\/eticacomunica.com.mx\/wp-content\/uploads\/2026\/03\/IMG-20260313-WA0003.jpg","keywords":["UAS"],"articleSection":["Educaci\u00f3n"],"inLanguage":"es","potentialAction":[{"@type":"CommentAction","name":"Comment","target":["https:\/\/eticacomunica.com.mx\/?p=31822#respond"]}]},{"@type":"WebPage","@id":"https:\/\/eticacomunica.com.mx\/?p=31822","url":"https:\/\/eticacomunica.com.mx\/?p=31822","name":"Dr. Ismael Alvarado V\u00e1zquez es nombrado Presidente de la Comisi\u00f3n Dictaminadora del \u00e1rea de las Ciencias Sociales - \u00c9tica Comunica","isPartOf":{"@id":"https:\/\/eticacomunica.com.mx\/#website"},"primaryImageOfPage":{"@id":"https:\/\/eticacomunica.com.mx\/?p=31822#primaryimage"},"image":{"@id":"https:\/\/eticacomunica.com.mx\/?p=31822#primaryimage"},"thumbnailUrl":"https:\/\/eticacomunica.com.mx\/wp-content\/uploads\/2026\/03\/IMG-20260313-WA0003.jpg","datePublished":"2026-03-13T15:28:46+00:00","breadcrumb":{"@id":"https:\/\/eticacomunica.com.mx\/?p=31822#breadcrumb"},"inLanguage":"es","potentialAction":[{"@type":"ReadAction","target":["https:\/\/eticacomunica.com.mx\/?p=31822"]}]},{"@type":"ImageObject","inLanguage":"es","@id":"https:\/\/eticacomunica.com.mx\/?p=31822#primaryimage","url":"https:\/\/eticacomunica.com.mx\/wp-content\/uploads\/2026\/03\/IMG-20260313-WA0003.jpg","contentUrl":"https:\/\/eticacomunica.com.mx\/wp-content\/uploads\/2026\/03\/IMG-20260313-WA0003.jpg","width":1200,"height":720},{"@type":"BreadcrumbList","@id":"https:\/\/eticacomunica.com.mx\/?p=31822#breadcrumb","itemListElement":[{"@type":"ListItem","position":1,"name":"Inicio","item":"https:\/\/eticacomunica.com.mx\/"},{"@type":"ListItem","position":2,"name":"Dr. Ismael Alvarado V\u00e1zquez es nombrado Presidente de la Comisi\u00f3n Dictaminadora del \u00e1rea de las Ciencias Sociales"}]},{"@type":"WebSite","@id":"https:\/\/eticacomunica.com.mx\/#website","url":"https:\/\/eticacomunica.com.mx\/","name":"\u00c9tica Comunica","description":"Diario Digital","publisher":{"@id":"https:\/\/eticacomunica.com.mx\/#organization"},"potentialAction":[{"@type":"SearchAction","target":{"@type":"EntryPoint","urlTemplate":"https:\/\/eticacomunica.com.mx\/?s={search_term_string}"},"query-input":{"@type":"PropertyValueSpecification","valueRequired":true,"valueName":"search_term_string"}}],"inLanguage":"es"},{"@type":"Organization","@id":"https:\/\/eticacomunica.com.mx\/#organization","name":"Diarios Digitales de Sinaloa","url":"https:\/\/eticacomunica.com.mx\/","logo":{"@type":"ImageObject","inLanguage":"es","@id":"https:\/\/eticacomunica.com.mx\/#\/schema\/logo\/image\/","url":"https:\/\/eticacomunica.com.mx\/wp-content\/uploads\/2023\/10\/etica-logo.png","contentUrl":"https:\/\/eticacomunica.com.mx\/wp-content\/uploads\/2023\/10\/etica-logo.png","width":1280,"height":432,"caption":"Diarios Digitales de Sinaloa"},"image":{"@id":"https:\/\/eticacomunica.com.mx\/#\/schema\/logo\/image\/"},"sameAs":["https:\/\/www.facebook.com\/eticacomunica"]},{"@type":"Person","@id":"https:\/\/eticacomunica.com.mx\/#\/schema\/person\/2cacc47bd17fe8ad92f08c0313d22fa6","name":"etica","image":{"@type":"ImageObject","inLanguage":"es","@id":"https:\/\/secure.gravatar.com\/avatar\/dfb45d32bc7097f8f06d6e4f6e6b387e7cb8fd5b3a2869265c40587ab62cab1e?s=96&d=mm&r=g","url":"https:\/\/secure.gravatar.com\/avatar\/dfb45d32bc7097f8f06d6e4f6e6b387e7cb8fd5b3a2869265c40587ab62cab1e?s=96&d=mm&r=g","contentUrl":"https:\/\/secure.gravatar.com\/avatar\/dfb45d32bc7097f8f06d6e4f6e6b387e7cb8fd5b3a2869265c40587ab62cab1e?s=96&d=mm&r=g","caption":"etica"},"sameAs":["https:\/\/eticacomunica.com.mx"],"url":"https:\/\/eticacomunica.com.mx\/?author=1"}]}},"jetpack_publicize_connections":[],"jetpack_featured_media_url":"https:\/\/eticacomunica.com.mx\/wp-content\/uploads\/2026\/03\/IMG-20260313-WA0003.jpg","jetpack_sharing_enabled":true,"_links":{"self":[{"href":"https:\/\/eticacomunica.com.mx\/index.php?rest_route=\/wp\/v2\/posts\/31822","targetHints":{"allow":["GET"]}}],"collection":[{"href":"https:\/\/eticacomunica.com.mx\/index.php?rest_route=\/wp\/v2\/posts"}],"about":[{"href":"https:\/\/eticacomunica.com.mx\/index.php?rest_route=\/wp\/v2\/types\/post"}],"author":[{"embeddable":true,"href":"https:\/\/eticacomunica.com.mx\/index.php?rest_route=\/wp\/v2\/users\/1"}],"replies":[{"embeddable":true,"href":"https:\/\/eticacomunica.com.mx\/index.php?rest_route=%2Fwp%2Fv2%2Fcomments&post=31822"}],"version-history":[{"count":0,"href":"https:\/\/eticacomunica.com.mx\/index.php?rest_route=\/wp\/v2\/posts\/31822\/revisions"}],"wp:featuredmedia":[{"embeddable":true,"href":"https:\/\/eticacomunica.com.mx\/index.php?rest_route=\/wp\/v2\/media\/31821"}],"wp:attachment":[{"href":"https:\/\/eticacomunica.com.mx\/index.php?rest_route=%2Fwp%2Fv2%2Fmedia&parent=31822"}],"wp:term":[{"taxonomy":"category","embeddable":true,"href":"https:\/\/eticacomunica.com.mx\/index.php?rest_route=%2Fwp%2Fv2%2Fcategories&post=31822"},{"taxonomy":"post_tag","embeddable":true,"href":"https:\/\/eticacomunica.com.mx\/index.php?rest_route=%2Fwp%2Fv2%2Ftags&post=31822"}],"curies":[{"name":"wp","href":"https:\/\/api.w.org\/{rel}","templated":true}]}}