{"id":31824,"date":"2026-03-13T11:23:55","date_gmt":"2026-03-13T18:23:55","guid":{"rendered":"https:\/\/eticacomunica.com.mx\/?p=31824"},"modified":"2026-03-13T11:23:55","modified_gmt":"2026-03-13T18:23:55","slug":"entrega-estrella-palacios-el-carcamo-burocrata-totalmente-rehabilitado","status":"publish","type":"post","link":"https:\/\/eticacomunica.com.mx\/?p=31824","title":{"rendered":"Entrega Estrella Palacios el C\u00e1rcamo Bur\u00f3crata totalmente rehabilitado"},"content":{"rendered":"\n<p>Es el segundo de tres proyectos para modernizar c\u00e1rcamos; aqu\u00ed se invirtieron 5.8 mdp.<br><br>Mazatl\u00e1n, Sinaloa, 13 de marzo de 2026.- A trav\u00e9s del Eje Estrat\u00e9gico Mazatl\u00e1n Ordenado y Eficiente, establecido en el Plan Municipal de Desarrollo 2024-2027, la Presidenta Estrella Palacios Dom\u00ednguez sigue cumpliendo con los compromisos hechos con la poblaci\u00f3n mazatleca y este viernes le hizo entrega a JUMAPAM del proyecto terminado de la modernizaci\u00f3n y el equipamiento del C\u00e1rcamo Bur\u00f3crata.<br><br>Dichas instalaciones, ubicadas en las inmediaciones de la colonia Salvador Allende, tuvieron una inversi\u00f3n de 5 millones 831 mil 552 pesos, recursos procedentes del Fondo de Aportaciones para la Infraestructura Social Municipal, para mejorar el desalojo de las aguas residuales de un gran sector de la ciudad.<br><br>&#8220;Durante mucho tiempo, la infraestructura sanitaria estuvo olvidada frente al crecimiento de la ciudad, hoy, estamos haciendo lo que nos corresponde: atender lo urgente y planear a futuro, transformando la vida de 140 mil personas, en 40 colonias de la ciudad. En esta administraci\u00f3n tenemos claro que gobernar es resolver,&nbsp; es invertir en lo que verdaderamente importa y en lo que impacta en la calidad de vida de la gente&#8221;, afirm\u00f3 la Alcaldesa Estrella Palacios. <br><br>El Encargado de la Direcci\u00f3n de Obras P\u00fablicas, el Ingeniero Mart\u00edn Gallardo Noriega, puntualiz\u00f3 que este proyecto consisti\u00f3 en equipar y dar mantenimiento a las instalaciones. Dentro de lo m\u00e1s destacable fueron el suministro e instalaci\u00f3n de 2 motobombas sumergibles para manejo de aguas residuales, con la capacidad de 250 litros por segundo; se instal\u00f3 un nuevo centro de control de motores; la rehabilitaci\u00f3n del sistema el\u00e9ctrico para el alumbrado interior y exterior, que incluy\u00f3 el suministro de 9 reflectores; tambi\u00e9n se dio mantenimiento general a la planta de emergencia; el suministro e instalaci\u00f3n de polipasto el\u00e9ctrico de 5 toneladas y la adecuaci\u00f3n de servicios en caseta de operaciones, ba\u00f1o, accesos, adecuaci\u00f3n de muros de la planta de emergencia, tuber\u00edas de drenaje y sistema de lavado a presi\u00f3n.<br><br>Por su parte, el Gerente General de JUMAPAM, el Ingeniero Jorge Gonz\u00e1lez Naranjo, resalt\u00f3 la importancia de esta obra en la operaci\u00f3n del sistema hidrosanitario, pues este c\u00e1rcamo recibe casi el 30 por ciento de las aguas residuales del puerto de Mazatl\u00e1n.<\/p>\n","protected":false},"excerpt":{"rendered":"<p>Es el segundo de tres proyectos para modernizar c\u00e1rcamos; aqu\u00ed se invirtieron 5.8 mdp. Mazatl\u00e1n, Sinaloa, 13 de marzo de 2026.- A trav\u00e9s del Eje Estrat\u00e9gico Mazatl\u00e1n Ordenado y Eficiente,&hellip;<\/p>\n","protected":false},"author":1,"featured_media":31823,"comment_status":"open","ping_status":"open","sticky":false,"template":"","format":"standard","meta":{"_jetpack_memberships_contains_paid_content":false,"footnotes":"","jetpack_publicize_message":"","jetpack_publicize_feature_enabled":true,"jetpack_social_post_already_shared":true,"jetpack_social_options":{"image_generator_settings":{"template":"highway","default_image_id":0,"font":"","enabled":false},"version":2}},"categories":[26],"tags":[289],"class_list":["post-31824","post","type-post","status-publish","format-standard","has-post-thumbnail","hentry","category-portada","tag-estrella-palacios"],"yoast_head":"<!-- This site is optimized with the Yoast SEO plugin v27.2 - https:\/\/yoast.com\/product\/yoast-seo-wordpress\/ -->\n<title>Entrega Estrella Palacios el C\u00e1rcamo Bur\u00f3crata totalmente rehabilitado - \u00c9tica Comunica<\/title>\n<meta name=\"robots\" content=\"index, follow, max-snippet:-1, max-image-preview:large, max-video-preview:-1\" \/>\n<link rel=\"canonical\" href=\"https:\/\/eticacomunica.com.mx\/?p=31824\" \/>\n<meta property=\"og:locale\" content=\"es_MX\" \/>\n<meta property=\"og:type\" content=\"article\" \/>\n<meta property=\"og:title\" content=\"Entrega Estrella Palacios el C\u00e1rcamo Bur\u00f3crata totalmente rehabilitado - \u00c9tica Comunica\" \/>\n<meta property=\"og:description\" content=\"Es el segundo de tres proyectos para modernizar c\u00e1rcamos; aqu\u00ed se invirtieron 5.8 mdp. Mazatl\u00e1n, Sinaloa, 13 de marzo de 2026.- A trav\u00e9s del Eje Estrat\u00e9gico Mazatl\u00e1n Ordenado y Eficiente,&hellip;\" \/>\n<meta property=\"og:url\" content=\"https:\/\/eticacomunica.com.mx\/?p=31824\" \/>\n<meta property=\"og:site_name\" content=\"\u00c9tica Comunica\" \/>\n<meta property=\"article:publisher\" content=\"https:\/\/www.facebook.com\/eticacomunica\" \/>\n<meta property=\"article:published_time\" content=\"2026-03-13T18:23:55+00:00\" \/>\n<meta name=\"author\" content=\"etica\" \/>\n<meta name=\"twitter:card\" content=\"summary_large_image\" \/>\n<meta name=\"twitter:label1\" content=\"Escrito por\" \/>\n\t<meta name=\"twitter:data1\" content=\"etica\" \/>\n\t<meta name=\"twitter:label2\" content=\"Tiempo de lectura\" \/>\n\t<meta name=\"twitter:data2\" content=\"2 minutos\" \/>\n<script type=\"application\/ld+json\" class=\"yoast-schema-graph\">{\"@context\":\"https:\/\/schema.org\",\"@graph\":[{\"@type\":\"Article\",\"@id\":\"https:\/\/eticacomunica.com.mx\/?p=31824#article\",\"isPartOf\":{\"@id\":\"https:\/\/eticacomunica.com.mx\/?p=31824\"},\"author\":{\"name\":\"etica\",\"@id\":\"https:\/\/eticacomunica.com.mx\/#\/schema\/person\/2cacc47bd17fe8ad92f08c0313d22fa6\"},\"headline\":\"Entrega Estrella Palacios el C\u00e1rcamo Bur\u00f3crata totalmente rehabilitado\",\"datePublished\":\"2026-03-13T18:23:55+00:00\",\"mainEntityOfPage\":{\"@id\":\"https:\/\/eticacomunica.com.mx\/?p=31824\"},\"wordCount\":395,\"commentCount\":0,\"publisher\":{\"@id\":\"https:\/\/eticacomunica.com.mx\/#organization\"},\"image\":{\"@id\":\"https:\/\/eticacomunica.com.mx\/?p=31824#primaryimage\"},\"thumbnailUrl\":\"https:\/\/eticacomunica.com.mx\/wp-content\/uploads\/2026\/03\/IMG-20260313-WA0009.jpg\",\"keywords\":[\"Estrella Palacios\"],\"articleSection\":[\"Portada\"],\"inLanguage\":\"es\",\"potentialAction\":[{\"@type\":\"CommentAction\",\"name\":\"Comment\",\"target\":[\"https:\/\/eticacomunica.com.mx\/?p=31824#respond\"]}]},{\"@type\":\"WebPage\",\"@id\":\"https:\/\/eticacomunica.com.mx\/?p=31824\",\"url\":\"https:\/\/eticacomunica.com.mx\/?p=31824\",\"name\":\"Entrega Estrella Palacios el C\u00e1rcamo Bur\u00f3crata totalmente rehabilitado - \u00c9tica Comunica\",\"isPartOf\":{\"@id\":\"https:\/\/eticacomunica.com.mx\/#website\"},\"primaryImageOfPage\":{\"@id\":\"https:\/\/eticacomunica.com.mx\/?p=31824#primaryimage\"},\"image\":{\"@id\":\"https:\/\/eticacomunica.com.mx\/?p=31824#primaryimage\"},\"thumbnailUrl\":\"https:\/\/eticacomunica.com.mx\/wp-content\/uploads\/2026\/03\/IMG-20260313-WA0009.jpg\",\"datePublished\":\"2026-03-13T18:23:55+00:00\",\"breadcrumb\":{\"@id\":\"https:\/\/eticacomunica.com.mx\/?p=31824#breadcrumb\"},\"inLanguage\":\"es\",\"potentialAction\":[{\"@type\":\"ReadAction\",\"target\":[\"https:\/\/eticacomunica.com.mx\/?p=31824\"]}]},{\"@type\":\"ImageObject\",\"inLanguage\":\"es\",\"@id\":\"https:\/\/eticacomunica.com.mx\/?p=31824#primaryimage\",\"url\":\"https:\/\/eticacomunica.com.mx\/wp-content\/uploads\/2026\/03\/IMG-20260313-WA0009.jpg\",\"contentUrl\":\"https:\/\/eticacomunica.com.mx\/wp-content\/uploads\/2026\/03\/IMG-20260313-WA0009.jpg\",\"width\":2560,\"height\":1706},{\"@type\":\"BreadcrumbList\",\"@id\":\"https:\/\/eticacomunica.com.mx\/?p=31824#breadcrumb\",\"itemListElement\":[{\"@type\":\"ListItem\",\"position\":1,\"name\":\"Inicio\",\"item\":\"https:\/\/eticacomunica.com.mx\/\"},{\"@type\":\"ListItem\",\"position\":2,\"name\":\"Entrega Estrella Palacios el C\u00e1rcamo Bur\u00f3crata totalmente rehabilitado\"}]},{\"@type\":\"WebSite\",\"@id\":\"https:\/\/eticacomunica.com.mx\/#website\",\"url\":\"https:\/\/eticacomunica.com.mx\/\",\"name\":\"\u00c9tica Comunica\",\"description\":\"Diario Digital\",\"publisher\":{\"@id\":\"https:\/\/eticacomunica.com.mx\/#organization\"},\"potentialAction\":[{\"@type\":\"SearchAction\",\"target\":{\"@type\":\"EntryPoint\",\"urlTemplate\":\"https:\/\/eticacomunica.com.mx\/?s={search_term_string}\"},\"query-input\":{\"@type\":\"PropertyValueSpecification\",\"valueRequired\":true,\"valueName\":\"search_term_string\"}}],\"inLanguage\":\"es\"},{\"@type\":\"Organization\",\"@id\":\"https:\/\/eticacomunica.com.mx\/#organization\",\"name\":\"Diarios Digitales de Sinaloa\",\"url\":\"https:\/\/eticacomunica.com.mx\/\",\"logo\":{\"@type\":\"ImageObject\",\"inLanguage\":\"es\",\"@id\":\"https:\/\/eticacomunica.com.mx\/#\/schema\/logo\/image\/\",\"url\":\"https:\/\/eticacomunica.com.mx\/wp-content\/uploads\/2023\/10\/etica-logo.png\",\"contentUrl\":\"https:\/\/eticacomunica.com.mx\/wp-content\/uploads\/2023\/10\/etica-logo.png\",\"width\":1280,\"height\":432,\"caption\":\"Diarios Digitales de Sinaloa\"},\"image\":{\"@id\":\"https:\/\/eticacomunica.com.mx\/#\/schema\/logo\/image\/\"},\"sameAs\":[\"https:\/\/www.facebook.com\/eticacomunica\"]},{\"@type\":\"Person\",\"@id\":\"https:\/\/eticacomunica.com.mx\/#\/schema\/person\/2cacc47bd17fe8ad92f08c0313d22fa6\",\"name\":\"etica\",\"image\":{\"@type\":\"ImageObject\",\"inLanguage\":\"es\",\"@id\":\"https:\/\/secure.gravatar.com\/avatar\/dfb45d32bc7097f8f06d6e4f6e6b387e7cb8fd5b3a2869265c40587ab62cab1e?s=96&d=mm&r=g\",\"url\":\"https:\/\/secure.gravatar.com\/avatar\/dfb45d32bc7097f8f06d6e4f6e6b387e7cb8fd5b3a2869265c40587ab62cab1e?s=96&d=mm&r=g\",\"contentUrl\":\"https:\/\/secure.gravatar.com\/avatar\/dfb45d32bc7097f8f06d6e4f6e6b387e7cb8fd5b3a2869265c40587ab62cab1e?s=96&d=mm&r=g\",\"caption\":\"etica\"},\"sameAs\":[\"https:\/\/eticacomunica.com.mx\"],\"url\":\"https:\/\/eticacomunica.com.mx\/?author=1\"}]}<\/script>\n<!-- \/ Yoast SEO plugin. -->","yoast_head_json":{"title":"Entrega Estrella Palacios el C\u00e1rcamo Bur\u00f3crata totalmente rehabilitado - \u00c9tica Comunica","robots":{"index":"index","follow":"follow","max-snippet":"max-snippet:-1","max-image-preview":"max-image-preview:large","max-video-preview":"max-video-preview:-1"},"canonical":"https:\/\/eticacomunica.com.mx\/?p=31824","og_locale":"es_MX","og_type":"article","og_title":"Entrega Estrella Palacios el C\u00e1rcamo Bur\u00f3crata totalmente rehabilitado - \u00c9tica Comunica","og_description":"Es el segundo de tres proyectos para modernizar c\u00e1rcamos; aqu\u00ed se invirtieron 5.8 mdp. Mazatl\u00e1n, Sinaloa, 13 de marzo de 2026.- A trav\u00e9s del Eje Estrat\u00e9gico Mazatl\u00e1n Ordenado y Eficiente,&hellip;","og_url":"https:\/\/eticacomunica.com.mx\/?p=31824","og_site_name":"\u00c9tica Comunica","article_publisher":"https:\/\/www.facebook.com\/eticacomunica","article_published_time":"2026-03-13T18:23:55+00:00","author":"etica","twitter_card":"summary_large_image","twitter_misc":{"Escrito por":"etica","Tiempo de lectura":"2 minutos"},"schema":{"@context":"https:\/\/schema.org","@graph":[{"@type":"Article","@id":"https:\/\/eticacomunica.com.mx\/?p=31824#article","isPartOf":{"@id":"https:\/\/eticacomunica.com.mx\/?p=31824"},"author":{"name":"etica","@id":"https:\/\/eticacomunica.com.mx\/#\/schema\/person\/2cacc47bd17fe8ad92f08c0313d22fa6"},"headline":"Entrega Estrella Palacios el C\u00e1rcamo Bur\u00f3crata totalmente rehabilitado","datePublished":"2026-03-13T18:23:55+00:00","mainEntityOfPage":{"@id":"https:\/\/eticacomunica.com.mx\/?p=31824"},"wordCount":395,"commentCount":0,"publisher":{"@id":"https:\/\/eticacomunica.com.mx\/#organization"},"image":{"@id":"https:\/\/eticacomunica.com.mx\/?p=31824#primaryimage"},"thumbnailUrl":"https:\/\/eticacomunica.com.mx\/wp-content\/uploads\/2026\/03\/IMG-20260313-WA0009.jpg","keywords":["Estrella Palacios"],"articleSection":["Portada"],"inLanguage":"es","potentialAction":[{"@type":"CommentAction","name":"Comment","target":["https:\/\/eticacomunica.com.mx\/?p=31824#respond"]}]},{"@type":"WebPage","@id":"https:\/\/eticacomunica.com.mx\/?p=31824","url":"https:\/\/eticacomunica.com.mx\/?p=31824","name":"Entrega Estrella Palacios el C\u00e1rcamo Bur\u00f3crata totalmente rehabilitado - \u00c9tica Comunica","isPartOf":{"@id":"https:\/\/eticacomunica.com.mx\/#website"},"primaryImageOfPage":{"@id":"https:\/\/eticacomunica.com.mx\/?p=31824#primaryimage"},"image":{"@id":"https:\/\/eticacomunica.com.mx\/?p=31824#primaryimage"},"thumbnailUrl":"https:\/\/eticacomunica.com.mx\/wp-content\/uploads\/2026\/03\/IMG-20260313-WA0009.jpg","datePublished":"2026-03-13T18:23:55+00:00","breadcrumb":{"@id":"https:\/\/eticacomunica.com.mx\/?p=31824#breadcrumb"},"inLanguage":"es","potentialAction":[{"@type":"ReadAction","target":["https:\/\/eticacomunica.com.mx\/?p=31824"]}]},{"@type":"ImageObject","inLanguage":"es","@id":"https:\/\/eticacomunica.com.mx\/?p=31824#primaryimage","url":"https:\/\/eticacomunica.com.mx\/wp-content\/uploads\/2026\/03\/IMG-20260313-WA0009.jpg","contentUrl":"https:\/\/eticacomunica.com.mx\/wp-content\/uploads\/2026\/03\/IMG-20260313-WA0009.jpg","width":2560,"height":1706},{"@type":"BreadcrumbList","@id":"https:\/\/eticacomunica.com.mx\/?p=31824#breadcrumb","itemListElement":[{"@type":"ListItem","position":1,"name":"Inicio","item":"https:\/\/eticacomunica.com.mx\/"},{"@type":"ListItem","position":2,"name":"Entrega Estrella Palacios el C\u00e1rcamo Bur\u00f3crata totalmente rehabilitado"}]},{"@type":"WebSite","@id":"https:\/\/eticacomunica.com.mx\/#website","url":"https:\/\/eticacomunica.com.mx\/","name":"\u00c9tica Comunica","description":"Diario Digital","publisher":{"@id":"https:\/\/eticacomunica.com.mx\/#organization"},"potentialAction":[{"@type":"SearchAction","target":{"@type":"EntryPoint","urlTemplate":"https:\/\/eticacomunica.com.mx\/?s={search_term_string}"},"query-input":{"@type":"PropertyValueSpecification","valueRequired":true,"valueName":"search_term_string"}}],"inLanguage":"es"},{"@type":"Organization","@id":"https:\/\/eticacomunica.com.mx\/#organization","name":"Diarios Digitales de Sinaloa","url":"https:\/\/eticacomunica.com.mx\/","logo":{"@type":"ImageObject","inLanguage":"es","@id":"https:\/\/eticacomunica.com.mx\/#\/schema\/logo\/image\/","url":"https:\/\/eticacomunica.com.mx\/wp-content\/uploads\/2023\/10\/etica-logo.png","contentUrl":"https:\/\/eticacomunica.com.mx\/wp-content\/uploads\/2023\/10\/etica-logo.png","width":1280,"height":432,"caption":"Diarios Digitales de Sinaloa"},"image":{"@id":"https:\/\/eticacomunica.com.mx\/#\/schema\/logo\/image\/"},"sameAs":["https:\/\/www.facebook.com\/eticacomunica"]},{"@type":"Person","@id":"https:\/\/eticacomunica.com.mx\/#\/schema\/person\/2cacc47bd17fe8ad92f08c0313d22fa6","name":"etica","image":{"@type":"ImageObject","inLanguage":"es","@id":"https:\/\/secure.gravatar.com\/avatar\/dfb45d32bc7097f8f06d6e4f6e6b387e7cb8fd5b3a2869265c40587ab62cab1e?s=96&d=mm&r=g","url":"https:\/\/secure.gravatar.com\/avatar\/dfb45d32bc7097f8f06d6e4f6e6b387e7cb8fd5b3a2869265c40587ab62cab1e?s=96&d=mm&r=g","contentUrl":"https:\/\/secure.gravatar.com\/avatar\/dfb45d32bc7097f8f06d6e4f6e6b387e7cb8fd5b3a2869265c40587ab62cab1e?s=96&d=mm&r=g","caption":"etica"},"sameAs":["https:\/\/eticacomunica.com.mx"],"url":"https:\/\/eticacomunica.com.mx\/?author=1"}]}},"jetpack_publicize_connections":[],"jetpack_featured_media_url":"https:\/\/eticacomunica.com.mx\/wp-content\/uploads\/2026\/03\/IMG-20260313-WA0009.jpg","jetpack_sharing_enabled":true,"_links":{"self":[{"href":"https:\/\/eticacomunica.com.mx\/index.php?rest_route=\/wp\/v2\/posts\/31824","targetHints":{"allow":["GET"]}}],"collection":[{"href":"https:\/\/eticacomunica.com.mx\/index.php?rest_route=\/wp\/v2\/posts"}],"about":[{"href":"https:\/\/eticacomunica.com.mx\/index.php?rest_route=\/wp\/v2\/types\/post"}],"author":[{"embeddable":true,"href":"https:\/\/eticacomunica.com.mx\/index.php?rest_route=\/wp\/v2\/users\/1"}],"replies":[{"embeddable":true,"href":"https:\/\/eticacomunica.com.mx\/index.php?rest_route=%2Fwp%2Fv2%2Fcomments&post=31824"}],"version-history":[{"count":0,"href":"https:\/\/eticacomunica.com.mx\/index.php?rest_route=\/wp\/v2\/posts\/31824\/revisions"}],"wp:featuredmedia":[{"embeddable":true,"href":"https:\/\/eticacomunica.com.mx\/index.php?rest_route=\/wp\/v2\/media\/31823"}],"wp:attachment":[{"href":"https:\/\/eticacomunica.com.mx\/index.php?rest_route=%2Fwp%2Fv2%2Fmedia&parent=31824"}],"wp:term":[{"taxonomy":"category","embeddable":true,"href":"https:\/\/eticacomunica.com.mx\/index.php?rest_route=%2Fwp%2Fv2%2Fcategories&post=31824"},{"taxonomy":"post_tag","embeddable":true,"href":"https:\/\/eticacomunica.com.mx\/index.php?rest_route=%2Fwp%2Fv2%2Ftags&post=31824"}],"curies":[{"name":"wp","href":"https:\/\/api.w.org\/{rel}","templated":true}]}}