{"id":31826,"date":"2026-03-13T14:00:27","date_gmt":"2026-03-13T21:00:27","guid":{"rendered":"https:\/\/eticacomunica.com.mx\/?p=31826"},"modified":"2026-03-13T14:00:27","modified_gmt":"2026-03-13T21:00:27","slug":"gobierno-federal-y-estatal-industriales-bodegueros-y-productores-garantizan-comercializacion-de-la-cosecha-2026-del-maiz-de-sinaloa","status":"publish","type":"post","link":"https:\/\/eticacomunica.com.mx\/?p=31826","title":{"rendered":"Gobierno federal y estatal, industriales, bodegueros y productores garantizan comercializaci\u00f3n de la cosecha 2026 del ma\u00edz de Sinaloa"},"content":{"rendered":"\n<p>Industriales, comercializadores y bodegueros atendieron el llamado que hizo la presidenta de M\u00e9xico para apoyar a los productores de Sinaloa, al comprometerse a comprar la cosecha.<br><br>Son 2.86 millones de toneladas las que contempla este esquema de compra-venta anticipada, que representan m\u00e1s del 70% de la cosecha.<br><br>El gobernador Rocha, junto con el secretario particular de la Presidenta Claudia Sheinbaum, Carlos Augusto Morales, y el subsecretario de Agricultura, Leonel Cota Monta\u00f1o, fueron testigos de dicho acuerdo que servir\u00e1 como modelo nacional.<br><br>Culiac\u00e1n, Sinaloa, a 13 de marzo de 2026.- En una reuni\u00f3n sin precedentes e hist\u00f3rica considerada tanto por productores, comercializadores y autoridades, se logr\u00f3 garantizar la compra de 2 millones 856 mil toneladas de la cosecha de ma\u00edz oto\u00f1o-invierno 2025-2026 que habr\u00e1 de levantarse en dos meses, gracias al acuerdo impulsado por la Presidenta de la Rep\u00fablica, Claudia Sehinbaum Pardo y el gobernador Rub\u00e9n Rocha Moya, para atender de manera anticipada la comercializaci\u00f3n del ma\u00edz, y otorgar certidumbre a los productores sinaloenses.<br><br>En el Sal\u00f3n de Gobernadores de Palacio de Gobierno, el gobernador Rocha y los dos comisionados para este tema por la Presidenta Sheinbaum, su secretario particular, Carlos Augusto Morales L\u00f3pez; y el subsecretario de Agricultura y Desarrollo Rural, Leonel Cota Monta\u00f1o, se reunieron con industriales, comercializadores y bodegueros, quienes firmaron de manera formal y por escrito su compromiso de compra a futuro, que en total representa m\u00e1s del 70 por ciento del total de la producci\u00f3n del ma\u00edz de este a\u00f1o, que se estima ser\u00e1 de 4 millones de toneladas.<br><br>En total, fueron 25 comercializadores que se comprometieron a adquirir la producci\u00f3n de Sinaloa, como las industrias Maseca, Minsa y Harimasa, que en conjunto comprar\u00e1n un mill\u00f3n 100 mil toneladas; Sukarne, con un compromiso de 450 mil toneladas; Grupo Patr\u00f3n, con 300 mil toneladas; Agroservicios a Productores del Valle, con 200 mil toneladas; Bachoco, con un compromiso de 160 mil toneladas; y Cereales Comerciales de la Costa (Graco), con 130 mil toneladas, quienes representan los mayores vol\u00famenes del total de toneladas que se aseguraron.<br><br>En su mensaje, el gobernador Rocha consider\u00f3 esta reuni\u00f3n in\u00e9dita porque no s\u00f3lo se est\u00e1 otorgando certeza a los productores, sino que se sientan las bases para armar una estrategia de largo plazo.<br><br>\u201c\u00c9sta es una reuni\u00f3n in\u00e9dita. Siempre he dicho que quiero terminar mi gobierno armando una estrategia de futuro en materia de comercializaci\u00f3n de los granos, ya no solamente del ma\u00edz\u201d, dijo.<br><br>Por ello, el mandatario estatal agradeci\u00f3 a la presidenta Claudia Sheinbaum por haber logrado este acuerdo, al que se comprometi\u00f3 hace apenas 15 d\u00edas durante su visita a Culiac\u00e1n.<br><br>En su intervenci\u00f3n, el secretario de la Presidenta, Carlos Augusto Morales, destac\u00f3 que el modelo de comercializaci\u00f3n que se concret\u00f3 para Sinaloa podr\u00e1 servir para replicarlo a nivel nacional, en todos los dem\u00e1s estados productores de ma\u00edz, ya que puede beneficiar a todo el campo mexicano, al asegurarse un mecanismo de compras anticipadas que viene a dar certeza a los productores.<br><br>Por su parte, el subsecretario de Agricultura, Leonel Cota Monta\u00f1o, se\u00f1al\u00f3 que \u00e9ste es un paso en el compromiso de la Presidenta de la Rep\u00fablica para crear un Sistema Nacional de Ordenamiento del Mercado de ma\u00edz y otros granos, lo que permitir\u00e1 al gobierno ya no seguir actuando ante la emergencia coyuntural que representa cada a\u00f1o la comercializaci\u00f3n de las cosechas, sino asegurar con anticipaci\u00f3n la compra de la producci\u00f3n.<br><br>A nombre de los productores intervinieron el presidente de la Confederaci\u00f3n de Asociaciones Agr\u00edcolas del Estado de Sinaloa (CAADES), Jes\u00fas Rojo Plascencia y la ex presidenta del M\u00f3dulo de Riego Santa Rosa, Marina Baca Mart\u00ednez.<br><br>\u201cYo creo que acabamos de presenciar un momento hist\u00f3rico para el tema de la comercializaci\u00f3n en Sinaloa, es un gran paso para los productores, que nos da certidumbre el saber que nuestras cosechas van a poder salir\u201d, dijo el dirigente de la CAADES.<br><br>Adem\u00e1s de Maseca, Minsa, Harimasa, Sukarne, Agroservicios a Productores del Valle, Patr\u00f3n y Graco, tambi\u00e9n firmaron su compromiso de compra, Agr\u00edcola del Surco, Agr\u00edcola Roher, Agroexportadora IBCA, Agropecuaria Angax, Agroservicios Casas Grandes, Agrosilos de la Regi\u00f3n, Grupo Vizcarra, Comercializadora de Productos Agr\u00edcolas Culiac\u00e1n-Navolato, Cereales Santa Cecilia, Fritierra; Granos, Semillas y Servicios Agr\u00edcolas; Granovi, Inbiomex de M\u00e9xico, Jova Graneros, Mayoni, Palmicultores de San Marcos, PURP, Servicios Agr\u00edcolas Unidos de Guam\u00fachil, y Uni\u00f3n de Porcicultores del Estado de Sonora.<br><br>Cabe destacar que, previo a esta reuni\u00f3n, los representantes del Gobierno de M\u00e9xico y de Sinaloa se reunieron en el Auditorio de Palacio de Gobierno con decenas de productores agr\u00edcolas tanto sector social como privado, con quienes abordaron otros temas de inter\u00e9s.<\/p>\n","protected":false},"excerpt":{"rendered":"<p>Industriales, comercializadores y bodegueros atendieron el llamado que hizo la presidenta de M\u00e9xico para apoyar a los productores de Sinaloa, al comprometerse a comprar la cosecha. Son 2.86 millones de&hellip;<\/p>\n","protected":false},"author":1,"featured_media":31825,"comment_status":"open","ping_status":"open","sticky":false,"template":"","format":"standard","meta":{"_jetpack_memberships_contains_paid_content":false,"footnotes":"","jetpack_publicize_message":"","jetpack_publicize_feature_enabled":true,"jetpack_social_post_already_shared":true,"jetpack_social_options":{"image_generator_settings":{"template":"highway","default_image_id":0,"font":"","enabled":false},"version":2}},"categories":[207,26],"tags":[34],"class_list":["post-31826","post","type-post","status-publish","format-standard","has-post-thumbnail","hentry","category-ges","category-portada","tag-gobierno-del-estado-de-sinaloa"],"yoast_head":"<!-- This site is optimized with the Yoast SEO plugin v27.2 - https:\/\/yoast.com\/product\/yoast-seo-wordpress\/ -->\n<title>Gobierno federal y estatal, industriales, bodegueros y productores garantizan comercializaci\u00f3n de la cosecha 2026 del ma\u00edz de Sinaloa - \u00c9tica Comunica<\/title>\n<meta name=\"robots\" content=\"index, follow, max-snippet:-1, max-image-preview:large, max-video-preview:-1\" \/>\n<link rel=\"canonical\" href=\"https:\/\/eticacomunica.com.mx\/?p=31826\" \/>\n<meta property=\"og:locale\" content=\"es_MX\" \/>\n<meta property=\"og:type\" content=\"article\" \/>\n<meta property=\"og:title\" content=\"Gobierno federal y estatal, industriales, bodegueros y productores garantizan comercializaci\u00f3n de la cosecha 2026 del ma\u00edz de Sinaloa - \u00c9tica Comunica\" \/>\n<meta property=\"og:description\" content=\"Industriales, comercializadores y bodegueros atendieron el llamado que hizo la presidenta de M\u00e9xico para apoyar a los productores de Sinaloa, al comprometerse a comprar la cosecha. Son 2.86 millones de&hellip;\" \/>\n<meta property=\"og:url\" content=\"https:\/\/eticacomunica.com.mx\/?p=31826\" \/>\n<meta property=\"og:site_name\" content=\"\u00c9tica Comunica\" \/>\n<meta property=\"article:publisher\" content=\"https:\/\/www.facebook.com\/eticacomunica\" \/>\n<meta property=\"article:published_time\" content=\"2026-03-13T21:00:27+00:00\" \/>\n<meta name=\"author\" content=\"etica\" \/>\n<meta name=\"twitter:card\" content=\"summary_large_image\" \/>\n<meta name=\"twitter:label1\" content=\"Escrito por\" \/>\n\t<meta name=\"twitter:data1\" content=\"etica\" \/>\n\t<meta name=\"twitter:label2\" content=\"Tiempo de lectura\" \/>\n\t<meta name=\"twitter:data2\" content=\"4 minutos\" \/>\n<script type=\"application\/ld+json\" class=\"yoast-schema-graph\">{\"@context\":\"https:\/\/schema.org\",\"@graph\":[{\"@type\":\"Article\",\"@id\":\"https:\/\/eticacomunica.com.mx\/?p=31826#article\",\"isPartOf\":{\"@id\":\"https:\/\/eticacomunica.com.mx\/?p=31826\"},\"author\":{\"name\":\"etica\",\"@id\":\"https:\/\/eticacomunica.com.mx\/#\/schema\/person\/2cacc47bd17fe8ad92f08c0313d22fa6\"},\"headline\":\"Gobierno federal y estatal, industriales, bodegueros y productores garantizan comercializaci\u00f3n de la cosecha 2026 del ma\u00edz de Sinaloa\",\"datePublished\":\"2026-03-13T21:00:27+00:00\",\"mainEntityOfPage\":{\"@id\":\"https:\/\/eticacomunica.com.mx\/?p=31826\"},\"wordCount\":831,\"commentCount\":0,\"publisher\":{\"@id\":\"https:\/\/eticacomunica.com.mx\/#organization\"},\"image\":{\"@id\":\"https:\/\/eticacomunica.com.mx\/?p=31826#primaryimage\"},\"thumbnailUrl\":\"https:\/\/eticacomunica.com.mx\/wp-content\/uploads\/2026\/03\/IMG-20260313-WA0035.jpg\",\"keywords\":[\"Gobierno del Estado de Sinaloa\"],\"articleSection\":[\"GES\",\"Portada\"],\"inLanguage\":\"es\",\"potentialAction\":[{\"@type\":\"CommentAction\",\"name\":\"Comment\",\"target\":[\"https:\/\/eticacomunica.com.mx\/?p=31826#respond\"]}]},{\"@type\":\"WebPage\",\"@id\":\"https:\/\/eticacomunica.com.mx\/?p=31826\",\"url\":\"https:\/\/eticacomunica.com.mx\/?p=31826\",\"name\":\"Gobierno federal y estatal, industriales, bodegueros y productores garantizan comercializaci\u00f3n de la cosecha 2026 del ma\u00edz de Sinaloa - \u00c9tica Comunica\",\"isPartOf\":{\"@id\":\"https:\/\/eticacomunica.com.mx\/#website\"},\"primaryImageOfPage\":{\"@id\":\"https:\/\/eticacomunica.com.mx\/?p=31826#primaryimage\"},\"image\":{\"@id\":\"https:\/\/eticacomunica.com.mx\/?p=31826#primaryimage\"},\"thumbnailUrl\":\"https:\/\/eticacomunica.com.mx\/wp-content\/uploads\/2026\/03\/IMG-20260313-WA0035.jpg\",\"datePublished\":\"2026-03-13T21:00:27+00:00\",\"breadcrumb\":{\"@id\":\"https:\/\/eticacomunica.com.mx\/?p=31826#breadcrumb\"},\"inLanguage\":\"es\",\"potentialAction\":[{\"@type\":\"ReadAction\",\"target\":[\"https:\/\/eticacomunica.com.mx\/?p=31826\"]}]},{\"@type\":\"ImageObject\",\"inLanguage\":\"es\",\"@id\":\"https:\/\/eticacomunica.com.mx\/?p=31826#primaryimage\",\"url\":\"https:\/\/eticacomunica.com.mx\/wp-content\/uploads\/2026\/03\/IMG-20260313-WA0035.jpg\",\"contentUrl\":\"https:\/\/eticacomunica.com.mx\/wp-content\/uploads\/2026\/03\/IMG-20260313-WA0035.jpg\",\"width\":1600,\"height\":1067},{\"@type\":\"BreadcrumbList\",\"@id\":\"https:\/\/eticacomunica.com.mx\/?p=31826#breadcrumb\",\"itemListElement\":[{\"@type\":\"ListItem\",\"position\":1,\"name\":\"Inicio\",\"item\":\"https:\/\/eticacomunica.com.mx\/\"},{\"@type\":\"ListItem\",\"position\":2,\"name\":\"Gobierno federal y estatal, industriales, bodegueros y productores garantizan comercializaci\u00f3n de la cosecha 2026 del ma\u00edz de Sinaloa\"}]},{\"@type\":\"WebSite\",\"@id\":\"https:\/\/eticacomunica.com.mx\/#website\",\"url\":\"https:\/\/eticacomunica.com.mx\/\",\"name\":\"\u00c9tica Comunica\",\"description\":\"Diario Digital\",\"publisher\":{\"@id\":\"https:\/\/eticacomunica.com.mx\/#organization\"},\"potentialAction\":[{\"@type\":\"SearchAction\",\"target\":{\"@type\":\"EntryPoint\",\"urlTemplate\":\"https:\/\/eticacomunica.com.mx\/?s={search_term_string}\"},\"query-input\":{\"@type\":\"PropertyValueSpecification\",\"valueRequired\":true,\"valueName\":\"search_term_string\"}}],\"inLanguage\":\"es\"},{\"@type\":\"Organization\",\"@id\":\"https:\/\/eticacomunica.com.mx\/#organization\",\"name\":\"Diarios Digitales de Sinaloa\",\"url\":\"https:\/\/eticacomunica.com.mx\/\",\"logo\":{\"@type\":\"ImageObject\",\"inLanguage\":\"es\",\"@id\":\"https:\/\/eticacomunica.com.mx\/#\/schema\/logo\/image\/\",\"url\":\"https:\/\/eticacomunica.com.mx\/wp-content\/uploads\/2023\/10\/etica-logo.png\",\"contentUrl\":\"https:\/\/eticacomunica.com.mx\/wp-content\/uploads\/2023\/10\/etica-logo.png\",\"width\":1280,\"height\":432,\"caption\":\"Diarios Digitales de Sinaloa\"},\"image\":{\"@id\":\"https:\/\/eticacomunica.com.mx\/#\/schema\/logo\/image\/\"},\"sameAs\":[\"https:\/\/www.facebook.com\/eticacomunica\"]},{\"@type\":\"Person\",\"@id\":\"https:\/\/eticacomunica.com.mx\/#\/schema\/person\/2cacc47bd17fe8ad92f08c0313d22fa6\",\"name\":\"etica\",\"image\":{\"@type\":\"ImageObject\",\"inLanguage\":\"es\",\"@id\":\"https:\/\/secure.gravatar.com\/avatar\/dfb45d32bc7097f8f06d6e4f6e6b387e7cb8fd5b3a2869265c40587ab62cab1e?s=96&d=mm&r=g\",\"url\":\"https:\/\/secure.gravatar.com\/avatar\/dfb45d32bc7097f8f06d6e4f6e6b387e7cb8fd5b3a2869265c40587ab62cab1e?s=96&d=mm&r=g\",\"contentUrl\":\"https:\/\/secure.gravatar.com\/avatar\/dfb45d32bc7097f8f06d6e4f6e6b387e7cb8fd5b3a2869265c40587ab62cab1e?s=96&d=mm&r=g\",\"caption\":\"etica\"},\"sameAs\":[\"https:\/\/eticacomunica.com.mx\"],\"url\":\"https:\/\/eticacomunica.com.mx\/?author=1\"}]}<\/script>\n<!-- \/ Yoast SEO plugin. -->","yoast_head_json":{"title":"Gobierno federal y estatal, industriales, bodegueros y productores garantizan comercializaci\u00f3n de la cosecha 2026 del ma\u00edz de Sinaloa - \u00c9tica Comunica","robots":{"index":"index","follow":"follow","max-snippet":"max-snippet:-1","max-image-preview":"max-image-preview:large","max-video-preview":"max-video-preview:-1"},"canonical":"https:\/\/eticacomunica.com.mx\/?p=31826","og_locale":"es_MX","og_type":"article","og_title":"Gobierno federal y estatal, industriales, bodegueros y productores garantizan comercializaci\u00f3n de la cosecha 2026 del ma\u00edz de Sinaloa - \u00c9tica Comunica","og_description":"Industriales, comercializadores y bodegueros atendieron el llamado que hizo la presidenta de M\u00e9xico para apoyar a los productores de Sinaloa, al comprometerse a comprar la cosecha. Son 2.86 millones de&hellip;","og_url":"https:\/\/eticacomunica.com.mx\/?p=31826","og_site_name":"\u00c9tica Comunica","article_publisher":"https:\/\/www.facebook.com\/eticacomunica","article_published_time":"2026-03-13T21:00:27+00:00","author":"etica","twitter_card":"summary_large_image","twitter_misc":{"Escrito por":"etica","Tiempo de lectura":"4 minutos"},"schema":{"@context":"https:\/\/schema.org","@graph":[{"@type":"Article","@id":"https:\/\/eticacomunica.com.mx\/?p=31826#article","isPartOf":{"@id":"https:\/\/eticacomunica.com.mx\/?p=31826"},"author":{"name":"etica","@id":"https:\/\/eticacomunica.com.mx\/#\/schema\/person\/2cacc47bd17fe8ad92f08c0313d22fa6"},"headline":"Gobierno federal y estatal, industriales, bodegueros y productores garantizan comercializaci\u00f3n de la cosecha 2026 del ma\u00edz de Sinaloa","datePublished":"2026-03-13T21:00:27+00:00","mainEntityOfPage":{"@id":"https:\/\/eticacomunica.com.mx\/?p=31826"},"wordCount":831,"commentCount":0,"publisher":{"@id":"https:\/\/eticacomunica.com.mx\/#organization"},"image":{"@id":"https:\/\/eticacomunica.com.mx\/?p=31826#primaryimage"},"thumbnailUrl":"https:\/\/eticacomunica.com.mx\/wp-content\/uploads\/2026\/03\/IMG-20260313-WA0035.jpg","keywords":["Gobierno del Estado de Sinaloa"],"articleSection":["GES","Portada"],"inLanguage":"es","potentialAction":[{"@type":"CommentAction","name":"Comment","target":["https:\/\/eticacomunica.com.mx\/?p=31826#respond"]}]},{"@type":"WebPage","@id":"https:\/\/eticacomunica.com.mx\/?p=31826","url":"https:\/\/eticacomunica.com.mx\/?p=31826","name":"Gobierno federal y estatal, industriales, bodegueros y productores garantizan comercializaci\u00f3n de la cosecha 2026 del ma\u00edz de Sinaloa - \u00c9tica Comunica","isPartOf":{"@id":"https:\/\/eticacomunica.com.mx\/#website"},"primaryImageOfPage":{"@id":"https:\/\/eticacomunica.com.mx\/?p=31826#primaryimage"},"image":{"@id":"https:\/\/eticacomunica.com.mx\/?p=31826#primaryimage"},"thumbnailUrl":"https:\/\/eticacomunica.com.mx\/wp-content\/uploads\/2026\/03\/IMG-20260313-WA0035.jpg","datePublished":"2026-03-13T21:00:27+00:00","breadcrumb":{"@id":"https:\/\/eticacomunica.com.mx\/?p=31826#breadcrumb"},"inLanguage":"es","potentialAction":[{"@type":"ReadAction","target":["https:\/\/eticacomunica.com.mx\/?p=31826"]}]},{"@type":"ImageObject","inLanguage":"es","@id":"https:\/\/eticacomunica.com.mx\/?p=31826#primaryimage","url":"https:\/\/eticacomunica.com.mx\/wp-content\/uploads\/2026\/03\/IMG-20260313-WA0035.jpg","contentUrl":"https:\/\/eticacomunica.com.mx\/wp-content\/uploads\/2026\/03\/IMG-20260313-WA0035.jpg","width":1600,"height":1067},{"@type":"BreadcrumbList","@id":"https:\/\/eticacomunica.com.mx\/?p=31826#breadcrumb","itemListElement":[{"@type":"ListItem","position":1,"name":"Inicio","item":"https:\/\/eticacomunica.com.mx\/"},{"@type":"ListItem","position":2,"name":"Gobierno federal y estatal, industriales, bodegueros y productores garantizan comercializaci\u00f3n de la cosecha 2026 del ma\u00edz de Sinaloa"}]},{"@type":"WebSite","@id":"https:\/\/eticacomunica.com.mx\/#website","url":"https:\/\/eticacomunica.com.mx\/","name":"\u00c9tica Comunica","description":"Diario Digital","publisher":{"@id":"https:\/\/eticacomunica.com.mx\/#organization"},"potentialAction":[{"@type":"SearchAction","target":{"@type":"EntryPoint","urlTemplate":"https:\/\/eticacomunica.com.mx\/?s={search_term_string}"},"query-input":{"@type":"PropertyValueSpecification","valueRequired":true,"valueName":"search_term_string"}}],"inLanguage":"es"},{"@type":"Organization","@id":"https:\/\/eticacomunica.com.mx\/#organization","name":"Diarios Digitales de Sinaloa","url":"https:\/\/eticacomunica.com.mx\/","logo":{"@type":"ImageObject","inLanguage":"es","@id":"https:\/\/eticacomunica.com.mx\/#\/schema\/logo\/image\/","url":"https:\/\/eticacomunica.com.mx\/wp-content\/uploads\/2023\/10\/etica-logo.png","contentUrl":"https:\/\/eticacomunica.com.mx\/wp-content\/uploads\/2023\/10\/etica-logo.png","width":1280,"height":432,"caption":"Diarios Digitales de Sinaloa"},"image":{"@id":"https:\/\/eticacomunica.com.mx\/#\/schema\/logo\/image\/"},"sameAs":["https:\/\/www.facebook.com\/eticacomunica"]},{"@type":"Person","@id":"https:\/\/eticacomunica.com.mx\/#\/schema\/person\/2cacc47bd17fe8ad92f08c0313d22fa6","name":"etica","image":{"@type":"ImageObject","inLanguage":"es","@id":"https:\/\/secure.gravatar.com\/avatar\/dfb45d32bc7097f8f06d6e4f6e6b387e7cb8fd5b3a2869265c40587ab62cab1e?s=96&d=mm&r=g","url":"https:\/\/secure.gravatar.com\/avatar\/dfb45d32bc7097f8f06d6e4f6e6b387e7cb8fd5b3a2869265c40587ab62cab1e?s=96&d=mm&r=g","contentUrl":"https:\/\/secure.gravatar.com\/avatar\/dfb45d32bc7097f8f06d6e4f6e6b387e7cb8fd5b3a2869265c40587ab62cab1e?s=96&d=mm&r=g","caption":"etica"},"sameAs":["https:\/\/eticacomunica.com.mx"],"url":"https:\/\/eticacomunica.com.mx\/?author=1"}]}},"jetpack_publicize_connections":[],"jetpack_featured_media_url":"https:\/\/eticacomunica.com.mx\/wp-content\/uploads\/2026\/03\/IMG-20260313-WA0035.jpg","jetpack_sharing_enabled":true,"_links":{"self":[{"href":"https:\/\/eticacomunica.com.mx\/index.php?rest_route=\/wp\/v2\/posts\/31826","targetHints":{"allow":["GET"]}}],"collection":[{"href":"https:\/\/eticacomunica.com.mx\/index.php?rest_route=\/wp\/v2\/posts"}],"about":[{"href":"https:\/\/eticacomunica.com.mx\/index.php?rest_route=\/wp\/v2\/types\/post"}],"author":[{"embeddable":true,"href":"https:\/\/eticacomunica.com.mx\/index.php?rest_route=\/wp\/v2\/users\/1"}],"replies":[{"embeddable":true,"href":"https:\/\/eticacomunica.com.mx\/index.php?rest_route=%2Fwp%2Fv2%2Fcomments&post=31826"}],"version-history":[{"count":0,"href":"https:\/\/eticacomunica.com.mx\/index.php?rest_route=\/wp\/v2\/posts\/31826\/revisions"}],"wp:featuredmedia":[{"embeddable":true,"href":"https:\/\/eticacomunica.com.mx\/index.php?rest_route=\/wp\/v2\/media\/31825"}],"wp:attachment":[{"href":"https:\/\/eticacomunica.com.mx\/index.php?rest_route=%2Fwp%2Fv2%2Fmedia&parent=31826"}],"wp:term":[{"taxonomy":"category","embeddable":true,"href":"https:\/\/eticacomunica.com.mx\/index.php?rest_route=%2Fwp%2Fv2%2Fcategories&post=31826"},{"taxonomy":"post_tag","embeddable":true,"href":"https:\/\/eticacomunica.com.mx\/index.php?rest_route=%2Fwp%2Fv2%2Ftags&post=31826"}],"curies":[{"name":"wp","href":"https:\/\/api.w.org\/{rel}","templated":true}]}}