{"id":31828,"date":"2026-03-13T14:34:46","date_gmt":"2026-03-13T21:34:46","guid":{"rendered":"https:\/\/eticacomunica.com.mx\/?p=31828"},"modified":"2026-03-13T14:34:46","modified_gmt":"2026-03-13T21:34:46","slug":"sinaloa-consolidara-apertura-gubernamental-con-nuevo-sistema-de-transparencia","status":"publish","type":"post","link":"https:\/\/eticacomunica.com.mx\/?p=31828","title":{"rendered":"Sinaloa consolidar\u00e1 apertura gubernamental con nuevo sistema de transparencia"},"content":{"rendered":"\n<p><\/p>\n\n\n\n<p>La Secretaria de Transparencia y Rendici\u00f3n de Cuentas sostuvo que es fundamental implementar mecanismos que aseguren el derecho de los ciudadanos a saber a trav\u00e9s de pr\u00e1cticas administrativas eficaces.<br>\r<br>Culiac\u00e1n, Sinaloa a 13&nbsp; de marzo del 2026.-* El nuevo sistema de transparencia consolidar\u00e1 la apertura gubernamental en Sinaloa con acceso a la informaci\u00f3n oportuna, efectiva y bajo est\u00e1ndares de m\u00e1xima publicidad, sostuvo la Secretaria de Transparencia y Rendici\u00f3n de Cuentas, en el segundo d\u00eda de actividades de Di\u00e1logos por el Derecho a Saber.<br>\r<br>Sandra Angulo C\u00e1zarez enfatiz\u00f3 que ejercicios de intercambio de experiencias como el conversatorio \u201cAcceso a la Informaci\u00f3n para la vida cotidiana: casos pr\u00e1cticos\u201d, asegura que el derecho a saber se traduzca en pr\u00e1cticas administrativas eficaces, al corresponder a las instituciones garantizar que los ciudadanos est\u00e9n informados.<br>\r<br>\u201cEn este contexto de transformaciones normativas y ajustes en la arquitectura institucional del sistema de transparencia es fundamental consolidar mecanismos de coordinaci\u00f3n y colaboraci\u00f3n, con el prop\u00f3sito de asegurar que el derecho a saber de la ciudadan\u00eda se traduzca en pr\u00e1cticas administrativas eficaces y en pol\u00edticas p\u00fablica orientadas a la apertura gubernamental\u201d, subray\u00f3.<br>\r<br>Compartieron casos de utilidad del derecho de acceso a la informaci\u00f3n Sheila Arias Mart\u00ednez, integrante de la REDCA y del Observatorio Ciudadano Mazatl\u00e1n; Samuel Bonilla N\u00fa\u00f1ez, capacitador y promotor del derecho de acceso a la informaci\u00f3n, Jorge Guzm\u00e1n Morales, usuario de la Plataforma Nacional de Transparencia. <br>\r<br>Por parte de la Secretar\u00eda de Transparencia y Rendici\u00f3n de Cuentas expusieron avances en gobierno abierto, transparencia proactiva, acceso a la informaci\u00f3n y datos abiertos, la Subsecretaria de Transparencia y Contralor\u00eda Social, Mayra Gisela Pe\u00f1uelas Acu\u00f1a y el director de Pol\u00edticas de Transparencia y Gobierno Abierto, Juan Salvador Rosas Macedo. <br>\r<br>Moder\u00f3 el conversatorio Luc\u00eda Mimiaga Le\u00f3n, Presidenta del Comit\u00e9 Coordinador del Sistema Estatal y Municipal Anticorrupci\u00f3n del Estado de Sinaloa y Comit\u00e9 de Participaci\u00f3n Ciudadana. <br>\r<br>Raquel Zapien Osuna, integrante del CPC Sinaloa, fue la responsable de hacer la exposici\u00f3n de motivos, en la que destac\u00f3 las aportaciones en materia legislativa que desde la sociedad han presentado para robustecer el modelo de transparencia que se gesta para la entidad.<br>\r<br>La tercera y \u00faltima actividad de Di\u00e1logos por el Derecho a Saber se llevar\u00e1 a cabo el jueves 19 de marzo con el conversatorio \u201cPeriodismo y acceso a la informaci\u00f3n; retos y oportunidades\u201d, en punto de las 10:00 horas en el Auditorio del Jard\u00edn Bot\u00e1nico, Culiac\u00e1n. Colabora la Asociaci\u00f3n de Periodistas 7 de junio.<br>\r<br>-oo0oo-<\/p>\n","protected":false},"excerpt":{"rendered":"<p>La Secretaria de Transparencia y Rendici\u00f3n de Cuentas sostuvo que es fundamental implementar mecanismos que aseguren el derecho de los ciudadanos a saber a trav\u00e9s de pr\u00e1cticas administrativas eficaces. Culiac\u00e1n,&hellip;<\/p>\n","protected":false},"author":1,"featured_media":31827,"comment_status":"open","ping_status":"open","sticky":false,"template":"","format":"standard","meta":{"_jetpack_memberships_contains_paid_content":false,"footnotes":"","jetpack_publicize_message":"","jetpack_publicize_feature_enabled":true,"jetpack_social_post_already_shared":true,"jetpack_social_options":{"image_generator_settings":{"template":"highway","default_image_id":0,"font":"","enabled":false},"version":2}},"categories":[24],"tags":[34],"class_list":["post-31828","post","type-post","status-publish","format-standard","has-post-thumbnail","hentry","category-estados","tag-gobierno-del-estado-de-sinaloa"],"yoast_head":"<!-- This site is optimized with the Yoast SEO plugin v27.2 - https:\/\/yoast.com\/product\/yoast-seo-wordpress\/ -->\n<title>Sinaloa consolidar\u00e1 apertura gubernamental con nuevo sistema de transparencia - \u00c9tica Comunica<\/title>\n<meta name=\"robots\" content=\"index, follow, max-snippet:-1, max-image-preview:large, max-video-preview:-1\" \/>\n<link rel=\"canonical\" href=\"https:\/\/eticacomunica.com.mx\/?p=31828\" \/>\n<meta property=\"og:locale\" content=\"es_MX\" \/>\n<meta property=\"og:type\" content=\"article\" \/>\n<meta property=\"og:title\" content=\"Sinaloa consolidar\u00e1 apertura gubernamental con nuevo sistema de transparencia - \u00c9tica Comunica\" \/>\n<meta property=\"og:description\" content=\"La Secretaria de Transparencia y Rendici\u00f3n de Cuentas sostuvo que es fundamental implementar mecanismos que aseguren el derecho de los ciudadanos a saber a trav\u00e9s de pr\u00e1cticas administrativas eficaces. Culiac\u00e1n,&hellip;\" \/>\n<meta property=\"og:url\" content=\"https:\/\/eticacomunica.com.mx\/?p=31828\" \/>\n<meta property=\"og:site_name\" content=\"\u00c9tica Comunica\" \/>\n<meta property=\"article:publisher\" content=\"https:\/\/www.facebook.com\/eticacomunica\" \/>\n<meta property=\"article:published_time\" content=\"2026-03-13T21:34:46+00:00\" \/>\n<meta name=\"author\" content=\"etica\" \/>\n<meta name=\"twitter:card\" content=\"summary_large_image\" \/>\n<meta name=\"twitter:label1\" content=\"Escrito por\" \/>\n\t<meta name=\"twitter:data1\" content=\"etica\" \/>\n\t<meta name=\"twitter:label2\" content=\"Tiempo de lectura\" \/>\n\t<meta name=\"twitter:data2\" content=\"2 minutos\" \/>\n<script type=\"application\/ld+json\" class=\"yoast-schema-graph\">{\"@context\":\"https:\/\/schema.org\",\"@graph\":[{\"@type\":\"Article\",\"@id\":\"https:\/\/eticacomunica.com.mx\/?p=31828#article\",\"isPartOf\":{\"@id\":\"https:\/\/eticacomunica.com.mx\/?p=31828\"},\"author\":{\"name\":\"etica\",\"@id\":\"https:\/\/eticacomunica.com.mx\/#\/schema\/person\/2cacc47bd17fe8ad92f08c0313d22fa6\"},\"headline\":\"Sinaloa consolidar\u00e1 apertura gubernamental con nuevo sistema de transparencia\",\"datePublished\":\"2026-03-13T21:34:46+00:00\",\"mainEntityOfPage\":{\"@id\":\"https:\/\/eticacomunica.com.mx\/?p=31828\"},\"wordCount\":454,\"commentCount\":0,\"publisher\":{\"@id\":\"https:\/\/eticacomunica.com.mx\/#organization\"},\"image\":{\"@id\":\"https:\/\/eticacomunica.com.mx\/?p=31828#primaryimage\"},\"thumbnailUrl\":\"https:\/\/eticacomunica.com.mx\/wp-content\/uploads\/2026\/03\/IMG-20260313-WA0016.jpg\",\"keywords\":[\"Gobierno del Estado de Sinaloa\"],\"articleSection\":[\"Estados\"],\"inLanguage\":\"es\",\"potentialAction\":[{\"@type\":\"CommentAction\",\"name\":\"Comment\",\"target\":[\"https:\/\/eticacomunica.com.mx\/?p=31828#respond\"]}]},{\"@type\":\"WebPage\",\"@id\":\"https:\/\/eticacomunica.com.mx\/?p=31828\",\"url\":\"https:\/\/eticacomunica.com.mx\/?p=31828\",\"name\":\"Sinaloa consolidar\u00e1 apertura gubernamental con nuevo sistema de transparencia - \u00c9tica Comunica\",\"isPartOf\":{\"@id\":\"https:\/\/eticacomunica.com.mx\/#website\"},\"primaryImageOfPage\":{\"@id\":\"https:\/\/eticacomunica.com.mx\/?p=31828#primaryimage\"},\"image\":{\"@id\":\"https:\/\/eticacomunica.com.mx\/?p=31828#primaryimage\"},\"thumbnailUrl\":\"https:\/\/eticacomunica.com.mx\/wp-content\/uploads\/2026\/03\/IMG-20260313-WA0016.jpg\",\"datePublished\":\"2026-03-13T21:34:46+00:00\",\"breadcrumb\":{\"@id\":\"https:\/\/eticacomunica.com.mx\/?p=31828#breadcrumb\"},\"inLanguage\":\"es\",\"potentialAction\":[{\"@type\":\"ReadAction\",\"target\":[\"https:\/\/eticacomunica.com.mx\/?p=31828\"]}]},{\"@type\":\"ImageObject\",\"inLanguage\":\"es\",\"@id\":\"https:\/\/eticacomunica.com.mx\/?p=31828#primaryimage\",\"url\":\"https:\/\/eticacomunica.com.mx\/wp-content\/uploads\/2026\/03\/IMG-20260313-WA0016.jpg\",\"contentUrl\":\"https:\/\/eticacomunica.com.mx\/wp-content\/uploads\/2026\/03\/IMG-20260313-WA0016.jpg\",\"width\":1280,\"height\":853},{\"@type\":\"BreadcrumbList\",\"@id\":\"https:\/\/eticacomunica.com.mx\/?p=31828#breadcrumb\",\"itemListElement\":[{\"@type\":\"ListItem\",\"position\":1,\"name\":\"Inicio\",\"item\":\"https:\/\/eticacomunica.com.mx\/\"},{\"@type\":\"ListItem\",\"position\":2,\"name\":\"Sinaloa consolidar\u00e1 apertura gubernamental con nuevo sistema de transparencia\"}]},{\"@type\":\"WebSite\",\"@id\":\"https:\/\/eticacomunica.com.mx\/#website\",\"url\":\"https:\/\/eticacomunica.com.mx\/\",\"name\":\"\u00c9tica Comunica\",\"description\":\"Diario Digital\",\"publisher\":{\"@id\":\"https:\/\/eticacomunica.com.mx\/#organization\"},\"potentialAction\":[{\"@type\":\"SearchAction\",\"target\":{\"@type\":\"EntryPoint\",\"urlTemplate\":\"https:\/\/eticacomunica.com.mx\/?s={search_term_string}\"},\"query-input\":{\"@type\":\"PropertyValueSpecification\",\"valueRequired\":true,\"valueName\":\"search_term_string\"}}],\"inLanguage\":\"es\"},{\"@type\":\"Organization\",\"@id\":\"https:\/\/eticacomunica.com.mx\/#organization\",\"name\":\"Diarios Digitales de Sinaloa\",\"url\":\"https:\/\/eticacomunica.com.mx\/\",\"logo\":{\"@type\":\"ImageObject\",\"inLanguage\":\"es\",\"@id\":\"https:\/\/eticacomunica.com.mx\/#\/schema\/logo\/image\/\",\"url\":\"https:\/\/eticacomunica.com.mx\/wp-content\/uploads\/2023\/10\/etica-logo.png\",\"contentUrl\":\"https:\/\/eticacomunica.com.mx\/wp-content\/uploads\/2023\/10\/etica-logo.png\",\"width\":1280,\"height\":432,\"caption\":\"Diarios Digitales de Sinaloa\"},\"image\":{\"@id\":\"https:\/\/eticacomunica.com.mx\/#\/schema\/logo\/image\/\"},\"sameAs\":[\"https:\/\/www.facebook.com\/eticacomunica\"]},{\"@type\":\"Person\",\"@id\":\"https:\/\/eticacomunica.com.mx\/#\/schema\/person\/2cacc47bd17fe8ad92f08c0313d22fa6\",\"name\":\"etica\",\"image\":{\"@type\":\"ImageObject\",\"inLanguage\":\"es\",\"@id\":\"https:\/\/secure.gravatar.com\/avatar\/dfb45d32bc7097f8f06d6e4f6e6b387e7cb8fd5b3a2869265c40587ab62cab1e?s=96&d=mm&r=g\",\"url\":\"https:\/\/secure.gravatar.com\/avatar\/dfb45d32bc7097f8f06d6e4f6e6b387e7cb8fd5b3a2869265c40587ab62cab1e?s=96&d=mm&r=g\",\"contentUrl\":\"https:\/\/secure.gravatar.com\/avatar\/dfb45d32bc7097f8f06d6e4f6e6b387e7cb8fd5b3a2869265c40587ab62cab1e?s=96&d=mm&r=g\",\"caption\":\"etica\"},\"sameAs\":[\"https:\/\/eticacomunica.com.mx\"],\"url\":\"https:\/\/eticacomunica.com.mx\/?author=1\"}]}<\/script>\n<!-- \/ Yoast SEO plugin. -->","yoast_head_json":{"title":"Sinaloa consolidar\u00e1 apertura gubernamental con nuevo sistema de transparencia - \u00c9tica Comunica","robots":{"index":"index","follow":"follow","max-snippet":"max-snippet:-1","max-image-preview":"max-image-preview:large","max-video-preview":"max-video-preview:-1"},"canonical":"https:\/\/eticacomunica.com.mx\/?p=31828","og_locale":"es_MX","og_type":"article","og_title":"Sinaloa consolidar\u00e1 apertura gubernamental con nuevo sistema de transparencia - \u00c9tica Comunica","og_description":"La Secretaria de Transparencia y Rendici\u00f3n de Cuentas sostuvo que es fundamental implementar mecanismos que aseguren el derecho de los ciudadanos a saber a trav\u00e9s de pr\u00e1cticas administrativas eficaces. Culiac\u00e1n,&hellip;","og_url":"https:\/\/eticacomunica.com.mx\/?p=31828","og_site_name":"\u00c9tica Comunica","article_publisher":"https:\/\/www.facebook.com\/eticacomunica","article_published_time":"2026-03-13T21:34:46+00:00","author":"etica","twitter_card":"summary_large_image","twitter_misc":{"Escrito por":"etica","Tiempo de lectura":"2 minutos"},"schema":{"@context":"https:\/\/schema.org","@graph":[{"@type":"Article","@id":"https:\/\/eticacomunica.com.mx\/?p=31828#article","isPartOf":{"@id":"https:\/\/eticacomunica.com.mx\/?p=31828"},"author":{"name":"etica","@id":"https:\/\/eticacomunica.com.mx\/#\/schema\/person\/2cacc47bd17fe8ad92f08c0313d22fa6"},"headline":"Sinaloa consolidar\u00e1 apertura gubernamental con nuevo sistema de transparencia","datePublished":"2026-03-13T21:34:46+00:00","mainEntityOfPage":{"@id":"https:\/\/eticacomunica.com.mx\/?p=31828"},"wordCount":454,"commentCount":0,"publisher":{"@id":"https:\/\/eticacomunica.com.mx\/#organization"},"image":{"@id":"https:\/\/eticacomunica.com.mx\/?p=31828#primaryimage"},"thumbnailUrl":"https:\/\/eticacomunica.com.mx\/wp-content\/uploads\/2026\/03\/IMG-20260313-WA0016.jpg","keywords":["Gobierno del Estado de Sinaloa"],"articleSection":["Estados"],"inLanguage":"es","potentialAction":[{"@type":"CommentAction","name":"Comment","target":["https:\/\/eticacomunica.com.mx\/?p=31828#respond"]}]},{"@type":"WebPage","@id":"https:\/\/eticacomunica.com.mx\/?p=31828","url":"https:\/\/eticacomunica.com.mx\/?p=31828","name":"Sinaloa consolidar\u00e1 apertura gubernamental con nuevo sistema de transparencia - \u00c9tica Comunica","isPartOf":{"@id":"https:\/\/eticacomunica.com.mx\/#website"},"primaryImageOfPage":{"@id":"https:\/\/eticacomunica.com.mx\/?p=31828#primaryimage"},"image":{"@id":"https:\/\/eticacomunica.com.mx\/?p=31828#primaryimage"},"thumbnailUrl":"https:\/\/eticacomunica.com.mx\/wp-content\/uploads\/2026\/03\/IMG-20260313-WA0016.jpg","datePublished":"2026-03-13T21:34:46+00:00","breadcrumb":{"@id":"https:\/\/eticacomunica.com.mx\/?p=31828#breadcrumb"},"inLanguage":"es","potentialAction":[{"@type":"ReadAction","target":["https:\/\/eticacomunica.com.mx\/?p=31828"]}]},{"@type":"ImageObject","inLanguage":"es","@id":"https:\/\/eticacomunica.com.mx\/?p=31828#primaryimage","url":"https:\/\/eticacomunica.com.mx\/wp-content\/uploads\/2026\/03\/IMG-20260313-WA0016.jpg","contentUrl":"https:\/\/eticacomunica.com.mx\/wp-content\/uploads\/2026\/03\/IMG-20260313-WA0016.jpg","width":1280,"height":853},{"@type":"BreadcrumbList","@id":"https:\/\/eticacomunica.com.mx\/?p=31828#breadcrumb","itemListElement":[{"@type":"ListItem","position":1,"name":"Inicio","item":"https:\/\/eticacomunica.com.mx\/"},{"@type":"ListItem","position":2,"name":"Sinaloa consolidar\u00e1 apertura gubernamental con nuevo sistema de transparencia"}]},{"@type":"WebSite","@id":"https:\/\/eticacomunica.com.mx\/#website","url":"https:\/\/eticacomunica.com.mx\/","name":"\u00c9tica Comunica","description":"Diario Digital","publisher":{"@id":"https:\/\/eticacomunica.com.mx\/#organization"},"potentialAction":[{"@type":"SearchAction","target":{"@type":"EntryPoint","urlTemplate":"https:\/\/eticacomunica.com.mx\/?s={search_term_string}"},"query-input":{"@type":"PropertyValueSpecification","valueRequired":true,"valueName":"search_term_string"}}],"inLanguage":"es"},{"@type":"Organization","@id":"https:\/\/eticacomunica.com.mx\/#organization","name":"Diarios Digitales de Sinaloa","url":"https:\/\/eticacomunica.com.mx\/","logo":{"@type":"ImageObject","inLanguage":"es","@id":"https:\/\/eticacomunica.com.mx\/#\/schema\/logo\/image\/","url":"https:\/\/eticacomunica.com.mx\/wp-content\/uploads\/2023\/10\/etica-logo.png","contentUrl":"https:\/\/eticacomunica.com.mx\/wp-content\/uploads\/2023\/10\/etica-logo.png","width":1280,"height":432,"caption":"Diarios Digitales de Sinaloa"},"image":{"@id":"https:\/\/eticacomunica.com.mx\/#\/schema\/logo\/image\/"},"sameAs":["https:\/\/www.facebook.com\/eticacomunica"]},{"@type":"Person","@id":"https:\/\/eticacomunica.com.mx\/#\/schema\/person\/2cacc47bd17fe8ad92f08c0313d22fa6","name":"etica","image":{"@type":"ImageObject","inLanguage":"es","@id":"https:\/\/secure.gravatar.com\/avatar\/dfb45d32bc7097f8f06d6e4f6e6b387e7cb8fd5b3a2869265c40587ab62cab1e?s=96&d=mm&r=g","url":"https:\/\/secure.gravatar.com\/avatar\/dfb45d32bc7097f8f06d6e4f6e6b387e7cb8fd5b3a2869265c40587ab62cab1e?s=96&d=mm&r=g","contentUrl":"https:\/\/secure.gravatar.com\/avatar\/dfb45d32bc7097f8f06d6e4f6e6b387e7cb8fd5b3a2869265c40587ab62cab1e?s=96&d=mm&r=g","caption":"etica"},"sameAs":["https:\/\/eticacomunica.com.mx"],"url":"https:\/\/eticacomunica.com.mx\/?author=1"}]}},"jetpack_publicize_connections":[],"jetpack_featured_media_url":"https:\/\/eticacomunica.com.mx\/wp-content\/uploads\/2026\/03\/IMG-20260313-WA0016.jpg","jetpack_sharing_enabled":true,"_links":{"self":[{"href":"https:\/\/eticacomunica.com.mx\/index.php?rest_route=\/wp\/v2\/posts\/31828","targetHints":{"allow":["GET"]}}],"collection":[{"href":"https:\/\/eticacomunica.com.mx\/index.php?rest_route=\/wp\/v2\/posts"}],"about":[{"href":"https:\/\/eticacomunica.com.mx\/index.php?rest_route=\/wp\/v2\/types\/post"}],"author":[{"embeddable":true,"href":"https:\/\/eticacomunica.com.mx\/index.php?rest_route=\/wp\/v2\/users\/1"}],"replies":[{"embeddable":true,"href":"https:\/\/eticacomunica.com.mx\/index.php?rest_route=%2Fwp%2Fv2%2Fcomments&post=31828"}],"version-history":[{"count":0,"href":"https:\/\/eticacomunica.com.mx\/index.php?rest_route=\/wp\/v2\/posts\/31828\/revisions"}],"wp:featuredmedia":[{"embeddable":true,"href":"https:\/\/eticacomunica.com.mx\/index.php?rest_route=\/wp\/v2\/media\/31827"}],"wp:attachment":[{"href":"https:\/\/eticacomunica.com.mx\/index.php?rest_route=%2Fwp%2Fv2%2Fmedia&parent=31828"}],"wp:term":[{"taxonomy":"category","embeddable":true,"href":"https:\/\/eticacomunica.com.mx\/index.php?rest_route=%2Fwp%2Fv2%2Fcategories&post=31828"},{"taxonomy":"post_tag","embeddable":true,"href":"https:\/\/eticacomunica.com.mx\/index.php?rest_route=%2Fwp%2Fv2%2Ftags&post=31828"}],"curies":[{"name":"wp","href":"https:\/\/api.w.org\/{rel}","templated":true}]}}