{"id":31832,"date":"2026-03-13T16:24:47","date_gmt":"2026-03-13T23:24:47","guid":{"rendered":"https:\/\/eticacomunica.com.mx\/?p=31832"},"modified":"2026-03-13T16:24:47","modified_gmt":"2026-03-13T23:24:47","slug":"sinaloa-avanza-en-la-proteccion-de-sus-recursos-naturales-con-la-primera-sesion-del-consejo-estatal-forestal","status":"publish","type":"post","link":"https:\/\/eticacomunica.com.mx\/?p=31832","title":{"rendered":"Sinaloa avanza en la protecci\u00f3n de sus recursos naturales con la primera sesi\u00f3n del Consejo Estatal Forestal"},"content":{"rendered":"\n<p>La Secretar\u00eda de Bienestar y Desarrollo Sustentable coordin\u00f3 la primera sesi\u00f3n ordinaria del Consejo Estatal Forestal, espacio de coordinaci\u00f3n interinstitucional para fortalecer la pol\u00edtica forestal en el estado.<br><br>Culiac\u00e1n, Sinaloa, 13 de marzo de 2026.\u2013* Como parte del compromiso e impulso del gobernador Rub\u00e9n Rocha Moya con la protecci\u00f3n de los recursos naturales y el fortalecimiento de la pol\u00edtica ambiental en la entidad, la Secretar\u00eda de Bienestar y Desarrollo Sustentable (SEBIDES) coordin\u00f3 la primera sesi\u00f3n ordinaria del Consejo Estatal Forestal de Sinaloa.<br><br>Durante la sesi\u00f3n, el subsecretario de Desarrollo Sustentable, el arquitecto Francisco Javier Barr\u00f3n Aguayo, dio las palabras de bienvenida y la exposici\u00f3n de motivos en su car\u00e1cter de suplente del presidente ejecutivo del Consejo, Omar L\u00f3pez Campos, titular de SEBIDES.<br><br>El Consejo Estatal Forestal es un \u00f3rgano colegiado de consulta, asesor\u00eda y seguimiento de la pol\u00edtica forestal en el estado, coordinado por SEBIDES en conjunto con la Comisi\u00f3n Nacional Forestal (CONAFOR), para atender temas prioritarios como la tala ilegal, los incendios forestales, la quema de soca y el aprovechamiento sustentable de los recursos naturales.<br><br>Durante la sesi\u00f3n se inform\u00f3 que el pr\u00f3ximo 10 de abril se llevar\u00e1 a cabo la confirmaci\u00f3n e instalaci\u00f3n de los comit\u00e9s t\u00e9cnicos del Consejo Estatal Forestal, entre ellos el Comit\u00e9 Estatal de Sanidad Forestal, el Comit\u00e9 Estatal de Manejo del Fuego y el Comit\u00e9 T\u00e9cnico Revisor de Estudios, los cuales contribuir\u00e1n al an\u00e1lisis especializado y al fortalecimiento de las acciones en materia forestal en el estado.<br><br>En la exposici\u00f3n de los trabajos a realizar en los comit\u00e9s participaron el jefe del Departamento de Protecci\u00f3n y Restauraci\u00f3n, Miguel Garc\u00eda Figueroa, y el jefe del Departamento de Manejo Forestal Comunitario, Everardo Valenzuela, quienes presentaron las principales l\u00edneas de trabajo en materia forestal.<br><br>En el encuentro participaron representantes de dependencias federales, estatales, instituciones acad\u00e9micas, organizaciones civiles y sectores productivos, entre ellos la titular de la representaci\u00f3n de la Comisi\u00f3n Nacional Forestal en Sinaloa, Joanna Acosta Vel\u00e1zquez; el representante de la Secretar\u00eda de Medio Ambiente y Recursos Naturales en Sinaloa, Renato Ocampo Alc\u00e1ntar; y el director de Protecci\u00f3n Civil del Estado de Sinaloa, Roy Navarrete Cuevas, as\u00ed como representantes de la Procuradur\u00eda Federal de Protecci\u00f3n al Ambiente, la Secretar\u00eda de la Defensa Nacional y la Guardia Nacional.<br><br>Tambi\u00e9n asistieron representantes de CESAVESIN, Pronatura Noroeste, la empresa Maderas Fortalecidas de Sinaloa, la Secretar\u00eda de Agricultura y Desarrollo Rural, el Colegio de Postgraduados (COLPOS) campus Montecillo, el Centro de Estudios Tecnol\u00f3gicos del Mar y la Asociaci\u00f3n Mexicana de Profesionales Forestales, as\u00ed como representantes de los municipios de Choix, Concordia, Mazatl\u00e1n, Guasave, Navolato, Eldorado, Cosal\u00e1, Elota, Mocorito y Sinaloa de Leyva.<br><br>Finalmente, el subsecretario de Desarrollo Sustentable, Francisco Javier Barr\u00f3n Aguayo, dio por clausurada la primera sesi\u00f3n ordinaria del Consejo Estatal Forestal de Sinaloa y expres\u00f3: <br>\u201cNo habiendo m\u00e1s asuntos a tratar y habi\u00e9ndose anotado los puntos establecidos en el orden del d\u00eda, se da por concluida la primera sesi\u00f3n del Consejo Estatal Forestal, siendo las 12:06 horas del viernes 13 de marzo de 2026, en la ciudad de Culiac\u00e1n, Sinaloa. Se levanta la presente sesi\u00f3n. Muchas gracias a todas y todos.\u201d<br><br>Con estas acciones, el Gobierno del Estado, a trav\u00e9s de SEBIDES, refrenda su compromiso de fortalecer la coordinaci\u00f3n institucional para la protecci\u00f3n de los ecosistemas forestales y el desarrollo sustentable de Sinaloa.<\/p>\n","protected":false},"excerpt":{"rendered":"<p>La Secretar\u00eda de Bienestar y Desarrollo Sustentable coordin\u00f3 la primera sesi\u00f3n ordinaria del Consejo Estatal Forestal, espacio de coordinaci\u00f3n interinstitucional para fortalecer la pol\u00edtica forestal en el estado. Culiac\u00e1n, Sinaloa,&hellip;<\/p>\n","protected":false},"author":1,"featured_media":31831,"comment_status":"open","ping_status":"open","sticky":false,"template":"","format":"standard","meta":{"_jetpack_memberships_contains_paid_content":false,"footnotes":"","jetpack_publicize_message":"","jetpack_publicize_feature_enabled":true,"jetpack_social_post_already_shared":true,"jetpack_social_options":{"image_generator_settings":{"template":"highway","default_image_id":0,"font":"","enabled":false},"version":2}},"categories":[24],"tags":[34],"class_list":["post-31832","post","type-post","status-publish","format-standard","has-post-thumbnail","hentry","category-estados","tag-gobierno-del-estado-de-sinaloa"],"yoast_head":"<!-- This site is optimized with the Yoast SEO plugin v27.2 - https:\/\/yoast.com\/product\/yoast-seo-wordpress\/ -->\n<title>Sinaloa avanza en la protecci\u00f3n de sus recursos naturales con la primera sesi\u00f3n del Consejo Estatal Forestal - \u00c9tica Comunica<\/title>\n<meta name=\"robots\" content=\"index, follow, max-snippet:-1, max-image-preview:large, max-video-preview:-1\" \/>\n<link rel=\"canonical\" href=\"https:\/\/eticacomunica.com.mx\/?p=31832\" \/>\n<meta property=\"og:locale\" content=\"es_MX\" \/>\n<meta property=\"og:type\" content=\"article\" \/>\n<meta property=\"og:title\" content=\"Sinaloa avanza en la protecci\u00f3n de sus recursos naturales con la primera sesi\u00f3n del Consejo Estatal Forestal - \u00c9tica Comunica\" \/>\n<meta property=\"og:description\" content=\"La Secretar\u00eda de Bienestar y Desarrollo Sustentable coordin\u00f3 la primera sesi\u00f3n ordinaria del Consejo Estatal Forestal, espacio de coordinaci\u00f3n interinstitucional para fortalecer la pol\u00edtica forestal en el estado. Culiac\u00e1n, Sinaloa,&hellip;\" \/>\n<meta property=\"og:url\" content=\"https:\/\/eticacomunica.com.mx\/?p=31832\" \/>\n<meta property=\"og:site_name\" content=\"\u00c9tica Comunica\" \/>\n<meta property=\"article:publisher\" content=\"https:\/\/www.facebook.com\/eticacomunica\" \/>\n<meta property=\"article:published_time\" content=\"2026-03-13T23:24:47+00:00\" \/>\n<meta name=\"author\" content=\"etica\" \/>\n<meta name=\"twitter:card\" content=\"summary_large_image\" \/>\n<meta name=\"twitter:label1\" content=\"Escrito por\" \/>\n\t<meta name=\"twitter:data1\" content=\"etica\" \/>\n\t<meta name=\"twitter:label2\" content=\"Tiempo de lectura\" \/>\n\t<meta name=\"twitter:data2\" content=\"3 minutos\" \/>\n<script type=\"application\/ld+json\" class=\"yoast-schema-graph\">{\"@context\":\"https:\/\/schema.org\",\"@graph\":[{\"@type\":\"Article\",\"@id\":\"https:\/\/eticacomunica.com.mx\/?p=31832#article\",\"isPartOf\":{\"@id\":\"https:\/\/eticacomunica.com.mx\/?p=31832\"},\"author\":{\"name\":\"etica\",\"@id\":\"https:\/\/eticacomunica.com.mx\/#\/schema\/person\/2cacc47bd17fe8ad92f08c0313d22fa6\"},\"headline\":\"Sinaloa avanza en la protecci\u00f3n de sus recursos naturales con la primera sesi\u00f3n del Consejo Estatal Forestal\",\"datePublished\":\"2026-03-13T23:24:47+00:00\",\"mainEntityOfPage\":{\"@id\":\"https:\/\/eticacomunica.com.mx\/?p=31832\"},\"wordCount\":616,\"commentCount\":0,\"publisher\":{\"@id\":\"https:\/\/eticacomunica.com.mx\/#organization\"},\"image\":{\"@id\":\"https:\/\/eticacomunica.com.mx\/?p=31832#primaryimage\"},\"thumbnailUrl\":\"https:\/\/eticacomunica.com.mx\/wp-content\/uploads\/2026\/03\/IMG-20260313-WA0048.jpg\",\"keywords\":[\"Gobierno del Estado de Sinaloa\"],\"articleSection\":[\"Estados\"],\"inLanguage\":\"es\",\"potentialAction\":[{\"@type\":\"CommentAction\",\"name\":\"Comment\",\"target\":[\"https:\/\/eticacomunica.com.mx\/?p=31832#respond\"]}]},{\"@type\":\"WebPage\",\"@id\":\"https:\/\/eticacomunica.com.mx\/?p=31832\",\"url\":\"https:\/\/eticacomunica.com.mx\/?p=31832\",\"name\":\"Sinaloa avanza en la protecci\u00f3n de sus recursos naturales con la primera sesi\u00f3n del Consejo Estatal Forestal - \u00c9tica Comunica\",\"isPartOf\":{\"@id\":\"https:\/\/eticacomunica.com.mx\/#website\"},\"primaryImageOfPage\":{\"@id\":\"https:\/\/eticacomunica.com.mx\/?p=31832#primaryimage\"},\"image\":{\"@id\":\"https:\/\/eticacomunica.com.mx\/?p=31832#primaryimage\"},\"thumbnailUrl\":\"https:\/\/eticacomunica.com.mx\/wp-content\/uploads\/2026\/03\/IMG-20260313-WA0048.jpg\",\"datePublished\":\"2026-03-13T23:24:47+00:00\",\"breadcrumb\":{\"@id\":\"https:\/\/eticacomunica.com.mx\/?p=31832#breadcrumb\"},\"inLanguage\":\"es\",\"potentialAction\":[{\"@type\":\"ReadAction\",\"target\":[\"https:\/\/eticacomunica.com.mx\/?p=31832\"]}]},{\"@type\":\"ImageObject\",\"inLanguage\":\"es\",\"@id\":\"https:\/\/eticacomunica.com.mx\/?p=31832#primaryimage\",\"url\":\"https:\/\/eticacomunica.com.mx\/wp-content\/uploads\/2026\/03\/IMG-20260313-WA0048.jpg\",\"contentUrl\":\"https:\/\/eticacomunica.com.mx\/wp-content\/uploads\/2026\/03\/IMG-20260313-WA0048.jpg\",\"width\":1280,\"height\":854},{\"@type\":\"BreadcrumbList\",\"@id\":\"https:\/\/eticacomunica.com.mx\/?p=31832#breadcrumb\",\"itemListElement\":[{\"@type\":\"ListItem\",\"position\":1,\"name\":\"Inicio\",\"item\":\"https:\/\/eticacomunica.com.mx\/\"},{\"@type\":\"ListItem\",\"position\":2,\"name\":\"Sinaloa avanza en la protecci\u00f3n de sus recursos naturales con la primera sesi\u00f3n del Consejo Estatal Forestal\"}]},{\"@type\":\"WebSite\",\"@id\":\"https:\/\/eticacomunica.com.mx\/#website\",\"url\":\"https:\/\/eticacomunica.com.mx\/\",\"name\":\"\u00c9tica Comunica\",\"description\":\"Diario Digital\",\"publisher\":{\"@id\":\"https:\/\/eticacomunica.com.mx\/#organization\"},\"potentialAction\":[{\"@type\":\"SearchAction\",\"target\":{\"@type\":\"EntryPoint\",\"urlTemplate\":\"https:\/\/eticacomunica.com.mx\/?s={search_term_string}\"},\"query-input\":{\"@type\":\"PropertyValueSpecification\",\"valueRequired\":true,\"valueName\":\"search_term_string\"}}],\"inLanguage\":\"es\"},{\"@type\":\"Organization\",\"@id\":\"https:\/\/eticacomunica.com.mx\/#organization\",\"name\":\"Diarios Digitales de Sinaloa\",\"url\":\"https:\/\/eticacomunica.com.mx\/\",\"logo\":{\"@type\":\"ImageObject\",\"inLanguage\":\"es\",\"@id\":\"https:\/\/eticacomunica.com.mx\/#\/schema\/logo\/image\/\",\"url\":\"https:\/\/eticacomunica.com.mx\/wp-content\/uploads\/2023\/10\/etica-logo.png\",\"contentUrl\":\"https:\/\/eticacomunica.com.mx\/wp-content\/uploads\/2023\/10\/etica-logo.png\",\"width\":1280,\"height\":432,\"caption\":\"Diarios Digitales de Sinaloa\"},\"image\":{\"@id\":\"https:\/\/eticacomunica.com.mx\/#\/schema\/logo\/image\/\"},\"sameAs\":[\"https:\/\/www.facebook.com\/eticacomunica\"]},{\"@type\":\"Person\",\"@id\":\"https:\/\/eticacomunica.com.mx\/#\/schema\/person\/2cacc47bd17fe8ad92f08c0313d22fa6\",\"name\":\"etica\",\"image\":{\"@type\":\"ImageObject\",\"inLanguage\":\"es\",\"@id\":\"https:\/\/secure.gravatar.com\/avatar\/dfb45d32bc7097f8f06d6e4f6e6b387e7cb8fd5b3a2869265c40587ab62cab1e?s=96&d=mm&r=g\",\"url\":\"https:\/\/secure.gravatar.com\/avatar\/dfb45d32bc7097f8f06d6e4f6e6b387e7cb8fd5b3a2869265c40587ab62cab1e?s=96&d=mm&r=g\",\"contentUrl\":\"https:\/\/secure.gravatar.com\/avatar\/dfb45d32bc7097f8f06d6e4f6e6b387e7cb8fd5b3a2869265c40587ab62cab1e?s=96&d=mm&r=g\",\"caption\":\"etica\"},\"sameAs\":[\"https:\/\/eticacomunica.com.mx\"],\"url\":\"https:\/\/eticacomunica.com.mx\/?author=1\"}]}<\/script>\n<!-- \/ Yoast SEO plugin. -->","yoast_head_json":{"title":"Sinaloa avanza en la protecci\u00f3n de sus recursos naturales con la primera sesi\u00f3n del Consejo Estatal Forestal - \u00c9tica Comunica","robots":{"index":"index","follow":"follow","max-snippet":"max-snippet:-1","max-image-preview":"max-image-preview:large","max-video-preview":"max-video-preview:-1"},"canonical":"https:\/\/eticacomunica.com.mx\/?p=31832","og_locale":"es_MX","og_type":"article","og_title":"Sinaloa avanza en la protecci\u00f3n de sus recursos naturales con la primera sesi\u00f3n del Consejo Estatal Forestal - \u00c9tica Comunica","og_description":"La Secretar\u00eda de Bienestar y Desarrollo Sustentable coordin\u00f3 la primera sesi\u00f3n ordinaria del Consejo Estatal Forestal, espacio de coordinaci\u00f3n interinstitucional para fortalecer la pol\u00edtica forestal en el estado. Culiac\u00e1n, Sinaloa,&hellip;","og_url":"https:\/\/eticacomunica.com.mx\/?p=31832","og_site_name":"\u00c9tica Comunica","article_publisher":"https:\/\/www.facebook.com\/eticacomunica","article_published_time":"2026-03-13T23:24:47+00:00","author":"etica","twitter_card":"summary_large_image","twitter_misc":{"Escrito por":"etica","Tiempo de lectura":"3 minutos"},"schema":{"@context":"https:\/\/schema.org","@graph":[{"@type":"Article","@id":"https:\/\/eticacomunica.com.mx\/?p=31832#article","isPartOf":{"@id":"https:\/\/eticacomunica.com.mx\/?p=31832"},"author":{"name":"etica","@id":"https:\/\/eticacomunica.com.mx\/#\/schema\/person\/2cacc47bd17fe8ad92f08c0313d22fa6"},"headline":"Sinaloa avanza en la protecci\u00f3n de sus recursos naturales con la primera sesi\u00f3n del Consejo Estatal Forestal","datePublished":"2026-03-13T23:24:47+00:00","mainEntityOfPage":{"@id":"https:\/\/eticacomunica.com.mx\/?p=31832"},"wordCount":616,"commentCount":0,"publisher":{"@id":"https:\/\/eticacomunica.com.mx\/#organization"},"image":{"@id":"https:\/\/eticacomunica.com.mx\/?p=31832#primaryimage"},"thumbnailUrl":"https:\/\/eticacomunica.com.mx\/wp-content\/uploads\/2026\/03\/IMG-20260313-WA0048.jpg","keywords":["Gobierno del Estado de Sinaloa"],"articleSection":["Estados"],"inLanguage":"es","potentialAction":[{"@type":"CommentAction","name":"Comment","target":["https:\/\/eticacomunica.com.mx\/?p=31832#respond"]}]},{"@type":"WebPage","@id":"https:\/\/eticacomunica.com.mx\/?p=31832","url":"https:\/\/eticacomunica.com.mx\/?p=31832","name":"Sinaloa avanza en la protecci\u00f3n de sus recursos naturales con la primera sesi\u00f3n del Consejo Estatal Forestal - \u00c9tica Comunica","isPartOf":{"@id":"https:\/\/eticacomunica.com.mx\/#website"},"primaryImageOfPage":{"@id":"https:\/\/eticacomunica.com.mx\/?p=31832#primaryimage"},"image":{"@id":"https:\/\/eticacomunica.com.mx\/?p=31832#primaryimage"},"thumbnailUrl":"https:\/\/eticacomunica.com.mx\/wp-content\/uploads\/2026\/03\/IMG-20260313-WA0048.jpg","datePublished":"2026-03-13T23:24:47+00:00","breadcrumb":{"@id":"https:\/\/eticacomunica.com.mx\/?p=31832#breadcrumb"},"inLanguage":"es","potentialAction":[{"@type":"ReadAction","target":["https:\/\/eticacomunica.com.mx\/?p=31832"]}]},{"@type":"ImageObject","inLanguage":"es","@id":"https:\/\/eticacomunica.com.mx\/?p=31832#primaryimage","url":"https:\/\/eticacomunica.com.mx\/wp-content\/uploads\/2026\/03\/IMG-20260313-WA0048.jpg","contentUrl":"https:\/\/eticacomunica.com.mx\/wp-content\/uploads\/2026\/03\/IMG-20260313-WA0048.jpg","width":1280,"height":854},{"@type":"BreadcrumbList","@id":"https:\/\/eticacomunica.com.mx\/?p=31832#breadcrumb","itemListElement":[{"@type":"ListItem","position":1,"name":"Inicio","item":"https:\/\/eticacomunica.com.mx\/"},{"@type":"ListItem","position":2,"name":"Sinaloa avanza en la protecci\u00f3n de sus recursos naturales con la primera sesi\u00f3n del Consejo Estatal Forestal"}]},{"@type":"WebSite","@id":"https:\/\/eticacomunica.com.mx\/#website","url":"https:\/\/eticacomunica.com.mx\/","name":"\u00c9tica Comunica","description":"Diario Digital","publisher":{"@id":"https:\/\/eticacomunica.com.mx\/#organization"},"potentialAction":[{"@type":"SearchAction","target":{"@type":"EntryPoint","urlTemplate":"https:\/\/eticacomunica.com.mx\/?s={search_term_string}"},"query-input":{"@type":"PropertyValueSpecification","valueRequired":true,"valueName":"search_term_string"}}],"inLanguage":"es"},{"@type":"Organization","@id":"https:\/\/eticacomunica.com.mx\/#organization","name":"Diarios Digitales de Sinaloa","url":"https:\/\/eticacomunica.com.mx\/","logo":{"@type":"ImageObject","inLanguage":"es","@id":"https:\/\/eticacomunica.com.mx\/#\/schema\/logo\/image\/","url":"https:\/\/eticacomunica.com.mx\/wp-content\/uploads\/2023\/10\/etica-logo.png","contentUrl":"https:\/\/eticacomunica.com.mx\/wp-content\/uploads\/2023\/10\/etica-logo.png","width":1280,"height":432,"caption":"Diarios Digitales de Sinaloa"},"image":{"@id":"https:\/\/eticacomunica.com.mx\/#\/schema\/logo\/image\/"},"sameAs":["https:\/\/www.facebook.com\/eticacomunica"]},{"@type":"Person","@id":"https:\/\/eticacomunica.com.mx\/#\/schema\/person\/2cacc47bd17fe8ad92f08c0313d22fa6","name":"etica","image":{"@type":"ImageObject","inLanguage":"es","@id":"https:\/\/secure.gravatar.com\/avatar\/dfb45d32bc7097f8f06d6e4f6e6b387e7cb8fd5b3a2869265c40587ab62cab1e?s=96&d=mm&r=g","url":"https:\/\/secure.gravatar.com\/avatar\/dfb45d32bc7097f8f06d6e4f6e6b387e7cb8fd5b3a2869265c40587ab62cab1e?s=96&d=mm&r=g","contentUrl":"https:\/\/secure.gravatar.com\/avatar\/dfb45d32bc7097f8f06d6e4f6e6b387e7cb8fd5b3a2869265c40587ab62cab1e?s=96&d=mm&r=g","caption":"etica"},"sameAs":["https:\/\/eticacomunica.com.mx"],"url":"https:\/\/eticacomunica.com.mx\/?author=1"}]}},"jetpack_publicize_connections":[],"jetpack_featured_media_url":"https:\/\/eticacomunica.com.mx\/wp-content\/uploads\/2026\/03\/IMG-20260313-WA0048.jpg","jetpack_sharing_enabled":true,"_links":{"self":[{"href":"https:\/\/eticacomunica.com.mx\/index.php?rest_route=\/wp\/v2\/posts\/31832","targetHints":{"allow":["GET"]}}],"collection":[{"href":"https:\/\/eticacomunica.com.mx\/index.php?rest_route=\/wp\/v2\/posts"}],"about":[{"href":"https:\/\/eticacomunica.com.mx\/index.php?rest_route=\/wp\/v2\/types\/post"}],"author":[{"embeddable":true,"href":"https:\/\/eticacomunica.com.mx\/index.php?rest_route=\/wp\/v2\/users\/1"}],"replies":[{"embeddable":true,"href":"https:\/\/eticacomunica.com.mx\/index.php?rest_route=%2Fwp%2Fv2%2Fcomments&post=31832"}],"version-history":[{"count":0,"href":"https:\/\/eticacomunica.com.mx\/index.php?rest_route=\/wp\/v2\/posts\/31832\/revisions"}],"wp:featuredmedia":[{"embeddable":true,"href":"https:\/\/eticacomunica.com.mx\/index.php?rest_route=\/wp\/v2\/media\/31831"}],"wp:attachment":[{"href":"https:\/\/eticacomunica.com.mx\/index.php?rest_route=%2Fwp%2Fv2%2Fmedia&parent=31832"}],"wp:term":[{"taxonomy":"category","embeddable":true,"href":"https:\/\/eticacomunica.com.mx\/index.php?rest_route=%2Fwp%2Fv2%2Fcategories&post=31832"},{"taxonomy":"post_tag","embeddable":true,"href":"https:\/\/eticacomunica.com.mx\/index.php?rest_route=%2Fwp%2Fv2%2Ftags&post=31832"}],"curies":[{"name":"wp","href":"https:\/\/api.w.org\/{rel}","templated":true}]}}