{"id":31834,"date":"2026-03-13T17:36:54","date_gmt":"2026-03-14T00:36:54","guid":{"rendered":"https:\/\/eticacomunica.com.mx\/?p=31834"},"modified":"2026-03-13T17:36:54","modified_gmt":"2026-03-14T00:36:54","slug":"invitan-a-celebrar-el-equinoccio-de-la-primavera-en-la-zona-arqueologica-de-las-labradas","status":"publish","type":"post","link":"https:\/\/eticacomunica.com.mx\/?p=31834","title":{"rendered":"Invitan a celebrar el Equinoccio de la Primavera en la zona arqueol\u00f3gica de Las Labradas"},"content":{"rendered":"\n<p>Se tendr\u00e1n actividades como conferencias magistrales, exhibici\u00f3n del ulama, temazcal, yoga, rituales de sanaci\u00f3n y una exposici\u00f3n fotogr\u00e1fica.<br><br>Mazatl\u00e1n, Sinaloa, 13 de marzo de 2026.- Este 21 de marzo se celebrar\u00e1 en la zona arqueol\u00f3gica de Las labradas, en el municipio de San Ignacio, el Equinoccio de Primavera.<br><br>En rueda de prensa donde se dieron a conocer las actividades que se tendr\u00e1n, Celia J\u00e1uregui Ibarra, subsecretaria de Planeaci\u00f3n, Inversi\u00f3n y Desarrollo Tur\u00edstico de Sectur, en representaci\u00f3n de la secretaria de Turismo, Mireya Sosa Osuna, se\u00f1al\u00f3 que este a\u00f1o, adem\u00e1s del saludo al Sol, que es el ritual del Equinoccio, se ofrecer\u00e1n diversas actividades culturales y art\u00edsticas.<br><br>\u201cCompartimos con ustedes la din\u00e1mica y el itinerario que se va a llevar a cabo durante ese d\u00eda para aprovechar de manera acad\u00e9mica, cultural, tur\u00edstica y gastron\u00f3mica ese d\u00eda para recibir la primavera en ese espacio que para los sinaloenses es tan importante\u201d, afirm\u00f3.<br><br>Desde las 8:00 de la ma\u00f1ana habr\u00e1 conferencias magistrales, exhibici\u00f3n del ulama, temazcal, yoga, rituales de sanaci\u00f3n, un \u00e1rea infantil con pintura mural, exposici\u00f3n fotogr\u00e1fica, entre otras actividades.<br><br>\u201cSin cultura no hay turismo y Sinaloa tiene mucho que ofrecer y tiene algo que lo hace un destino \u00fanico, divertido, atractivo, apasionante, que es precisamente su historia y su cultura y en la Secretaria de Turismo estamos muy comprometidos para compartir y dar ese conocimiento a quienes nos visitan, porque eso hace que se enamoren m\u00e1s de Sinaloa\u201d, enfatiz\u00f3.<br><br>Por su parte, Servando Rojo Quintero, director del Centro INAH Sinaloa, comparti\u00f3 que este evento es interinstitucional, con la participaci\u00f3n del Ayuntamiento de San Ignacio, la Secretar\u00eda de Turismo, el Instituto Sinaloense de Cultura y el Centro INAH Sinaloa.<br><br>\u201cEs un evento donde las diferentes instituciones estamos presentes y donde el ulama va a ser el motivo principal, con el objetivo de seguir impuls\u00e1ndolo hasta lograr que sea Patrimonio de la Humanidad, adem\u00e1s de favorecer a los pobladores del entorno\u201d, puntualiz\u00f3.<br><br>En la rueda de prensa tambi\u00e9n estuvieron presentes Mario Ch\u00e1vez Noriega, delegado zona sur del Instituto Sinaloense de Cultura; Manuel Delgado Valverde, director de Cultura Municipal del Ayuntamiento de San Ignacio y Carlos Rom\u00e1n Ruiz, director de Turismo de San Ignacio.<br><br>Programa 21 de marzo<br>9:00 Inauguraci\u00f3n<br>9:45 &#8211; 12:40 Conferencias magistrales<br>9:45 &#8211; 10:45 Exhibici\u00f3n de ulama de antebrazo<br>11:00 &#8211; 11:40 Exhibici\u00f3n de ulama de cadera<br>12:00 &#8211; 13:00 Saludo al Sol (Ritual Equinoccio)<br>13:00 &#8211; 13:30 Danza del Venado<br>16:30 &#8211; 17:30 Sesi\u00f3n de yoga<\/p>\n","protected":false},"excerpt":{"rendered":"<p>Se tendr\u00e1n actividades como conferencias magistrales, exhibici\u00f3n del ulama, temazcal, yoga, rituales de sanaci\u00f3n y una exposici\u00f3n fotogr\u00e1fica. Mazatl\u00e1n, Sinaloa, 13 de marzo de 2026.- Este 21 de marzo se&hellip;<\/p>\n","protected":false},"author":1,"featured_media":31833,"comment_status":"open","ping_status":"open","sticky":false,"template":"","format":"standard","meta":{"_jetpack_memberships_contains_paid_content":false,"footnotes":"","jetpack_publicize_message":"","jetpack_publicize_feature_enabled":true,"jetpack_social_post_already_shared":true,"jetpack_social_options":{"image_generator_settings":{"template":"highway","default_image_id":0,"font":"","enabled":false},"version":2}},"categories":[24],"tags":[34],"class_list":["post-31834","post","type-post","status-publish","format-standard","has-post-thumbnail","hentry","category-estados","tag-gobierno-del-estado-de-sinaloa"],"yoast_head":"<!-- This site is optimized with the Yoast SEO plugin v27.2 - https:\/\/yoast.com\/product\/yoast-seo-wordpress\/ -->\n<title>Invitan a celebrar el Equinoccio de la Primavera en la zona arqueol\u00f3gica de Las Labradas - \u00c9tica Comunica<\/title>\n<meta name=\"robots\" content=\"index, follow, max-snippet:-1, max-image-preview:large, max-video-preview:-1\" \/>\n<link rel=\"canonical\" href=\"https:\/\/eticacomunica.com.mx\/?p=31834\" \/>\n<meta property=\"og:locale\" content=\"es_MX\" \/>\n<meta property=\"og:type\" content=\"article\" \/>\n<meta property=\"og:title\" content=\"Invitan a celebrar el Equinoccio de la Primavera en la zona arqueol\u00f3gica de Las Labradas - \u00c9tica Comunica\" \/>\n<meta property=\"og:description\" content=\"Se tendr\u00e1n actividades como conferencias magistrales, exhibici\u00f3n del ulama, temazcal, yoga, rituales de sanaci\u00f3n y una exposici\u00f3n fotogr\u00e1fica. Mazatl\u00e1n, Sinaloa, 13 de marzo de 2026.- Este 21 de marzo se&hellip;\" \/>\n<meta property=\"og:url\" content=\"https:\/\/eticacomunica.com.mx\/?p=31834\" \/>\n<meta property=\"og:site_name\" content=\"\u00c9tica Comunica\" \/>\n<meta property=\"article:publisher\" content=\"https:\/\/www.facebook.com\/eticacomunica\" \/>\n<meta property=\"article:published_time\" content=\"2026-03-14T00:36:54+00:00\" \/>\n<meta name=\"author\" content=\"etica\" \/>\n<meta name=\"twitter:card\" content=\"summary_large_image\" \/>\n<meta name=\"twitter:label1\" content=\"Escrito por\" \/>\n\t<meta name=\"twitter:data1\" content=\"etica\" \/>\n\t<meta name=\"twitter:label2\" content=\"Tiempo de lectura\" \/>\n\t<meta name=\"twitter:data2\" content=\"2 minutos\" \/>\n<script type=\"application\/ld+json\" class=\"yoast-schema-graph\">{\"@context\":\"https:\/\/schema.org\",\"@graph\":[{\"@type\":\"Article\",\"@id\":\"https:\/\/eticacomunica.com.mx\/?p=31834#article\",\"isPartOf\":{\"@id\":\"https:\/\/eticacomunica.com.mx\/?p=31834\"},\"author\":{\"name\":\"etica\",\"@id\":\"https:\/\/eticacomunica.com.mx\/#\/schema\/person\/2cacc47bd17fe8ad92f08c0313d22fa6\"},\"headline\":\"Invitan a celebrar el Equinoccio de la Primavera en la zona arqueol\u00f3gica de Las Labradas\",\"datePublished\":\"2026-03-14T00:36:54+00:00\",\"mainEntityOfPage\":{\"@id\":\"https:\/\/eticacomunica.com.mx\/?p=31834\"},\"wordCount\":447,\"commentCount\":0,\"publisher\":{\"@id\":\"https:\/\/eticacomunica.com.mx\/#organization\"},\"image\":{\"@id\":\"https:\/\/eticacomunica.com.mx\/?p=31834#primaryimage\"},\"thumbnailUrl\":\"https:\/\/eticacomunica.com.mx\/wp-content\/uploads\/2026\/03\/IMG-20260313-WA0029.jpg\",\"keywords\":[\"Gobierno del Estado de Sinaloa\"],\"articleSection\":[\"Estados\"],\"inLanguage\":\"es\",\"potentialAction\":[{\"@type\":\"CommentAction\",\"name\":\"Comment\",\"target\":[\"https:\/\/eticacomunica.com.mx\/?p=31834#respond\"]}]},{\"@type\":\"WebPage\",\"@id\":\"https:\/\/eticacomunica.com.mx\/?p=31834\",\"url\":\"https:\/\/eticacomunica.com.mx\/?p=31834\",\"name\":\"Invitan a celebrar el Equinoccio de la Primavera en la zona arqueol\u00f3gica de Las Labradas - \u00c9tica Comunica\",\"isPartOf\":{\"@id\":\"https:\/\/eticacomunica.com.mx\/#website\"},\"primaryImageOfPage\":{\"@id\":\"https:\/\/eticacomunica.com.mx\/?p=31834#primaryimage\"},\"image\":{\"@id\":\"https:\/\/eticacomunica.com.mx\/?p=31834#primaryimage\"},\"thumbnailUrl\":\"https:\/\/eticacomunica.com.mx\/wp-content\/uploads\/2026\/03\/IMG-20260313-WA0029.jpg\",\"datePublished\":\"2026-03-14T00:36:54+00:00\",\"breadcrumb\":{\"@id\":\"https:\/\/eticacomunica.com.mx\/?p=31834#breadcrumb\"},\"inLanguage\":\"es\",\"potentialAction\":[{\"@type\":\"ReadAction\",\"target\":[\"https:\/\/eticacomunica.com.mx\/?p=31834\"]}]},{\"@type\":\"ImageObject\",\"inLanguage\":\"es\",\"@id\":\"https:\/\/eticacomunica.com.mx\/?p=31834#primaryimage\",\"url\":\"https:\/\/eticacomunica.com.mx\/wp-content\/uploads\/2026\/03\/IMG-20260313-WA0029.jpg\",\"contentUrl\":\"https:\/\/eticacomunica.com.mx\/wp-content\/uploads\/2026\/03\/IMG-20260313-WA0029.jpg\",\"width\":1600,\"height\":1082},{\"@type\":\"BreadcrumbList\",\"@id\":\"https:\/\/eticacomunica.com.mx\/?p=31834#breadcrumb\",\"itemListElement\":[{\"@type\":\"ListItem\",\"position\":1,\"name\":\"Inicio\",\"item\":\"https:\/\/eticacomunica.com.mx\/\"},{\"@type\":\"ListItem\",\"position\":2,\"name\":\"Invitan a celebrar el Equinoccio de la Primavera en la zona arqueol\u00f3gica de Las Labradas\"}]},{\"@type\":\"WebSite\",\"@id\":\"https:\/\/eticacomunica.com.mx\/#website\",\"url\":\"https:\/\/eticacomunica.com.mx\/\",\"name\":\"\u00c9tica Comunica\",\"description\":\"Diario Digital\",\"publisher\":{\"@id\":\"https:\/\/eticacomunica.com.mx\/#organization\"},\"potentialAction\":[{\"@type\":\"SearchAction\",\"target\":{\"@type\":\"EntryPoint\",\"urlTemplate\":\"https:\/\/eticacomunica.com.mx\/?s={search_term_string}\"},\"query-input\":{\"@type\":\"PropertyValueSpecification\",\"valueRequired\":true,\"valueName\":\"search_term_string\"}}],\"inLanguage\":\"es\"},{\"@type\":\"Organization\",\"@id\":\"https:\/\/eticacomunica.com.mx\/#organization\",\"name\":\"Diarios Digitales de Sinaloa\",\"url\":\"https:\/\/eticacomunica.com.mx\/\",\"logo\":{\"@type\":\"ImageObject\",\"inLanguage\":\"es\",\"@id\":\"https:\/\/eticacomunica.com.mx\/#\/schema\/logo\/image\/\",\"url\":\"https:\/\/eticacomunica.com.mx\/wp-content\/uploads\/2023\/10\/etica-logo.png\",\"contentUrl\":\"https:\/\/eticacomunica.com.mx\/wp-content\/uploads\/2023\/10\/etica-logo.png\",\"width\":1280,\"height\":432,\"caption\":\"Diarios Digitales de Sinaloa\"},\"image\":{\"@id\":\"https:\/\/eticacomunica.com.mx\/#\/schema\/logo\/image\/\"},\"sameAs\":[\"https:\/\/www.facebook.com\/eticacomunica\"]},{\"@type\":\"Person\",\"@id\":\"https:\/\/eticacomunica.com.mx\/#\/schema\/person\/2cacc47bd17fe8ad92f08c0313d22fa6\",\"name\":\"etica\",\"image\":{\"@type\":\"ImageObject\",\"inLanguage\":\"es\",\"@id\":\"https:\/\/secure.gravatar.com\/avatar\/dfb45d32bc7097f8f06d6e4f6e6b387e7cb8fd5b3a2869265c40587ab62cab1e?s=96&d=mm&r=g\",\"url\":\"https:\/\/secure.gravatar.com\/avatar\/dfb45d32bc7097f8f06d6e4f6e6b387e7cb8fd5b3a2869265c40587ab62cab1e?s=96&d=mm&r=g\",\"contentUrl\":\"https:\/\/secure.gravatar.com\/avatar\/dfb45d32bc7097f8f06d6e4f6e6b387e7cb8fd5b3a2869265c40587ab62cab1e?s=96&d=mm&r=g\",\"caption\":\"etica\"},\"sameAs\":[\"https:\/\/eticacomunica.com.mx\"],\"url\":\"https:\/\/eticacomunica.com.mx\/?author=1\"}]}<\/script>\n<!-- \/ Yoast SEO plugin. -->","yoast_head_json":{"title":"Invitan a celebrar el Equinoccio de la Primavera en la zona arqueol\u00f3gica de Las Labradas - \u00c9tica Comunica","robots":{"index":"index","follow":"follow","max-snippet":"max-snippet:-1","max-image-preview":"max-image-preview:large","max-video-preview":"max-video-preview:-1"},"canonical":"https:\/\/eticacomunica.com.mx\/?p=31834","og_locale":"es_MX","og_type":"article","og_title":"Invitan a celebrar el Equinoccio de la Primavera en la zona arqueol\u00f3gica de Las Labradas - \u00c9tica Comunica","og_description":"Se tendr\u00e1n actividades como conferencias magistrales, exhibici\u00f3n del ulama, temazcal, yoga, rituales de sanaci\u00f3n y una exposici\u00f3n fotogr\u00e1fica. Mazatl\u00e1n, Sinaloa, 13 de marzo de 2026.- Este 21 de marzo se&hellip;","og_url":"https:\/\/eticacomunica.com.mx\/?p=31834","og_site_name":"\u00c9tica Comunica","article_publisher":"https:\/\/www.facebook.com\/eticacomunica","article_published_time":"2026-03-14T00:36:54+00:00","author":"etica","twitter_card":"summary_large_image","twitter_misc":{"Escrito por":"etica","Tiempo de lectura":"2 minutos"},"schema":{"@context":"https:\/\/schema.org","@graph":[{"@type":"Article","@id":"https:\/\/eticacomunica.com.mx\/?p=31834#article","isPartOf":{"@id":"https:\/\/eticacomunica.com.mx\/?p=31834"},"author":{"name":"etica","@id":"https:\/\/eticacomunica.com.mx\/#\/schema\/person\/2cacc47bd17fe8ad92f08c0313d22fa6"},"headline":"Invitan a celebrar el Equinoccio de la Primavera en la zona arqueol\u00f3gica de Las Labradas","datePublished":"2026-03-14T00:36:54+00:00","mainEntityOfPage":{"@id":"https:\/\/eticacomunica.com.mx\/?p=31834"},"wordCount":447,"commentCount":0,"publisher":{"@id":"https:\/\/eticacomunica.com.mx\/#organization"},"image":{"@id":"https:\/\/eticacomunica.com.mx\/?p=31834#primaryimage"},"thumbnailUrl":"https:\/\/eticacomunica.com.mx\/wp-content\/uploads\/2026\/03\/IMG-20260313-WA0029.jpg","keywords":["Gobierno del Estado de Sinaloa"],"articleSection":["Estados"],"inLanguage":"es","potentialAction":[{"@type":"CommentAction","name":"Comment","target":["https:\/\/eticacomunica.com.mx\/?p=31834#respond"]}]},{"@type":"WebPage","@id":"https:\/\/eticacomunica.com.mx\/?p=31834","url":"https:\/\/eticacomunica.com.mx\/?p=31834","name":"Invitan a celebrar el Equinoccio de la Primavera en la zona arqueol\u00f3gica de Las Labradas - \u00c9tica Comunica","isPartOf":{"@id":"https:\/\/eticacomunica.com.mx\/#website"},"primaryImageOfPage":{"@id":"https:\/\/eticacomunica.com.mx\/?p=31834#primaryimage"},"image":{"@id":"https:\/\/eticacomunica.com.mx\/?p=31834#primaryimage"},"thumbnailUrl":"https:\/\/eticacomunica.com.mx\/wp-content\/uploads\/2026\/03\/IMG-20260313-WA0029.jpg","datePublished":"2026-03-14T00:36:54+00:00","breadcrumb":{"@id":"https:\/\/eticacomunica.com.mx\/?p=31834#breadcrumb"},"inLanguage":"es","potentialAction":[{"@type":"ReadAction","target":["https:\/\/eticacomunica.com.mx\/?p=31834"]}]},{"@type":"ImageObject","inLanguage":"es","@id":"https:\/\/eticacomunica.com.mx\/?p=31834#primaryimage","url":"https:\/\/eticacomunica.com.mx\/wp-content\/uploads\/2026\/03\/IMG-20260313-WA0029.jpg","contentUrl":"https:\/\/eticacomunica.com.mx\/wp-content\/uploads\/2026\/03\/IMG-20260313-WA0029.jpg","width":1600,"height":1082},{"@type":"BreadcrumbList","@id":"https:\/\/eticacomunica.com.mx\/?p=31834#breadcrumb","itemListElement":[{"@type":"ListItem","position":1,"name":"Inicio","item":"https:\/\/eticacomunica.com.mx\/"},{"@type":"ListItem","position":2,"name":"Invitan a celebrar el Equinoccio de la Primavera en la zona arqueol\u00f3gica de Las Labradas"}]},{"@type":"WebSite","@id":"https:\/\/eticacomunica.com.mx\/#website","url":"https:\/\/eticacomunica.com.mx\/","name":"\u00c9tica Comunica","description":"Diario Digital","publisher":{"@id":"https:\/\/eticacomunica.com.mx\/#organization"},"potentialAction":[{"@type":"SearchAction","target":{"@type":"EntryPoint","urlTemplate":"https:\/\/eticacomunica.com.mx\/?s={search_term_string}"},"query-input":{"@type":"PropertyValueSpecification","valueRequired":true,"valueName":"search_term_string"}}],"inLanguage":"es"},{"@type":"Organization","@id":"https:\/\/eticacomunica.com.mx\/#organization","name":"Diarios Digitales de Sinaloa","url":"https:\/\/eticacomunica.com.mx\/","logo":{"@type":"ImageObject","inLanguage":"es","@id":"https:\/\/eticacomunica.com.mx\/#\/schema\/logo\/image\/","url":"https:\/\/eticacomunica.com.mx\/wp-content\/uploads\/2023\/10\/etica-logo.png","contentUrl":"https:\/\/eticacomunica.com.mx\/wp-content\/uploads\/2023\/10\/etica-logo.png","width":1280,"height":432,"caption":"Diarios Digitales de Sinaloa"},"image":{"@id":"https:\/\/eticacomunica.com.mx\/#\/schema\/logo\/image\/"},"sameAs":["https:\/\/www.facebook.com\/eticacomunica"]},{"@type":"Person","@id":"https:\/\/eticacomunica.com.mx\/#\/schema\/person\/2cacc47bd17fe8ad92f08c0313d22fa6","name":"etica","image":{"@type":"ImageObject","inLanguage":"es","@id":"https:\/\/secure.gravatar.com\/avatar\/dfb45d32bc7097f8f06d6e4f6e6b387e7cb8fd5b3a2869265c40587ab62cab1e?s=96&d=mm&r=g","url":"https:\/\/secure.gravatar.com\/avatar\/dfb45d32bc7097f8f06d6e4f6e6b387e7cb8fd5b3a2869265c40587ab62cab1e?s=96&d=mm&r=g","contentUrl":"https:\/\/secure.gravatar.com\/avatar\/dfb45d32bc7097f8f06d6e4f6e6b387e7cb8fd5b3a2869265c40587ab62cab1e?s=96&d=mm&r=g","caption":"etica"},"sameAs":["https:\/\/eticacomunica.com.mx"],"url":"https:\/\/eticacomunica.com.mx\/?author=1"}]}},"jetpack_publicize_connections":[],"jetpack_featured_media_url":"https:\/\/eticacomunica.com.mx\/wp-content\/uploads\/2026\/03\/IMG-20260313-WA0029.jpg","jetpack_sharing_enabled":true,"_links":{"self":[{"href":"https:\/\/eticacomunica.com.mx\/index.php?rest_route=\/wp\/v2\/posts\/31834","targetHints":{"allow":["GET"]}}],"collection":[{"href":"https:\/\/eticacomunica.com.mx\/index.php?rest_route=\/wp\/v2\/posts"}],"about":[{"href":"https:\/\/eticacomunica.com.mx\/index.php?rest_route=\/wp\/v2\/types\/post"}],"author":[{"embeddable":true,"href":"https:\/\/eticacomunica.com.mx\/index.php?rest_route=\/wp\/v2\/users\/1"}],"replies":[{"embeddable":true,"href":"https:\/\/eticacomunica.com.mx\/index.php?rest_route=%2Fwp%2Fv2%2Fcomments&post=31834"}],"version-history":[{"count":0,"href":"https:\/\/eticacomunica.com.mx\/index.php?rest_route=\/wp\/v2\/posts\/31834\/revisions"}],"wp:featuredmedia":[{"embeddable":true,"href":"https:\/\/eticacomunica.com.mx\/index.php?rest_route=\/wp\/v2\/media\/31833"}],"wp:attachment":[{"href":"https:\/\/eticacomunica.com.mx\/index.php?rest_route=%2Fwp%2Fv2%2Fmedia&parent=31834"}],"wp:term":[{"taxonomy":"category","embeddable":true,"href":"https:\/\/eticacomunica.com.mx\/index.php?rest_route=%2Fwp%2Fv2%2Fcategories&post=31834"},{"taxonomy":"post_tag","embeddable":true,"href":"https:\/\/eticacomunica.com.mx\/index.php?rest_route=%2Fwp%2Fv2%2Ftags&post=31834"}],"curies":[{"name":"wp","href":"https:\/\/api.w.org\/{rel}","templated":true}]}}