{"id":31842,"date":"2026-03-13T20:31:41","date_gmt":"2026-03-14T03:31:41","guid":{"rendered":"https:\/\/eticacomunica.com.mx\/?p=31842"},"modified":"2026-03-13T20:31:41","modified_gmt":"2026-03-14T03:31:41","slug":"promueve-eneyda-rocha-ruiz-acciones-para-prevenir-la-ceguera-a-traves-de-la-jornada-de-deteccion-de-glaucoma-realizada-en-el-cidis","status":"publish","type":"post","link":"https:\/\/eticacomunica.com.mx\/?p=31842","title":{"rendered":"Promueve Eneyda Rocha Ruiz acciones para prevenir la ceguera a trav\u00e9s de la Jornada de Detecci\u00f3n de Glaucoma realizada en el CIDIS"},"content":{"rendered":"\n<p>Culiac\u00e1n, Sinaloa a 13 de marzo del 2026.-* En el marco del D\u00eda Mundial del Glaucoma, el Sistema DIF Sinaloa realiz\u00f3 este viernes una Jornada de Detecci\u00f3n de Glaucoma a trav\u00e9s del Centro Integral de Discapacidad Visual (CIDIS), acercando estudios y valoraciones oftalmol\u00f3gicas gratuitas a la poblaci\u00f3n, con el objetivo de realizar revisiones visuales para detectar de manera oportuna esta enfermedad silenciosa que puede provocar la p\u00e9rdida irreversible de la visi\u00f3n.<br><br>La presidenta del Sistema DIF Sinaloa, Dra. Eneyda Rocha Ruiz, asisti\u00f3 a esta actividad y destac\u00f3 la importancia de fortalecer la cultura de la prevenci\u00f3n en materia de salud visual, especialmente entre los sectores m\u00e1s vulnerables de la poblaci\u00f3n.<br><br>A trav\u00e9s del Centro Integral de Discapacidad Visual (CIDIS), el Sistema DIF Sinaloa impulsa de manera permanente acciones de diagn\u00f3stico, atenci\u00f3n y orientaci\u00f3n para el cuidado de la salud visual, fortaleciendo las estrategias de prevenci\u00f3n y atenci\u00f3n dirigidas a la poblaci\u00f3n como lo indica el Gobernador, Dr. Rub\u00e9n Rocha Moya. <br><br>Durante la jornada, las personas acudieron a revisiones oftalmol\u00f3gicas para identificar posibles casos de glaucoma, enfermedad que da\u00f1a progresivamente el nervio \u00f3ptico y que, de no atenderse a tiempo, puede provocar ceguera irreversible.<br><br>Especialistas explicaron que el glaucoma suele avanzar de manera silenciosa en sus primeras etapas, por lo que muchas personas desconocen que lo padecen hasta que el da\u00f1o en la visi\u00f3n es considerable, de ah\u00ed la importancia de realizar revisiones peri\u00f3dicas.<br><br>Con acciones como esta, DIF Sinaloa contribuye a prevenir enfermedades y mejorar la calidad de vida de las familias sinaloenses.<\/p>\n","protected":false},"excerpt":{"rendered":"<p>Culiac\u00e1n, Sinaloa a 13 de marzo del 2026.-* En el marco del D\u00eda Mundial del Glaucoma, el Sistema DIF Sinaloa realiz\u00f3 este viernes una Jornada de Detecci\u00f3n de Glaucoma a&hellip;<\/p>\n","protected":false},"author":1,"featured_media":31841,"comment_status":"open","ping_status":"open","sticky":false,"template":"","format":"standard","meta":{"_jetpack_memberships_contains_paid_content":false,"footnotes":"","jetpack_publicize_message":"","jetpack_publicize_feature_enabled":true,"jetpack_social_post_already_shared":true,"jetpack_social_options":{"image_generator_settings":{"template":"highway","default_image_id":0,"font":"","enabled":false},"version":2}},"categories":[52],"tags":[48],"class_list":["post-31842","post","type-post","status-publish","format-standard","has-post-thumbnail","hentry","category-subportada","tag-dif-sinaloa"],"yoast_head":"<!-- This site is optimized with the Yoast SEO plugin v27.2 - https:\/\/yoast.com\/product\/yoast-seo-wordpress\/ -->\n<title>Promueve Eneyda Rocha Ruiz acciones para prevenir la ceguera a trav\u00e9s de la Jornada de Detecci\u00f3n de Glaucoma realizada en el CIDIS - \u00c9tica Comunica<\/title>\n<meta name=\"robots\" content=\"index, follow, max-snippet:-1, max-image-preview:large, max-video-preview:-1\" \/>\n<link rel=\"canonical\" href=\"https:\/\/eticacomunica.com.mx\/?p=31842\" \/>\n<meta property=\"og:locale\" content=\"es_MX\" \/>\n<meta property=\"og:type\" content=\"article\" \/>\n<meta property=\"og:title\" content=\"Promueve Eneyda Rocha Ruiz acciones para prevenir la ceguera a trav\u00e9s de la Jornada de Detecci\u00f3n de Glaucoma realizada en el CIDIS - \u00c9tica Comunica\" \/>\n<meta property=\"og:description\" content=\"Culiac\u00e1n, Sinaloa a 13 de marzo del 2026.-* En el marco del D\u00eda Mundial del Glaucoma, el Sistema DIF Sinaloa realiz\u00f3 este viernes una Jornada de Detecci\u00f3n de Glaucoma a&hellip;\" \/>\n<meta property=\"og:url\" content=\"https:\/\/eticacomunica.com.mx\/?p=31842\" \/>\n<meta property=\"og:site_name\" content=\"\u00c9tica Comunica\" \/>\n<meta property=\"article:publisher\" content=\"https:\/\/www.facebook.com\/eticacomunica\" \/>\n<meta property=\"article:published_time\" content=\"2026-03-14T03:31:41+00:00\" \/>\n<meta name=\"author\" content=\"etica\" \/>\n<meta name=\"twitter:card\" content=\"summary_large_image\" \/>\n<meta name=\"twitter:label1\" content=\"Escrito por\" \/>\n\t<meta name=\"twitter:data1\" content=\"etica\" \/>\n\t<meta name=\"twitter:label2\" content=\"Tiempo de lectura\" \/>\n\t<meta name=\"twitter:data2\" content=\"1 minuto\" \/>\n<script type=\"application\/ld+json\" class=\"yoast-schema-graph\">{\"@context\":\"https:\/\/schema.org\",\"@graph\":[{\"@type\":\"Article\",\"@id\":\"https:\/\/eticacomunica.com.mx\/?p=31842#article\",\"isPartOf\":{\"@id\":\"https:\/\/eticacomunica.com.mx\/?p=31842\"},\"author\":{\"name\":\"etica\",\"@id\":\"https:\/\/eticacomunica.com.mx\/#\/schema\/person\/2cacc47bd17fe8ad92f08c0313d22fa6\"},\"headline\":\"Promueve Eneyda Rocha Ruiz acciones para prevenir la ceguera a trav\u00e9s de la Jornada de Detecci\u00f3n de Glaucoma realizada en el CIDIS\",\"datePublished\":\"2026-03-14T03:31:41+00:00\",\"mainEntityOfPage\":{\"@id\":\"https:\/\/eticacomunica.com.mx\/?p=31842\"},\"wordCount\":300,\"commentCount\":0,\"publisher\":{\"@id\":\"https:\/\/eticacomunica.com.mx\/#organization\"},\"image\":{\"@id\":\"https:\/\/eticacomunica.com.mx\/?p=31842#primaryimage\"},\"thumbnailUrl\":\"https:\/\/eticacomunica.com.mx\/wp-content\/uploads\/2026\/03\/IMG-20260313-WA0047.jpg\",\"keywords\":[\"DIF Sinaloa\"],\"articleSection\":[\"Subportada\"],\"inLanguage\":\"es\",\"potentialAction\":[{\"@type\":\"CommentAction\",\"name\":\"Comment\",\"target\":[\"https:\/\/eticacomunica.com.mx\/?p=31842#respond\"]}]},{\"@type\":\"WebPage\",\"@id\":\"https:\/\/eticacomunica.com.mx\/?p=31842\",\"url\":\"https:\/\/eticacomunica.com.mx\/?p=31842\",\"name\":\"Promueve Eneyda Rocha Ruiz acciones para prevenir la ceguera a trav\u00e9s de la Jornada de Detecci\u00f3n de Glaucoma realizada en el CIDIS - \u00c9tica Comunica\",\"isPartOf\":{\"@id\":\"https:\/\/eticacomunica.com.mx\/#website\"},\"primaryImageOfPage\":{\"@id\":\"https:\/\/eticacomunica.com.mx\/?p=31842#primaryimage\"},\"image\":{\"@id\":\"https:\/\/eticacomunica.com.mx\/?p=31842#primaryimage\"},\"thumbnailUrl\":\"https:\/\/eticacomunica.com.mx\/wp-content\/uploads\/2026\/03\/IMG-20260313-WA0047.jpg\",\"datePublished\":\"2026-03-14T03:31:41+00:00\",\"breadcrumb\":{\"@id\":\"https:\/\/eticacomunica.com.mx\/?p=31842#breadcrumb\"},\"inLanguage\":\"es\",\"potentialAction\":[{\"@type\":\"ReadAction\",\"target\":[\"https:\/\/eticacomunica.com.mx\/?p=31842\"]}]},{\"@type\":\"ImageObject\",\"inLanguage\":\"es\",\"@id\":\"https:\/\/eticacomunica.com.mx\/?p=31842#primaryimage\",\"url\":\"https:\/\/eticacomunica.com.mx\/wp-content\/uploads\/2026\/03\/IMG-20260313-WA0047.jpg\",\"contentUrl\":\"https:\/\/eticacomunica.com.mx\/wp-content\/uploads\/2026\/03\/IMG-20260313-WA0047.jpg\",\"width\":1600,\"height\":1066},{\"@type\":\"BreadcrumbList\",\"@id\":\"https:\/\/eticacomunica.com.mx\/?p=31842#breadcrumb\",\"itemListElement\":[{\"@type\":\"ListItem\",\"position\":1,\"name\":\"Inicio\",\"item\":\"https:\/\/eticacomunica.com.mx\/\"},{\"@type\":\"ListItem\",\"position\":2,\"name\":\"Promueve Eneyda Rocha Ruiz acciones para prevenir la ceguera a trav\u00e9s de la Jornada de Detecci\u00f3n de Glaucoma realizada en el CIDIS\"}]},{\"@type\":\"WebSite\",\"@id\":\"https:\/\/eticacomunica.com.mx\/#website\",\"url\":\"https:\/\/eticacomunica.com.mx\/\",\"name\":\"\u00c9tica Comunica\",\"description\":\"Diario Digital\",\"publisher\":{\"@id\":\"https:\/\/eticacomunica.com.mx\/#organization\"},\"potentialAction\":[{\"@type\":\"SearchAction\",\"target\":{\"@type\":\"EntryPoint\",\"urlTemplate\":\"https:\/\/eticacomunica.com.mx\/?s={search_term_string}\"},\"query-input\":{\"@type\":\"PropertyValueSpecification\",\"valueRequired\":true,\"valueName\":\"search_term_string\"}}],\"inLanguage\":\"es\"},{\"@type\":\"Organization\",\"@id\":\"https:\/\/eticacomunica.com.mx\/#organization\",\"name\":\"Diarios Digitales de Sinaloa\",\"url\":\"https:\/\/eticacomunica.com.mx\/\",\"logo\":{\"@type\":\"ImageObject\",\"inLanguage\":\"es\",\"@id\":\"https:\/\/eticacomunica.com.mx\/#\/schema\/logo\/image\/\",\"url\":\"https:\/\/eticacomunica.com.mx\/wp-content\/uploads\/2023\/10\/etica-logo.png\",\"contentUrl\":\"https:\/\/eticacomunica.com.mx\/wp-content\/uploads\/2023\/10\/etica-logo.png\",\"width\":1280,\"height\":432,\"caption\":\"Diarios Digitales de Sinaloa\"},\"image\":{\"@id\":\"https:\/\/eticacomunica.com.mx\/#\/schema\/logo\/image\/\"},\"sameAs\":[\"https:\/\/www.facebook.com\/eticacomunica\"]},{\"@type\":\"Person\",\"@id\":\"https:\/\/eticacomunica.com.mx\/#\/schema\/person\/2cacc47bd17fe8ad92f08c0313d22fa6\",\"name\":\"etica\",\"image\":{\"@type\":\"ImageObject\",\"inLanguage\":\"es\",\"@id\":\"https:\/\/secure.gravatar.com\/avatar\/dfb45d32bc7097f8f06d6e4f6e6b387e7cb8fd5b3a2869265c40587ab62cab1e?s=96&d=mm&r=g\",\"url\":\"https:\/\/secure.gravatar.com\/avatar\/dfb45d32bc7097f8f06d6e4f6e6b387e7cb8fd5b3a2869265c40587ab62cab1e?s=96&d=mm&r=g\",\"contentUrl\":\"https:\/\/secure.gravatar.com\/avatar\/dfb45d32bc7097f8f06d6e4f6e6b387e7cb8fd5b3a2869265c40587ab62cab1e?s=96&d=mm&r=g\",\"caption\":\"etica\"},\"sameAs\":[\"https:\/\/eticacomunica.com.mx\"],\"url\":\"https:\/\/eticacomunica.com.mx\/?author=1\"}]}<\/script>\n<!-- \/ Yoast SEO plugin. -->","yoast_head_json":{"title":"Promueve Eneyda Rocha Ruiz acciones para prevenir la ceguera a trav\u00e9s de la Jornada de Detecci\u00f3n de Glaucoma realizada en el CIDIS - \u00c9tica Comunica","robots":{"index":"index","follow":"follow","max-snippet":"max-snippet:-1","max-image-preview":"max-image-preview:large","max-video-preview":"max-video-preview:-1"},"canonical":"https:\/\/eticacomunica.com.mx\/?p=31842","og_locale":"es_MX","og_type":"article","og_title":"Promueve Eneyda Rocha Ruiz acciones para prevenir la ceguera a trav\u00e9s de la Jornada de Detecci\u00f3n de Glaucoma realizada en el CIDIS - \u00c9tica Comunica","og_description":"Culiac\u00e1n, Sinaloa a 13 de marzo del 2026.-* En el marco del D\u00eda Mundial del Glaucoma, el Sistema DIF Sinaloa realiz\u00f3 este viernes una Jornada de Detecci\u00f3n de Glaucoma a&hellip;","og_url":"https:\/\/eticacomunica.com.mx\/?p=31842","og_site_name":"\u00c9tica Comunica","article_publisher":"https:\/\/www.facebook.com\/eticacomunica","article_published_time":"2026-03-14T03:31:41+00:00","author":"etica","twitter_card":"summary_large_image","twitter_misc":{"Escrito por":"etica","Tiempo de lectura":"1 minuto"},"schema":{"@context":"https:\/\/schema.org","@graph":[{"@type":"Article","@id":"https:\/\/eticacomunica.com.mx\/?p=31842#article","isPartOf":{"@id":"https:\/\/eticacomunica.com.mx\/?p=31842"},"author":{"name":"etica","@id":"https:\/\/eticacomunica.com.mx\/#\/schema\/person\/2cacc47bd17fe8ad92f08c0313d22fa6"},"headline":"Promueve Eneyda Rocha Ruiz acciones para prevenir la ceguera a trav\u00e9s de la Jornada de Detecci\u00f3n de Glaucoma realizada en el CIDIS","datePublished":"2026-03-14T03:31:41+00:00","mainEntityOfPage":{"@id":"https:\/\/eticacomunica.com.mx\/?p=31842"},"wordCount":300,"commentCount":0,"publisher":{"@id":"https:\/\/eticacomunica.com.mx\/#organization"},"image":{"@id":"https:\/\/eticacomunica.com.mx\/?p=31842#primaryimage"},"thumbnailUrl":"https:\/\/eticacomunica.com.mx\/wp-content\/uploads\/2026\/03\/IMG-20260313-WA0047.jpg","keywords":["DIF Sinaloa"],"articleSection":["Subportada"],"inLanguage":"es","potentialAction":[{"@type":"CommentAction","name":"Comment","target":["https:\/\/eticacomunica.com.mx\/?p=31842#respond"]}]},{"@type":"WebPage","@id":"https:\/\/eticacomunica.com.mx\/?p=31842","url":"https:\/\/eticacomunica.com.mx\/?p=31842","name":"Promueve Eneyda Rocha Ruiz acciones para prevenir la ceguera a trav\u00e9s de la Jornada de Detecci\u00f3n de Glaucoma realizada en el CIDIS - \u00c9tica Comunica","isPartOf":{"@id":"https:\/\/eticacomunica.com.mx\/#website"},"primaryImageOfPage":{"@id":"https:\/\/eticacomunica.com.mx\/?p=31842#primaryimage"},"image":{"@id":"https:\/\/eticacomunica.com.mx\/?p=31842#primaryimage"},"thumbnailUrl":"https:\/\/eticacomunica.com.mx\/wp-content\/uploads\/2026\/03\/IMG-20260313-WA0047.jpg","datePublished":"2026-03-14T03:31:41+00:00","breadcrumb":{"@id":"https:\/\/eticacomunica.com.mx\/?p=31842#breadcrumb"},"inLanguage":"es","potentialAction":[{"@type":"ReadAction","target":["https:\/\/eticacomunica.com.mx\/?p=31842"]}]},{"@type":"ImageObject","inLanguage":"es","@id":"https:\/\/eticacomunica.com.mx\/?p=31842#primaryimage","url":"https:\/\/eticacomunica.com.mx\/wp-content\/uploads\/2026\/03\/IMG-20260313-WA0047.jpg","contentUrl":"https:\/\/eticacomunica.com.mx\/wp-content\/uploads\/2026\/03\/IMG-20260313-WA0047.jpg","width":1600,"height":1066},{"@type":"BreadcrumbList","@id":"https:\/\/eticacomunica.com.mx\/?p=31842#breadcrumb","itemListElement":[{"@type":"ListItem","position":1,"name":"Inicio","item":"https:\/\/eticacomunica.com.mx\/"},{"@type":"ListItem","position":2,"name":"Promueve Eneyda Rocha Ruiz acciones para prevenir la ceguera a trav\u00e9s de la Jornada de Detecci\u00f3n de Glaucoma realizada en el CIDIS"}]},{"@type":"WebSite","@id":"https:\/\/eticacomunica.com.mx\/#website","url":"https:\/\/eticacomunica.com.mx\/","name":"\u00c9tica Comunica","description":"Diario Digital","publisher":{"@id":"https:\/\/eticacomunica.com.mx\/#organization"},"potentialAction":[{"@type":"SearchAction","target":{"@type":"EntryPoint","urlTemplate":"https:\/\/eticacomunica.com.mx\/?s={search_term_string}"},"query-input":{"@type":"PropertyValueSpecification","valueRequired":true,"valueName":"search_term_string"}}],"inLanguage":"es"},{"@type":"Organization","@id":"https:\/\/eticacomunica.com.mx\/#organization","name":"Diarios Digitales de Sinaloa","url":"https:\/\/eticacomunica.com.mx\/","logo":{"@type":"ImageObject","inLanguage":"es","@id":"https:\/\/eticacomunica.com.mx\/#\/schema\/logo\/image\/","url":"https:\/\/eticacomunica.com.mx\/wp-content\/uploads\/2023\/10\/etica-logo.png","contentUrl":"https:\/\/eticacomunica.com.mx\/wp-content\/uploads\/2023\/10\/etica-logo.png","width":1280,"height":432,"caption":"Diarios Digitales de Sinaloa"},"image":{"@id":"https:\/\/eticacomunica.com.mx\/#\/schema\/logo\/image\/"},"sameAs":["https:\/\/www.facebook.com\/eticacomunica"]},{"@type":"Person","@id":"https:\/\/eticacomunica.com.mx\/#\/schema\/person\/2cacc47bd17fe8ad92f08c0313d22fa6","name":"etica","image":{"@type":"ImageObject","inLanguage":"es","@id":"https:\/\/secure.gravatar.com\/avatar\/dfb45d32bc7097f8f06d6e4f6e6b387e7cb8fd5b3a2869265c40587ab62cab1e?s=96&d=mm&r=g","url":"https:\/\/secure.gravatar.com\/avatar\/dfb45d32bc7097f8f06d6e4f6e6b387e7cb8fd5b3a2869265c40587ab62cab1e?s=96&d=mm&r=g","contentUrl":"https:\/\/secure.gravatar.com\/avatar\/dfb45d32bc7097f8f06d6e4f6e6b387e7cb8fd5b3a2869265c40587ab62cab1e?s=96&d=mm&r=g","caption":"etica"},"sameAs":["https:\/\/eticacomunica.com.mx"],"url":"https:\/\/eticacomunica.com.mx\/?author=1"}]}},"jetpack_publicize_connections":[],"jetpack_featured_media_url":"https:\/\/eticacomunica.com.mx\/wp-content\/uploads\/2026\/03\/IMG-20260313-WA0047.jpg","jetpack_sharing_enabled":true,"_links":{"self":[{"href":"https:\/\/eticacomunica.com.mx\/index.php?rest_route=\/wp\/v2\/posts\/31842","targetHints":{"allow":["GET"]}}],"collection":[{"href":"https:\/\/eticacomunica.com.mx\/index.php?rest_route=\/wp\/v2\/posts"}],"about":[{"href":"https:\/\/eticacomunica.com.mx\/index.php?rest_route=\/wp\/v2\/types\/post"}],"author":[{"embeddable":true,"href":"https:\/\/eticacomunica.com.mx\/index.php?rest_route=\/wp\/v2\/users\/1"}],"replies":[{"embeddable":true,"href":"https:\/\/eticacomunica.com.mx\/index.php?rest_route=%2Fwp%2Fv2%2Fcomments&post=31842"}],"version-history":[{"count":0,"href":"https:\/\/eticacomunica.com.mx\/index.php?rest_route=\/wp\/v2\/posts\/31842\/revisions"}],"wp:featuredmedia":[{"embeddable":true,"href":"https:\/\/eticacomunica.com.mx\/index.php?rest_route=\/wp\/v2\/media\/31841"}],"wp:attachment":[{"href":"https:\/\/eticacomunica.com.mx\/index.php?rest_route=%2Fwp%2Fv2%2Fmedia&parent=31842"}],"wp:term":[{"taxonomy":"category","embeddable":true,"href":"https:\/\/eticacomunica.com.mx\/index.php?rest_route=%2Fwp%2Fv2%2Fcategories&post=31842"},{"taxonomy":"post_tag","embeddable":true,"href":"https:\/\/eticacomunica.com.mx\/index.php?rest_route=%2Fwp%2Fv2%2Ftags&post=31842"}],"curies":[{"name":"wp","href":"https:\/\/api.w.org\/{rel}","templated":true}]}}