{"id":31844,"date":"2026-03-14T11:11:00","date_gmt":"2026-03-14T18:11:00","guid":{"rendered":"https:\/\/eticacomunica.com.mx\/?p=31844"},"modified":"2026-03-14T11:11:00","modified_gmt":"2026-03-14T18:11:00","slug":"encabeza-estrella-palacios-inauguracion-del-torneo-regional-magisterial-de-voleibol-del-snte-53","status":"publish","type":"post","link":"https:\/\/eticacomunica.com.mx\/?p=31844","title":{"rendered":"Encabeza Estrella Palacios inauguraci\u00f3n del Torneo Regional Magisterial de Voleibol del SNTE 53"},"content":{"rendered":"\n<p>Participan alrededor de 3 mil jugadores de municipios del sur y centro de Sinaloa en la edici\u00f3n n\u00famero 26 del torneo.<br><br>Mazatl\u00e1n, Sinaloa, 14 de marzo de 2026.\u2013 La Presidenta Municipal, Estrella Palacios Dom\u00ednguez, encabez\u00f3 la ma\u00f1ana de este s\u00e1bado la inauguraci\u00f3n de la edici\u00f3n n\u00famero 26 del Torneo Regional Magisterial de Voleibol del SNTE Secci\u00f3n 53, evento deportivo que re\u00fane a alrededor de 3 mil jugadores provenientes de equipos de distintos municipios del sur y centro del estado de Sinaloa.<br><br>Con la presencia del Secretario General y Vicepresidente de ENCIMA A.C., Ricardo Madrid Uriarte, y el Presidente Estatal de ENCIMA A.C., Daniel Amador Gaxiola, se llev\u00f3 a cabo la ceremonia inaugural en la Unidad Deportiva Benito Ju\u00e1rez, donde tambi\u00e9n se dieron cita autoridades municipales y educativas, legisladores y equipos participantes a esta tradicional competencia que promueve la convivencia, el deporte y la uni\u00f3n del magisterio.<br><br>Ante los asistentes, la Alcaldesa Estrella Palacios reiter\u00f3 su respaldo al sector educativo y destac\u00f3 que el Gobierno Municipal continuar\u00e1 impulsando acciones para fortalecer la educaci\u00f3n en Mazatl\u00e1n. Agradeci\u00f3 el respaldo de la Presidenta de la Rep\u00fablica, la Doctora Claudia Sheinbaum Pardo, y del Gobernador del Estado, el Doctor Rub\u00e9n Rocha Moya. <br><br>\u201cEs de verdad para m\u00ed un honor estar otra vez aqu\u00ed con ustedes. El a\u00f1o pasado les dije que contaran con una aliada en la educaci\u00f3n, y estamos cumpliendo, con palabra de mujer. Quiero compartirles, amigas y amigos, que todo el a\u00f1o 2025 estuvimos trabajando justamente de la mano de maestras y maestros para que a Mazatl\u00e1n y a todo el sur de Sinaloa le vaya muy bien. Es un placer para m\u00ed ayudar, porque con educaci\u00f3n podemos transformar\u201d, expres\u00f3 Estrella Palacios.<br><br>En el evento estuvieron tambi\u00e9n presentes la Exsecretaria General del SNTE Secci\u00f3n 53, Lourdes Sarabia L\u00f3pez; los diputados Karla Daniela Ulloa Rodr\u00edguez y Manuel de Jes\u00fas Guerrero Verduzco; as\u00ed como regidoras, regidores y funcionarios municipales.<\/p>\n","protected":false},"excerpt":{"rendered":"<p>Participan alrededor de 3 mil jugadores de municipios del sur y centro de Sinaloa en la edici\u00f3n n\u00famero 26 del torneo. Mazatl\u00e1n, Sinaloa, 14 de marzo de 2026.\u2013 La Presidenta&hellip;<\/p>\n","protected":false},"author":1,"featured_media":31843,"comment_status":"open","ping_status":"open","sticky":false,"template":"","format":"standard","meta":{"_jetpack_memberships_contains_paid_content":false,"footnotes":"","jetpack_publicize_message":"","jetpack_publicize_feature_enabled":true,"jetpack_social_post_already_shared":true,"jetpack_social_options":{"image_generator_settings":{"template":"highway","default_image_id":0,"font":"","enabled":false},"version":2}},"categories":[26],"tags":[289],"class_list":["post-31844","post","type-post","status-publish","format-standard","has-post-thumbnail","hentry","category-portada","tag-estrella-palacios"],"yoast_head":"<!-- This site is optimized with the Yoast SEO plugin v27.2 - https:\/\/yoast.com\/product\/yoast-seo-wordpress\/ -->\n<title>Encabeza Estrella Palacios inauguraci\u00f3n del Torneo Regional Magisterial de Voleibol del SNTE 53 - \u00c9tica Comunica<\/title>\n<meta name=\"robots\" content=\"index, follow, max-snippet:-1, max-image-preview:large, max-video-preview:-1\" \/>\n<link rel=\"canonical\" href=\"https:\/\/eticacomunica.com.mx\/?p=31844\" \/>\n<meta property=\"og:locale\" content=\"es_MX\" \/>\n<meta property=\"og:type\" content=\"article\" \/>\n<meta property=\"og:title\" content=\"Encabeza Estrella Palacios inauguraci\u00f3n del Torneo Regional Magisterial de Voleibol del SNTE 53 - \u00c9tica Comunica\" \/>\n<meta property=\"og:description\" content=\"Participan alrededor de 3 mil jugadores de municipios del sur y centro de Sinaloa en la edici\u00f3n n\u00famero 26 del torneo. Mazatl\u00e1n, Sinaloa, 14 de marzo de 2026.\u2013 La Presidenta&hellip;\" \/>\n<meta property=\"og:url\" content=\"https:\/\/eticacomunica.com.mx\/?p=31844\" \/>\n<meta property=\"og:site_name\" content=\"\u00c9tica Comunica\" \/>\n<meta property=\"article:publisher\" content=\"https:\/\/www.facebook.com\/eticacomunica\" \/>\n<meta property=\"article:published_time\" content=\"2026-03-14T18:11:00+00:00\" \/>\n<meta name=\"author\" content=\"etica\" \/>\n<meta name=\"twitter:card\" content=\"summary_large_image\" \/>\n<meta name=\"twitter:label1\" content=\"Escrito por\" \/>\n\t<meta name=\"twitter:data1\" content=\"etica\" \/>\n\t<meta name=\"twitter:label2\" content=\"Tiempo de lectura\" \/>\n\t<meta name=\"twitter:data2\" content=\"2 minutos\" \/>\n<script type=\"application\/ld+json\" class=\"yoast-schema-graph\">{\"@context\":\"https:\/\/schema.org\",\"@graph\":[{\"@type\":\"Article\",\"@id\":\"https:\/\/eticacomunica.com.mx\/?p=31844#article\",\"isPartOf\":{\"@id\":\"https:\/\/eticacomunica.com.mx\/?p=31844\"},\"author\":{\"name\":\"etica\",\"@id\":\"https:\/\/eticacomunica.com.mx\/#\/schema\/person\/2cacc47bd17fe8ad92f08c0313d22fa6\"},\"headline\":\"Encabeza Estrella Palacios inauguraci\u00f3n del Torneo Regional Magisterial de Voleibol del SNTE 53\",\"datePublished\":\"2026-03-14T18:11:00+00:00\",\"mainEntityOfPage\":{\"@id\":\"https:\/\/eticacomunica.com.mx\/?p=31844\"},\"wordCount\":349,\"commentCount\":0,\"publisher\":{\"@id\":\"https:\/\/eticacomunica.com.mx\/#organization\"},\"image\":{\"@id\":\"https:\/\/eticacomunica.com.mx\/?p=31844#primaryimage\"},\"thumbnailUrl\":\"https:\/\/eticacomunica.com.mx\/wp-content\/uploads\/2026\/03\/IMG-20260314-WA0012.jpg\",\"keywords\":[\"Estrella Palacios\"],\"articleSection\":[\"Portada\"],\"inLanguage\":\"es\",\"potentialAction\":[{\"@type\":\"CommentAction\",\"name\":\"Comment\",\"target\":[\"https:\/\/eticacomunica.com.mx\/?p=31844#respond\"]}]},{\"@type\":\"WebPage\",\"@id\":\"https:\/\/eticacomunica.com.mx\/?p=31844\",\"url\":\"https:\/\/eticacomunica.com.mx\/?p=31844\",\"name\":\"Encabeza Estrella Palacios inauguraci\u00f3n del Torneo Regional Magisterial de Voleibol del SNTE 53 - \u00c9tica Comunica\",\"isPartOf\":{\"@id\":\"https:\/\/eticacomunica.com.mx\/#website\"},\"primaryImageOfPage\":{\"@id\":\"https:\/\/eticacomunica.com.mx\/?p=31844#primaryimage\"},\"image\":{\"@id\":\"https:\/\/eticacomunica.com.mx\/?p=31844#primaryimage\"},\"thumbnailUrl\":\"https:\/\/eticacomunica.com.mx\/wp-content\/uploads\/2026\/03\/IMG-20260314-WA0012.jpg\",\"datePublished\":\"2026-03-14T18:11:00+00:00\",\"breadcrumb\":{\"@id\":\"https:\/\/eticacomunica.com.mx\/?p=31844#breadcrumb\"},\"inLanguage\":\"es\",\"potentialAction\":[{\"@type\":\"ReadAction\",\"target\":[\"https:\/\/eticacomunica.com.mx\/?p=31844\"]}]},{\"@type\":\"ImageObject\",\"inLanguage\":\"es\",\"@id\":\"https:\/\/eticacomunica.com.mx\/?p=31844#primaryimage\",\"url\":\"https:\/\/eticacomunica.com.mx\/wp-content\/uploads\/2026\/03\/IMG-20260314-WA0012.jpg\",\"contentUrl\":\"https:\/\/eticacomunica.com.mx\/wp-content\/uploads\/2026\/03\/IMG-20260314-WA0012.jpg\",\"width\":1368,\"height\":912},{\"@type\":\"BreadcrumbList\",\"@id\":\"https:\/\/eticacomunica.com.mx\/?p=31844#breadcrumb\",\"itemListElement\":[{\"@type\":\"ListItem\",\"position\":1,\"name\":\"Inicio\",\"item\":\"https:\/\/eticacomunica.com.mx\/\"},{\"@type\":\"ListItem\",\"position\":2,\"name\":\"Encabeza Estrella Palacios inauguraci\u00f3n del Torneo Regional Magisterial de Voleibol del SNTE 53\"}]},{\"@type\":\"WebSite\",\"@id\":\"https:\/\/eticacomunica.com.mx\/#website\",\"url\":\"https:\/\/eticacomunica.com.mx\/\",\"name\":\"\u00c9tica Comunica\",\"description\":\"Diario Digital\",\"publisher\":{\"@id\":\"https:\/\/eticacomunica.com.mx\/#organization\"},\"potentialAction\":[{\"@type\":\"SearchAction\",\"target\":{\"@type\":\"EntryPoint\",\"urlTemplate\":\"https:\/\/eticacomunica.com.mx\/?s={search_term_string}\"},\"query-input\":{\"@type\":\"PropertyValueSpecification\",\"valueRequired\":true,\"valueName\":\"search_term_string\"}}],\"inLanguage\":\"es\"},{\"@type\":\"Organization\",\"@id\":\"https:\/\/eticacomunica.com.mx\/#organization\",\"name\":\"Diarios Digitales de Sinaloa\",\"url\":\"https:\/\/eticacomunica.com.mx\/\",\"logo\":{\"@type\":\"ImageObject\",\"inLanguage\":\"es\",\"@id\":\"https:\/\/eticacomunica.com.mx\/#\/schema\/logo\/image\/\",\"url\":\"https:\/\/eticacomunica.com.mx\/wp-content\/uploads\/2023\/10\/etica-logo.png\",\"contentUrl\":\"https:\/\/eticacomunica.com.mx\/wp-content\/uploads\/2023\/10\/etica-logo.png\",\"width\":1280,\"height\":432,\"caption\":\"Diarios Digitales de Sinaloa\"},\"image\":{\"@id\":\"https:\/\/eticacomunica.com.mx\/#\/schema\/logo\/image\/\"},\"sameAs\":[\"https:\/\/www.facebook.com\/eticacomunica\"]},{\"@type\":\"Person\",\"@id\":\"https:\/\/eticacomunica.com.mx\/#\/schema\/person\/2cacc47bd17fe8ad92f08c0313d22fa6\",\"name\":\"etica\",\"image\":{\"@type\":\"ImageObject\",\"inLanguage\":\"es\",\"@id\":\"https:\/\/secure.gravatar.com\/avatar\/dfb45d32bc7097f8f06d6e4f6e6b387e7cb8fd5b3a2869265c40587ab62cab1e?s=96&d=mm&r=g\",\"url\":\"https:\/\/secure.gravatar.com\/avatar\/dfb45d32bc7097f8f06d6e4f6e6b387e7cb8fd5b3a2869265c40587ab62cab1e?s=96&d=mm&r=g\",\"contentUrl\":\"https:\/\/secure.gravatar.com\/avatar\/dfb45d32bc7097f8f06d6e4f6e6b387e7cb8fd5b3a2869265c40587ab62cab1e?s=96&d=mm&r=g\",\"caption\":\"etica\"},\"sameAs\":[\"https:\/\/eticacomunica.com.mx\"],\"url\":\"https:\/\/eticacomunica.com.mx\/?author=1\"}]}<\/script>\n<!-- \/ Yoast SEO plugin. -->","yoast_head_json":{"title":"Encabeza Estrella Palacios inauguraci\u00f3n del Torneo Regional Magisterial de Voleibol del SNTE 53 - \u00c9tica Comunica","robots":{"index":"index","follow":"follow","max-snippet":"max-snippet:-1","max-image-preview":"max-image-preview:large","max-video-preview":"max-video-preview:-1"},"canonical":"https:\/\/eticacomunica.com.mx\/?p=31844","og_locale":"es_MX","og_type":"article","og_title":"Encabeza Estrella Palacios inauguraci\u00f3n del Torneo Regional Magisterial de Voleibol del SNTE 53 - \u00c9tica Comunica","og_description":"Participan alrededor de 3 mil jugadores de municipios del sur y centro de Sinaloa en la edici\u00f3n n\u00famero 26 del torneo. Mazatl\u00e1n, Sinaloa, 14 de marzo de 2026.\u2013 La Presidenta&hellip;","og_url":"https:\/\/eticacomunica.com.mx\/?p=31844","og_site_name":"\u00c9tica Comunica","article_publisher":"https:\/\/www.facebook.com\/eticacomunica","article_published_time":"2026-03-14T18:11:00+00:00","author":"etica","twitter_card":"summary_large_image","twitter_misc":{"Escrito por":"etica","Tiempo de lectura":"2 minutos"},"schema":{"@context":"https:\/\/schema.org","@graph":[{"@type":"Article","@id":"https:\/\/eticacomunica.com.mx\/?p=31844#article","isPartOf":{"@id":"https:\/\/eticacomunica.com.mx\/?p=31844"},"author":{"name":"etica","@id":"https:\/\/eticacomunica.com.mx\/#\/schema\/person\/2cacc47bd17fe8ad92f08c0313d22fa6"},"headline":"Encabeza Estrella Palacios inauguraci\u00f3n del Torneo Regional Magisterial de Voleibol del SNTE 53","datePublished":"2026-03-14T18:11:00+00:00","mainEntityOfPage":{"@id":"https:\/\/eticacomunica.com.mx\/?p=31844"},"wordCount":349,"commentCount":0,"publisher":{"@id":"https:\/\/eticacomunica.com.mx\/#organization"},"image":{"@id":"https:\/\/eticacomunica.com.mx\/?p=31844#primaryimage"},"thumbnailUrl":"https:\/\/eticacomunica.com.mx\/wp-content\/uploads\/2026\/03\/IMG-20260314-WA0012.jpg","keywords":["Estrella Palacios"],"articleSection":["Portada"],"inLanguage":"es","potentialAction":[{"@type":"CommentAction","name":"Comment","target":["https:\/\/eticacomunica.com.mx\/?p=31844#respond"]}]},{"@type":"WebPage","@id":"https:\/\/eticacomunica.com.mx\/?p=31844","url":"https:\/\/eticacomunica.com.mx\/?p=31844","name":"Encabeza Estrella Palacios inauguraci\u00f3n del Torneo Regional Magisterial de Voleibol del SNTE 53 - \u00c9tica Comunica","isPartOf":{"@id":"https:\/\/eticacomunica.com.mx\/#website"},"primaryImageOfPage":{"@id":"https:\/\/eticacomunica.com.mx\/?p=31844#primaryimage"},"image":{"@id":"https:\/\/eticacomunica.com.mx\/?p=31844#primaryimage"},"thumbnailUrl":"https:\/\/eticacomunica.com.mx\/wp-content\/uploads\/2026\/03\/IMG-20260314-WA0012.jpg","datePublished":"2026-03-14T18:11:00+00:00","breadcrumb":{"@id":"https:\/\/eticacomunica.com.mx\/?p=31844#breadcrumb"},"inLanguage":"es","potentialAction":[{"@type":"ReadAction","target":["https:\/\/eticacomunica.com.mx\/?p=31844"]}]},{"@type":"ImageObject","inLanguage":"es","@id":"https:\/\/eticacomunica.com.mx\/?p=31844#primaryimage","url":"https:\/\/eticacomunica.com.mx\/wp-content\/uploads\/2026\/03\/IMG-20260314-WA0012.jpg","contentUrl":"https:\/\/eticacomunica.com.mx\/wp-content\/uploads\/2026\/03\/IMG-20260314-WA0012.jpg","width":1368,"height":912},{"@type":"BreadcrumbList","@id":"https:\/\/eticacomunica.com.mx\/?p=31844#breadcrumb","itemListElement":[{"@type":"ListItem","position":1,"name":"Inicio","item":"https:\/\/eticacomunica.com.mx\/"},{"@type":"ListItem","position":2,"name":"Encabeza Estrella Palacios inauguraci\u00f3n del Torneo Regional Magisterial de Voleibol del SNTE 53"}]},{"@type":"WebSite","@id":"https:\/\/eticacomunica.com.mx\/#website","url":"https:\/\/eticacomunica.com.mx\/","name":"\u00c9tica Comunica","description":"Diario Digital","publisher":{"@id":"https:\/\/eticacomunica.com.mx\/#organization"},"potentialAction":[{"@type":"SearchAction","target":{"@type":"EntryPoint","urlTemplate":"https:\/\/eticacomunica.com.mx\/?s={search_term_string}"},"query-input":{"@type":"PropertyValueSpecification","valueRequired":true,"valueName":"search_term_string"}}],"inLanguage":"es"},{"@type":"Organization","@id":"https:\/\/eticacomunica.com.mx\/#organization","name":"Diarios Digitales de Sinaloa","url":"https:\/\/eticacomunica.com.mx\/","logo":{"@type":"ImageObject","inLanguage":"es","@id":"https:\/\/eticacomunica.com.mx\/#\/schema\/logo\/image\/","url":"https:\/\/eticacomunica.com.mx\/wp-content\/uploads\/2023\/10\/etica-logo.png","contentUrl":"https:\/\/eticacomunica.com.mx\/wp-content\/uploads\/2023\/10\/etica-logo.png","width":1280,"height":432,"caption":"Diarios Digitales de Sinaloa"},"image":{"@id":"https:\/\/eticacomunica.com.mx\/#\/schema\/logo\/image\/"},"sameAs":["https:\/\/www.facebook.com\/eticacomunica"]},{"@type":"Person","@id":"https:\/\/eticacomunica.com.mx\/#\/schema\/person\/2cacc47bd17fe8ad92f08c0313d22fa6","name":"etica","image":{"@type":"ImageObject","inLanguage":"es","@id":"https:\/\/secure.gravatar.com\/avatar\/dfb45d32bc7097f8f06d6e4f6e6b387e7cb8fd5b3a2869265c40587ab62cab1e?s=96&d=mm&r=g","url":"https:\/\/secure.gravatar.com\/avatar\/dfb45d32bc7097f8f06d6e4f6e6b387e7cb8fd5b3a2869265c40587ab62cab1e?s=96&d=mm&r=g","contentUrl":"https:\/\/secure.gravatar.com\/avatar\/dfb45d32bc7097f8f06d6e4f6e6b387e7cb8fd5b3a2869265c40587ab62cab1e?s=96&d=mm&r=g","caption":"etica"},"sameAs":["https:\/\/eticacomunica.com.mx"],"url":"https:\/\/eticacomunica.com.mx\/?author=1"}]}},"jetpack_publicize_connections":[],"jetpack_featured_media_url":"https:\/\/eticacomunica.com.mx\/wp-content\/uploads\/2026\/03\/IMG-20260314-WA0012.jpg","jetpack_sharing_enabled":true,"_links":{"self":[{"href":"https:\/\/eticacomunica.com.mx\/index.php?rest_route=\/wp\/v2\/posts\/31844","targetHints":{"allow":["GET"]}}],"collection":[{"href":"https:\/\/eticacomunica.com.mx\/index.php?rest_route=\/wp\/v2\/posts"}],"about":[{"href":"https:\/\/eticacomunica.com.mx\/index.php?rest_route=\/wp\/v2\/types\/post"}],"author":[{"embeddable":true,"href":"https:\/\/eticacomunica.com.mx\/index.php?rest_route=\/wp\/v2\/users\/1"}],"replies":[{"embeddable":true,"href":"https:\/\/eticacomunica.com.mx\/index.php?rest_route=%2Fwp%2Fv2%2Fcomments&post=31844"}],"version-history":[{"count":0,"href":"https:\/\/eticacomunica.com.mx\/index.php?rest_route=\/wp\/v2\/posts\/31844\/revisions"}],"wp:featuredmedia":[{"embeddable":true,"href":"https:\/\/eticacomunica.com.mx\/index.php?rest_route=\/wp\/v2\/media\/31843"}],"wp:attachment":[{"href":"https:\/\/eticacomunica.com.mx\/index.php?rest_route=%2Fwp%2Fv2%2Fmedia&parent=31844"}],"wp:term":[{"taxonomy":"category","embeddable":true,"href":"https:\/\/eticacomunica.com.mx\/index.php?rest_route=%2Fwp%2Fv2%2Fcategories&post=31844"},{"taxonomy":"post_tag","embeddable":true,"href":"https:\/\/eticacomunica.com.mx\/index.php?rest_route=%2Fwp%2Fv2%2Ftags&post=31844"}],"curies":[{"name":"wp","href":"https:\/\/api.w.org\/{rel}","templated":true}]}}