{"id":31854,"date":"2026-03-15T17:53:14","date_gmt":"2026-03-16T00:53:14","guid":{"rendered":"https:\/\/eticacomunica.com.mx\/?p=31854"},"modified":"2026-03-15T17:53:14","modified_gmt":"2026-03-16T00:53:14","slug":"fortalece-sectur-proyeccion-de-mazatlan-a-nivel-nacional","status":"publish","type":"post","link":"https:\/\/eticacomunica.com.mx\/?p=31854","title":{"rendered":"Fortalece Sectur proyecci\u00f3n de Mazatl\u00e1n a nivel nacional"},"content":{"rendered":"\n<p><br>A trav\u00e9s de un FAM Trip, periodistas de Torre\u00f3n y Saltillo conocen y disfrutan la diversidad de experiencias que ofrece el puerto a los visitantes.<br><br>Mazatl\u00e1n, Sinaloa, 15 de marzo de 2026.- La Secretar\u00eda de Turismo de Sinaloa llev\u00f3 a cabo este fin de semana un FAM Trip con medios de comunicaci\u00f3n de Torre\u00f3n y Saltillo con el objetivo de fortalecer la promoci\u00f3n del destino y mostrar la diversidad de experiencias que el puerto ofrece.<br><br>Al darles la bienvenida, Mireya Sosa Osuna, secretaria de Turismo en la entidad, asegur\u00f3 que con esta actividad Mazatl\u00e1n se sigue proyectando a nivel nacional como un destino que enamora a visitantes de M\u00e9xico y del mundo.<br><br>\u201cMazatl\u00e1n es el \u00fanico destino de sol y playa con Centro Hist\u00f3rico en el pa\u00eds, es algo que nos distingue much\u00edsimo contra otros destinos que tambi\u00e9n tiene playas incre\u00edbles y cada uno tiene lo suyo, pero el Centro Hist\u00f3rico es lo que hace \u00fanico al puerto, adem\u00e1s tenemos el Malec\u00f3n, que es uno de los m\u00e1s largos de Latinoam\u00e9rica, la Farolesa, que es la m\u00e1s alta sobre el nivel del mar en M\u00e9xico, paseos en lancha a la isla del medio o Isla de la Piedra, los mejores mariscos y la hospitalidad que distingue a este puerto, cada vez Mazat\u00e1n est\u00e1 ofreciendo una mayor diversificaci\u00f3n de productos tur\u00edsticos,\u201d afirm\u00f3.<br><br>Los participantes en el FAM Trip son periodistas de medios como El Siglo de Torre\u00f3n, El Sol de la Laguna, Radio F\u00f3rmula, Pregonero, Regi\u00f3n Lagunera 103.5, Bien TV, Pregonero Lagunero, Estadio Radio 99.5 FM, Canal 8 Cable Laguna, Radio Torren, Yo deportivo, Alterno, Imagen Radio, Rodr\u00edguez Funky Time, El P\u00e1jaro Madrugador y Megacable.<br><br>Durante su estancia en el puerto, conocieron algunos de los principales atractivos de la ciudad, como el Gran Acuario, el Observatorio, el Museo de la Ballena, el Teatro \u00c1ngela Peralta, el Faro, sus playas, adem\u00e1s de que degustaron la exquisita gastronom\u00eda que se tiene.<br><br>Tambi\u00e9n realizaron recorridos por el Malec\u00f3n, el Centro Hist\u00f3rico, paseos por la bah\u00eda y vivieron al m\u00e1ximo la adrenalina al lanzarse en la Farolesa.<br><br>Las publicaciones, notas informativas y reportajes que realizaron, difundiendo las tradiciones, atractivos y los personajes que han marcado la historia del puerto, impulsan de una forma importante a Mazatl\u00e1n, d\u00e1ndole proyecci\u00f3n y consolid\u00e1ndolo como uno de los mejores destinos tur\u00edsticos del pa\u00eds.<br><br>\u201cMazatl\u00e1n es un destino que lo tiene todo: pesca deportiva de clase mundial, extraordinarios campos de golf frente al mar y una gastronom\u00eda reconocida en todo M\u00e9xico. Adem\u00e1s, contamos con una s\u00f3lida infraestructura tur\u00edstica con m\u00e1s de 14 mil habitaciones de hotel, para todos los gustos y presupuestos: desde hoteles plan europeo, resorts todo incluido y hoteles boutique, lo que permite que cada visitante encuentre la experiencia ideal para disfrutar Mazatl\u00e1n, en donde se viven un mar de historias\u201d, destac\u00f3. <br><br>El a\u00f1o pasado, Sinaloa recibi\u00f3 5.5 millones de turistas, lo que se tradujo en una derrama econ\u00f3mica superior a los 33 mil millones de pesos, beneficiando directamente a las comunidades y fortaleciendo la econom\u00eda local.<br><br>Mazatl\u00e1n fue uno de los motores de este desempe\u00f1o, con m\u00e1s de 4.3 millones de visitantes, consolid\u00e1ndose como un destino clave en el crecimiento tur\u00edstico de la entidad.<br><br>&#8220;Por instrucci\u00f3n de nuestro gobernador, el Dr. Rub\u00e9n Rocha Moya, estamos trabajando para fortalecer la promoci\u00f3n tur\u00edstica de todo Sinaloa, posicionando destinos como Mazatl\u00e1n, nuestros Pueblos M\u00e1gicos y las distintas regiones del estado para que m\u00e1s visitantes descubran todo lo que tenemos para ofrecer&#8221;, puntualiz\u00f3.<\/p>\n","protected":false},"excerpt":{"rendered":"<p>A trav\u00e9s de un FAM Trip, periodistas de Torre\u00f3n y Saltillo conocen y disfrutan la diversidad de experiencias que ofrece el puerto a los visitantes. Mazatl\u00e1n, Sinaloa, 15 de marzo&hellip;<\/p>\n","protected":false},"author":1,"featured_media":31853,"comment_status":"open","ping_status":"open","sticky":false,"template":"","format":"standard","meta":{"_jetpack_memberships_contains_paid_content":false,"footnotes":"","jetpack_publicize_message":"","jetpack_publicize_feature_enabled":true,"jetpack_social_post_already_shared":true,"jetpack_social_options":{"image_generator_settings":{"template":"highway","default_image_id":0,"font":"","enabled":false},"version":2}},"categories":[52,18],"tags":[34],"class_list":["post-31854","post","type-post","status-publish","format-standard","has-post-thumbnail","hentry","category-subportada","category-turismo","tag-gobierno-del-estado-de-sinaloa"],"yoast_head":"<!-- This site is optimized with the Yoast SEO plugin v27.2 - https:\/\/yoast.com\/product\/yoast-seo-wordpress\/ -->\n<title>Fortalece Sectur proyecci\u00f3n de Mazatl\u00e1n a nivel nacional - \u00c9tica Comunica<\/title>\n<meta name=\"robots\" content=\"index, follow, max-snippet:-1, max-image-preview:large, max-video-preview:-1\" \/>\n<link rel=\"canonical\" href=\"https:\/\/eticacomunica.com.mx\/?p=31854\" \/>\n<meta property=\"og:locale\" content=\"es_MX\" \/>\n<meta property=\"og:type\" content=\"article\" \/>\n<meta property=\"og:title\" content=\"Fortalece Sectur proyecci\u00f3n de Mazatl\u00e1n a nivel nacional - \u00c9tica Comunica\" \/>\n<meta property=\"og:description\" content=\"A trav\u00e9s de un FAM Trip, periodistas de Torre\u00f3n y Saltillo conocen y disfrutan la diversidad de experiencias que ofrece el puerto a los visitantes. Mazatl\u00e1n, Sinaloa, 15 de marzo&hellip;\" \/>\n<meta property=\"og:url\" content=\"https:\/\/eticacomunica.com.mx\/?p=31854\" \/>\n<meta property=\"og:site_name\" content=\"\u00c9tica Comunica\" \/>\n<meta property=\"article:publisher\" content=\"https:\/\/www.facebook.com\/eticacomunica\" \/>\n<meta property=\"article:published_time\" content=\"2026-03-16T00:53:14+00:00\" \/>\n<meta name=\"author\" content=\"etica\" \/>\n<meta name=\"twitter:card\" content=\"summary_large_image\" \/>\n<meta name=\"twitter:label1\" content=\"Escrito por\" \/>\n\t<meta name=\"twitter:data1\" content=\"etica\" \/>\n\t<meta name=\"twitter:label2\" content=\"Tiempo de lectura\" \/>\n\t<meta name=\"twitter:data2\" content=\"3 minutos\" \/>\n<script type=\"application\/ld+json\" class=\"yoast-schema-graph\">{\"@context\":\"https:\/\/schema.org\",\"@graph\":[{\"@type\":\"Article\",\"@id\":\"https:\/\/eticacomunica.com.mx\/?p=31854#article\",\"isPartOf\":{\"@id\":\"https:\/\/eticacomunica.com.mx\/?p=31854\"},\"author\":{\"name\":\"etica\",\"@id\":\"https:\/\/eticacomunica.com.mx\/#\/schema\/person\/2cacc47bd17fe8ad92f08c0313d22fa6\"},\"headline\":\"Fortalece Sectur proyecci\u00f3n de Mazatl\u00e1n a nivel nacional\",\"datePublished\":\"2026-03-16T00:53:14+00:00\",\"mainEntityOfPage\":{\"@id\":\"https:\/\/eticacomunica.com.mx\/?p=31854\"},\"wordCount\":640,\"commentCount\":0,\"publisher\":{\"@id\":\"https:\/\/eticacomunica.com.mx\/#organization\"},\"image\":{\"@id\":\"https:\/\/eticacomunica.com.mx\/?p=31854#primaryimage\"},\"thumbnailUrl\":\"https:\/\/eticacomunica.com.mx\/wp-content\/uploads\/2026\/03\/IMG-20260315-WA0008.jpg\",\"keywords\":[\"Gobierno del Estado de Sinaloa\"],\"articleSection\":[\"Subportada\",\"Turismo\"],\"inLanguage\":\"es\",\"potentialAction\":[{\"@type\":\"CommentAction\",\"name\":\"Comment\",\"target\":[\"https:\/\/eticacomunica.com.mx\/?p=31854#respond\"]}]},{\"@type\":\"WebPage\",\"@id\":\"https:\/\/eticacomunica.com.mx\/?p=31854\",\"url\":\"https:\/\/eticacomunica.com.mx\/?p=31854\",\"name\":\"Fortalece Sectur proyecci\u00f3n de Mazatl\u00e1n a nivel nacional - \u00c9tica Comunica\",\"isPartOf\":{\"@id\":\"https:\/\/eticacomunica.com.mx\/#website\"},\"primaryImageOfPage\":{\"@id\":\"https:\/\/eticacomunica.com.mx\/?p=31854#primaryimage\"},\"image\":{\"@id\":\"https:\/\/eticacomunica.com.mx\/?p=31854#primaryimage\"},\"thumbnailUrl\":\"https:\/\/eticacomunica.com.mx\/wp-content\/uploads\/2026\/03\/IMG-20260315-WA0008.jpg\",\"datePublished\":\"2026-03-16T00:53:14+00:00\",\"breadcrumb\":{\"@id\":\"https:\/\/eticacomunica.com.mx\/?p=31854#breadcrumb\"},\"inLanguage\":\"es\",\"potentialAction\":[{\"@type\":\"ReadAction\",\"target\":[\"https:\/\/eticacomunica.com.mx\/?p=31854\"]}]},{\"@type\":\"ImageObject\",\"inLanguage\":\"es\",\"@id\":\"https:\/\/eticacomunica.com.mx\/?p=31854#primaryimage\",\"url\":\"https:\/\/eticacomunica.com.mx\/wp-content\/uploads\/2026\/03\/IMG-20260315-WA0008.jpg\",\"contentUrl\":\"https:\/\/eticacomunica.com.mx\/wp-content\/uploads\/2026\/03\/IMG-20260315-WA0008.jpg\",\"width\":1600,\"height\":894},{\"@type\":\"BreadcrumbList\",\"@id\":\"https:\/\/eticacomunica.com.mx\/?p=31854#breadcrumb\",\"itemListElement\":[{\"@type\":\"ListItem\",\"position\":1,\"name\":\"Inicio\",\"item\":\"https:\/\/eticacomunica.com.mx\/\"},{\"@type\":\"ListItem\",\"position\":2,\"name\":\"Fortalece Sectur proyecci\u00f3n de Mazatl\u00e1n a nivel nacional\"}]},{\"@type\":\"WebSite\",\"@id\":\"https:\/\/eticacomunica.com.mx\/#website\",\"url\":\"https:\/\/eticacomunica.com.mx\/\",\"name\":\"\u00c9tica Comunica\",\"description\":\"Diario Digital\",\"publisher\":{\"@id\":\"https:\/\/eticacomunica.com.mx\/#organization\"},\"potentialAction\":[{\"@type\":\"SearchAction\",\"target\":{\"@type\":\"EntryPoint\",\"urlTemplate\":\"https:\/\/eticacomunica.com.mx\/?s={search_term_string}\"},\"query-input\":{\"@type\":\"PropertyValueSpecification\",\"valueRequired\":true,\"valueName\":\"search_term_string\"}}],\"inLanguage\":\"es\"},{\"@type\":\"Organization\",\"@id\":\"https:\/\/eticacomunica.com.mx\/#organization\",\"name\":\"Diarios Digitales de Sinaloa\",\"url\":\"https:\/\/eticacomunica.com.mx\/\",\"logo\":{\"@type\":\"ImageObject\",\"inLanguage\":\"es\",\"@id\":\"https:\/\/eticacomunica.com.mx\/#\/schema\/logo\/image\/\",\"url\":\"https:\/\/eticacomunica.com.mx\/wp-content\/uploads\/2023\/10\/etica-logo.png\",\"contentUrl\":\"https:\/\/eticacomunica.com.mx\/wp-content\/uploads\/2023\/10\/etica-logo.png\",\"width\":1280,\"height\":432,\"caption\":\"Diarios Digitales de Sinaloa\"},\"image\":{\"@id\":\"https:\/\/eticacomunica.com.mx\/#\/schema\/logo\/image\/\"},\"sameAs\":[\"https:\/\/www.facebook.com\/eticacomunica\"]},{\"@type\":\"Person\",\"@id\":\"https:\/\/eticacomunica.com.mx\/#\/schema\/person\/2cacc47bd17fe8ad92f08c0313d22fa6\",\"name\":\"etica\",\"image\":{\"@type\":\"ImageObject\",\"inLanguage\":\"es\",\"@id\":\"https:\/\/secure.gravatar.com\/avatar\/dfb45d32bc7097f8f06d6e4f6e6b387e7cb8fd5b3a2869265c40587ab62cab1e?s=96&d=mm&r=g\",\"url\":\"https:\/\/secure.gravatar.com\/avatar\/dfb45d32bc7097f8f06d6e4f6e6b387e7cb8fd5b3a2869265c40587ab62cab1e?s=96&d=mm&r=g\",\"contentUrl\":\"https:\/\/secure.gravatar.com\/avatar\/dfb45d32bc7097f8f06d6e4f6e6b387e7cb8fd5b3a2869265c40587ab62cab1e?s=96&d=mm&r=g\",\"caption\":\"etica\"},\"sameAs\":[\"https:\/\/eticacomunica.com.mx\"],\"url\":\"https:\/\/eticacomunica.com.mx\/?author=1\"}]}<\/script>\n<!-- \/ Yoast SEO plugin. -->","yoast_head_json":{"title":"Fortalece Sectur proyecci\u00f3n de Mazatl\u00e1n a nivel nacional - \u00c9tica Comunica","robots":{"index":"index","follow":"follow","max-snippet":"max-snippet:-1","max-image-preview":"max-image-preview:large","max-video-preview":"max-video-preview:-1"},"canonical":"https:\/\/eticacomunica.com.mx\/?p=31854","og_locale":"es_MX","og_type":"article","og_title":"Fortalece Sectur proyecci\u00f3n de Mazatl\u00e1n a nivel nacional - \u00c9tica Comunica","og_description":"A trav\u00e9s de un FAM Trip, periodistas de Torre\u00f3n y Saltillo conocen y disfrutan la diversidad de experiencias que ofrece el puerto a los visitantes. Mazatl\u00e1n, Sinaloa, 15 de marzo&hellip;","og_url":"https:\/\/eticacomunica.com.mx\/?p=31854","og_site_name":"\u00c9tica Comunica","article_publisher":"https:\/\/www.facebook.com\/eticacomunica","article_published_time":"2026-03-16T00:53:14+00:00","author":"etica","twitter_card":"summary_large_image","twitter_misc":{"Escrito por":"etica","Tiempo de lectura":"3 minutos"},"schema":{"@context":"https:\/\/schema.org","@graph":[{"@type":"Article","@id":"https:\/\/eticacomunica.com.mx\/?p=31854#article","isPartOf":{"@id":"https:\/\/eticacomunica.com.mx\/?p=31854"},"author":{"name":"etica","@id":"https:\/\/eticacomunica.com.mx\/#\/schema\/person\/2cacc47bd17fe8ad92f08c0313d22fa6"},"headline":"Fortalece Sectur proyecci\u00f3n de Mazatl\u00e1n a nivel nacional","datePublished":"2026-03-16T00:53:14+00:00","mainEntityOfPage":{"@id":"https:\/\/eticacomunica.com.mx\/?p=31854"},"wordCount":640,"commentCount":0,"publisher":{"@id":"https:\/\/eticacomunica.com.mx\/#organization"},"image":{"@id":"https:\/\/eticacomunica.com.mx\/?p=31854#primaryimage"},"thumbnailUrl":"https:\/\/eticacomunica.com.mx\/wp-content\/uploads\/2026\/03\/IMG-20260315-WA0008.jpg","keywords":["Gobierno del Estado de Sinaloa"],"articleSection":["Subportada","Turismo"],"inLanguage":"es","potentialAction":[{"@type":"CommentAction","name":"Comment","target":["https:\/\/eticacomunica.com.mx\/?p=31854#respond"]}]},{"@type":"WebPage","@id":"https:\/\/eticacomunica.com.mx\/?p=31854","url":"https:\/\/eticacomunica.com.mx\/?p=31854","name":"Fortalece Sectur proyecci\u00f3n de Mazatl\u00e1n a nivel nacional - \u00c9tica Comunica","isPartOf":{"@id":"https:\/\/eticacomunica.com.mx\/#website"},"primaryImageOfPage":{"@id":"https:\/\/eticacomunica.com.mx\/?p=31854#primaryimage"},"image":{"@id":"https:\/\/eticacomunica.com.mx\/?p=31854#primaryimage"},"thumbnailUrl":"https:\/\/eticacomunica.com.mx\/wp-content\/uploads\/2026\/03\/IMG-20260315-WA0008.jpg","datePublished":"2026-03-16T00:53:14+00:00","breadcrumb":{"@id":"https:\/\/eticacomunica.com.mx\/?p=31854#breadcrumb"},"inLanguage":"es","potentialAction":[{"@type":"ReadAction","target":["https:\/\/eticacomunica.com.mx\/?p=31854"]}]},{"@type":"ImageObject","inLanguage":"es","@id":"https:\/\/eticacomunica.com.mx\/?p=31854#primaryimage","url":"https:\/\/eticacomunica.com.mx\/wp-content\/uploads\/2026\/03\/IMG-20260315-WA0008.jpg","contentUrl":"https:\/\/eticacomunica.com.mx\/wp-content\/uploads\/2026\/03\/IMG-20260315-WA0008.jpg","width":1600,"height":894},{"@type":"BreadcrumbList","@id":"https:\/\/eticacomunica.com.mx\/?p=31854#breadcrumb","itemListElement":[{"@type":"ListItem","position":1,"name":"Inicio","item":"https:\/\/eticacomunica.com.mx\/"},{"@type":"ListItem","position":2,"name":"Fortalece Sectur proyecci\u00f3n de Mazatl\u00e1n a nivel nacional"}]},{"@type":"WebSite","@id":"https:\/\/eticacomunica.com.mx\/#website","url":"https:\/\/eticacomunica.com.mx\/","name":"\u00c9tica Comunica","description":"Diario Digital","publisher":{"@id":"https:\/\/eticacomunica.com.mx\/#organization"},"potentialAction":[{"@type":"SearchAction","target":{"@type":"EntryPoint","urlTemplate":"https:\/\/eticacomunica.com.mx\/?s={search_term_string}"},"query-input":{"@type":"PropertyValueSpecification","valueRequired":true,"valueName":"search_term_string"}}],"inLanguage":"es"},{"@type":"Organization","@id":"https:\/\/eticacomunica.com.mx\/#organization","name":"Diarios Digitales de Sinaloa","url":"https:\/\/eticacomunica.com.mx\/","logo":{"@type":"ImageObject","inLanguage":"es","@id":"https:\/\/eticacomunica.com.mx\/#\/schema\/logo\/image\/","url":"https:\/\/eticacomunica.com.mx\/wp-content\/uploads\/2023\/10\/etica-logo.png","contentUrl":"https:\/\/eticacomunica.com.mx\/wp-content\/uploads\/2023\/10\/etica-logo.png","width":1280,"height":432,"caption":"Diarios Digitales de Sinaloa"},"image":{"@id":"https:\/\/eticacomunica.com.mx\/#\/schema\/logo\/image\/"},"sameAs":["https:\/\/www.facebook.com\/eticacomunica"]},{"@type":"Person","@id":"https:\/\/eticacomunica.com.mx\/#\/schema\/person\/2cacc47bd17fe8ad92f08c0313d22fa6","name":"etica","image":{"@type":"ImageObject","inLanguage":"es","@id":"https:\/\/secure.gravatar.com\/avatar\/dfb45d32bc7097f8f06d6e4f6e6b387e7cb8fd5b3a2869265c40587ab62cab1e?s=96&d=mm&r=g","url":"https:\/\/secure.gravatar.com\/avatar\/dfb45d32bc7097f8f06d6e4f6e6b387e7cb8fd5b3a2869265c40587ab62cab1e?s=96&d=mm&r=g","contentUrl":"https:\/\/secure.gravatar.com\/avatar\/dfb45d32bc7097f8f06d6e4f6e6b387e7cb8fd5b3a2869265c40587ab62cab1e?s=96&d=mm&r=g","caption":"etica"},"sameAs":["https:\/\/eticacomunica.com.mx"],"url":"https:\/\/eticacomunica.com.mx\/?author=1"}]}},"jetpack_publicize_connections":[],"jetpack_featured_media_url":"https:\/\/eticacomunica.com.mx\/wp-content\/uploads\/2026\/03\/IMG-20260315-WA0008.jpg","jetpack_sharing_enabled":true,"_links":{"self":[{"href":"https:\/\/eticacomunica.com.mx\/index.php?rest_route=\/wp\/v2\/posts\/31854","targetHints":{"allow":["GET"]}}],"collection":[{"href":"https:\/\/eticacomunica.com.mx\/index.php?rest_route=\/wp\/v2\/posts"}],"about":[{"href":"https:\/\/eticacomunica.com.mx\/index.php?rest_route=\/wp\/v2\/types\/post"}],"author":[{"embeddable":true,"href":"https:\/\/eticacomunica.com.mx\/index.php?rest_route=\/wp\/v2\/users\/1"}],"replies":[{"embeddable":true,"href":"https:\/\/eticacomunica.com.mx\/index.php?rest_route=%2Fwp%2Fv2%2Fcomments&post=31854"}],"version-history":[{"count":0,"href":"https:\/\/eticacomunica.com.mx\/index.php?rest_route=\/wp\/v2\/posts\/31854\/revisions"}],"wp:featuredmedia":[{"embeddable":true,"href":"https:\/\/eticacomunica.com.mx\/index.php?rest_route=\/wp\/v2\/media\/31853"}],"wp:attachment":[{"href":"https:\/\/eticacomunica.com.mx\/index.php?rest_route=%2Fwp%2Fv2%2Fmedia&parent=31854"}],"wp:term":[{"taxonomy":"category","embeddable":true,"href":"https:\/\/eticacomunica.com.mx\/index.php?rest_route=%2Fwp%2Fv2%2Fcategories&post=31854"},{"taxonomy":"post_tag","embeddable":true,"href":"https:\/\/eticacomunica.com.mx\/index.php?rest_route=%2Fwp%2Fv2%2Ftags&post=31854"}],"curies":[{"name":"wp","href":"https:\/\/api.w.org\/{rel}","templated":true}]}}