{"id":31856,"date":"2026-03-16T13:59:24","date_gmt":"2026-03-16T20:59:24","guid":{"rendered":"https:\/\/eticacomunica.com.mx\/?p=31856"},"modified":"2026-03-16T13:59:24","modified_gmt":"2026-03-16T20:59:24","slug":"gobernador-rocha-tomo-protesta-al-general-sinuhe-tellez-lopez-como-nuevo-secretario-de-seguridad-publica","status":"publish","type":"post","link":"https:\/\/eticacomunica.com.mx\/?p=31856","title":{"rendered":"Gobernador Rocha tom\u00f3 protesta al general Sinuh\u00e9 T\u00e9llez L\u00f3pez como nuevo secretario de Seguridad P\u00fablica"},"content":{"rendered":"\n<p>El nuevo funcionario estatal viene de desempe\u00f1arse como comandante del 110 Batall\u00f3n de Infanter\u00eda, en San Ignacio, y anteriormente fungi\u00f3 como Jefe de Cuartel de la Novena Zona Militar.<br><br>Culiac\u00e1n, Sinaloa, a 16 de marzo de 2026.- Atendiendo la propuesta que le hizo el secretario de la Defensa Nacional, el general de Divisi\u00f3n, Ricardo Trevilla Trejo, el gobernador Rub\u00e9n Rocha Moya le tom\u00f3 la protesta de ley como nuevo secretario de Seguridad P\u00fablica, al general Brigadier, Sinuh\u00e9 T\u00e9llez L\u00f3pez, un militar en activo de larga trayectoria, y que incluso viene de ser comandante del 110 Batall\u00f3n de Infanter\u00eda, con sede en el municipio de San Ignacio.<br><br>Cabe destacar que el general T\u00e9llez tiene pleno conocimiento de Sinaloa, no s\u00f3lo a ra\u00edz de su anterior cargo como comandante en San Ignacio, sino que en 2005 fue designado como Jefe de Cuartel de la Novena Zona Militar, aqu\u00ed en Culiac\u00e1n, nombramiento que desempe\u00f1\u00f3 hasta el 2008.<br><br>Previo a la toma de protesta del general T\u00e9llez, el gobernador Rocha hizo un reconocimiento al anterior secretario de Seguridad P\u00fablica, el tambi\u00e9n general, Oscar Renter\u00eda Schazarino, quien se reincorpor\u00f3 a sus tareas en la Secretar\u00eda de Defensa Nacional.<br><br>\u201cTrabajamos muy bien con el general Schazarino, nos apoy\u00f3 mucho en la coordinaci\u00f3n entre todas las fuerzas, y sigue la coordinaci\u00f3n, por lo que en primer t\u00e9rmino quiero expresar mi reconocimiento al general Schazarino; y el general Trevilla me hizo el favor de hacerme una propuesta para nuevo secretario, que es caso del general Sinuh\u00e9 T\u00e9llez L\u00f3pez\u201d, dijo.<br><br>El gobernador Rocha le tom\u00f3 la protesta al nuevo secretario de Seguridad P\u00fablica, en presencia del comandante de la Tercera Regi\u00f3n Militar, general de Divisi\u00f3n, H\u00e9ctor \u00c1vila Alcolcer, quien a su vez dijo ser un convencido que hoy m\u00e1s que nunca el encargo de la seguridad p\u00fablica es producto de la coordinaci\u00f3n y cooperaci\u00f3n con el estado, que es uno de los ejes de la estrategia de seguridad.<br><br>\u201cY aqu\u00ed en el estado de Sinaloa se toma como ejemplo, y hay muchas formas de comprobarlo, y los hechos son los que dan fe, dan evidencia del avance que se tiene, cada uno de nosotros desde su particular agenda aporta un capital important\u00edsimo para el objetivo que tenemos; seguiremos trabajando hombro con hombro, codo a codo, no s\u00f3lo con los integrantes de las Fuerzas Armadas, sino con todos los integrantes de la Mesa de Seguridad y del gabinete estatal, as\u00ed continuaremos avanzando en el encargo que tenemos en beneficio de todas las y los sinaloenses\u201d, dijo el general.<br><br>En su primer mensaje como secretario de Seguridad P\u00fablica, el general T\u00e9llez le agradeci\u00f3 al gobernador Rub\u00e9n Rocha Moya la confianza depositada en su persona para esta responsabilidad, e hizo un reconocimiento a su antecesor, el general Oscar Renter\u00eda Schazarino y a todo su equipo de trabajo.<br><br>\u201cAgradezco la confianza de usted se\u00f1or gobernador para asignarme a este importante cargo, realizaremos un diagn\u00f3stico de c\u00f3mo se encuentra la Secretar\u00eda de Seguridad P\u00fablica, y veremos las \u00e1reas de oportunidad que debemos de mejorar para seguir fortaleciendo la seguridad de la ciudadan\u00eda, y de todo el estado de Sinaloa\u201d, dijo el nuevo secretario.<br><br>\u201cTengo la confianza que, con la cooperaci\u00f3n de todos, de las instituciones de seguridad, vamos a salir adelante para lograr un estado m\u00e1s seguro y pr\u00f3spero, de la mano con la estrategia de seguridad y paz del gobierno federal\u201d, reiter\u00f3.<br><br>El general Sinuh\u00e9 Tellez L\u00f3pez tiene una trayectoria de 35 a\u00f1os de servicio en las Fuerzas Armadas, posee una Licenciatura en Administraci\u00f3n Militar, una Maestr\u00eda en Direcci\u00f3n Estrat\u00e9gica, y otra Maestr\u00eda en Seguridad Nacional. <br><br>Adem\u00e1s de sus nombramientos en Culiac\u00e1n y San Ignacio, se ha desempe\u00f1ado como comandante de Secci\u00f3n en el 33 Batall\u00f3n de Infanter\u00eda en Torre\u00f3n, Coahuila; comandante de Compa\u00f1\u00eda en el 53 Batall\u00f3n de Infanter\u00eda, en Tlatenango de S\u00e1nchez, Zacatecas; y segundo comandante en el 59 Batall\u00f3n de Infanter\u00eda en San Miguel de los Jag\u00fcelles, Estado de M\u00e9xico.<br><br>Adem\u00e1s, fue jefe de la Mesa de Intersecci\u00f3n Terrestre en la Secci\u00f3n S\u00e9ptima de Operaciones contra el Narcotr\u00e1fico del Estado Mayor conjunto, de la Secretar\u00eda de la Defensa Nacional; jefe de la Secci\u00f3n Tercera de Operaciones del cuartel general de la Quinta Regi\u00f3n Militar, en La Mojonera Jalisco; instructor en la Escuela Superior de Guerra, miembros de la ayudant\u00eda del general Secretario de la Defensa Nacional, comandante de la Polic\u00eda Ministerial Militar, y agregado militar en la Embajada Militar en Alemania.<br><br>La toma de protesta del general T\u00e9llez L\u00f3pez tambi\u00e9n fue atestiguada por el comandante de la Novena Zona Militar, general de Brigada, Santos Gerardo Soto; por el capit\u00e1n de Nav\u00edo, Francisco Baltazar Arag\u00f3n, en representaci\u00f3n de la Cuarta Regi\u00f3n Naval; por el general Julices Juli\u00e1n Tadeo Gonz\u00e1lez Calzada, coordinador de la Guardia Nacional en Sinaloa; por la fiscal general del Estado, Claudia Zulema S\u00e1nchez Kondo; en representaci\u00f3n de la FGR en Sinaloa, V\u00edctor Luis Soto Leyva; la doctora Martina Salazar, coordinadora de la Mesa de Seguridad; y todos los secretarios del gabinete estatal, encabezados por la secretaria general de Gobierno, Yeraldine Bonilla Valverde.<\/p>\n","protected":false},"excerpt":{"rendered":"<p>El nuevo funcionario estatal viene de desempe\u00f1arse como comandante del 110 Batall\u00f3n de Infanter\u00eda, en San Ignacio, y anteriormente fungi\u00f3 como Jefe de Cuartel de la Novena Zona Militar. Culiac\u00e1n,&hellip;<\/p>\n","protected":false},"author":1,"featured_media":31855,"comment_status":"open","ping_status":"open","sticky":false,"template":"","format":"standard","meta":{"_jetpack_memberships_contains_paid_content":false,"footnotes":"","jetpack_publicize_message":"","jetpack_publicize_feature_enabled":true,"jetpack_social_post_already_shared":true,"jetpack_social_options":{"image_generator_settings":{"template":"highway","default_image_id":0,"font":"","enabled":false},"version":2}},"categories":[207,26],"tags":[34],"class_list":["post-31856","post","type-post","status-publish","format-standard","has-post-thumbnail","hentry","category-ges","category-portada","tag-gobierno-del-estado-de-sinaloa"],"yoast_head":"<!-- This site is optimized with the Yoast SEO plugin v27.2 - https:\/\/yoast.com\/product\/yoast-seo-wordpress\/ -->\n<title>Gobernador Rocha tom\u00f3 protesta al general Sinuh\u00e9 T\u00e9llez L\u00f3pez como nuevo secretario de Seguridad P\u00fablica - \u00c9tica Comunica<\/title>\n<meta name=\"robots\" content=\"index, follow, max-snippet:-1, max-image-preview:large, max-video-preview:-1\" \/>\n<link rel=\"canonical\" href=\"https:\/\/eticacomunica.com.mx\/?p=31856\" \/>\n<meta property=\"og:locale\" content=\"es_MX\" \/>\n<meta property=\"og:type\" content=\"article\" \/>\n<meta property=\"og:title\" content=\"Gobernador Rocha tom\u00f3 protesta al general Sinuh\u00e9 T\u00e9llez L\u00f3pez como nuevo secretario de Seguridad P\u00fablica - \u00c9tica Comunica\" \/>\n<meta property=\"og:description\" content=\"El nuevo funcionario estatal viene de desempe\u00f1arse como comandante del 110 Batall\u00f3n de Infanter\u00eda, en San Ignacio, y anteriormente fungi\u00f3 como Jefe de Cuartel de la Novena Zona Militar. Culiac\u00e1n,&hellip;\" \/>\n<meta property=\"og:url\" content=\"https:\/\/eticacomunica.com.mx\/?p=31856\" \/>\n<meta property=\"og:site_name\" content=\"\u00c9tica Comunica\" \/>\n<meta property=\"article:publisher\" content=\"https:\/\/www.facebook.com\/eticacomunica\" \/>\n<meta property=\"article:published_time\" content=\"2026-03-16T20:59:24+00:00\" \/>\n<meta name=\"author\" content=\"etica\" \/>\n<meta name=\"twitter:card\" content=\"summary_large_image\" \/>\n<meta name=\"twitter:label1\" content=\"Escrito por\" \/>\n\t<meta name=\"twitter:data1\" content=\"etica\" \/>\n\t<meta name=\"twitter:label2\" content=\"Tiempo de lectura\" \/>\n\t<meta name=\"twitter:data2\" content=\"5 minutos\" \/>\n<script type=\"application\/ld+json\" class=\"yoast-schema-graph\">{\"@context\":\"https:\/\/schema.org\",\"@graph\":[{\"@type\":\"Article\",\"@id\":\"https:\/\/eticacomunica.com.mx\/?p=31856#article\",\"isPartOf\":{\"@id\":\"https:\/\/eticacomunica.com.mx\/?p=31856\"},\"author\":{\"name\":\"etica\",\"@id\":\"https:\/\/eticacomunica.com.mx\/#\/schema\/person\/2cacc47bd17fe8ad92f08c0313d22fa6\"},\"headline\":\"Gobernador Rocha tom\u00f3 protesta al general Sinuh\u00e9 T\u00e9llez L\u00f3pez como nuevo secretario de Seguridad P\u00fablica\",\"datePublished\":\"2026-03-16T20:59:24+00:00\",\"mainEntityOfPage\":{\"@id\":\"https:\/\/eticacomunica.com.mx\/?p=31856\"},\"wordCount\":936,\"commentCount\":0,\"publisher\":{\"@id\":\"https:\/\/eticacomunica.com.mx\/#organization\"},\"image\":{\"@id\":\"https:\/\/eticacomunica.com.mx\/?p=31856#primaryimage\"},\"thumbnailUrl\":\"https:\/\/eticacomunica.com.mx\/wp-content\/uploads\/2026\/03\/IMG-20260316-WA0004.jpg\",\"keywords\":[\"Gobierno del Estado de Sinaloa\"],\"articleSection\":[\"GES\",\"Portada\"],\"inLanguage\":\"es\",\"potentialAction\":[{\"@type\":\"CommentAction\",\"name\":\"Comment\",\"target\":[\"https:\/\/eticacomunica.com.mx\/?p=31856#respond\"]}]},{\"@type\":\"WebPage\",\"@id\":\"https:\/\/eticacomunica.com.mx\/?p=31856\",\"url\":\"https:\/\/eticacomunica.com.mx\/?p=31856\",\"name\":\"Gobernador Rocha tom\u00f3 protesta al general Sinuh\u00e9 T\u00e9llez L\u00f3pez como nuevo secretario de Seguridad P\u00fablica - \u00c9tica Comunica\",\"isPartOf\":{\"@id\":\"https:\/\/eticacomunica.com.mx\/#website\"},\"primaryImageOfPage\":{\"@id\":\"https:\/\/eticacomunica.com.mx\/?p=31856#primaryimage\"},\"image\":{\"@id\":\"https:\/\/eticacomunica.com.mx\/?p=31856#primaryimage\"},\"thumbnailUrl\":\"https:\/\/eticacomunica.com.mx\/wp-content\/uploads\/2026\/03\/IMG-20260316-WA0004.jpg\",\"datePublished\":\"2026-03-16T20:59:24+00:00\",\"breadcrumb\":{\"@id\":\"https:\/\/eticacomunica.com.mx\/?p=31856#breadcrumb\"},\"inLanguage\":\"es\",\"potentialAction\":[{\"@type\":\"ReadAction\",\"target\":[\"https:\/\/eticacomunica.com.mx\/?p=31856\"]}]},{\"@type\":\"ImageObject\",\"inLanguage\":\"es\",\"@id\":\"https:\/\/eticacomunica.com.mx\/?p=31856#primaryimage\",\"url\":\"https:\/\/eticacomunica.com.mx\/wp-content\/uploads\/2026\/03\/IMG-20260316-WA0004.jpg\",\"contentUrl\":\"https:\/\/eticacomunica.com.mx\/wp-content\/uploads\/2026\/03\/IMG-20260316-WA0004.jpg\",\"width\":1280,\"height\":854},{\"@type\":\"BreadcrumbList\",\"@id\":\"https:\/\/eticacomunica.com.mx\/?p=31856#breadcrumb\",\"itemListElement\":[{\"@type\":\"ListItem\",\"position\":1,\"name\":\"Inicio\",\"item\":\"https:\/\/eticacomunica.com.mx\/\"},{\"@type\":\"ListItem\",\"position\":2,\"name\":\"Gobernador Rocha tom\u00f3 protesta al general Sinuh\u00e9 T\u00e9llez L\u00f3pez como nuevo secretario de Seguridad P\u00fablica\"}]},{\"@type\":\"WebSite\",\"@id\":\"https:\/\/eticacomunica.com.mx\/#website\",\"url\":\"https:\/\/eticacomunica.com.mx\/\",\"name\":\"\u00c9tica Comunica\",\"description\":\"Diario Digital\",\"publisher\":{\"@id\":\"https:\/\/eticacomunica.com.mx\/#organization\"},\"potentialAction\":[{\"@type\":\"SearchAction\",\"target\":{\"@type\":\"EntryPoint\",\"urlTemplate\":\"https:\/\/eticacomunica.com.mx\/?s={search_term_string}\"},\"query-input\":{\"@type\":\"PropertyValueSpecification\",\"valueRequired\":true,\"valueName\":\"search_term_string\"}}],\"inLanguage\":\"es\"},{\"@type\":\"Organization\",\"@id\":\"https:\/\/eticacomunica.com.mx\/#organization\",\"name\":\"Diarios Digitales de Sinaloa\",\"url\":\"https:\/\/eticacomunica.com.mx\/\",\"logo\":{\"@type\":\"ImageObject\",\"inLanguage\":\"es\",\"@id\":\"https:\/\/eticacomunica.com.mx\/#\/schema\/logo\/image\/\",\"url\":\"https:\/\/eticacomunica.com.mx\/wp-content\/uploads\/2023\/10\/etica-logo.png\",\"contentUrl\":\"https:\/\/eticacomunica.com.mx\/wp-content\/uploads\/2023\/10\/etica-logo.png\",\"width\":1280,\"height\":432,\"caption\":\"Diarios Digitales de Sinaloa\"},\"image\":{\"@id\":\"https:\/\/eticacomunica.com.mx\/#\/schema\/logo\/image\/\"},\"sameAs\":[\"https:\/\/www.facebook.com\/eticacomunica\"]},{\"@type\":\"Person\",\"@id\":\"https:\/\/eticacomunica.com.mx\/#\/schema\/person\/2cacc47bd17fe8ad92f08c0313d22fa6\",\"name\":\"etica\",\"image\":{\"@type\":\"ImageObject\",\"inLanguage\":\"es\",\"@id\":\"https:\/\/secure.gravatar.com\/avatar\/dfb45d32bc7097f8f06d6e4f6e6b387e7cb8fd5b3a2869265c40587ab62cab1e?s=96&d=mm&r=g\",\"url\":\"https:\/\/secure.gravatar.com\/avatar\/dfb45d32bc7097f8f06d6e4f6e6b387e7cb8fd5b3a2869265c40587ab62cab1e?s=96&d=mm&r=g\",\"contentUrl\":\"https:\/\/secure.gravatar.com\/avatar\/dfb45d32bc7097f8f06d6e4f6e6b387e7cb8fd5b3a2869265c40587ab62cab1e?s=96&d=mm&r=g\",\"caption\":\"etica\"},\"sameAs\":[\"https:\/\/eticacomunica.com.mx\"],\"url\":\"https:\/\/eticacomunica.com.mx\/?author=1\"}]}<\/script>\n<!-- \/ Yoast SEO plugin. -->","yoast_head_json":{"title":"Gobernador Rocha tom\u00f3 protesta al general Sinuh\u00e9 T\u00e9llez L\u00f3pez como nuevo secretario de Seguridad P\u00fablica - \u00c9tica Comunica","robots":{"index":"index","follow":"follow","max-snippet":"max-snippet:-1","max-image-preview":"max-image-preview:large","max-video-preview":"max-video-preview:-1"},"canonical":"https:\/\/eticacomunica.com.mx\/?p=31856","og_locale":"es_MX","og_type":"article","og_title":"Gobernador Rocha tom\u00f3 protesta al general Sinuh\u00e9 T\u00e9llez L\u00f3pez como nuevo secretario de Seguridad P\u00fablica - \u00c9tica Comunica","og_description":"El nuevo funcionario estatal viene de desempe\u00f1arse como comandante del 110 Batall\u00f3n de Infanter\u00eda, en San Ignacio, y anteriormente fungi\u00f3 como Jefe de Cuartel de la Novena Zona Militar. Culiac\u00e1n,&hellip;","og_url":"https:\/\/eticacomunica.com.mx\/?p=31856","og_site_name":"\u00c9tica Comunica","article_publisher":"https:\/\/www.facebook.com\/eticacomunica","article_published_time":"2026-03-16T20:59:24+00:00","author":"etica","twitter_card":"summary_large_image","twitter_misc":{"Escrito por":"etica","Tiempo de lectura":"5 minutos"},"schema":{"@context":"https:\/\/schema.org","@graph":[{"@type":"Article","@id":"https:\/\/eticacomunica.com.mx\/?p=31856#article","isPartOf":{"@id":"https:\/\/eticacomunica.com.mx\/?p=31856"},"author":{"name":"etica","@id":"https:\/\/eticacomunica.com.mx\/#\/schema\/person\/2cacc47bd17fe8ad92f08c0313d22fa6"},"headline":"Gobernador Rocha tom\u00f3 protesta al general Sinuh\u00e9 T\u00e9llez L\u00f3pez como nuevo secretario de Seguridad P\u00fablica","datePublished":"2026-03-16T20:59:24+00:00","mainEntityOfPage":{"@id":"https:\/\/eticacomunica.com.mx\/?p=31856"},"wordCount":936,"commentCount":0,"publisher":{"@id":"https:\/\/eticacomunica.com.mx\/#organization"},"image":{"@id":"https:\/\/eticacomunica.com.mx\/?p=31856#primaryimage"},"thumbnailUrl":"https:\/\/eticacomunica.com.mx\/wp-content\/uploads\/2026\/03\/IMG-20260316-WA0004.jpg","keywords":["Gobierno del Estado de Sinaloa"],"articleSection":["GES","Portada"],"inLanguage":"es","potentialAction":[{"@type":"CommentAction","name":"Comment","target":["https:\/\/eticacomunica.com.mx\/?p=31856#respond"]}]},{"@type":"WebPage","@id":"https:\/\/eticacomunica.com.mx\/?p=31856","url":"https:\/\/eticacomunica.com.mx\/?p=31856","name":"Gobernador Rocha tom\u00f3 protesta al general Sinuh\u00e9 T\u00e9llez L\u00f3pez como nuevo secretario de Seguridad P\u00fablica - \u00c9tica Comunica","isPartOf":{"@id":"https:\/\/eticacomunica.com.mx\/#website"},"primaryImageOfPage":{"@id":"https:\/\/eticacomunica.com.mx\/?p=31856#primaryimage"},"image":{"@id":"https:\/\/eticacomunica.com.mx\/?p=31856#primaryimage"},"thumbnailUrl":"https:\/\/eticacomunica.com.mx\/wp-content\/uploads\/2026\/03\/IMG-20260316-WA0004.jpg","datePublished":"2026-03-16T20:59:24+00:00","breadcrumb":{"@id":"https:\/\/eticacomunica.com.mx\/?p=31856#breadcrumb"},"inLanguage":"es","potentialAction":[{"@type":"ReadAction","target":["https:\/\/eticacomunica.com.mx\/?p=31856"]}]},{"@type":"ImageObject","inLanguage":"es","@id":"https:\/\/eticacomunica.com.mx\/?p=31856#primaryimage","url":"https:\/\/eticacomunica.com.mx\/wp-content\/uploads\/2026\/03\/IMG-20260316-WA0004.jpg","contentUrl":"https:\/\/eticacomunica.com.mx\/wp-content\/uploads\/2026\/03\/IMG-20260316-WA0004.jpg","width":1280,"height":854},{"@type":"BreadcrumbList","@id":"https:\/\/eticacomunica.com.mx\/?p=31856#breadcrumb","itemListElement":[{"@type":"ListItem","position":1,"name":"Inicio","item":"https:\/\/eticacomunica.com.mx\/"},{"@type":"ListItem","position":2,"name":"Gobernador Rocha tom\u00f3 protesta al general Sinuh\u00e9 T\u00e9llez L\u00f3pez como nuevo secretario de Seguridad P\u00fablica"}]},{"@type":"WebSite","@id":"https:\/\/eticacomunica.com.mx\/#website","url":"https:\/\/eticacomunica.com.mx\/","name":"\u00c9tica Comunica","description":"Diario Digital","publisher":{"@id":"https:\/\/eticacomunica.com.mx\/#organization"},"potentialAction":[{"@type":"SearchAction","target":{"@type":"EntryPoint","urlTemplate":"https:\/\/eticacomunica.com.mx\/?s={search_term_string}"},"query-input":{"@type":"PropertyValueSpecification","valueRequired":true,"valueName":"search_term_string"}}],"inLanguage":"es"},{"@type":"Organization","@id":"https:\/\/eticacomunica.com.mx\/#organization","name":"Diarios Digitales de Sinaloa","url":"https:\/\/eticacomunica.com.mx\/","logo":{"@type":"ImageObject","inLanguage":"es","@id":"https:\/\/eticacomunica.com.mx\/#\/schema\/logo\/image\/","url":"https:\/\/eticacomunica.com.mx\/wp-content\/uploads\/2023\/10\/etica-logo.png","contentUrl":"https:\/\/eticacomunica.com.mx\/wp-content\/uploads\/2023\/10\/etica-logo.png","width":1280,"height":432,"caption":"Diarios Digitales de Sinaloa"},"image":{"@id":"https:\/\/eticacomunica.com.mx\/#\/schema\/logo\/image\/"},"sameAs":["https:\/\/www.facebook.com\/eticacomunica"]},{"@type":"Person","@id":"https:\/\/eticacomunica.com.mx\/#\/schema\/person\/2cacc47bd17fe8ad92f08c0313d22fa6","name":"etica","image":{"@type":"ImageObject","inLanguage":"es","@id":"https:\/\/secure.gravatar.com\/avatar\/dfb45d32bc7097f8f06d6e4f6e6b387e7cb8fd5b3a2869265c40587ab62cab1e?s=96&d=mm&r=g","url":"https:\/\/secure.gravatar.com\/avatar\/dfb45d32bc7097f8f06d6e4f6e6b387e7cb8fd5b3a2869265c40587ab62cab1e?s=96&d=mm&r=g","contentUrl":"https:\/\/secure.gravatar.com\/avatar\/dfb45d32bc7097f8f06d6e4f6e6b387e7cb8fd5b3a2869265c40587ab62cab1e?s=96&d=mm&r=g","caption":"etica"},"sameAs":["https:\/\/eticacomunica.com.mx"],"url":"https:\/\/eticacomunica.com.mx\/?author=1"}]}},"jetpack_publicize_connections":[],"jetpack_featured_media_url":"https:\/\/eticacomunica.com.mx\/wp-content\/uploads\/2026\/03\/IMG-20260316-WA0004.jpg","jetpack_sharing_enabled":true,"_links":{"self":[{"href":"https:\/\/eticacomunica.com.mx\/index.php?rest_route=\/wp\/v2\/posts\/31856","targetHints":{"allow":["GET"]}}],"collection":[{"href":"https:\/\/eticacomunica.com.mx\/index.php?rest_route=\/wp\/v2\/posts"}],"about":[{"href":"https:\/\/eticacomunica.com.mx\/index.php?rest_route=\/wp\/v2\/types\/post"}],"author":[{"embeddable":true,"href":"https:\/\/eticacomunica.com.mx\/index.php?rest_route=\/wp\/v2\/users\/1"}],"replies":[{"embeddable":true,"href":"https:\/\/eticacomunica.com.mx\/index.php?rest_route=%2Fwp%2Fv2%2Fcomments&post=31856"}],"version-history":[{"count":0,"href":"https:\/\/eticacomunica.com.mx\/index.php?rest_route=\/wp\/v2\/posts\/31856\/revisions"}],"wp:featuredmedia":[{"embeddable":true,"href":"https:\/\/eticacomunica.com.mx\/index.php?rest_route=\/wp\/v2\/media\/31855"}],"wp:attachment":[{"href":"https:\/\/eticacomunica.com.mx\/index.php?rest_route=%2Fwp%2Fv2%2Fmedia&parent=31856"}],"wp:term":[{"taxonomy":"category","embeddable":true,"href":"https:\/\/eticacomunica.com.mx\/index.php?rest_route=%2Fwp%2Fv2%2Fcategories&post=31856"},{"taxonomy":"post_tag","embeddable":true,"href":"https:\/\/eticacomunica.com.mx\/index.php?rest_route=%2Fwp%2Fv2%2Ftags&post=31856"}],"curies":[{"name":"wp","href":"https:\/\/api.w.org\/{rel}","templated":true}]}}