{"id":31858,"date":"2026-03-17T09:26:30","date_gmt":"2026-03-17T16:26:30","guid":{"rendered":"https:\/\/eticacomunica.com.mx\/?p=31858"},"modified":"2026-03-17T09:26:30","modified_gmt":"2026-03-17T16:26:30","slug":"investigacion-de-la-uas-reconstruye-la-dinamica-social-y-epidemiologica-del-siglo-xix-como-los-arrieros-llevaron-el-sarampion-a-sinaloa-1804-1806","status":"publish","type":"post","link":"https:\/\/eticacomunica.com.mx\/?p=31858","title":{"rendered":"Investigaci\u00f3n de la UAS reconstruye la din\u00e1mica social y epidemiol\u00f3gica del siglo XIX; c\u00f3mo los arrieros llevaron el sarampi\u00f3n a Sinaloa (1804-1806)"},"content":{"rendered":"\n<p>Desde la historia acad\u00e9mica, se estudian diversos fen\u00f3menos sociales, de la vida cotidiana, culturales y econ\u00f3micos, as\u00ed como estrategias de movilidad. Uno de los que destaca en el siglo XIX fue el an\u00e1lisis de los documentos parroquiales que, entre los a\u00f1os 1804 y 1806, arrojan un aumento en la mortalidad en las zonas serranas de Cosal\u00e1 y Badiraguato a causa del sarampi\u00f3n, seg\u00fan explic\u00f3 la investigadora Venecia Lara Caldera.<br><br>La especialista de la Facultad de Historia de la Universidad Aut\u00f3noma de Sinaloa (UAS) se\u00f1al\u00f3 que su trabajo de investigaci\u00f3n se bas\u00f3 en los libros parroquiales de la \u00e9poca, examinando espec\u00edficamente las denominadas &#8220;Partidas de entierro&#8221;. Estos documentos, elaborados por los sacerdotes de las comunidades, describ\u00edan las posibles causas de defunci\u00f3n y ofrec\u00edan una breve semblanza del difunto; gracias a ellos, se pudo determinar que estas zonas serranas de Sinaloa fueron severamente afectadas por una epidemia de sarampi\u00f3n.<br><br>La historiadora destac\u00f3 que, en los escritos de 1804 a 1806, se registraba un alto \u00edndice de decesos que afectaba principalmente a los infantes. No obstante, tambi\u00e9n se document\u00f3 la muerte de adultos en comunidades cercanas. Las investigaciones indican que la enfermedad proven\u00eda del sur del pa\u00eds y fue introducida en las comunidades mineras por los arrieros, quienes fung\u00edan como el principal v\u00ednculo de transporte y comercio.<br><br>Un dato muy interesante obtenido es el contraste entre poblaciones: en las comunidades donde la enfermedad era nueva (poblaciones &#8220;v\u00edrgenes&#8221; al virus), se aprecia la muerte de muchos adultos al no tener inmunidad previa. En cambio, en otras localidades mor\u00edan mayoritariamente ni\u00f1os, lo que indicaba que los adultos ya hab\u00edan tenido contacto con el virus en brotes anteriores, permiti\u00e9ndoles resistir la enfermedad.<br><br>Finalmente, Lara Caldera afirm\u00f3 que investigar este tipo de documentos, adem\u00e1s de ayudarnos a entender las causas de fallecimiento y la experiencia de vida ante las epidemias, permite reconstruir las din\u00e1micas sociales, culturales y econ\u00f3micas de la regi\u00f3n.<\/p>\n","protected":false},"excerpt":{"rendered":"<p>Desde la historia acad\u00e9mica, se estudian diversos fen\u00f3menos sociales, de la vida cotidiana, culturales y econ\u00f3micos, as\u00ed como estrategias de movilidad. Uno de los que destaca en el siglo XIX&hellip;<\/p>\n","protected":false},"author":1,"featured_media":31857,"comment_status":"open","ping_status":"open","sticky":false,"template":"","format":"standard","meta":{"_jetpack_memberships_contains_paid_content":false,"footnotes":"","jetpack_publicize_message":"","jetpack_publicize_feature_enabled":true,"jetpack_social_post_already_shared":true,"jetpack_social_options":{"image_generator_settings":{"template":"highway","default_image_id":0,"font":"","enabled":false},"version":2}},"categories":[40],"tags":[41],"class_list":["post-31858","post","type-post","status-publish","format-standard","has-post-thumbnail","hentry","category-educacion","tag-uas"],"yoast_head":"<!-- This site is optimized with the Yoast SEO plugin v27.2 - https:\/\/yoast.com\/product\/yoast-seo-wordpress\/ -->\n<title>Investigaci\u00f3n de la UAS reconstruye la din\u00e1mica social y epidemiol\u00f3gica del siglo XIX; c\u00f3mo los arrieros llevaron el sarampi\u00f3n a Sinaloa (1804-1806) - \u00c9tica Comunica<\/title>\n<meta name=\"robots\" content=\"index, follow, max-snippet:-1, max-image-preview:large, max-video-preview:-1\" \/>\n<link rel=\"canonical\" href=\"https:\/\/eticacomunica.com.mx\/?p=31858\" \/>\n<meta property=\"og:locale\" content=\"es_MX\" \/>\n<meta property=\"og:type\" content=\"article\" \/>\n<meta property=\"og:title\" content=\"Investigaci\u00f3n de la UAS reconstruye la din\u00e1mica social y epidemiol\u00f3gica del siglo XIX; c\u00f3mo los arrieros llevaron el sarampi\u00f3n a Sinaloa (1804-1806) - \u00c9tica Comunica\" \/>\n<meta property=\"og:description\" content=\"Desde la historia acad\u00e9mica, se estudian diversos fen\u00f3menos sociales, de la vida cotidiana, culturales y econ\u00f3micos, as\u00ed como estrategias de movilidad. Uno de los que destaca en el siglo XIX&hellip;\" \/>\n<meta property=\"og:url\" content=\"https:\/\/eticacomunica.com.mx\/?p=31858\" \/>\n<meta property=\"og:site_name\" content=\"\u00c9tica Comunica\" \/>\n<meta property=\"article:publisher\" content=\"https:\/\/www.facebook.com\/eticacomunica\" \/>\n<meta property=\"article:published_time\" content=\"2026-03-17T16:26:30+00:00\" \/>\n<meta name=\"author\" content=\"etica\" \/>\n<meta name=\"twitter:card\" content=\"summary_large_image\" \/>\n<meta name=\"twitter:label1\" content=\"Escrito por\" \/>\n\t<meta name=\"twitter:data1\" content=\"etica\" \/>\n\t<meta name=\"twitter:label2\" content=\"Tiempo de lectura\" \/>\n\t<meta name=\"twitter:data2\" content=\"2 minutos\" \/>\n<script type=\"application\/ld+json\" class=\"yoast-schema-graph\">{\"@context\":\"https:\/\/schema.org\",\"@graph\":[{\"@type\":\"Article\",\"@id\":\"https:\/\/eticacomunica.com.mx\/?p=31858#article\",\"isPartOf\":{\"@id\":\"https:\/\/eticacomunica.com.mx\/?p=31858\"},\"author\":{\"name\":\"etica\",\"@id\":\"https:\/\/eticacomunica.com.mx\/#\/schema\/person\/2cacc47bd17fe8ad92f08c0313d22fa6\"},\"headline\":\"Investigaci\u00f3n de la UAS reconstruye la din\u00e1mica social y epidemiol\u00f3gica del siglo XIX; c\u00f3mo los arrieros llevaron el sarampi\u00f3n a Sinaloa (1804-1806)\",\"datePublished\":\"2026-03-17T16:26:30+00:00\",\"mainEntityOfPage\":{\"@id\":\"https:\/\/eticacomunica.com.mx\/?p=31858\"},\"wordCount\":366,\"commentCount\":0,\"publisher\":{\"@id\":\"https:\/\/eticacomunica.com.mx\/#organization\"},\"image\":{\"@id\":\"https:\/\/eticacomunica.com.mx\/?p=31858#primaryimage\"},\"thumbnailUrl\":\"https:\/\/eticacomunica.com.mx\/wp-content\/uploads\/2026\/03\/IMG-20260317-WA0005.jpg\",\"keywords\":[\"UAS\"],\"articleSection\":[\"Educaci\u00f3n\"],\"inLanguage\":\"es\",\"potentialAction\":[{\"@type\":\"CommentAction\",\"name\":\"Comment\",\"target\":[\"https:\/\/eticacomunica.com.mx\/?p=31858#respond\"]}]},{\"@type\":\"WebPage\",\"@id\":\"https:\/\/eticacomunica.com.mx\/?p=31858\",\"url\":\"https:\/\/eticacomunica.com.mx\/?p=31858\",\"name\":\"Investigaci\u00f3n de la UAS reconstruye la din\u00e1mica social y epidemiol\u00f3gica del siglo XIX; c\u00f3mo los arrieros llevaron el sarampi\u00f3n a Sinaloa (1804-1806) - \u00c9tica Comunica\",\"isPartOf\":{\"@id\":\"https:\/\/eticacomunica.com.mx\/#website\"},\"primaryImageOfPage\":{\"@id\":\"https:\/\/eticacomunica.com.mx\/?p=31858#primaryimage\"},\"image\":{\"@id\":\"https:\/\/eticacomunica.com.mx\/?p=31858#primaryimage\"},\"thumbnailUrl\":\"https:\/\/eticacomunica.com.mx\/wp-content\/uploads\/2026\/03\/IMG-20260317-WA0005.jpg\",\"datePublished\":\"2026-03-17T16:26:30+00:00\",\"breadcrumb\":{\"@id\":\"https:\/\/eticacomunica.com.mx\/?p=31858#breadcrumb\"},\"inLanguage\":\"es\",\"potentialAction\":[{\"@type\":\"ReadAction\",\"target\":[\"https:\/\/eticacomunica.com.mx\/?p=31858\"]}]},{\"@type\":\"ImageObject\",\"inLanguage\":\"es\",\"@id\":\"https:\/\/eticacomunica.com.mx\/?p=31858#primaryimage\",\"url\":\"https:\/\/eticacomunica.com.mx\/wp-content\/uploads\/2026\/03\/IMG-20260317-WA0005.jpg\",\"contentUrl\":\"https:\/\/eticacomunica.com.mx\/wp-content\/uploads\/2026\/03\/IMG-20260317-WA0005.jpg\",\"width\":1600,\"height\":1064},{\"@type\":\"BreadcrumbList\",\"@id\":\"https:\/\/eticacomunica.com.mx\/?p=31858#breadcrumb\",\"itemListElement\":[{\"@type\":\"ListItem\",\"position\":1,\"name\":\"Inicio\",\"item\":\"https:\/\/eticacomunica.com.mx\/\"},{\"@type\":\"ListItem\",\"position\":2,\"name\":\"Investigaci\u00f3n de la UAS reconstruye la din\u00e1mica social y epidemiol\u00f3gica del siglo XIX; c\u00f3mo los arrieros llevaron el sarampi\u00f3n a Sinaloa (1804-1806)\"}]},{\"@type\":\"WebSite\",\"@id\":\"https:\/\/eticacomunica.com.mx\/#website\",\"url\":\"https:\/\/eticacomunica.com.mx\/\",\"name\":\"\u00c9tica Comunica\",\"description\":\"Diario Digital\",\"publisher\":{\"@id\":\"https:\/\/eticacomunica.com.mx\/#organization\"},\"potentialAction\":[{\"@type\":\"SearchAction\",\"target\":{\"@type\":\"EntryPoint\",\"urlTemplate\":\"https:\/\/eticacomunica.com.mx\/?s={search_term_string}\"},\"query-input\":{\"@type\":\"PropertyValueSpecification\",\"valueRequired\":true,\"valueName\":\"search_term_string\"}}],\"inLanguage\":\"es\"},{\"@type\":\"Organization\",\"@id\":\"https:\/\/eticacomunica.com.mx\/#organization\",\"name\":\"Diarios Digitales de Sinaloa\",\"url\":\"https:\/\/eticacomunica.com.mx\/\",\"logo\":{\"@type\":\"ImageObject\",\"inLanguage\":\"es\",\"@id\":\"https:\/\/eticacomunica.com.mx\/#\/schema\/logo\/image\/\",\"url\":\"https:\/\/eticacomunica.com.mx\/wp-content\/uploads\/2023\/10\/etica-logo.png\",\"contentUrl\":\"https:\/\/eticacomunica.com.mx\/wp-content\/uploads\/2023\/10\/etica-logo.png\",\"width\":1280,\"height\":432,\"caption\":\"Diarios Digitales de Sinaloa\"},\"image\":{\"@id\":\"https:\/\/eticacomunica.com.mx\/#\/schema\/logo\/image\/\"},\"sameAs\":[\"https:\/\/www.facebook.com\/eticacomunica\"]},{\"@type\":\"Person\",\"@id\":\"https:\/\/eticacomunica.com.mx\/#\/schema\/person\/2cacc47bd17fe8ad92f08c0313d22fa6\",\"name\":\"etica\",\"image\":{\"@type\":\"ImageObject\",\"inLanguage\":\"es\",\"@id\":\"https:\/\/secure.gravatar.com\/avatar\/dfb45d32bc7097f8f06d6e4f6e6b387e7cb8fd5b3a2869265c40587ab62cab1e?s=96&d=mm&r=g\",\"url\":\"https:\/\/secure.gravatar.com\/avatar\/dfb45d32bc7097f8f06d6e4f6e6b387e7cb8fd5b3a2869265c40587ab62cab1e?s=96&d=mm&r=g\",\"contentUrl\":\"https:\/\/secure.gravatar.com\/avatar\/dfb45d32bc7097f8f06d6e4f6e6b387e7cb8fd5b3a2869265c40587ab62cab1e?s=96&d=mm&r=g\",\"caption\":\"etica\"},\"sameAs\":[\"https:\/\/eticacomunica.com.mx\"],\"url\":\"https:\/\/eticacomunica.com.mx\/?author=1\"}]}<\/script>\n<!-- \/ Yoast SEO plugin. -->","yoast_head_json":{"title":"Investigaci\u00f3n de la UAS reconstruye la din\u00e1mica social y epidemiol\u00f3gica del siglo XIX; c\u00f3mo los arrieros llevaron el sarampi\u00f3n a Sinaloa (1804-1806) - \u00c9tica Comunica","robots":{"index":"index","follow":"follow","max-snippet":"max-snippet:-1","max-image-preview":"max-image-preview:large","max-video-preview":"max-video-preview:-1"},"canonical":"https:\/\/eticacomunica.com.mx\/?p=31858","og_locale":"es_MX","og_type":"article","og_title":"Investigaci\u00f3n de la UAS reconstruye la din\u00e1mica social y epidemiol\u00f3gica del siglo XIX; c\u00f3mo los arrieros llevaron el sarampi\u00f3n a Sinaloa (1804-1806) - \u00c9tica Comunica","og_description":"Desde la historia acad\u00e9mica, se estudian diversos fen\u00f3menos sociales, de la vida cotidiana, culturales y econ\u00f3micos, as\u00ed como estrategias de movilidad. Uno de los que destaca en el siglo XIX&hellip;","og_url":"https:\/\/eticacomunica.com.mx\/?p=31858","og_site_name":"\u00c9tica Comunica","article_publisher":"https:\/\/www.facebook.com\/eticacomunica","article_published_time":"2026-03-17T16:26:30+00:00","author":"etica","twitter_card":"summary_large_image","twitter_misc":{"Escrito por":"etica","Tiempo de lectura":"2 minutos"},"schema":{"@context":"https:\/\/schema.org","@graph":[{"@type":"Article","@id":"https:\/\/eticacomunica.com.mx\/?p=31858#article","isPartOf":{"@id":"https:\/\/eticacomunica.com.mx\/?p=31858"},"author":{"name":"etica","@id":"https:\/\/eticacomunica.com.mx\/#\/schema\/person\/2cacc47bd17fe8ad92f08c0313d22fa6"},"headline":"Investigaci\u00f3n de la UAS reconstruye la din\u00e1mica social y epidemiol\u00f3gica del siglo XIX; c\u00f3mo los arrieros llevaron el sarampi\u00f3n a Sinaloa (1804-1806)","datePublished":"2026-03-17T16:26:30+00:00","mainEntityOfPage":{"@id":"https:\/\/eticacomunica.com.mx\/?p=31858"},"wordCount":366,"commentCount":0,"publisher":{"@id":"https:\/\/eticacomunica.com.mx\/#organization"},"image":{"@id":"https:\/\/eticacomunica.com.mx\/?p=31858#primaryimage"},"thumbnailUrl":"https:\/\/eticacomunica.com.mx\/wp-content\/uploads\/2026\/03\/IMG-20260317-WA0005.jpg","keywords":["UAS"],"articleSection":["Educaci\u00f3n"],"inLanguage":"es","potentialAction":[{"@type":"CommentAction","name":"Comment","target":["https:\/\/eticacomunica.com.mx\/?p=31858#respond"]}]},{"@type":"WebPage","@id":"https:\/\/eticacomunica.com.mx\/?p=31858","url":"https:\/\/eticacomunica.com.mx\/?p=31858","name":"Investigaci\u00f3n de la UAS reconstruye la din\u00e1mica social y epidemiol\u00f3gica del siglo XIX; c\u00f3mo los arrieros llevaron el sarampi\u00f3n a Sinaloa (1804-1806) - \u00c9tica Comunica","isPartOf":{"@id":"https:\/\/eticacomunica.com.mx\/#website"},"primaryImageOfPage":{"@id":"https:\/\/eticacomunica.com.mx\/?p=31858#primaryimage"},"image":{"@id":"https:\/\/eticacomunica.com.mx\/?p=31858#primaryimage"},"thumbnailUrl":"https:\/\/eticacomunica.com.mx\/wp-content\/uploads\/2026\/03\/IMG-20260317-WA0005.jpg","datePublished":"2026-03-17T16:26:30+00:00","breadcrumb":{"@id":"https:\/\/eticacomunica.com.mx\/?p=31858#breadcrumb"},"inLanguage":"es","potentialAction":[{"@type":"ReadAction","target":["https:\/\/eticacomunica.com.mx\/?p=31858"]}]},{"@type":"ImageObject","inLanguage":"es","@id":"https:\/\/eticacomunica.com.mx\/?p=31858#primaryimage","url":"https:\/\/eticacomunica.com.mx\/wp-content\/uploads\/2026\/03\/IMG-20260317-WA0005.jpg","contentUrl":"https:\/\/eticacomunica.com.mx\/wp-content\/uploads\/2026\/03\/IMG-20260317-WA0005.jpg","width":1600,"height":1064},{"@type":"BreadcrumbList","@id":"https:\/\/eticacomunica.com.mx\/?p=31858#breadcrumb","itemListElement":[{"@type":"ListItem","position":1,"name":"Inicio","item":"https:\/\/eticacomunica.com.mx\/"},{"@type":"ListItem","position":2,"name":"Investigaci\u00f3n de la UAS reconstruye la din\u00e1mica social y epidemiol\u00f3gica del siglo XIX; c\u00f3mo los arrieros llevaron el sarampi\u00f3n a Sinaloa (1804-1806)"}]},{"@type":"WebSite","@id":"https:\/\/eticacomunica.com.mx\/#website","url":"https:\/\/eticacomunica.com.mx\/","name":"\u00c9tica Comunica","description":"Diario Digital","publisher":{"@id":"https:\/\/eticacomunica.com.mx\/#organization"},"potentialAction":[{"@type":"SearchAction","target":{"@type":"EntryPoint","urlTemplate":"https:\/\/eticacomunica.com.mx\/?s={search_term_string}"},"query-input":{"@type":"PropertyValueSpecification","valueRequired":true,"valueName":"search_term_string"}}],"inLanguage":"es"},{"@type":"Organization","@id":"https:\/\/eticacomunica.com.mx\/#organization","name":"Diarios Digitales de Sinaloa","url":"https:\/\/eticacomunica.com.mx\/","logo":{"@type":"ImageObject","inLanguage":"es","@id":"https:\/\/eticacomunica.com.mx\/#\/schema\/logo\/image\/","url":"https:\/\/eticacomunica.com.mx\/wp-content\/uploads\/2023\/10\/etica-logo.png","contentUrl":"https:\/\/eticacomunica.com.mx\/wp-content\/uploads\/2023\/10\/etica-logo.png","width":1280,"height":432,"caption":"Diarios Digitales de Sinaloa"},"image":{"@id":"https:\/\/eticacomunica.com.mx\/#\/schema\/logo\/image\/"},"sameAs":["https:\/\/www.facebook.com\/eticacomunica"]},{"@type":"Person","@id":"https:\/\/eticacomunica.com.mx\/#\/schema\/person\/2cacc47bd17fe8ad92f08c0313d22fa6","name":"etica","image":{"@type":"ImageObject","inLanguage":"es","@id":"https:\/\/secure.gravatar.com\/avatar\/dfb45d32bc7097f8f06d6e4f6e6b387e7cb8fd5b3a2869265c40587ab62cab1e?s=96&d=mm&r=g","url":"https:\/\/secure.gravatar.com\/avatar\/dfb45d32bc7097f8f06d6e4f6e6b387e7cb8fd5b3a2869265c40587ab62cab1e?s=96&d=mm&r=g","contentUrl":"https:\/\/secure.gravatar.com\/avatar\/dfb45d32bc7097f8f06d6e4f6e6b387e7cb8fd5b3a2869265c40587ab62cab1e?s=96&d=mm&r=g","caption":"etica"},"sameAs":["https:\/\/eticacomunica.com.mx"],"url":"https:\/\/eticacomunica.com.mx\/?author=1"}]}},"jetpack_publicize_connections":[],"jetpack_featured_media_url":"https:\/\/eticacomunica.com.mx\/wp-content\/uploads\/2026\/03\/IMG-20260317-WA0005.jpg","jetpack_sharing_enabled":true,"_links":{"self":[{"href":"https:\/\/eticacomunica.com.mx\/index.php?rest_route=\/wp\/v2\/posts\/31858","targetHints":{"allow":["GET"]}}],"collection":[{"href":"https:\/\/eticacomunica.com.mx\/index.php?rest_route=\/wp\/v2\/posts"}],"about":[{"href":"https:\/\/eticacomunica.com.mx\/index.php?rest_route=\/wp\/v2\/types\/post"}],"author":[{"embeddable":true,"href":"https:\/\/eticacomunica.com.mx\/index.php?rest_route=\/wp\/v2\/users\/1"}],"replies":[{"embeddable":true,"href":"https:\/\/eticacomunica.com.mx\/index.php?rest_route=%2Fwp%2Fv2%2Fcomments&post=31858"}],"version-history":[{"count":0,"href":"https:\/\/eticacomunica.com.mx\/index.php?rest_route=\/wp\/v2\/posts\/31858\/revisions"}],"wp:featuredmedia":[{"embeddable":true,"href":"https:\/\/eticacomunica.com.mx\/index.php?rest_route=\/wp\/v2\/media\/31857"}],"wp:attachment":[{"href":"https:\/\/eticacomunica.com.mx\/index.php?rest_route=%2Fwp%2Fv2%2Fmedia&parent=31858"}],"wp:term":[{"taxonomy":"category","embeddable":true,"href":"https:\/\/eticacomunica.com.mx\/index.php?rest_route=%2Fwp%2Fv2%2Fcategories&post=31858"},{"taxonomy":"post_tag","embeddable":true,"href":"https:\/\/eticacomunica.com.mx\/index.php?rest_route=%2Fwp%2Fv2%2Ftags&post=31858"}],"curies":[{"name":"wp","href":"https:\/\/api.w.org\/{rel}","templated":true}]}}