{"id":31862,"date":"2026-03-17T12:45:27","date_gmt":"2026-03-17T19:45:27","guid":{"rendered":"https:\/\/eticacomunica.com.mx\/?p=31862"},"modified":"2026-03-17T12:45:27","modified_gmt":"2026-03-17T19:45:27","slug":"invita-gobernador-rocha-a-la-ciudadania-a-adquirir-su-licencia-permanente-de-conducir","status":"publish","type":"post","link":"https:\/\/eticacomunica.com.mx\/?p=31862","title":{"rendered":"Invita Gobernador Rocha a la ciudadan\u00eda a adquirir su licencia permanente de conducir"},"content":{"rendered":"\n<p>El plazo para canjear su nueva licencia vencer\u00e1 el 30 de junio, y su vigencia ser\u00e1 definitiva.<br><br>Culiac\u00e1n, Sinaloa, a 17 de marzo de 2026.- A partir de este 17 de marzo y hasta el 30 de junio se abre el plazo para solicitar la licencia permanente para conducir, cuya vigencia ser\u00e1 indefinida, esto para apoyar a la econom\u00eda de los automovilistas que ya no tendr\u00e1n que estar renovando este documento peri\u00f3dicamente, dio a conocer la secretaria general de Gobierno, Yeraldine Bonilla Valverde, durante la Conferencia Semanera del gobernador Rub\u00e9n Rocha Moya.<br><br>Precisamente por primera vez se realiz\u00f3 esta Conferencia desde la Unidad de Servicios Estatales, en Culiac\u00e1n, desde donde se hizo el llamado a la ciudadan\u00eda a aprovechar esta oportunidad para adquirir su licencia permanente, por medio de un pago de 2 mil 323 pesos, y el \u00fanico requisito es que ya hayan tenido o cuentan con su licencia vigente, pues tambi\u00e9n se podr\u00e1 canjear sin importar que actualmente la tengan vencida.<br><br>La secretaria Bonilla Valverde precis\u00f3 que la licencia permanente solamente se emitir\u00e1 para automovilistas y motociclistas, no para la modalidad de aprendices, y su validez ser\u00e1 para siempre, la cual podr\u00e1n tramitar tanto en ventanilla tanto aqu\u00ed en la USE, como en las otras 25 oficinas de recaudaci\u00f3n, m\u00f3dulos y colectur\u00edas que existen en los 20 municipios del estado, y adem\u00e1s en l\u00ednea a trav\u00e9s del portal de Ciudadano Digital del Gobierno del Estado, que es ciudadano.sinaloa.gob.mx.<br><br>\u201cInvitamos a todas las y los sinaloenses a que vengan a las oficinas a sacar su licencia, de una manera muy accesible los van a atender en ventanilla pero tambi\u00e9n hay que recordar que por medio de las plataformas podr\u00e1n ustedes obtener su licencia de m\u00e1s r\u00e1pida, desde casa; los invitamos a todas y a todos que tramiten su licencia, que ser\u00e1 de una validez para siempre, de manera indefinida\u201d, exhort\u00f3 la secretaria general de Gobierno.<br><br>A su vez, el director del Servicio de Administraci\u00f3n Tributaria del Estado de Sinaloa (SATES), Jos\u00e9 Carlos C\u00e1rdenas Mellado, inform\u00f3 por otra parte que este 31 de marzo es el vencimiento para el pago del Refrendo Vehicular (Calcoman\u00eda), y por instrucciones del gobernador Rocha se abri\u00f3 de nueva cuenta el programa especial de baja definitiva, dirigida a todos aquellos propietarios que posean veh\u00edculos en desuso, para darlos de baja sin importar el adeudo que tengan, s\u00f3lo mediante un pago \u00fanico de 3 mil 237 pesos. Este programa tambi\u00e9n vence el 31 de marzo.<br><br>De igual manera, se refiri\u00f3 al programa especial \u201cPonte al Corriente\u201d, mediante el cual propietarios de veh\u00edculos 2018 y anteriores pueden regularizar cualquier adeudo que mantengan por su unidad pagando \u00fanicamente la cantidad de 6 mil pesos, plazo que tambi\u00e9n concluye al 31 de marzo, como los dem\u00e1s.<br><br>Por su parte, el director de Vialidad y Transportes, Marco Osuna Moreno, dio a conocer que al cierre de la Conferencia Semanera del gobernador Rocha, ya se hab\u00edan expedido mil 041 licencias permanentes de conducir, 597 de ellas en las ventanillas de las 26 oficinas recaudadoras, m\u00f3dulos y colectur\u00edas que hay en todo el estado, desde Choix hasta Escuinapa, mientras que 444 licencias m\u00e1s en l\u00ednea en el portal del Gobierno del Estado.<\/p>\n","protected":false},"excerpt":{"rendered":"<p>El plazo para canjear su nueva licencia vencer\u00e1 el 30 de junio, y su vigencia ser\u00e1 definitiva. Culiac\u00e1n, Sinaloa, a 17 de marzo de 2026.- A partir de este 17&hellip;<\/p>\n","protected":false},"author":1,"featured_media":31861,"comment_status":"open","ping_status":"open","sticky":false,"template":"","format":"standard","meta":{"_jetpack_memberships_contains_paid_content":false,"footnotes":"","jetpack_publicize_message":"","jetpack_publicize_feature_enabled":true,"jetpack_social_post_already_shared":true,"jetpack_social_options":{"image_generator_settings":{"template":"highway","default_image_id":0,"font":"","enabled":false},"version":2}},"categories":[207,26],"tags":[34,109],"class_list":["post-31862","post","type-post","status-publish","format-standard","has-post-thumbnail","hentry","category-ges","category-portada","tag-gobierno-del-estado-de-sinaloa","tag-ruben-rocha-moya"],"yoast_head":"<!-- This site is optimized with the Yoast SEO plugin v27.2 - https:\/\/yoast.com\/product\/yoast-seo-wordpress\/ -->\n<title>Invita Gobernador Rocha a la ciudadan\u00eda a adquirir su licencia permanente de conducir - \u00c9tica Comunica<\/title>\n<meta name=\"robots\" content=\"index, follow, max-snippet:-1, max-image-preview:large, max-video-preview:-1\" \/>\n<link rel=\"canonical\" href=\"https:\/\/eticacomunica.com.mx\/?p=31862\" \/>\n<meta property=\"og:locale\" content=\"es_MX\" \/>\n<meta property=\"og:type\" content=\"article\" \/>\n<meta property=\"og:title\" content=\"Invita Gobernador Rocha a la ciudadan\u00eda a adquirir su licencia permanente de conducir - \u00c9tica Comunica\" \/>\n<meta property=\"og:description\" content=\"El plazo para canjear su nueva licencia vencer\u00e1 el 30 de junio, y su vigencia ser\u00e1 definitiva. Culiac\u00e1n, Sinaloa, a 17 de marzo de 2026.- A partir de este 17&hellip;\" \/>\n<meta property=\"og:url\" content=\"https:\/\/eticacomunica.com.mx\/?p=31862\" \/>\n<meta property=\"og:site_name\" content=\"\u00c9tica Comunica\" \/>\n<meta property=\"article:publisher\" content=\"https:\/\/www.facebook.com\/eticacomunica\" \/>\n<meta property=\"article:published_time\" content=\"2026-03-17T19:45:27+00:00\" \/>\n<meta name=\"author\" content=\"etica\" \/>\n<meta name=\"twitter:card\" content=\"summary_large_image\" \/>\n<meta name=\"twitter:label1\" content=\"Escrito por\" \/>\n\t<meta name=\"twitter:data1\" content=\"etica\" \/>\n\t<meta name=\"twitter:label2\" content=\"Tiempo de lectura\" \/>\n\t<meta name=\"twitter:data2\" content=\"3 minutos\" \/>\n<script type=\"application\/ld+json\" class=\"yoast-schema-graph\">{\"@context\":\"https:\/\/schema.org\",\"@graph\":[{\"@type\":\"Article\",\"@id\":\"https:\/\/eticacomunica.com.mx\/?p=31862#article\",\"isPartOf\":{\"@id\":\"https:\/\/eticacomunica.com.mx\/?p=31862\"},\"author\":{\"name\":\"etica\",\"@id\":\"https:\/\/eticacomunica.com.mx\/#\/schema\/person\/2cacc47bd17fe8ad92f08c0313d22fa6\"},\"headline\":\"Invita Gobernador Rocha a la ciudadan\u00eda a adquirir su licencia permanente de conducir\",\"datePublished\":\"2026-03-17T19:45:27+00:00\",\"mainEntityOfPage\":{\"@id\":\"https:\/\/eticacomunica.com.mx\/?p=31862\"},\"wordCount\":561,\"commentCount\":0,\"publisher\":{\"@id\":\"https:\/\/eticacomunica.com.mx\/#organization\"},\"image\":{\"@id\":\"https:\/\/eticacomunica.com.mx\/?p=31862#primaryimage\"},\"thumbnailUrl\":\"https:\/\/eticacomunica.com.mx\/wp-content\/uploads\/2026\/03\/IMG-20260317-WA0022.jpg\",\"keywords\":[\"Gobierno del Estado de Sinaloa\",\"Rub\u00e9n Rocha Moya\"],\"articleSection\":[\"GES\",\"Portada\"],\"inLanguage\":\"es\",\"potentialAction\":[{\"@type\":\"CommentAction\",\"name\":\"Comment\",\"target\":[\"https:\/\/eticacomunica.com.mx\/?p=31862#respond\"]}]},{\"@type\":\"WebPage\",\"@id\":\"https:\/\/eticacomunica.com.mx\/?p=31862\",\"url\":\"https:\/\/eticacomunica.com.mx\/?p=31862\",\"name\":\"Invita Gobernador Rocha a la ciudadan\u00eda a adquirir su licencia permanente de conducir - \u00c9tica Comunica\",\"isPartOf\":{\"@id\":\"https:\/\/eticacomunica.com.mx\/#website\"},\"primaryImageOfPage\":{\"@id\":\"https:\/\/eticacomunica.com.mx\/?p=31862#primaryimage\"},\"image\":{\"@id\":\"https:\/\/eticacomunica.com.mx\/?p=31862#primaryimage\"},\"thumbnailUrl\":\"https:\/\/eticacomunica.com.mx\/wp-content\/uploads\/2026\/03\/IMG-20260317-WA0022.jpg\",\"datePublished\":\"2026-03-17T19:45:27+00:00\",\"breadcrumb\":{\"@id\":\"https:\/\/eticacomunica.com.mx\/?p=31862#breadcrumb\"},\"inLanguage\":\"es\",\"potentialAction\":[{\"@type\":\"ReadAction\",\"target\":[\"https:\/\/eticacomunica.com.mx\/?p=31862\"]}]},{\"@type\":\"ImageObject\",\"inLanguage\":\"es\",\"@id\":\"https:\/\/eticacomunica.com.mx\/?p=31862#primaryimage\",\"url\":\"https:\/\/eticacomunica.com.mx\/wp-content\/uploads\/2026\/03\/IMG-20260317-WA0022.jpg\",\"contentUrl\":\"https:\/\/eticacomunica.com.mx\/wp-content\/uploads\/2026\/03\/IMG-20260317-WA0022.jpg\",\"width\":1280,\"height\":853},{\"@type\":\"BreadcrumbList\",\"@id\":\"https:\/\/eticacomunica.com.mx\/?p=31862#breadcrumb\",\"itemListElement\":[{\"@type\":\"ListItem\",\"position\":1,\"name\":\"Inicio\",\"item\":\"https:\/\/eticacomunica.com.mx\/\"},{\"@type\":\"ListItem\",\"position\":2,\"name\":\"Invita Gobernador Rocha a la ciudadan\u00eda a adquirir su licencia permanente de conducir\"}]},{\"@type\":\"WebSite\",\"@id\":\"https:\/\/eticacomunica.com.mx\/#website\",\"url\":\"https:\/\/eticacomunica.com.mx\/\",\"name\":\"\u00c9tica Comunica\",\"description\":\"Diario Digital\",\"publisher\":{\"@id\":\"https:\/\/eticacomunica.com.mx\/#organization\"},\"potentialAction\":[{\"@type\":\"SearchAction\",\"target\":{\"@type\":\"EntryPoint\",\"urlTemplate\":\"https:\/\/eticacomunica.com.mx\/?s={search_term_string}\"},\"query-input\":{\"@type\":\"PropertyValueSpecification\",\"valueRequired\":true,\"valueName\":\"search_term_string\"}}],\"inLanguage\":\"es\"},{\"@type\":\"Organization\",\"@id\":\"https:\/\/eticacomunica.com.mx\/#organization\",\"name\":\"Diarios Digitales de Sinaloa\",\"url\":\"https:\/\/eticacomunica.com.mx\/\",\"logo\":{\"@type\":\"ImageObject\",\"inLanguage\":\"es\",\"@id\":\"https:\/\/eticacomunica.com.mx\/#\/schema\/logo\/image\/\",\"url\":\"https:\/\/eticacomunica.com.mx\/wp-content\/uploads\/2023\/10\/etica-logo.png\",\"contentUrl\":\"https:\/\/eticacomunica.com.mx\/wp-content\/uploads\/2023\/10\/etica-logo.png\",\"width\":1280,\"height\":432,\"caption\":\"Diarios Digitales de Sinaloa\"},\"image\":{\"@id\":\"https:\/\/eticacomunica.com.mx\/#\/schema\/logo\/image\/\"},\"sameAs\":[\"https:\/\/www.facebook.com\/eticacomunica\"]},{\"@type\":\"Person\",\"@id\":\"https:\/\/eticacomunica.com.mx\/#\/schema\/person\/2cacc47bd17fe8ad92f08c0313d22fa6\",\"name\":\"etica\",\"image\":{\"@type\":\"ImageObject\",\"inLanguage\":\"es\",\"@id\":\"https:\/\/secure.gravatar.com\/avatar\/dfb45d32bc7097f8f06d6e4f6e6b387e7cb8fd5b3a2869265c40587ab62cab1e?s=96&d=mm&r=g\",\"url\":\"https:\/\/secure.gravatar.com\/avatar\/dfb45d32bc7097f8f06d6e4f6e6b387e7cb8fd5b3a2869265c40587ab62cab1e?s=96&d=mm&r=g\",\"contentUrl\":\"https:\/\/secure.gravatar.com\/avatar\/dfb45d32bc7097f8f06d6e4f6e6b387e7cb8fd5b3a2869265c40587ab62cab1e?s=96&d=mm&r=g\",\"caption\":\"etica\"},\"sameAs\":[\"https:\/\/eticacomunica.com.mx\"],\"url\":\"https:\/\/eticacomunica.com.mx\/?author=1\"}]}<\/script>\n<!-- \/ Yoast SEO plugin. -->","yoast_head_json":{"title":"Invita Gobernador Rocha a la ciudadan\u00eda a adquirir su licencia permanente de conducir - \u00c9tica Comunica","robots":{"index":"index","follow":"follow","max-snippet":"max-snippet:-1","max-image-preview":"max-image-preview:large","max-video-preview":"max-video-preview:-1"},"canonical":"https:\/\/eticacomunica.com.mx\/?p=31862","og_locale":"es_MX","og_type":"article","og_title":"Invita Gobernador Rocha a la ciudadan\u00eda a adquirir su licencia permanente de conducir - \u00c9tica Comunica","og_description":"El plazo para canjear su nueva licencia vencer\u00e1 el 30 de junio, y su vigencia ser\u00e1 definitiva. Culiac\u00e1n, Sinaloa, a 17 de marzo de 2026.- A partir de este 17&hellip;","og_url":"https:\/\/eticacomunica.com.mx\/?p=31862","og_site_name":"\u00c9tica Comunica","article_publisher":"https:\/\/www.facebook.com\/eticacomunica","article_published_time":"2026-03-17T19:45:27+00:00","author":"etica","twitter_card":"summary_large_image","twitter_misc":{"Escrito por":"etica","Tiempo de lectura":"3 minutos"},"schema":{"@context":"https:\/\/schema.org","@graph":[{"@type":"Article","@id":"https:\/\/eticacomunica.com.mx\/?p=31862#article","isPartOf":{"@id":"https:\/\/eticacomunica.com.mx\/?p=31862"},"author":{"name":"etica","@id":"https:\/\/eticacomunica.com.mx\/#\/schema\/person\/2cacc47bd17fe8ad92f08c0313d22fa6"},"headline":"Invita Gobernador Rocha a la ciudadan\u00eda a adquirir su licencia permanente de conducir","datePublished":"2026-03-17T19:45:27+00:00","mainEntityOfPage":{"@id":"https:\/\/eticacomunica.com.mx\/?p=31862"},"wordCount":561,"commentCount":0,"publisher":{"@id":"https:\/\/eticacomunica.com.mx\/#organization"},"image":{"@id":"https:\/\/eticacomunica.com.mx\/?p=31862#primaryimage"},"thumbnailUrl":"https:\/\/eticacomunica.com.mx\/wp-content\/uploads\/2026\/03\/IMG-20260317-WA0022.jpg","keywords":["Gobierno del Estado de Sinaloa","Rub\u00e9n Rocha Moya"],"articleSection":["GES","Portada"],"inLanguage":"es","potentialAction":[{"@type":"CommentAction","name":"Comment","target":["https:\/\/eticacomunica.com.mx\/?p=31862#respond"]}]},{"@type":"WebPage","@id":"https:\/\/eticacomunica.com.mx\/?p=31862","url":"https:\/\/eticacomunica.com.mx\/?p=31862","name":"Invita Gobernador Rocha a la ciudadan\u00eda a adquirir su licencia permanente de conducir - \u00c9tica Comunica","isPartOf":{"@id":"https:\/\/eticacomunica.com.mx\/#website"},"primaryImageOfPage":{"@id":"https:\/\/eticacomunica.com.mx\/?p=31862#primaryimage"},"image":{"@id":"https:\/\/eticacomunica.com.mx\/?p=31862#primaryimage"},"thumbnailUrl":"https:\/\/eticacomunica.com.mx\/wp-content\/uploads\/2026\/03\/IMG-20260317-WA0022.jpg","datePublished":"2026-03-17T19:45:27+00:00","breadcrumb":{"@id":"https:\/\/eticacomunica.com.mx\/?p=31862#breadcrumb"},"inLanguage":"es","potentialAction":[{"@type":"ReadAction","target":["https:\/\/eticacomunica.com.mx\/?p=31862"]}]},{"@type":"ImageObject","inLanguage":"es","@id":"https:\/\/eticacomunica.com.mx\/?p=31862#primaryimage","url":"https:\/\/eticacomunica.com.mx\/wp-content\/uploads\/2026\/03\/IMG-20260317-WA0022.jpg","contentUrl":"https:\/\/eticacomunica.com.mx\/wp-content\/uploads\/2026\/03\/IMG-20260317-WA0022.jpg","width":1280,"height":853},{"@type":"BreadcrumbList","@id":"https:\/\/eticacomunica.com.mx\/?p=31862#breadcrumb","itemListElement":[{"@type":"ListItem","position":1,"name":"Inicio","item":"https:\/\/eticacomunica.com.mx\/"},{"@type":"ListItem","position":2,"name":"Invita Gobernador Rocha a la ciudadan\u00eda a adquirir su licencia permanente de conducir"}]},{"@type":"WebSite","@id":"https:\/\/eticacomunica.com.mx\/#website","url":"https:\/\/eticacomunica.com.mx\/","name":"\u00c9tica Comunica","description":"Diario Digital","publisher":{"@id":"https:\/\/eticacomunica.com.mx\/#organization"},"potentialAction":[{"@type":"SearchAction","target":{"@type":"EntryPoint","urlTemplate":"https:\/\/eticacomunica.com.mx\/?s={search_term_string}"},"query-input":{"@type":"PropertyValueSpecification","valueRequired":true,"valueName":"search_term_string"}}],"inLanguage":"es"},{"@type":"Organization","@id":"https:\/\/eticacomunica.com.mx\/#organization","name":"Diarios Digitales de Sinaloa","url":"https:\/\/eticacomunica.com.mx\/","logo":{"@type":"ImageObject","inLanguage":"es","@id":"https:\/\/eticacomunica.com.mx\/#\/schema\/logo\/image\/","url":"https:\/\/eticacomunica.com.mx\/wp-content\/uploads\/2023\/10\/etica-logo.png","contentUrl":"https:\/\/eticacomunica.com.mx\/wp-content\/uploads\/2023\/10\/etica-logo.png","width":1280,"height":432,"caption":"Diarios Digitales de Sinaloa"},"image":{"@id":"https:\/\/eticacomunica.com.mx\/#\/schema\/logo\/image\/"},"sameAs":["https:\/\/www.facebook.com\/eticacomunica"]},{"@type":"Person","@id":"https:\/\/eticacomunica.com.mx\/#\/schema\/person\/2cacc47bd17fe8ad92f08c0313d22fa6","name":"etica","image":{"@type":"ImageObject","inLanguage":"es","@id":"https:\/\/secure.gravatar.com\/avatar\/dfb45d32bc7097f8f06d6e4f6e6b387e7cb8fd5b3a2869265c40587ab62cab1e?s=96&d=mm&r=g","url":"https:\/\/secure.gravatar.com\/avatar\/dfb45d32bc7097f8f06d6e4f6e6b387e7cb8fd5b3a2869265c40587ab62cab1e?s=96&d=mm&r=g","contentUrl":"https:\/\/secure.gravatar.com\/avatar\/dfb45d32bc7097f8f06d6e4f6e6b387e7cb8fd5b3a2869265c40587ab62cab1e?s=96&d=mm&r=g","caption":"etica"},"sameAs":["https:\/\/eticacomunica.com.mx"],"url":"https:\/\/eticacomunica.com.mx\/?author=1"}]}},"jetpack_publicize_connections":[],"jetpack_featured_media_url":"https:\/\/eticacomunica.com.mx\/wp-content\/uploads\/2026\/03\/IMG-20260317-WA0022.jpg","jetpack_sharing_enabled":true,"_links":{"self":[{"href":"https:\/\/eticacomunica.com.mx\/index.php?rest_route=\/wp\/v2\/posts\/31862","targetHints":{"allow":["GET"]}}],"collection":[{"href":"https:\/\/eticacomunica.com.mx\/index.php?rest_route=\/wp\/v2\/posts"}],"about":[{"href":"https:\/\/eticacomunica.com.mx\/index.php?rest_route=\/wp\/v2\/types\/post"}],"author":[{"embeddable":true,"href":"https:\/\/eticacomunica.com.mx\/index.php?rest_route=\/wp\/v2\/users\/1"}],"replies":[{"embeddable":true,"href":"https:\/\/eticacomunica.com.mx\/index.php?rest_route=%2Fwp%2Fv2%2Fcomments&post=31862"}],"version-history":[{"count":0,"href":"https:\/\/eticacomunica.com.mx\/index.php?rest_route=\/wp\/v2\/posts\/31862\/revisions"}],"wp:featuredmedia":[{"embeddable":true,"href":"https:\/\/eticacomunica.com.mx\/index.php?rest_route=\/wp\/v2\/media\/31861"}],"wp:attachment":[{"href":"https:\/\/eticacomunica.com.mx\/index.php?rest_route=%2Fwp%2Fv2%2Fmedia&parent=31862"}],"wp:term":[{"taxonomy":"category","embeddable":true,"href":"https:\/\/eticacomunica.com.mx\/index.php?rest_route=%2Fwp%2Fv2%2Fcategories&post=31862"},{"taxonomy":"post_tag","embeddable":true,"href":"https:\/\/eticacomunica.com.mx\/index.php?rest_route=%2Fwp%2Fv2%2Ftags&post=31862"}],"curies":[{"name":"wp","href":"https:\/\/api.w.org\/{rel}","templated":true}]}}