{"id":31866,"date":"2026-03-17T14:34:10","date_gmt":"2026-03-17T21:34:10","guid":{"rendered":"https:\/\/eticacomunica.com.mx\/?p=31866"},"modified":"2026-03-17T14:34:10","modified_gmt":"2026-03-17T21:34:10","slug":"la-estrategia-de-comercializacion-del-maiz-beneficiara-a-los-25-mil-productores-sinaloenses-asegura-rocha-moya","status":"publish","type":"post","link":"https:\/\/eticacomunica.com.mx\/?p=31866","title":{"rendered":"La estrategia de comercializaci\u00f3n del ma\u00edz beneficiar\u00e1 a los 25 mil productores sinaloenses, asegura Rocha Moya"},"content":{"rendered":"\n<p>Excelente la estrategia del Estado y Federaci\u00f3n para la venta del grano; ya se tiene vendida el 70% de la cosecha y se espera en los pr\u00f3ximos d\u00edas cerrar al 100%.<br><br>Culiac\u00e1n, Sin., a 17 de marzo de 2026.- Con la estrategia de comercializaci\u00f3n de la pr\u00f3xima cosecha de ma\u00edz en la entidad, implementada en conjunto por el gobierno federal y estatal, en coordinaci\u00f3n con los compradores locales y nacionales se beneficiar\u00e1 al 100 por ciento de los 25 mil productores sinaloenses, ya que a la fecha se tiene un compromiso de compra del 70 por ciento de la producci\u00f3n contemplada en Sinaloa y se espera que en la pr\u00f3xima semana se coloque el resto en el sector pecuario, de las casi 4 millones de toneladas programadas para este ciclo oto\u00f1o-invierno 2025-2026.<br><br>Lo anterior lo dio a conocer el Gobernador Rub\u00e9n Rocha Moya durante la conferencia semanera, donde resalt\u00f3 que el tema principal que a\u00f1o con a\u00f1o se daba, era precisamente la comercializaci\u00f3n del grano y, ahora, con la estrategia implementada con el apoyo de la Presidenta de la Rep\u00fablica, Claudia Sheinbaum Pardo se est\u00e1 solventando esta situaci\u00f3n, despu\u00e9s de la definici\u00f3n de los 65 d\u00f3lares para la base del ma\u00edz y el precio definido por la Bolsa de Granos de Chicago, s\u00f3lo faltar\u00eda el apoyo a otorgar por parte del Gobierno Federal y estatal.<br><br>\u201cNosotros vamos a darles un apoyo por tonelada como lo hacemos todos los a\u00f1os, como siempre se hace, pero ahorita estamos en el tema de la comercializaci\u00f3n y aqu\u00ed ya logramos que de los 4 millones de toneladas, comprometer en compra el 70% de la cosecha que est\u00e1 por iniciar a finales de abril. Ya hubo el compromiso de comprarnos 2.8 millones de toneladas y el resto lo vamos a seguir viendo en los pr\u00f3ximos d\u00edas\u201d, abund\u00f3 el mandatario estatal.<br><br>Rocha Moya aclar\u00f3 que \u201cahorita la base de la comercializaci\u00f3n ya qued\u00f3, pero el precio no termina hasta en tanto el gobierno dice yo les voy a apoyar con tanto por tonelada y nos ponemos de acuerdo con los productores y ah\u00ed es donde termina el precio\u201d.<br><br>Para ello, el Gobierno del Estado mes con mes realiza ahorros dentro de cada uno de sus programas, para responder a contingencias que se pudieran presentar, contemplando de antemano los apoyos que se estar\u00e1n otorgando a los productores sinaloenses.<br><br>Agreg\u00f3 que al tener ya en compromiso de compra el 70 por ciento de la producci\u00f3n, s\u00f3lo falta por definir lo que va a adquirir el sector pecuario de los estados de Sonora y Jalisco, adem\u00e1s del gremio nixtamalero de la Ciudad de M\u00e9xico que adquiere una gran cantidad del grano, con lo cual, Sinaloa ya tiene asegurada la comercializaci\u00f3n de este ciclo agr\u00edcola.<br><br>Rocha Moya destac\u00f3 un punto muy importante, y es el hecho de que la presidenta de la Rep\u00fablica, hizo el compromiso de que mientras en el pa\u00eds se est\u00e9 cosechando el ma\u00edz, no se podr\u00e1 importar el grano, asegurando as\u00ed la compra del producto nacional, lo que da mayor certidumbre a las nuevas pol\u00edticas agroalimentarias nacionales.<br><br>Por su parte, el secretario de Agricultura y Ganader\u00eda Ismael Bello Esquivel revel\u00f3 que ya se tienen programadas reuniones de trabajo con los sectores pecuarios de Sonora y Jalisco, adem\u00e1s de los nixtamaleros en la Ciudad de M\u00e9xico para definir montos de compra del ma\u00edz.<br><br>Precis\u00f3 que lo que se busca con esta estrategia, es apoyar a los 25 mil productores sinaloenses y evitar problemas de comercializaci\u00f3n \u201cy podemos ver que ha sido un \u00e9xito esta estrategia encabezada por el Gobernador, porque a una semana y tres d\u00edas despu\u00e9s de que se estableci\u00f3 la base ya va colocado el 70 por ciento de la cosecha y se espera en esta semana seguir trabajando para que se coloque el 100 por ciento de la producci\u00f3n\u201d.<\/p>\n","protected":false},"excerpt":{"rendered":"<p>Excelente la estrategia del Estado y Federaci\u00f3n para la venta del grano; ya se tiene vendida el 70% de la cosecha y se espera en los pr\u00f3ximos d\u00edas cerrar al&hellip;<\/p>\n","protected":false},"author":1,"featured_media":31865,"comment_status":"open","ping_status":"open","sticky":false,"template":"","format":"standard","meta":{"_jetpack_memberships_contains_paid_content":false,"footnotes":"","jetpack_publicize_message":"","jetpack_publicize_feature_enabled":true,"jetpack_social_post_already_shared":true,"jetpack_social_options":{"image_generator_settings":{"template":"highway","default_image_id":0,"font":"","enabled":false},"version":2}},"categories":[207,26],"tags":[34],"class_list":["post-31866","post","type-post","status-publish","format-standard","has-post-thumbnail","hentry","category-ges","category-portada","tag-gobierno-del-estado-de-sinaloa"],"yoast_head":"<!-- This site is optimized with the Yoast SEO plugin v27.2 - https:\/\/yoast.com\/product\/yoast-seo-wordpress\/ -->\n<title>La estrategia de comercializaci\u00f3n del ma\u00edz beneficiar\u00e1 a los 25 mil productores sinaloenses, asegura Rocha Moya - \u00c9tica Comunica<\/title>\n<meta name=\"robots\" content=\"index, follow, max-snippet:-1, max-image-preview:large, max-video-preview:-1\" \/>\n<link rel=\"canonical\" href=\"https:\/\/eticacomunica.com.mx\/?p=31866\" \/>\n<meta property=\"og:locale\" content=\"es_MX\" \/>\n<meta property=\"og:type\" content=\"article\" \/>\n<meta property=\"og:title\" content=\"La estrategia de comercializaci\u00f3n del ma\u00edz beneficiar\u00e1 a los 25 mil productores sinaloenses, asegura Rocha Moya - \u00c9tica Comunica\" \/>\n<meta property=\"og:description\" content=\"Excelente la estrategia del Estado y Federaci\u00f3n para la venta del grano; ya se tiene vendida el 70% de la cosecha y se espera en los pr\u00f3ximos d\u00edas cerrar al&hellip;\" \/>\n<meta property=\"og:url\" content=\"https:\/\/eticacomunica.com.mx\/?p=31866\" \/>\n<meta property=\"og:site_name\" content=\"\u00c9tica Comunica\" \/>\n<meta property=\"article:publisher\" content=\"https:\/\/www.facebook.com\/eticacomunica\" \/>\n<meta property=\"article:published_time\" content=\"2026-03-17T21:34:10+00:00\" \/>\n<meta name=\"author\" content=\"etica\" \/>\n<meta name=\"twitter:card\" content=\"summary_large_image\" \/>\n<meta name=\"twitter:label1\" content=\"Escrito por\" \/>\n\t<meta name=\"twitter:data1\" content=\"etica\" \/>\n\t<meta name=\"twitter:label2\" content=\"Tiempo de lectura\" \/>\n\t<meta name=\"twitter:data2\" content=\"3 minutos\" \/>\n<script type=\"application\/ld+json\" class=\"yoast-schema-graph\">{\"@context\":\"https:\/\/schema.org\",\"@graph\":[{\"@type\":\"Article\",\"@id\":\"https:\/\/eticacomunica.com.mx\/?p=31866#article\",\"isPartOf\":{\"@id\":\"https:\/\/eticacomunica.com.mx\/?p=31866\"},\"author\":{\"name\":\"etica\",\"@id\":\"https:\/\/eticacomunica.com.mx\/#\/schema\/person\/2cacc47bd17fe8ad92f08c0313d22fa6\"},\"headline\":\"La estrategia de comercializaci\u00f3n del ma\u00edz beneficiar\u00e1 a los 25 mil productores sinaloenses, asegura Rocha Moya\",\"datePublished\":\"2026-03-17T21:34:10+00:00\",\"mainEntityOfPage\":{\"@id\":\"https:\/\/eticacomunica.com.mx\/?p=31866\"},\"wordCount\":684,\"commentCount\":0,\"publisher\":{\"@id\":\"https:\/\/eticacomunica.com.mx\/#organization\"},\"image\":{\"@id\":\"https:\/\/eticacomunica.com.mx\/?p=31866#primaryimage\"},\"thumbnailUrl\":\"https:\/\/eticacomunica.com.mx\/wp-content\/uploads\/2026\/03\/IMG-20260317-WA0038.jpg\",\"keywords\":[\"Gobierno del Estado de Sinaloa\"],\"articleSection\":[\"GES\",\"Portada\"],\"inLanguage\":\"es\",\"potentialAction\":[{\"@type\":\"CommentAction\",\"name\":\"Comment\",\"target\":[\"https:\/\/eticacomunica.com.mx\/?p=31866#respond\"]}]},{\"@type\":\"WebPage\",\"@id\":\"https:\/\/eticacomunica.com.mx\/?p=31866\",\"url\":\"https:\/\/eticacomunica.com.mx\/?p=31866\",\"name\":\"La estrategia de comercializaci\u00f3n del ma\u00edz beneficiar\u00e1 a los 25 mil productores sinaloenses, asegura Rocha Moya - \u00c9tica Comunica\",\"isPartOf\":{\"@id\":\"https:\/\/eticacomunica.com.mx\/#website\"},\"primaryImageOfPage\":{\"@id\":\"https:\/\/eticacomunica.com.mx\/?p=31866#primaryimage\"},\"image\":{\"@id\":\"https:\/\/eticacomunica.com.mx\/?p=31866#primaryimage\"},\"thumbnailUrl\":\"https:\/\/eticacomunica.com.mx\/wp-content\/uploads\/2026\/03\/IMG-20260317-WA0038.jpg\",\"datePublished\":\"2026-03-17T21:34:10+00:00\",\"breadcrumb\":{\"@id\":\"https:\/\/eticacomunica.com.mx\/?p=31866#breadcrumb\"},\"inLanguage\":\"es\",\"potentialAction\":[{\"@type\":\"ReadAction\",\"target\":[\"https:\/\/eticacomunica.com.mx\/?p=31866\"]}]},{\"@type\":\"ImageObject\",\"inLanguage\":\"es\",\"@id\":\"https:\/\/eticacomunica.com.mx\/?p=31866#primaryimage\",\"url\":\"https:\/\/eticacomunica.com.mx\/wp-content\/uploads\/2026\/03\/IMG-20260317-WA0038.jpg\",\"contentUrl\":\"https:\/\/eticacomunica.com.mx\/wp-content\/uploads\/2026\/03\/IMG-20260317-WA0038.jpg\",\"width\":1280,\"height\":853},{\"@type\":\"BreadcrumbList\",\"@id\":\"https:\/\/eticacomunica.com.mx\/?p=31866#breadcrumb\",\"itemListElement\":[{\"@type\":\"ListItem\",\"position\":1,\"name\":\"Inicio\",\"item\":\"https:\/\/eticacomunica.com.mx\/\"},{\"@type\":\"ListItem\",\"position\":2,\"name\":\"La estrategia de comercializaci\u00f3n del ma\u00edz beneficiar\u00e1 a los 25 mil productores sinaloenses, asegura Rocha Moya\"}]},{\"@type\":\"WebSite\",\"@id\":\"https:\/\/eticacomunica.com.mx\/#website\",\"url\":\"https:\/\/eticacomunica.com.mx\/\",\"name\":\"\u00c9tica Comunica\",\"description\":\"Diario Digital\",\"publisher\":{\"@id\":\"https:\/\/eticacomunica.com.mx\/#organization\"},\"potentialAction\":[{\"@type\":\"SearchAction\",\"target\":{\"@type\":\"EntryPoint\",\"urlTemplate\":\"https:\/\/eticacomunica.com.mx\/?s={search_term_string}\"},\"query-input\":{\"@type\":\"PropertyValueSpecification\",\"valueRequired\":true,\"valueName\":\"search_term_string\"}}],\"inLanguage\":\"es\"},{\"@type\":\"Organization\",\"@id\":\"https:\/\/eticacomunica.com.mx\/#organization\",\"name\":\"Diarios Digitales de Sinaloa\",\"url\":\"https:\/\/eticacomunica.com.mx\/\",\"logo\":{\"@type\":\"ImageObject\",\"inLanguage\":\"es\",\"@id\":\"https:\/\/eticacomunica.com.mx\/#\/schema\/logo\/image\/\",\"url\":\"https:\/\/eticacomunica.com.mx\/wp-content\/uploads\/2023\/10\/etica-logo.png\",\"contentUrl\":\"https:\/\/eticacomunica.com.mx\/wp-content\/uploads\/2023\/10\/etica-logo.png\",\"width\":1280,\"height\":432,\"caption\":\"Diarios Digitales de Sinaloa\"},\"image\":{\"@id\":\"https:\/\/eticacomunica.com.mx\/#\/schema\/logo\/image\/\"},\"sameAs\":[\"https:\/\/www.facebook.com\/eticacomunica\"]},{\"@type\":\"Person\",\"@id\":\"https:\/\/eticacomunica.com.mx\/#\/schema\/person\/2cacc47bd17fe8ad92f08c0313d22fa6\",\"name\":\"etica\",\"image\":{\"@type\":\"ImageObject\",\"inLanguage\":\"es\",\"@id\":\"https:\/\/secure.gravatar.com\/avatar\/dfb45d32bc7097f8f06d6e4f6e6b387e7cb8fd5b3a2869265c40587ab62cab1e?s=96&d=mm&r=g\",\"url\":\"https:\/\/secure.gravatar.com\/avatar\/dfb45d32bc7097f8f06d6e4f6e6b387e7cb8fd5b3a2869265c40587ab62cab1e?s=96&d=mm&r=g\",\"contentUrl\":\"https:\/\/secure.gravatar.com\/avatar\/dfb45d32bc7097f8f06d6e4f6e6b387e7cb8fd5b3a2869265c40587ab62cab1e?s=96&d=mm&r=g\",\"caption\":\"etica\"},\"sameAs\":[\"https:\/\/eticacomunica.com.mx\"],\"url\":\"https:\/\/eticacomunica.com.mx\/?author=1\"}]}<\/script>\n<!-- \/ Yoast SEO plugin. -->","yoast_head_json":{"title":"La estrategia de comercializaci\u00f3n del ma\u00edz beneficiar\u00e1 a los 25 mil productores sinaloenses, asegura Rocha Moya - \u00c9tica Comunica","robots":{"index":"index","follow":"follow","max-snippet":"max-snippet:-1","max-image-preview":"max-image-preview:large","max-video-preview":"max-video-preview:-1"},"canonical":"https:\/\/eticacomunica.com.mx\/?p=31866","og_locale":"es_MX","og_type":"article","og_title":"La estrategia de comercializaci\u00f3n del ma\u00edz beneficiar\u00e1 a los 25 mil productores sinaloenses, asegura Rocha Moya - \u00c9tica Comunica","og_description":"Excelente la estrategia del Estado y Federaci\u00f3n para la venta del grano; ya se tiene vendida el 70% de la cosecha y se espera en los pr\u00f3ximos d\u00edas cerrar al&hellip;","og_url":"https:\/\/eticacomunica.com.mx\/?p=31866","og_site_name":"\u00c9tica Comunica","article_publisher":"https:\/\/www.facebook.com\/eticacomunica","article_published_time":"2026-03-17T21:34:10+00:00","author":"etica","twitter_card":"summary_large_image","twitter_misc":{"Escrito por":"etica","Tiempo de lectura":"3 minutos"},"schema":{"@context":"https:\/\/schema.org","@graph":[{"@type":"Article","@id":"https:\/\/eticacomunica.com.mx\/?p=31866#article","isPartOf":{"@id":"https:\/\/eticacomunica.com.mx\/?p=31866"},"author":{"name":"etica","@id":"https:\/\/eticacomunica.com.mx\/#\/schema\/person\/2cacc47bd17fe8ad92f08c0313d22fa6"},"headline":"La estrategia de comercializaci\u00f3n del ma\u00edz beneficiar\u00e1 a los 25 mil productores sinaloenses, asegura Rocha Moya","datePublished":"2026-03-17T21:34:10+00:00","mainEntityOfPage":{"@id":"https:\/\/eticacomunica.com.mx\/?p=31866"},"wordCount":684,"commentCount":0,"publisher":{"@id":"https:\/\/eticacomunica.com.mx\/#organization"},"image":{"@id":"https:\/\/eticacomunica.com.mx\/?p=31866#primaryimage"},"thumbnailUrl":"https:\/\/eticacomunica.com.mx\/wp-content\/uploads\/2026\/03\/IMG-20260317-WA0038.jpg","keywords":["Gobierno del Estado de Sinaloa"],"articleSection":["GES","Portada"],"inLanguage":"es","potentialAction":[{"@type":"CommentAction","name":"Comment","target":["https:\/\/eticacomunica.com.mx\/?p=31866#respond"]}]},{"@type":"WebPage","@id":"https:\/\/eticacomunica.com.mx\/?p=31866","url":"https:\/\/eticacomunica.com.mx\/?p=31866","name":"La estrategia de comercializaci\u00f3n del ma\u00edz beneficiar\u00e1 a los 25 mil productores sinaloenses, asegura Rocha Moya - \u00c9tica Comunica","isPartOf":{"@id":"https:\/\/eticacomunica.com.mx\/#website"},"primaryImageOfPage":{"@id":"https:\/\/eticacomunica.com.mx\/?p=31866#primaryimage"},"image":{"@id":"https:\/\/eticacomunica.com.mx\/?p=31866#primaryimage"},"thumbnailUrl":"https:\/\/eticacomunica.com.mx\/wp-content\/uploads\/2026\/03\/IMG-20260317-WA0038.jpg","datePublished":"2026-03-17T21:34:10+00:00","breadcrumb":{"@id":"https:\/\/eticacomunica.com.mx\/?p=31866#breadcrumb"},"inLanguage":"es","potentialAction":[{"@type":"ReadAction","target":["https:\/\/eticacomunica.com.mx\/?p=31866"]}]},{"@type":"ImageObject","inLanguage":"es","@id":"https:\/\/eticacomunica.com.mx\/?p=31866#primaryimage","url":"https:\/\/eticacomunica.com.mx\/wp-content\/uploads\/2026\/03\/IMG-20260317-WA0038.jpg","contentUrl":"https:\/\/eticacomunica.com.mx\/wp-content\/uploads\/2026\/03\/IMG-20260317-WA0038.jpg","width":1280,"height":853},{"@type":"BreadcrumbList","@id":"https:\/\/eticacomunica.com.mx\/?p=31866#breadcrumb","itemListElement":[{"@type":"ListItem","position":1,"name":"Inicio","item":"https:\/\/eticacomunica.com.mx\/"},{"@type":"ListItem","position":2,"name":"La estrategia de comercializaci\u00f3n del ma\u00edz beneficiar\u00e1 a los 25 mil productores sinaloenses, asegura Rocha Moya"}]},{"@type":"WebSite","@id":"https:\/\/eticacomunica.com.mx\/#website","url":"https:\/\/eticacomunica.com.mx\/","name":"\u00c9tica Comunica","description":"Diario Digital","publisher":{"@id":"https:\/\/eticacomunica.com.mx\/#organization"},"potentialAction":[{"@type":"SearchAction","target":{"@type":"EntryPoint","urlTemplate":"https:\/\/eticacomunica.com.mx\/?s={search_term_string}"},"query-input":{"@type":"PropertyValueSpecification","valueRequired":true,"valueName":"search_term_string"}}],"inLanguage":"es"},{"@type":"Organization","@id":"https:\/\/eticacomunica.com.mx\/#organization","name":"Diarios Digitales de Sinaloa","url":"https:\/\/eticacomunica.com.mx\/","logo":{"@type":"ImageObject","inLanguage":"es","@id":"https:\/\/eticacomunica.com.mx\/#\/schema\/logo\/image\/","url":"https:\/\/eticacomunica.com.mx\/wp-content\/uploads\/2023\/10\/etica-logo.png","contentUrl":"https:\/\/eticacomunica.com.mx\/wp-content\/uploads\/2023\/10\/etica-logo.png","width":1280,"height":432,"caption":"Diarios Digitales de Sinaloa"},"image":{"@id":"https:\/\/eticacomunica.com.mx\/#\/schema\/logo\/image\/"},"sameAs":["https:\/\/www.facebook.com\/eticacomunica"]},{"@type":"Person","@id":"https:\/\/eticacomunica.com.mx\/#\/schema\/person\/2cacc47bd17fe8ad92f08c0313d22fa6","name":"etica","image":{"@type":"ImageObject","inLanguage":"es","@id":"https:\/\/secure.gravatar.com\/avatar\/dfb45d32bc7097f8f06d6e4f6e6b387e7cb8fd5b3a2869265c40587ab62cab1e?s=96&d=mm&r=g","url":"https:\/\/secure.gravatar.com\/avatar\/dfb45d32bc7097f8f06d6e4f6e6b387e7cb8fd5b3a2869265c40587ab62cab1e?s=96&d=mm&r=g","contentUrl":"https:\/\/secure.gravatar.com\/avatar\/dfb45d32bc7097f8f06d6e4f6e6b387e7cb8fd5b3a2869265c40587ab62cab1e?s=96&d=mm&r=g","caption":"etica"},"sameAs":["https:\/\/eticacomunica.com.mx"],"url":"https:\/\/eticacomunica.com.mx\/?author=1"}]}},"jetpack_publicize_connections":[],"jetpack_featured_media_url":"https:\/\/eticacomunica.com.mx\/wp-content\/uploads\/2026\/03\/IMG-20260317-WA0038.jpg","jetpack_sharing_enabled":true,"_links":{"self":[{"href":"https:\/\/eticacomunica.com.mx\/index.php?rest_route=\/wp\/v2\/posts\/31866","targetHints":{"allow":["GET"]}}],"collection":[{"href":"https:\/\/eticacomunica.com.mx\/index.php?rest_route=\/wp\/v2\/posts"}],"about":[{"href":"https:\/\/eticacomunica.com.mx\/index.php?rest_route=\/wp\/v2\/types\/post"}],"author":[{"embeddable":true,"href":"https:\/\/eticacomunica.com.mx\/index.php?rest_route=\/wp\/v2\/users\/1"}],"replies":[{"embeddable":true,"href":"https:\/\/eticacomunica.com.mx\/index.php?rest_route=%2Fwp%2Fv2%2Fcomments&post=31866"}],"version-history":[{"count":0,"href":"https:\/\/eticacomunica.com.mx\/index.php?rest_route=\/wp\/v2\/posts\/31866\/revisions"}],"wp:featuredmedia":[{"embeddable":true,"href":"https:\/\/eticacomunica.com.mx\/index.php?rest_route=\/wp\/v2\/media\/31865"}],"wp:attachment":[{"href":"https:\/\/eticacomunica.com.mx\/index.php?rest_route=%2Fwp%2Fv2%2Fmedia&parent=31866"}],"wp:term":[{"taxonomy":"category","embeddable":true,"href":"https:\/\/eticacomunica.com.mx\/index.php?rest_route=%2Fwp%2Fv2%2Fcategories&post=31866"},{"taxonomy":"post_tag","embeddable":true,"href":"https:\/\/eticacomunica.com.mx\/index.php?rest_route=%2Fwp%2Fv2%2Ftags&post=31866"}],"curies":[{"name":"wp","href":"https:\/\/api.w.org\/{rel}","templated":true}]}}