{"id":31868,"date":"2026-03-17T14:52:35","date_gmt":"2026-03-17T21:52:35","guid":{"rendered":"https:\/\/eticacomunica.com.mx\/?p=31868"},"modified":"2026-03-17T14:52:35","modified_gmt":"2026-03-17T21:52:35","slug":"se-destinan-420-mdp-para-rehabilitar-carreteras-federales-y-83-mdp-a-carreteras-estatales","status":"publish","type":"post","link":"https:\/\/eticacomunica.com.mx\/?p=31868","title":{"rendered":"Se destinan 420 mdp para rehabilitar carreteras federales y 83 mdp a carreteras estatales"},"content":{"rendered":"\n<p>La instrucci\u00f3n del gobernador, Rub\u00e9n Rocha es que todas las carreteras est\u00e9n en buen estado para Semana Santa por lo que Gobierno del Estado destina 30 millones de pesos para rehabilitar la Autopista Benito Ju\u00e1rez y otros 53 millones para carreteras a 63 destinos tur\u00edsticos.<br><br>Culiac\u00e1n, Sinaloa, martes 17 de marzo de 2026. Con recursos por el orden de los 420 millones de pesos, el Gobierno Federal rehabilitar\u00e1 m\u00e1s de 144 kil\u00f3metros de carreteras federales en Sinaloa y Gobierno del Estado trabaja ya en rehabilitar las r\u00faas estatales con recursos por 83 millones de pesos, inform\u00f3 el secretario de Obras P\u00fablicas de Gobierno, Ra\u00fal Mortero Zamudio.<br><br>En la conferencia Semanera donde el gobernador, Rub\u00e9n Rocha Moya, instruy\u00f3 al titular de Obras P\u00fablicas para que las carreteras est\u00e9n en buen estado para antes de Semana Santa a fin de evitar accidentes.<br><br>&#8220;Hay \u00e1reas que necesitan reencarpetado y otras que son bacheo. Y el compromiso es que todas las carreteras, que se entienda bien, y que sean eficientes en eso, todos los destinos tur\u00edsticos, todas las carreteras deben estar debidamente habilitadas, que no haya accidentes producto de los llamados socavones, el tema de los baches que son bachecitos y al rato se convierten en socavones, nada, con todas las carreteras\u201d, expres\u00f3.<br><br>Del programa de conservaci\u00f3n de carreteras por parte del Gobierno Federal, Montero Zamudio destac\u00f3 que la SICT est\u00e1 lanzando 15 licitaciones para conservaci\u00f3n y reparaci\u00f3n de carreteras federales, desde Las Brisas hasta los l\u00edmites con Sonora y en la zona centro, est\u00e1n El Diez, El Quemadito, Ejido Can\u00e1n y Costa Rica y en la zona sur: La Concha, Ojo de Agua de Palmillas, el Tr\u00e9bol; en Rosario, Tambo viejo y El Huejote. <br><br>\u201cContempla el reencarpetado de 144 kil\u00f3metros con una inversi\u00f3n aproximada de 420 millones. Digamos que en la zona norte, , de toda la red federal, va a pasar por Las Brisas, San Rafael, Cuatro Caminos, Gabriel Leyva Solano, Ejido Figueroa, El Campesino, Guasave, Ruiz Cort\u00ednez n\u00famero 3, Adolfo Ruiz Cort\u00ednez, Juan Jos\u00e9 R\u00edos, Los Mochis, Flor Azul, Zapotillo 2, Ejido Las Calaveras, Alfonso G. Calder\u00f3n, Poblado 6, Los Natoches, Chihuahuita, Poblado n\u00famero 5,&nbsp; El Carrizo, Venustiano Carranza y Reforma, Guillermo Ch\u00e1vez Talamantes,&nbsp; Dolores Hidalgo, El Desenga\u00f1o y Emigdio Ruiz, esto es en la&nbsp; zona norte\u201d, mencion\u00f3 el titular de la SOP.<\/p>\n","protected":false},"excerpt":{"rendered":"<p>La instrucci\u00f3n del gobernador, Rub\u00e9n Rocha es que todas las carreteras est\u00e9n en buen estado para Semana Santa por lo que Gobierno del Estado destina 30 millones de pesos para&hellip;<\/p>\n","protected":false},"author":1,"featured_media":31867,"comment_status":"open","ping_status":"open","sticky":false,"template":"","format":"standard","meta":{"_jetpack_memberships_contains_paid_content":false,"footnotes":"","jetpack_publicize_message":"","jetpack_publicize_feature_enabled":true,"jetpack_social_post_already_shared":true,"jetpack_social_options":{"image_generator_settings":{"template":"highway","default_image_id":0,"font":"","enabled":false},"version":2}},"categories":[52],"tags":[34],"class_list":["post-31868","post","type-post","status-publish","format-standard","has-post-thumbnail","hentry","category-subportada","tag-gobierno-del-estado-de-sinaloa"],"yoast_head":"<!-- This site is optimized with the Yoast SEO plugin v27.2 - https:\/\/yoast.com\/product\/yoast-seo-wordpress\/ -->\n<title>Se destinan 420 mdp para rehabilitar carreteras federales y 83 mdp a carreteras estatales - \u00c9tica Comunica<\/title>\n<meta name=\"robots\" content=\"index, follow, max-snippet:-1, max-image-preview:large, max-video-preview:-1\" \/>\n<link rel=\"canonical\" href=\"https:\/\/eticacomunica.com.mx\/?p=31868\" \/>\n<meta property=\"og:locale\" content=\"es_MX\" \/>\n<meta property=\"og:type\" content=\"article\" \/>\n<meta property=\"og:title\" content=\"Se destinan 420 mdp para rehabilitar carreteras federales y 83 mdp a carreteras estatales - \u00c9tica Comunica\" \/>\n<meta property=\"og:description\" content=\"La instrucci\u00f3n del gobernador, Rub\u00e9n Rocha es que todas las carreteras est\u00e9n en buen estado para Semana Santa por lo que Gobierno del Estado destina 30 millones de pesos para&hellip;\" \/>\n<meta property=\"og:url\" content=\"https:\/\/eticacomunica.com.mx\/?p=31868\" \/>\n<meta property=\"og:site_name\" content=\"\u00c9tica Comunica\" \/>\n<meta property=\"article:publisher\" content=\"https:\/\/www.facebook.com\/eticacomunica\" \/>\n<meta property=\"article:published_time\" content=\"2026-03-17T21:52:35+00:00\" \/>\n<meta name=\"author\" content=\"etica\" \/>\n<meta name=\"twitter:card\" content=\"summary_large_image\" \/>\n<meta name=\"twitter:label1\" content=\"Escrito por\" \/>\n\t<meta name=\"twitter:data1\" content=\"etica\" \/>\n\t<meta name=\"twitter:label2\" content=\"Tiempo de lectura\" \/>\n\t<meta name=\"twitter:data2\" content=\"2 minutos\" \/>\n<script type=\"application\/ld+json\" class=\"yoast-schema-graph\">{\"@context\":\"https:\/\/schema.org\",\"@graph\":[{\"@type\":\"Article\",\"@id\":\"https:\/\/eticacomunica.com.mx\/?p=31868#article\",\"isPartOf\":{\"@id\":\"https:\/\/eticacomunica.com.mx\/?p=31868\"},\"author\":{\"name\":\"etica\",\"@id\":\"https:\/\/eticacomunica.com.mx\/#\/schema\/person\/2cacc47bd17fe8ad92f08c0313d22fa6\"},\"headline\":\"Se destinan 420 mdp para rehabilitar carreteras federales y 83 mdp a carreteras estatales\",\"datePublished\":\"2026-03-17T21:52:35+00:00\",\"mainEntityOfPage\":{\"@id\":\"https:\/\/eticacomunica.com.mx\/?p=31868\"},\"wordCount\":413,\"commentCount\":0,\"publisher\":{\"@id\":\"https:\/\/eticacomunica.com.mx\/#organization\"},\"image\":{\"@id\":\"https:\/\/eticacomunica.com.mx\/?p=31868#primaryimage\"},\"thumbnailUrl\":\"https:\/\/eticacomunica.com.mx\/wp-content\/uploads\/2026\/03\/IMG-20260317-WA0050.jpg\",\"keywords\":[\"Gobierno del Estado de Sinaloa\"],\"articleSection\":[\"Subportada\"],\"inLanguage\":\"es\",\"potentialAction\":[{\"@type\":\"CommentAction\",\"name\":\"Comment\",\"target\":[\"https:\/\/eticacomunica.com.mx\/?p=31868#respond\"]}]},{\"@type\":\"WebPage\",\"@id\":\"https:\/\/eticacomunica.com.mx\/?p=31868\",\"url\":\"https:\/\/eticacomunica.com.mx\/?p=31868\",\"name\":\"Se destinan 420 mdp para rehabilitar carreteras federales y 83 mdp a carreteras estatales - \u00c9tica Comunica\",\"isPartOf\":{\"@id\":\"https:\/\/eticacomunica.com.mx\/#website\"},\"primaryImageOfPage\":{\"@id\":\"https:\/\/eticacomunica.com.mx\/?p=31868#primaryimage\"},\"image\":{\"@id\":\"https:\/\/eticacomunica.com.mx\/?p=31868#primaryimage\"},\"thumbnailUrl\":\"https:\/\/eticacomunica.com.mx\/wp-content\/uploads\/2026\/03\/IMG-20260317-WA0050.jpg\",\"datePublished\":\"2026-03-17T21:52:35+00:00\",\"breadcrumb\":{\"@id\":\"https:\/\/eticacomunica.com.mx\/?p=31868#breadcrumb\"},\"inLanguage\":\"es\",\"potentialAction\":[{\"@type\":\"ReadAction\",\"target\":[\"https:\/\/eticacomunica.com.mx\/?p=31868\"]}]},{\"@type\":\"ImageObject\",\"inLanguage\":\"es\",\"@id\":\"https:\/\/eticacomunica.com.mx\/?p=31868#primaryimage\",\"url\":\"https:\/\/eticacomunica.com.mx\/wp-content\/uploads\/2026\/03\/IMG-20260317-WA0050.jpg\",\"contentUrl\":\"https:\/\/eticacomunica.com.mx\/wp-content\/uploads\/2026\/03\/IMG-20260317-WA0050.jpg\",\"width\":1199,\"height\":797},{\"@type\":\"BreadcrumbList\",\"@id\":\"https:\/\/eticacomunica.com.mx\/?p=31868#breadcrumb\",\"itemListElement\":[{\"@type\":\"ListItem\",\"position\":1,\"name\":\"Inicio\",\"item\":\"https:\/\/eticacomunica.com.mx\/\"},{\"@type\":\"ListItem\",\"position\":2,\"name\":\"Se destinan 420 mdp para rehabilitar carreteras federales y 83 mdp a carreteras estatales\"}]},{\"@type\":\"WebSite\",\"@id\":\"https:\/\/eticacomunica.com.mx\/#website\",\"url\":\"https:\/\/eticacomunica.com.mx\/\",\"name\":\"\u00c9tica Comunica\",\"description\":\"Diario Digital\",\"publisher\":{\"@id\":\"https:\/\/eticacomunica.com.mx\/#organization\"},\"potentialAction\":[{\"@type\":\"SearchAction\",\"target\":{\"@type\":\"EntryPoint\",\"urlTemplate\":\"https:\/\/eticacomunica.com.mx\/?s={search_term_string}\"},\"query-input\":{\"@type\":\"PropertyValueSpecification\",\"valueRequired\":true,\"valueName\":\"search_term_string\"}}],\"inLanguage\":\"es\"},{\"@type\":\"Organization\",\"@id\":\"https:\/\/eticacomunica.com.mx\/#organization\",\"name\":\"Diarios Digitales de Sinaloa\",\"url\":\"https:\/\/eticacomunica.com.mx\/\",\"logo\":{\"@type\":\"ImageObject\",\"inLanguage\":\"es\",\"@id\":\"https:\/\/eticacomunica.com.mx\/#\/schema\/logo\/image\/\",\"url\":\"https:\/\/eticacomunica.com.mx\/wp-content\/uploads\/2023\/10\/etica-logo.png\",\"contentUrl\":\"https:\/\/eticacomunica.com.mx\/wp-content\/uploads\/2023\/10\/etica-logo.png\",\"width\":1280,\"height\":432,\"caption\":\"Diarios Digitales de Sinaloa\"},\"image\":{\"@id\":\"https:\/\/eticacomunica.com.mx\/#\/schema\/logo\/image\/\"},\"sameAs\":[\"https:\/\/www.facebook.com\/eticacomunica\"]},{\"@type\":\"Person\",\"@id\":\"https:\/\/eticacomunica.com.mx\/#\/schema\/person\/2cacc47bd17fe8ad92f08c0313d22fa6\",\"name\":\"etica\",\"image\":{\"@type\":\"ImageObject\",\"inLanguage\":\"es\",\"@id\":\"https:\/\/secure.gravatar.com\/avatar\/dfb45d32bc7097f8f06d6e4f6e6b387e7cb8fd5b3a2869265c40587ab62cab1e?s=96&d=mm&r=g\",\"url\":\"https:\/\/secure.gravatar.com\/avatar\/dfb45d32bc7097f8f06d6e4f6e6b387e7cb8fd5b3a2869265c40587ab62cab1e?s=96&d=mm&r=g\",\"contentUrl\":\"https:\/\/secure.gravatar.com\/avatar\/dfb45d32bc7097f8f06d6e4f6e6b387e7cb8fd5b3a2869265c40587ab62cab1e?s=96&d=mm&r=g\",\"caption\":\"etica\"},\"sameAs\":[\"https:\/\/eticacomunica.com.mx\"],\"url\":\"https:\/\/eticacomunica.com.mx\/?author=1\"}]}<\/script>\n<!-- \/ Yoast SEO plugin. -->","yoast_head_json":{"title":"Se destinan 420 mdp para rehabilitar carreteras federales y 83 mdp a carreteras estatales - \u00c9tica Comunica","robots":{"index":"index","follow":"follow","max-snippet":"max-snippet:-1","max-image-preview":"max-image-preview:large","max-video-preview":"max-video-preview:-1"},"canonical":"https:\/\/eticacomunica.com.mx\/?p=31868","og_locale":"es_MX","og_type":"article","og_title":"Se destinan 420 mdp para rehabilitar carreteras federales y 83 mdp a carreteras estatales - \u00c9tica Comunica","og_description":"La instrucci\u00f3n del gobernador, Rub\u00e9n Rocha es que todas las carreteras est\u00e9n en buen estado para Semana Santa por lo que Gobierno del Estado destina 30 millones de pesos para&hellip;","og_url":"https:\/\/eticacomunica.com.mx\/?p=31868","og_site_name":"\u00c9tica Comunica","article_publisher":"https:\/\/www.facebook.com\/eticacomunica","article_published_time":"2026-03-17T21:52:35+00:00","author":"etica","twitter_card":"summary_large_image","twitter_misc":{"Escrito por":"etica","Tiempo de lectura":"2 minutos"},"schema":{"@context":"https:\/\/schema.org","@graph":[{"@type":"Article","@id":"https:\/\/eticacomunica.com.mx\/?p=31868#article","isPartOf":{"@id":"https:\/\/eticacomunica.com.mx\/?p=31868"},"author":{"name":"etica","@id":"https:\/\/eticacomunica.com.mx\/#\/schema\/person\/2cacc47bd17fe8ad92f08c0313d22fa6"},"headline":"Se destinan 420 mdp para rehabilitar carreteras federales y 83 mdp a carreteras estatales","datePublished":"2026-03-17T21:52:35+00:00","mainEntityOfPage":{"@id":"https:\/\/eticacomunica.com.mx\/?p=31868"},"wordCount":413,"commentCount":0,"publisher":{"@id":"https:\/\/eticacomunica.com.mx\/#organization"},"image":{"@id":"https:\/\/eticacomunica.com.mx\/?p=31868#primaryimage"},"thumbnailUrl":"https:\/\/eticacomunica.com.mx\/wp-content\/uploads\/2026\/03\/IMG-20260317-WA0050.jpg","keywords":["Gobierno del Estado de Sinaloa"],"articleSection":["Subportada"],"inLanguage":"es","potentialAction":[{"@type":"CommentAction","name":"Comment","target":["https:\/\/eticacomunica.com.mx\/?p=31868#respond"]}]},{"@type":"WebPage","@id":"https:\/\/eticacomunica.com.mx\/?p=31868","url":"https:\/\/eticacomunica.com.mx\/?p=31868","name":"Se destinan 420 mdp para rehabilitar carreteras federales y 83 mdp a carreteras estatales - \u00c9tica Comunica","isPartOf":{"@id":"https:\/\/eticacomunica.com.mx\/#website"},"primaryImageOfPage":{"@id":"https:\/\/eticacomunica.com.mx\/?p=31868#primaryimage"},"image":{"@id":"https:\/\/eticacomunica.com.mx\/?p=31868#primaryimage"},"thumbnailUrl":"https:\/\/eticacomunica.com.mx\/wp-content\/uploads\/2026\/03\/IMG-20260317-WA0050.jpg","datePublished":"2026-03-17T21:52:35+00:00","breadcrumb":{"@id":"https:\/\/eticacomunica.com.mx\/?p=31868#breadcrumb"},"inLanguage":"es","potentialAction":[{"@type":"ReadAction","target":["https:\/\/eticacomunica.com.mx\/?p=31868"]}]},{"@type":"ImageObject","inLanguage":"es","@id":"https:\/\/eticacomunica.com.mx\/?p=31868#primaryimage","url":"https:\/\/eticacomunica.com.mx\/wp-content\/uploads\/2026\/03\/IMG-20260317-WA0050.jpg","contentUrl":"https:\/\/eticacomunica.com.mx\/wp-content\/uploads\/2026\/03\/IMG-20260317-WA0050.jpg","width":1199,"height":797},{"@type":"BreadcrumbList","@id":"https:\/\/eticacomunica.com.mx\/?p=31868#breadcrumb","itemListElement":[{"@type":"ListItem","position":1,"name":"Inicio","item":"https:\/\/eticacomunica.com.mx\/"},{"@type":"ListItem","position":2,"name":"Se destinan 420 mdp para rehabilitar carreteras federales y 83 mdp a carreteras estatales"}]},{"@type":"WebSite","@id":"https:\/\/eticacomunica.com.mx\/#website","url":"https:\/\/eticacomunica.com.mx\/","name":"\u00c9tica Comunica","description":"Diario Digital","publisher":{"@id":"https:\/\/eticacomunica.com.mx\/#organization"},"potentialAction":[{"@type":"SearchAction","target":{"@type":"EntryPoint","urlTemplate":"https:\/\/eticacomunica.com.mx\/?s={search_term_string}"},"query-input":{"@type":"PropertyValueSpecification","valueRequired":true,"valueName":"search_term_string"}}],"inLanguage":"es"},{"@type":"Organization","@id":"https:\/\/eticacomunica.com.mx\/#organization","name":"Diarios Digitales de Sinaloa","url":"https:\/\/eticacomunica.com.mx\/","logo":{"@type":"ImageObject","inLanguage":"es","@id":"https:\/\/eticacomunica.com.mx\/#\/schema\/logo\/image\/","url":"https:\/\/eticacomunica.com.mx\/wp-content\/uploads\/2023\/10\/etica-logo.png","contentUrl":"https:\/\/eticacomunica.com.mx\/wp-content\/uploads\/2023\/10\/etica-logo.png","width":1280,"height":432,"caption":"Diarios Digitales de Sinaloa"},"image":{"@id":"https:\/\/eticacomunica.com.mx\/#\/schema\/logo\/image\/"},"sameAs":["https:\/\/www.facebook.com\/eticacomunica"]},{"@type":"Person","@id":"https:\/\/eticacomunica.com.mx\/#\/schema\/person\/2cacc47bd17fe8ad92f08c0313d22fa6","name":"etica","image":{"@type":"ImageObject","inLanguage":"es","@id":"https:\/\/secure.gravatar.com\/avatar\/dfb45d32bc7097f8f06d6e4f6e6b387e7cb8fd5b3a2869265c40587ab62cab1e?s=96&d=mm&r=g","url":"https:\/\/secure.gravatar.com\/avatar\/dfb45d32bc7097f8f06d6e4f6e6b387e7cb8fd5b3a2869265c40587ab62cab1e?s=96&d=mm&r=g","contentUrl":"https:\/\/secure.gravatar.com\/avatar\/dfb45d32bc7097f8f06d6e4f6e6b387e7cb8fd5b3a2869265c40587ab62cab1e?s=96&d=mm&r=g","caption":"etica"},"sameAs":["https:\/\/eticacomunica.com.mx"],"url":"https:\/\/eticacomunica.com.mx\/?author=1"}]}},"jetpack_publicize_connections":[],"jetpack_featured_media_url":"https:\/\/eticacomunica.com.mx\/wp-content\/uploads\/2026\/03\/IMG-20260317-WA0050.jpg","jetpack_sharing_enabled":true,"_links":{"self":[{"href":"https:\/\/eticacomunica.com.mx\/index.php?rest_route=\/wp\/v2\/posts\/31868","targetHints":{"allow":["GET"]}}],"collection":[{"href":"https:\/\/eticacomunica.com.mx\/index.php?rest_route=\/wp\/v2\/posts"}],"about":[{"href":"https:\/\/eticacomunica.com.mx\/index.php?rest_route=\/wp\/v2\/types\/post"}],"author":[{"embeddable":true,"href":"https:\/\/eticacomunica.com.mx\/index.php?rest_route=\/wp\/v2\/users\/1"}],"replies":[{"embeddable":true,"href":"https:\/\/eticacomunica.com.mx\/index.php?rest_route=%2Fwp%2Fv2%2Fcomments&post=31868"}],"version-history":[{"count":0,"href":"https:\/\/eticacomunica.com.mx\/index.php?rest_route=\/wp\/v2\/posts\/31868\/revisions"}],"wp:featuredmedia":[{"embeddable":true,"href":"https:\/\/eticacomunica.com.mx\/index.php?rest_route=\/wp\/v2\/media\/31867"}],"wp:attachment":[{"href":"https:\/\/eticacomunica.com.mx\/index.php?rest_route=%2Fwp%2Fv2%2Fmedia&parent=31868"}],"wp:term":[{"taxonomy":"category","embeddable":true,"href":"https:\/\/eticacomunica.com.mx\/index.php?rest_route=%2Fwp%2Fv2%2Fcategories&post=31868"},{"taxonomy":"post_tag","embeddable":true,"href":"https:\/\/eticacomunica.com.mx\/index.php?rest_route=%2Fwp%2Fv2%2Ftags&post=31868"}],"curies":[{"name":"wp","href":"https:\/\/api.w.org\/{rel}","templated":true}]}}