{"id":31870,"date":"2026-03-17T15:42:44","date_gmt":"2026-03-17T22:42:44","guid":{"rendered":"https:\/\/eticacomunica.com.mx\/?p=31870"},"modified":"2026-03-17T15:42:44","modified_gmt":"2026-03-17T22:42:44","slug":"las-alianzas-institucionales-fortalecen-las-oportunidades-para-las-mujeres-ana-chiquete","status":"publish","type":"post","link":"https:\/\/eticacomunica.com.mx\/?p=31870","title":{"rendered":"\u201cLas alianzas institucionales fortalecen las oportunidades para las mujeres\u201d: Ana Chiquete"},"content":{"rendered":"\n<p>SEMujeres y UAS firman convenio de colaboraci\u00f3n.<br><br><br>Culiac\u00e1n, Sinaloa, 17 de marzo de 2026. La Secretar\u00eda de las Mujeres de Sinaloa y la Universidad Aut\u00f3noma de Sinaloa (UAS) firmaron este martes un convenio de colaboraci\u00f3n con el objetivo de establecer las bases de coordinaci\u00f3n, colaboraci\u00f3n y apoyo entre ambas instituciones para desarrollar programas acad\u00e9micos de inter\u00e9s mutuo en materia de docencia, investigaci\u00f3n y extensi\u00f3n cultural que contribuyan al pleno desarrollo social, econ\u00f3mico y pol\u00edtico que permita el promover la igualdad sustantiva, la perspectiva de g\u00e9nero, la formaci\u00f3n integral y profesional de las sinaloenses. <br><br><br>Durante la firma, la Secretaria de las Mujeres de Sinaloa, Lcda. Ana Chiquete Elizalde, destac\u00f3 la convicci\u00f3n y el compromiso de continuar construyendo una cultura basada en la igualdad sustantiva, se\u00f1alando que la educaci\u00f3n es una pieza clave en este proceso.<br><br><br>\u201cEstar en conjunto desde la Secretar\u00eda de las Mujeres del Gobierno del Estado, con la Universidad Aut\u00f3noma de Sinaloa, en un acto sobre todo de una declaraci\u00f3n de voluntad de compromiso, una visi\u00f3n compartida, la convicci\u00f3n de que la transformaci\u00f3n de nuestra sociedad pasa necesariamente por la educaci\u00f3n por la participaci\u00f3n activa de las instituciones y por la construcci\u00f3n de una cultura de igualdad sustantiva. Quiero reconocer y aprovechar para enviarles una afectuoso saludo de nuestro gobernador, el Dr. Rub\u00e9n Rocha Moya, quien ha impulsado de manera decidida a una agenda en favor de los derechos de las mujeres, fortaleciendo las instituciones con pol\u00edticas p\u00fablicas, ampliando la infraestructura y promoviendo alianzas estrat\u00e9gicas como la que hoy estamos consolidando. <br><br>Cuando hablamos de educaci\u00f3n no hablamos solamente de la formaci\u00f3n acad\u00e9mica, hablamos de la formaci\u00f3n en valores de pensamiento cr\u00edtico de conciencia social. Hablamos de universidades, que no \u00fanicamente preparan profesionistas, hablamos de que se preparan ciudadanas y ciudadanos, comprometidos con su entorno, y en ese sentido el papel que ha jugado la Universidad Aut\u00f3noma de Sinaloa es fundamental para la construcci\u00f3n de estos espacios, donde se construye el presente y el futuro de Sinaloa, son semilleros tambi\u00e9n de ideas y liderazgos de transformaci\u00f3n\u201d, indic\u00f3 la Lcda. Ana Chiquete Elizalde. <br><br><br>El rector de la Casa Rosalina, Dr. Jes\u00fas Madue\u00f1a Molina le coloc\u00f3 un pin de la UAS a la Lcda. Ana Chiquete Elizalde, que simboliza el compromiso, responsabilidad social y sentido de comunidad que se crea en este momento.<br><br><br>Por su parte, el Dr. Madue\u00f1a Molina, manifest\u00f3 que las sinaloenses crecen d\u00eda a d\u00eda en diferentes \u00e1mbitos y la UAS est\u00e1 y estar\u00e1 en ese crecimiento, que se fortalece con este convenio. <br><br><br>\u201cHan sido y son muchas las mujeres que han dado el perfil acad\u00e9mico, social cient\u00edfico, humanista, cultural y deportivo a nuestra centenaria casa de estudios, a quienes le reconocemos su inteligencia, tenacidad, capacidad de gesti\u00f3n y de resultados. <br>\u2029Un indicador que muchos nos satisface, es que el 54% de nuestra matr\u00edcula, sean mujeres donde ellas limitado acceso a la educaci\u00f3n superior, con ese tel\u00f3n de fondo es para m\u00ed un verdadero honor firmar este convenio de colaboraci\u00f3n con la Secretar\u00eda de las Mujeres, pues estamos plenamente convencidos de que la educaci\u00f3n y el conocimiento deben ser siempre una herramienta para la transformaci\u00f3n social y la justicia plena como parte de nuestro modelo educativo, que busca una formaci\u00f3n integral de igualdad sustantiva entre mujeres y hombres, va m\u00e1s all\u00e1 de un principio normativo y lo asumimos como un pilar indispensable de la cultura de la paz, un componente b\u00e1sico del desarrollo y una pieza infaltable entre la democracia, donde la voz de las mujeres siempre debe ser escuchada, m\u00e1s que un documento de colaboraci\u00f3n este convenio lo vemos como un compromiso con la prevenci\u00f3n de la violencia, la promoci\u00f3n de los derechos humanos y el fortalecimiento de una cultura de equidad, respeto y reconocimiento; de tal forma al celebrar esta alianza con la Secretar\u00eda de las Mujeres, ampliamos las rutas de coordinaci\u00f3n para que la investigaci\u00f3n, la docencia y la extensi\u00f3n universitaria se vinculen m\u00e1s estrat\u00e9gicamente con las necesidades aspiraciones y el enorme potencial de las mujeres sinaloenses\u201d, enfatiz\u00f3 el rector de la UAS, Dr. Jes\u00fas Madue\u00f1a Molina.<br><br><br>Acompa\u00f1ando en esta firma estuvieron presentes las subsecretarias de SEMujeres, Lcda. Rosa Elena Mill\u00e1n Bueno y Mtra. Egl\u00e9 Hern\u00e1ndez Grijalva, as\u00ed como personal de la dependencia. Por parte de la Universidad Aut\u00f3noma de Sinaloa, asistieron la directora de la Unidad de Bienestar Universitario, Dra. Sof\u00eda Angulo Olivas;&nbsp; Dra. Nidia Yuriridia Brunn Corona, Secretaria General de la UAS; Dra. Elizabeth Castillo Cabrera, Secretaria de Administraci\u00f3n y Finanzas UAS; Dra. Beatriz Eugenia Rodr\u00edguez P\u00e9rez, Directora de Pol\u00edticas P\u00fablicas de G\u00e9nero para la Igualdad entre Hombres y Mujeres UAS;&nbsp; Lic. Alfonso Ontiveros Salas, Abogado General de la UAS y el Dr. Jes\u00fas S\u00e1nchez Zazueta, director de Vinculaci\u00f3n y Relaciones Internacionales de la UAS.<\/p>\n","protected":false},"excerpt":{"rendered":"<p>SEMujeres y UAS firman convenio de colaboraci\u00f3n. Culiac\u00e1n, Sinaloa, 17 de marzo de 2026. La Secretar\u00eda de las Mujeres de Sinaloa y la Universidad Aut\u00f3noma de Sinaloa (UAS) firmaron este&hellip;<\/p>\n","protected":false},"author":1,"featured_media":31869,"comment_status":"open","ping_status":"open","sticky":false,"template":"","format":"standard","meta":{"_jetpack_memberships_contains_paid_content":false,"footnotes":"","jetpack_publicize_message":"","jetpack_publicize_feature_enabled":true,"jetpack_social_post_already_shared":true,"jetpack_social_options":{"image_generator_settings":{"template":"highway","default_image_id":0,"font":"","enabled":false},"version":2}},"categories":[52],"tags":[34],"class_list":["post-31870","post","type-post","status-publish","format-standard","has-post-thumbnail","hentry","category-subportada","tag-gobierno-del-estado-de-sinaloa"],"yoast_head":"<!-- This site is optimized with the Yoast SEO plugin v27.2 - https:\/\/yoast.com\/product\/yoast-seo-wordpress\/ -->\n<title>\u201cLas alianzas institucionales fortalecen las oportunidades para las mujeres\u201d: Ana Chiquete - \u00c9tica Comunica<\/title>\n<meta name=\"robots\" content=\"index, follow, max-snippet:-1, max-image-preview:large, max-video-preview:-1\" \/>\n<link rel=\"canonical\" href=\"https:\/\/eticacomunica.com.mx\/?p=31870\" \/>\n<meta property=\"og:locale\" content=\"es_MX\" \/>\n<meta property=\"og:type\" content=\"article\" \/>\n<meta property=\"og:title\" content=\"\u201cLas alianzas institucionales fortalecen las oportunidades para las mujeres\u201d: Ana Chiquete - \u00c9tica Comunica\" \/>\n<meta property=\"og:description\" content=\"SEMujeres y UAS firman convenio de colaboraci\u00f3n. Culiac\u00e1n, Sinaloa, 17 de marzo de 2026. La Secretar\u00eda de las Mujeres de Sinaloa y la Universidad Aut\u00f3noma de Sinaloa (UAS) firmaron este&hellip;\" \/>\n<meta property=\"og:url\" content=\"https:\/\/eticacomunica.com.mx\/?p=31870\" \/>\n<meta property=\"og:site_name\" content=\"\u00c9tica Comunica\" \/>\n<meta property=\"article:publisher\" content=\"https:\/\/www.facebook.com\/eticacomunica\" \/>\n<meta property=\"article:published_time\" content=\"2026-03-17T22:42:44+00:00\" \/>\n<meta name=\"author\" content=\"etica\" \/>\n<meta name=\"twitter:card\" content=\"summary_large_image\" \/>\n<meta name=\"twitter:label1\" content=\"Escrito por\" \/>\n\t<meta name=\"twitter:data1\" content=\"etica\" \/>\n\t<meta name=\"twitter:label2\" content=\"Tiempo de lectura\" \/>\n\t<meta name=\"twitter:data2\" content=\"4 minutos\" \/>\n<script type=\"application\/ld+json\" class=\"yoast-schema-graph\">{\"@context\":\"https:\/\/schema.org\",\"@graph\":[{\"@type\":\"Article\",\"@id\":\"https:\/\/eticacomunica.com.mx\/?p=31870#article\",\"isPartOf\":{\"@id\":\"https:\/\/eticacomunica.com.mx\/?p=31870\"},\"author\":{\"name\":\"etica\",\"@id\":\"https:\/\/eticacomunica.com.mx\/#\/schema\/person\/2cacc47bd17fe8ad92f08c0313d22fa6\"},\"headline\":\"\u201cLas alianzas institucionales fortalecen las oportunidades para las mujeres\u201d: Ana Chiquete\",\"datePublished\":\"2026-03-17T22:42:44+00:00\",\"mainEntityOfPage\":{\"@id\":\"https:\/\/eticacomunica.com.mx\/?p=31870\"},\"wordCount\":875,\"commentCount\":0,\"publisher\":{\"@id\":\"https:\/\/eticacomunica.com.mx\/#organization\"},\"image\":{\"@id\":\"https:\/\/eticacomunica.com.mx\/?p=31870#primaryimage\"},\"thumbnailUrl\":\"https:\/\/eticacomunica.com.mx\/wp-content\/uploads\/2026\/03\/IMG-20260317-WA0052.jpg\",\"keywords\":[\"Gobierno del Estado de Sinaloa\"],\"articleSection\":[\"Subportada\"],\"inLanguage\":\"es\",\"potentialAction\":[{\"@type\":\"CommentAction\",\"name\":\"Comment\",\"target\":[\"https:\/\/eticacomunica.com.mx\/?p=31870#respond\"]}]},{\"@type\":\"WebPage\",\"@id\":\"https:\/\/eticacomunica.com.mx\/?p=31870\",\"url\":\"https:\/\/eticacomunica.com.mx\/?p=31870\",\"name\":\"\u201cLas alianzas institucionales fortalecen las oportunidades para las mujeres\u201d: Ana Chiquete - \u00c9tica Comunica\",\"isPartOf\":{\"@id\":\"https:\/\/eticacomunica.com.mx\/#website\"},\"primaryImageOfPage\":{\"@id\":\"https:\/\/eticacomunica.com.mx\/?p=31870#primaryimage\"},\"image\":{\"@id\":\"https:\/\/eticacomunica.com.mx\/?p=31870#primaryimage\"},\"thumbnailUrl\":\"https:\/\/eticacomunica.com.mx\/wp-content\/uploads\/2026\/03\/IMG-20260317-WA0052.jpg\",\"datePublished\":\"2026-03-17T22:42:44+00:00\",\"breadcrumb\":{\"@id\":\"https:\/\/eticacomunica.com.mx\/?p=31870#breadcrumb\"},\"inLanguage\":\"es\",\"potentialAction\":[{\"@type\":\"ReadAction\",\"target\":[\"https:\/\/eticacomunica.com.mx\/?p=31870\"]}]},{\"@type\":\"ImageObject\",\"inLanguage\":\"es\",\"@id\":\"https:\/\/eticacomunica.com.mx\/?p=31870#primaryimage\",\"url\":\"https:\/\/eticacomunica.com.mx\/wp-content\/uploads\/2026\/03\/IMG-20260317-WA0052.jpg\",\"contentUrl\":\"https:\/\/eticacomunica.com.mx\/wp-content\/uploads\/2026\/03\/IMG-20260317-WA0052.jpg\",\"width\":1280,\"height\":852},{\"@type\":\"BreadcrumbList\",\"@id\":\"https:\/\/eticacomunica.com.mx\/?p=31870#breadcrumb\",\"itemListElement\":[{\"@type\":\"ListItem\",\"position\":1,\"name\":\"Inicio\",\"item\":\"https:\/\/eticacomunica.com.mx\/\"},{\"@type\":\"ListItem\",\"position\":2,\"name\":\"\u201cLas alianzas institucionales fortalecen las oportunidades para las mujeres\u201d: Ana Chiquete\"}]},{\"@type\":\"WebSite\",\"@id\":\"https:\/\/eticacomunica.com.mx\/#website\",\"url\":\"https:\/\/eticacomunica.com.mx\/\",\"name\":\"\u00c9tica Comunica\",\"description\":\"Diario Digital\",\"publisher\":{\"@id\":\"https:\/\/eticacomunica.com.mx\/#organization\"},\"potentialAction\":[{\"@type\":\"SearchAction\",\"target\":{\"@type\":\"EntryPoint\",\"urlTemplate\":\"https:\/\/eticacomunica.com.mx\/?s={search_term_string}\"},\"query-input\":{\"@type\":\"PropertyValueSpecification\",\"valueRequired\":true,\"valueName\":\"search_term_string\"}}],\"inLanguage\":\"es\"},{\"@type\":\"Organization\",\"@id\":\"https:\/\/eticacomunica.com.mx\/#organization\",\"name\":\"Diarios Digitales de Sinaloa\",\"url\":\"https:\/\/eticacomunica.com.mx\/\",\"logo\":{\"@type\":\"ImageObject\",\"inLanguage\":\"es\",\"@id\":\"https:\/\/eticacomunica.com.mx\/#\/schema\/logo\/image\/\",\"url\":\"https:\/\/eticacomunica.com.mx\/wp-content\/uploads\/2023\/10\/etica-logo.png\",\"contentUrl\":\"https:\/\/eticacomunica.com.mx\/wp-content\/uploads\/2023\/10\/etica-logo.png\",\"width\":1280,\"height\":432,\"caption\":\"Diarios Digitales de Sinaloa\"},\"image\":{\"@id\":\"https:\/\/eticacomunica.com.mx\/#\/schema\/logo\/image\/\"},\"sameAs\":[\"https:\/\/www.facebook.com\/eticacomunica\"]},{\"@type\":\"Person\",\"@id\":\"https:\/\/eticacomunica.com.mx\/#\/schema\/person\/2cacc47bd17fe8ad92f08c0313d22fa6\",\"name\":\"etica\",\"image\":{\"@type\":\"ImageObject\",\"inLanguage\":\"es\",\"@id\":\"https:\/\/secure.gravatar.com\/avatar\/dfb45d32bc7097f8f06d6e4f6e6b387e7cb8fd5b3a2869265c40587ab62cab1e?s=96&d=mm&r=g\",\"url\":\"https:\/\/secure.gravatar.com\/avatar\/dfb45d32bc7097f8f06d6e4f6e6b387e7cb8fd5b3a2869265c40587ab62cab1e?s=96&d=mm&r=g\",\"contentUrl\":\"https:\/\/secure.gravatar.com\/avatar\/dfb45d32bc7097f8f06d6e4f6e6b387e7cb8fd5b3a2869265c40587ab62cab1e?s=96&d=mm&r=g\",\"caption\":\"etica\"},\"sameAs\":[\"https:\/\/eticacomunica.com.mx\"],\"url\":\"https:\/\/eticacomunica.com.mx\/?author=1\"}]}<\/script>\n<!-- \/ Yoast SEO plugin. -->","yoast_head_json":{"title":"\u201cLas alianzas institucionales fortalecen las oportunidades para las mujeres\u201d: Ana Chiquete - \u00c9tica Comunica","robots":{"index":"index","follow":"follow","max-snippet":"max-snippet:-1","max-image-preview":"max-image-preview:large","max-video-preview":"max-video-preview:-1"},"canonical":"https:\/\/eticacomunica.com.mx\/?p=31870","og_locale":"es_MX","og_type":"article","og_title":"\u201cLas alianzas institucionales fortalecen las oportunidades para las mujeres\u201d: Ana Chiquete - \u00c9tica Comunica","og_description":"SEMujeres y UAS firman convenio de colaboraci\u00f3n. Culiac\u00e1n, Sinaloa, 17 de marzo de 2026. La Secretar\u00eda de las Mujeres de Sinaloa y la Universidad Aut\u00f3noma de Sinaloa (UAS) firmaron este&hellip;","og_url":"https:\/\/eticacomunica.com.mx\/?p=31870","og_site_name":"\u00c9tica Comunica","article_publisher":"https:\/\/www.facebook.com\/eticacomunica","article_published_time":"2026-03-17T22:42:44+00:00","author":"etica","twitter_card":"summary_large_image","twitter_misc":{"Escrito por":"etica","Tiempo de lectura":"4 minutos"},"schema":{"@context":"https:\/\/schema.org","@graph":[{"@type":"Article","@id":"https:\/\/eticacomunica.com.mx\/?p=31870#article","isPartOf":{"@id":"https:\/\/eticacomunica.com.mx\/?p=31870"},"author":{"name":"etica","@id":"https:\/\/eticacomunica.com.mx\/#\/schema\/person\/2cacc47bd17fe8ad92f08c0313d22fa6"},"headline":"\u201cLas alianzas institucionales fortalecen las oportunidades para las mujeres\u201d: Ana Chiquete","datePublished":"2026-03-17T22:42:44+00:00","mainEntityOfPage":{"@id":"https:\/\/eticacomunica.com.mx\/?p=31870"},"wordCount":875,"commentCount":0,"publisher":{"@id":"https:\/\/eticacomunica.com.mx\/#organization"},"image":{"@id":"https:\/\/eticacomunica.com.mx\/?p=31870#primaryimage"},"thumbnailUrl":"https:\/\/eticacomunica.com.mx\/wp-content\/uploads\/2026\/03\/IMG-20260317-WA0052.jpg","keywords":["Gobierno del Estado de Sinaloa"],"articleSection":["Subportada"],"inLanguage":"es","potentialAction":[{"@type":"CommentAction","name":"Comment","target":["https:\/\/eticacomunica.com.mx\/?p=31870#respond"]}]},{"@type":"WebPage","@id":"https:\/\/eticacomunica.com.mx\/?p=31870","url":"https:\/\/eticacomunica.com.mx\/?p=31870","name":"\u201cLas alianzas institucionales fortalecen las oportunidades para las mujeres\u201d: Ana Chiquete - \u00c9tica Comunica","isPartOf":{"@id":"https:\/\/eticacomunica.com.mx\/#website"},"primaryImageOfPage":{"@id":"https:\/\/eticacomunica.com.mx\/?p=31870#primaryimage"},"image":{"@id":"https:\/\/eticacomunica.com.mx\/?p=31870#primaryimage"},"thumbnailUrl":"https:\/\/eticacomunica.com.mx\/wp-content\/uploads\/2026\/03\/IMG-20260317-WA0052.jpg","datePublished":"2026-03-17T22:42:44+00:00","breadcrumb":{"@id":"https:\/\/eticacomunica.com.mx\/?p=31870#breadcrumb"},"inLanguage":"es","potentialAction":[{"@type":"ReadAction","target":["https:\/\/eticacomunica.com.mx\/?p=31870"]}]},{"@type":"ImageObject","inLanguage":"es","@id":"https:\/\/eticacomunica.com.mx\/?p=31870#primaryimage","url":"https:\/\/eticacomunica.com.mx\/wp-content\/uploads\/2026\/03\/IMG-20260317-WA0052.jpg","contentUrl":"https:\/\/eticacomunica.com.mx\/wp-content\/uploads\/2026\/03\/IMG-20260317-WA0052.jpg","width":1280,"height":852},{"@type":"BreadcrumbList","@id":"https:\/\/eticacomunica.com.mx\/?p=31870#breadcrumb","itemListElement":[{"@type":"ListItem","position":1,"name":"Inicio","item":"https:\/\/eticacomunica.com.mx\/"},{"@type":"ListItem","position":2,"name":"\u201cLas alianzas institucionales fortalecen las oportunidades para las mujeres\u201d: Ana Chiquete"}]},{"@type":"WebSite","@id":"https:\/\/eticacomunica.com.mx\/#website","url":"https:\/\/eticacomunica.com.mx\/","name":"\u00c9tica Comunica","description":"Diario Digital","publisher":{"@id":"https:\/\/eticacomunica.com.mx\/#organization"},"potentialAction":[{"@type":"SearchAction","target":{"@type":"EntryPoint","urlTemplate":"https:\/\/eticacomunica.com.mx\/?s={search_term_string}"},"query-input":{"@type":"PropertyValueSpecification","valueRequired":true,"valueName":"search_term_string"}}],"inLanguage":"es"},{"@type":"Organization","@id":"https:\/\/eticacomunica.com.mx\/#organization","name":"Diarios Digitales de Sinaloa","url":"https:\/\/eticacomunica.com.mx\/","logo":{"@type":"ImageObject","inLanguage":"es","@id":"https:\/\/eticacomunica.com.mx\/#\/schema\/logo\/image\/","url":"https:\/\/eticacomunica.com.mx\/wp-content\/uploads\/2023\/10\/etica-logo.png","contentUrl":"https:\/\/eticacomunica.com.mx\/wp-content\/uploads\/2023\/10\/etica-logo.png","width":1280,"height":432,"caption":"Diarios Digitales de Sinaloa"},"image":{"@id":"https:\/\/eticacomunica.com.mx\/#\/schema\/logo\/image\/"},"sameAs":["https:\/\/www.facebook.com\/eticacomunica"]},{"@type":"Person","@id":"https:\/\/eticacomunica.com.mx\/#\/schema\/person\/2cacc47bd17fe8ad92f08c0313d22fa6","name":"etica","image":{"@type":"ImageObject","inLanguage":"es","@id":"https:\/\/secure.gravatar.com\/avatar\/dfb45d32bc7097f8f06d6e4f6e6b387e7cb8fd5b3a2869265c40587ab62cab1e?s=96&d=mm&r=g","url":"https:\/\/secure.gravatar.com\/avatar\/dfb45d32bc7097f8f06d6e4f6e6b387e7cb8fd5b3a2869265c40587ab62cab1e?s=96&d=mm&r=g","contentUrl":"https:\/\/secure.gravatar.com\/avatar\/dfb45d32bc7097f8f06d6e4f6e6b387e7cb8fd5b3a2869265c40587ab62cab1e?s=96&d=mm&r=g","caption":"etica"},"sameAs":["https:\/\/eticacomunica.com.mx"],"url":"https:\/\/eticacomunica.com.mx\/?author=1"}]}},"jetpack_publicize_connections":[],"jetpack_featured_media_url":"https:\/\/eticacomunica.com.mx\/wp-content\/uploads\/2026\/03\/IMG-20260317-WA0052.jpg","jetpack_sharing_enabled":true,"_links":{"self":[{"href":"https:\/\/eticacomunica.com.mx\/index.php?rest_route=\/wp\/v2\/posts\/31870","targetHints":{"allow":["GET"]}}],"collection":[{"href":"https:\/\/eticacomunica.com.mx\/index.php?rest_route=\/wp\/v2\/posts"}],"about":[{"href":"https:\/\/eticacomunica.com.mx\/index.php?rest_route=\/wp\/v2\/types\/post"}],"author":[{"embeddable":true,"href":"https:\/\/eticacomunica.com.mx\/index.php?rest_route=\/wp\/v2\/users\/1"}],"replies":[{"embeddable":true,"href":"https:\/\/eticacomunica.com.mx\/index.php?rest_route=%2Fwp%2Fv2%2Fcomments&post=31870"}],"version-history":[{"count":0,"href":"https:\/\/eticacomunica.com.mx\/index.php?rest_route=\/wp\/v2\/posts\/31870\/revisions"}],"wp:featuredmedia":[{"embeddable":true,"href":"https:\/\/eticacomunica.com.mx\/index.php?rest_route=\/wp\/v2\/media\/31869"}],"wp:attachment":[{"href":"https:\/\/eticacomunica.com.mx\/index.php?rest_route=%2Fwp%2Fv2%2Fmedia&parent=31870"}],"wp:term":[{"taxonomy":"category","embeddable":true,"href":"https:\/\/eticacomunica.com.mx\/index.php?rest_route=%2Fwp%2Fv2%2Fcategories&post=31870"},{"taxonomy":"post_tag","embeddable":true,"href":"https:\/\/eticacomunica.com.mx\/index.php?rest_route=%2Fwp%2Fv2%2Ftags&post=31870"}],"curies":[{"name":"wp","href":"https:\/\/api.w.org\/{rel}","templated":true}]}}