{"id":31874,"date":"2026-03-17T17:33:21","date_gmt":"2026-03-18T00:33:21","guid":{"rendered":"https:\/\/eticacomunica.com.mx\/?p=31874"},"modified":"2026-03-17T17:33:21","modified_gmt":"2026-03-18T00:33:21","slug":"conectividad-aerea-impulsa-el-crecimiento-economico-el-desarrollo-y-la-actividad-turistica-de-mazatlan","status":"publish","type":"post","link":"https:\/\/eticacomunica.com.mx\/?p=31874","title":{"rendered":"Conectividad a\u00e9rea impulsa el crecimiento econ\u00f3mico, el desarrollo y la actividad tur\u00edstica de Mazatl\u00e1n"},"content":{"rendered":"\n<p>Presenta Volaris las rutas a\u00e9reas Mazatl\u00e1n-Guadalajara y Mazatl\u00e1n-Quer\u00e9taro, que empezar\u00e1n a operar durante el primer semestre de este a\u00f1o.<br><br>Mazatl\u00e1n, Sinaloa, 17 de marzo de 2026.- Para Sinaloa y Mazatl\u00e1n, la conectividad a\u00e9rea es fundamental, ya que cada ruta representa una puerta abierta para que m\u00e1s visitantes descubran la riqueza natural, cultural y gastron\u00f3mica del estado, con lo que se impulsa el crecimiento econ\u00f3mico y la actividad tur\u00edstica, asegur\u00f3 Mireya Sosa Osuna, secretaria de Turismo en la entidad.<br><br>Al presentar las nuevas rutas a\u00e9reas de Volaris: Mazatl\u00e1n-Guadalajara y Mazatl\u00e1n-Quer\u00e9taro, que empezar\u00e1n a operar durante el primer semestre de este a\u00f1o, la funcionaria estatal destac\u00f3 que Guadalajara es uno de los mercados emisores naturales para Mazatl\u00e1n, ya que hist\u00f3ricamente ha sido una ciudad con una fuerte conexi\u00f3n con el destino, tanto por turismo como por v\u00ednculos familiares, educativos y de negocios.<br><br>\u201cFortalecer esta ruta significa facilitar que m\u00e1s viajeros del occidente del pa\u00eds puedan seguir eligiendo Mazatl\u00e1n como su destino de playa\u201d, se\u00f1al\u00f3.<br><br>La ruta Mazatl\u00e1n-Guadalajara comenzar\u00e1 operaciones el 29 de marzo con una frecuencia de tres vuelos semanales (martes, jueves y domingo). De Guadalajara sale a las 10:20 horas y de Mazatl\u00e1n a las 11:09 horas <br><br>Por su parte, Quer\u00e9taro representa una gran oportunidad para abrir y consolidar un mercado estrat\u00e9gico en la regi\u00f3n del Baj\u00edo, una de las zonas con mayor dinamismo econ\u00f3mico y tur\u00edstico del pa\u00eds.<br><br>\u201cEsta nueva conexi\u00f3n permitir\u00e1 acercar a Mazatl\u00e1n a miles de potenciales visitantes que buscan destinos aut\u00e9nticos, con cultura, gastronom\u00eda y mar\u201d, apunt\u00f3.<br><br>La ruta Mazatl\u00e1n-Quer\u00e9taro iniciar\u00e1 el 1 de junio con una frecuencia de cuatro vuelos por semana (lunes, mi\u00e9rcoles, viernes y domingo). De Quer\u00e9taro sale a las 13:45 horas, mientras que del puerto despega a las 14:49 horas.<br><br>Est\u00e1s dos rutas, agreg\u00f3 la funcionaria, representan&nbsp; un incremento de 130 mil asientos anuales.<br><br>En la rueda de prensa donde se anunciaron los nuevos vuelos, la acompa\u00f1aron Al\u00ed Ren\u00e9 Zamudio, secretario de Desarrollo Econ\u00f3mico y Turismo de Mazatl\u00e1n; Abelardo Mu\u00f1oz Mart\u00edn, director de Desarrollo de Tr\u00e1fico de OMA; Nanci Aid\u00e9 Galaviz Lomel\u00ed, gerente de Desarrollo de Mercados Volaris M\u00e9xico; Elizabeth Mart\u00ednez Zarzosa, ejecutiva de Desarrollo Mercados Volaris M\u00e9xico y Eduardo Galindo G\u00f3mez, Administrador de OMA Mazatl\u00e1n.<br><br>Sosa Osuna enfatiz\u00f3 que, siguiendo las instrucciones del Gobernador, el Dr. Rub\u00e9n Rocha Moya, desde la Secretar\u00eda de Turismo del Estado de Sinaloa se continuar\u00e1 trabajando de manera coordinada para incrementar la conectividad a\u00e9rea en todo el estado y seguir abriendo m\u00e1s oportunidades para los destinos.<br><br>&#8220;De la mano con las aerol\u00edneas, con OMA, con el sector tur\u00edstico y con los distintos niveles de gobierno, seguiremos impulsando acciones que permitan que m\u00e1s visitantes lleguen a Sinaloa y particularmente a Mazatl\u00e1n. A Volaris, le reiteramos nuestro agradecimiento por confiar en Mazatl\u00e1n y en Sinaloa, estas decisiones hablan de la confianza que existe en nuestro destino y en su crecimiento tur\u00edstico\u201d, coment\u00f3.<br><br>Por su parte, Nanci Aid\u00e9 Galaviz Lomel\u00ed destac\u00f3 que est\u00e1s nuevas rutas son muy importantes para Volaris en su expansi\u00f3n por el territorio nacional.<br><br>&#8220;Mazatl\u00e1n es un destino que tiene mucho por ofrecer, muchas riquezas, mucha fortaleza y cuando tenemos conectividad eso se convierte en oportunidades, en desarrollo econ\u00f3mico, en enlaces para unir familias y cerrar negocio. Hemos trabajado muy de la mano con OMA para lograr est\u00e1 conectividad y tanto en Guadalajara como en Quer\u00e9taro contamos con una gran conectividad que puede beneficiar tambi\u00e9n a estos vuelos&#8221;, apunt\u00f3.<br><br>Abelardo Mu\u00f1oz Mart\u00edn, director de Desarrollo de Tr\u00e1fico de OMA, expres\u00f3 que est\u00e1s dos nuevas rutas nacionales reflejan el enfoque estrat\u00e9gico de Volaris para conectar al destino de Mazatl\u00e1n.<br><br>&#8220;Orgullo y satisfacci\u00f3n es lo que me nace cuando veo materializados estos proyectos en los que llevamos a\u00f1os trabajando. Este esfuerzo significa posicionar a Mazatl\u00e1n como una oferta moderna&#8221;, puntualiz\u00f3.<br><br>Previo a la presentaci\u00f3n de los vuelos, directivos de Volaris junto con la secretaria de Turismo sostuvieron una mesa de trabajo con integrantes del sector tur\u00edstico de Mazatl\u00e1n, con el objetivo de crear alianzas para fortalecer el desarrollo del puerto.<\/p>\n","protected":false},"excerpt":{"rendered":"<p>Presenta Volaris las rutas a\u00e9reas Mazatl\u00e1n-Guadalajara y Mazatl\u00e1n-Quer\u00e9taro, que empezar\u00e1n a operar durante el primer semestre de este a\u00f1o. Mazatl\u00e1n, Sinaloa, 17 de marzo de 2026.- Para Sinaloa y Mazatl\u00e1n,&hellip;<\/p>\n","protected":false},"author":1,"featured_media":31873,"comment_status":"open","ping_status":"open","sticky":false,"template":"","format":"standard","meta":{"_jetpack_memberships_contains_paid_content":false,"footnotes":"","jetpack_publicize_message":"","jetpack_publicize_feature_enabled":true,"jetpack_social_post_already_shared":true,"jetpack_social_options":{"image_generator_settings":{"template":"highway","default_image_id":0,"font":"","enabled":false},"version":2}},"categories":[18],"tags":[34],"class_list":["post-31874","post","type-post","status-publish","format-standard","has-post-thumbnail","hentry","category-turismo","tag-gobierno-del-estado-de-sinaloa"],"yoast_head":"<!-- This site is optimized with the Yoast SEO plugin v27.2 - https:\/\/yoast.com\/product\/yoast-seo-wordpress\/ -->\n<title>Conectividad a\u00e9rea impulsa el crecimiento econ\u00f3mico, el desarrollo y la actividad tur\u00edstica de Mazatl\u00e1n - \u00c9tica Comunica<\/title>\n<meta name=\"robots\" content=\"index, follow, max-snippet:-1, max-image-preview:large, max-video-preview:-1\" \/>\n<link rel=\"canonical\" href=\"https:\/\/eticacomunica.com.mx\/?p=31874\" \/>\n<meta property=\"og:locale\" content=\"es_MX\" \/>\n<meta property=\"og:type\" content=\"article\" \/>\n<meta property=\"og:title\" content=\"Conectividad a\u00e9rea impulsa el crecimiento econ\u00f3mico, el desarrollo y la actividad tur\u00edstica de Mazatl\u00e1n - \u00c9tica Comunica\" \/>\n<meta property=\"og:description\" content=\"Presenta Volaris las rutas a\u00e9reas Mazatl\u00e1n-Guadalajara y Mazatl\u00e1n-Quer\u00e9taro, que empezar\u00e1n a operar durante el primer semestre de este a\u00f1o. Mazatl\u00e1n, Sinaloa, 17 de marzo de 2026.- Para Sinaloa y Mazatl\u00e1n,&hellip;\" \/>\n<meta property=\"og:url\" content=\"https:\/\/eticacomunica.com.mx\/?p=31874\" \/>\n<meta property=\"og:site_name\" content=\"\u00c9tica Comunica\" \/>\n<meta property=\"article:publisher\" content=\"https:\/\/www.facebook.com\/eticacomunica\" \/>\n<meta property=\"article:published_time\" content=\"2026-03-18T00:33:21+00:00\" \/>\n<meta name=\"author\" content=\"etica\" \/>\n<meta name=\"twitter:card\" content=\"summary_large_image\" \/>\n<meta name=\"twitter:label1\" content=\"Escrito por\" \/>\n\t<meta name=\"twitter:data1\" content=\"etica\" \/>\n\t<meta name=\"twitter:label2\" content=\"Tiempo de lectura\" \/>\n\t<meta name=\"twitter:data2\" content=\"4 minutos\" \/>\n<script type=\"application\/ld+json\" class=\"yoast-schema-graph\">{\"@context\":\"https:\/\/schema.org\",\"@graph\":[{\"@type\":\"Article\",\"@id\":\"https:\/\/eticacomunica.com.mx\/?p=31874#article\",\"isPartOf\":{\"@id\":\"https:\/\/eticacomunica.com.mx\/?p=31874\"},\"author\":{\"name\":\"etica\",\"@id\":\"https:\/\/eticacomunica.com.mx\/#\/schema\/person\/2cacc47bd17fe8ad92f08c0313d22fa6\"},\"headline\":\"Conectividad a\u00e9rea impulsa el crecimiento econ\u00f3mico, el desarrollo y la actividad tur\u00edstica de Mazatl\u00e1n\",\"datePublished\":\"2026-03-18T00:33:21+00:00\",\"mainEntityOfPage\":{\"@id\":\"https:\/\/eticacomunica.com.mx\/?p=31874\"},\"wordCount\":756,\"commentCount\":0,\"publisher\":{\"@id\":\"https:\/\/eticacomunica.com.mx\/#organization\"},\"image\":{\"@id\":\"https:\/\/eticacomunica.com.mx\/?p=31874#primaryimage\"},\"thumbnailUrl\":\"https:\/\/eticacomunica.com.mx\/wp-content\/uploads\/2026\/03\/IMG-20260317-WA0042.jpg\",\"keywords\":[\"Gobierno del Estado de Sinaloa\"],\"articleSection\":[\"Turismo\"],\"inLanguage\":\"es\",\"potentialAction\":[{\"@type\":\"CommentAction\",\"name\":\"Comment\",\"target\":[\"https:\/\/eticacomunica.com.mx\/?p=31874#respond\"]}]},{\"@type\":\"WebPage\",\"@id\":\"https:\/\/eticacomunica.com.mx\/?p=31874\",\"url\":\"https:\/\/eticacomunica.com.mx\/?p=31874\",\"name\":\"Conectividad a\u00e9rea impulsa el crecimiento econ\u00f3mico, el desarrollo y la actividad tur\u00edstica de Mazatl\u00e1n - \u00c9tica Comunica\",\"isPartOf\":{\"@id\":\"https:\/\/eticacomunica.com.mx\/#website\"},\"primaryImageOfPage\":{\"@id\":\"https:\/\/eticacomunica.com.mx\/?p=31874#primaryimage\"},\"image\":{\"@id\":\"https:\/\/eticacomunica.com.mx\/?p=31874#primaryimage\"},\"thumbnailUrl\":\"https:\/\/eticacomunica.com.mx\/wp-content\/uploads\/2026\/03\/IMG-20260317-WA0042.jpg\",\"datePublished\":\"2026-03-18T00:33:21+00:00\",\"breadcrumb\":{\"@id\":\"https:\/\/eticacomunica.com.mx\/?p=31874#breadcrumb\"},\"inLanguage\":\"es\",\"potentialAction\":[{\"@type\":\"ReadAction\",\"target\":[\"https:\/\/eticacomunica.com.mx\/?p=31874\"]}]},{\"@type\":\"ImageObject\",\"inLanguage\":\"es\",\"@id\":\"https:\/\/eticacomunica.com.mx\/?p=31874#primaryimage\",\"url\":\"https:\/\/eticacomunica.com.mx\/wp-content\/uploads\/2026\/03\/IMG-20260317-WA0042.jpg\",\"contentUrl\":\"https:\/\/eticacomunica.com.mx\/wp-content\/uploads\/2026\/03\/IMG-20260317-WA0042.jpg\",\"width\":1600,\"height\":1067},{\"@type\":\"BreadcrumbList\",\"@id\":\"https:\/\/eticacomunica.com.mx\/?p=31874#breadcrumb\",\"itemListElement\":[{\"@type\":\"ListItem\",\"position\":1,\"name\":\"Inicio\",\"item\":\"https:\/\/eticacomunica.com.mx\/\"},{\"@type\":\"ListItem\",\"position\":2,\"name\":\"Conectividad a\u00e9rea impulsa el crecimiento econ\u00f3mico, el desarrollo y la actividad tur\u00edstica de Mazatl\u00e1n\"}]},{\"@type\":\"WebSite\",\"@id\":\"https:\/\/eticacomunica.com.mx\/#website\",\"url\":\"https:\/\/eticacomunica.com.mx\/\",\"name\":\"\u00c9tica Comunica\",\"description\":\"Diario Digital\",\"publisher\":{\"@id\":\"https:\/\/eticacomunica.com.mx\/#organization\"},\"potentialAction\":[{\"@type\":\"SearchAction\",\"target\":{\"@type\":\"EntryPoint\",\"urlTemplate\":\"https:\/\/eticacomunica.com.mx\/?s={search_term_string}\"},\"query-input\":{\"@type\":\"PropertyValueSpecification\",\"valueRequired\":true,\"valueName\":\"search_term_string\"}}],\"inLanguage\":\"es\"},{\"@type\":\"Organization\",\"@id\":\"https:\/\/eticacomunica.com.mx\/#organization\",\"name\":\"Diarios Digitales de Sinaloa\",\"url\":\"https:\/\/eticacomunica.com.mx\/\",\"logo\":{\"@type\":\"ImageObject\",\"inLanguage\":\"es\",\"@id\":\"https:\/\/eticacomunica.com.mx\/#\/schema\/logo\/image\/\",\"url\":\"https:\/\/eticacomunica.com.mx\/wp-content\/uploads\/2023\/10\/etica-logo.png\",\"contentUrl\":\"https:\/\/eticacomunica.com.mx\/wp-content\/uploads\/2023\/10\/etica-logo.png\",\"width\":1280,\"height\":432,\"caption\":\"Diarios Digitales de Sinaloa\"},\"image\":{\"@id\":\"https:\/\/eticacomunica.com.mx\/#\/schema\/logo\/image\/\"},\"sameAs\":[\"https:\/\/www.facebook.com\/eticacomunica\"]},{\"@type\":\"Person\",\"@id\":\"https:\/\/eticacomunica.com.mx\/#\/schema\/person\/2cacc47bd17fe8ad92f08c0313d22fa6\",\"name\":\"etica\",\"image\":{\"@type\":\"ImageObject\",\"inLanguage\":\"es\",\"@id\":\"https:\/\/secure.gravatar.com\/avatar\/dfb45d32bc7097f8f06d6e4f6e6b387e7cb8fd5b3a2869265c40587ab62cab1e?s=96&d=mm&r=g\",\"url\":\"https:\/\/secure.gravatar.com\/avatar\/dfb45d32bc7097f8f06d6e4f6e6b387e7cb8fd5b3a2869265c40587ab62cab1e?s=96&d=mm&r=g\",\"contentUrl\":\"https:\/\/secure.gravatar.com\/avatar\/dfb45d32bc7097f8f06d6e4f6e6b387e7cb8fd5b3a2869265c40587ab62cab1e?s=96&d=mm&r=g\",\"caption\":\"etica\"},\"sameAs\":[\"https:\/\/eticacomunica.com.mx\"],\"url\":\"https:\/\/eticacomunica.com.mx\/?author=1\"}]}<\/script>\n<!-- \/ Yoast SEO plugin. -->","yoast_head_json":{"title":"Conectividad a\u00e9rea impulsa el crecimiento econ\u00f3mico, el desarrollo y la actividad tur\u00edstica de Mazatl\u00e1n - \u00c9tica Comunica","robots":{"index":"index","follow":"follow","max-snippet":"max-snippet:-1","max-image-preview":"max-image-preview:large","max-video-preview":"max-video-preview:-1"},"canonical":"https:\/\/eticacomunica.com.mx\/?p=31874","og_locale":"es_MX","og_type":"article","og_title":"Conectividad a\u00e9rea impulsa el crecimiento econ\u00f3mico, el desarrollo y la actividad tur\u00edstica de Mazatl\u00e1n - \u00c9tica Comunica","og_description":"Presenta Volaris las rutas a\u00e9reas Mazatl\u00e1n-Guadalajara y Mazatl\u00e1n-Quer\u00e9taro, que empezar\u00e1n a operar durante el primer semestre de este a\u00f1o. Mazatl\u00e1n, Sinaloa, 17 de marzo de 2026.- Para Sinaloa y Mazatl\u00e1n,&hellip;","og_url":"https:\/\/eticacomunica.com.mx\/?p=31874","og_site_name":"\u00c9tica Comunica","article_publisher":"https:\/\/www.facebook.com\/eticacomunica","article_published_time":"2026-03-18T00:33:21+00:00","author":"etica","twitter_card":"summary_large_image","twitter_misc":{"Escrito por":"etica","Tiempo de lectura":"4 minutos"},"schema":{"@context":"https:\/\/schema.org","@graph":[{"@type":"Article","@id":"https:\/\/eticacomunica.com.mx\/?p=31874#article","isPartOf":{"@id":"https:\/\/eticacomunica.com.mx\/?p=31874"},"author":{"name":"etica","@id":"https:\/\/eticacomunica.com.mx\/#\/schema\/person\/2cacc47bd17fe8ad92f08c0313d22fa6"},"headline":"Conectividad a\u00e9rea impulsa el crecimiento econ\u00f3mico, el desarrollo y la actividad tur\u00edstica de Mazatl\u00e1n","datePublished":"2026-03-18T00:33:21+00:00","mainEntityOfPage":{"@id":"https:\/\/eticacomunica.com.mx\/?p=31874"},"wordCount":756,"commentCount":0,"publisher":{"@id":"https:\/\/eticacomunica.com.mx\/#organization"},"image":{"@id":"https:\/\/eticacomunica.com.mx\/?p=31874#primaryimage"},"thumbnailUrl":"https:\/\/eticacomunica.com.mx\/wp-content\/uploads\/2026\/03\/IMG-20260317-WA0042.jpg","keywords":["Gobierno del Estado de Sinaloa"],"articleSection":["Turismo"],"inLanguage":"es","potentialAction":[{"@type":"CommentAction","name":"Comment","target":["https:\/\/eticacomunica.com.mx\/?p=31874#respond"]}]},{"@type":"WebPage","@id":"https:\/\/eticacomunica.com.mx\/?p=31874","url":"https:\/\/eticacomunica.com.mx\/?p=31874","name":"Conectividad a\u00e9rea impulsa el crecimiento econ\u00f3mico, el desarrollo y la actividad tur\u00edstica de Mazatl\u00e1n - \u00c9tica Comunica","isPartOf":{"@id":"https:\/\/eticacomunica.com.mx\/#website"},"primaryImageOfPage":{"@id":"https:\/\/eticacomunica.com.mx\/?p=31874#primaryimage"},"image":{"@id":"https:\/\/eticacomunica.com.mx\/?p=31874#primaryimage"},"thumbnailUrl":"https:\/\/eticacomunica.com.mx\/wp-content\/uploads\/2026\/03\/IMG-20260317-WA0042.jpg","datePublished":"2026-03-18T00:33:21+00:00","breadcrumb":{"@id":"https:\/\/eticacomunica.com.mx\/?p=31874#breadcrumb"},"inLanguage":"es","potentialAction":[{"@type":"ReadAction","target":["https:\/\/eticacomunica.com.mx\/?p=31874"]}]},{"@type":"ImageObject","inLanguage":"es","@id":"https:\/\/eticacomunica.com.mx\/?p=31874#primaryimage","url":"https:\/\/eticacomunica.com.mx\/wp-content\/uploads\/2026\/03\/IMG-20260317-WA0042.jpg","contentUrl":"https:\/\/eticacomunica.com.mx\/wp-content\/uploads\/2026\/03\/IMG-20260317-WA0042.jpg","width":1600,"height":1067},{"@type":"BreadcrumbList","@id":"https:\/\/eticacomunica.com.mx\/?p=31874#breadcrumb","itemListElement":[{"@type":"ListItem","position":1,"name":"Inicio","item":"https:\/\/eticacomunica.com.mx\/"},{"@type":"ListItem","position":2,"name":"Conectividad a\u00e9rea impulsa el crecimiento econ\u00f3mico, el desarrollo y la actividad tur\u00edstica de Mazatl\u00e1n"}]},{"@type":"WebSite","@id":"https:\/\/eticacomunica.com.mx\/#website","url":"https:\/\/eticacomunica.com.mx\/","name":"\u00c9tica Comunica","description":"Diario Digital","publisher":{"@id":"https:\/\/eticacomunica.com.mx\/#organization"},"potentialAction":[{"@type":"SearchAction","target":{"@type":"EntryPoint","urlTemplate":"https:\/\/eticacomunica.com.mx\/?s={search_term_string}"},"query-input":{"@type":"PropertyValueSpecification","valueRequired":true,"valueName":"search_term_string"}}],"inLanguage":"es"},{"@type":"Organization","@id":"https:\/\/eticacomunica.com.mx\/#organization","name":"Diarios Digitales de Sinaloa","url":"https:\/\/eticacomunica.com.mx\/","logo":{"@type":"ImageObject","inLanguage":"es","@id":"https:\/\/eticacomunica.com.mx\/#\/schema\/logo\/image\/","url":"https:\/\/eticacomunica.com.mx\/wp-content\/uploads\/2023\/10\/etica-logo.png","contentUrl":"https:\/\/eticacomunica.com.mx\/wp-content\/uploads\/2023\/10\/etica-logo.png","width":1280,"height":432,"caption":"Diarios Digitales de Sinaloa"},"image":{"@id":"https:\/\/eticacomunica.com.mx\/#\/schema\/logo\/image\/"},"sameAs":["https:\/\/www.facebook.com\/eticacomunica"]},{"@type":"Person","@id":"https:\/\/eticacomunica.com.mx\/#\/schema\/person\/2cacc47bd17fe8ad92f08c0313d22fa6","name":"etica","image":{"@type":"ImageObject","inLanguage":"es","@id":"https:\/\/secure.gravatar.com\/avatar\/dfb45d32bc7097f8f06d6e4f6e6b387e7cb8fd5b3a2869265c40587ab62cab1e?s=96&d=mm&r=g","url":"https:\/\/secure.gravatar.com\/avatar\/dfb45d32bc7097f8f06d6e4f6e6b387e7cb8fd5b3a2869265c40587ab62cab1e?s=96&d=mm&r=g","contentUrl":"https:\/\/secure.gravatar.com\/avatar\/dfb45d32bc7097f8f06d6e4f6e6b387e7cb8fd5b3a2869265c40587ab62cab1e?s=96&d=mm&r=g","caption":"etica"},"sameAs":["https:\/\/eticacomunica.com.mx"],"url":"https:\/\/eticacomunica.com.mx\/?author=1"}]}},"jetpack_publicize_connections":[],"jetpack_featured_media_url":"https:\/\/eticacomunica.com.mx\/wp-content\/uploads\/2026\/03\/IMG-20260317-WA0042.jpg","jetpack_sharing_enabled":true,"_links":{"self":[{"href":"https:\/\/eticacomunica.com.mx\/index.php?rest_route=\/wp\/v2\/posts\/31874","targetHints":{"allow":["GET"]}}],"collection":[{"href":"https:\/\/eticacomunica.com.mx\/index.php?rest_route=\/wp\/v2\/posts"}],"about":[{"href":"https:\/\/eticacomunica.com.mx\/index.php?rest_route=\/wp\/v2\/types\/post"}],"author":[{"embeddable":true,"href":"https:\/\/eticacomunica.com.mx\/index.php?rest_route=\/wp\/v2\/users\/1"}],"replies":[{"embeddable":true,"href":"https:\/\/eticacomunica.com.mx\/index.php?rest_route=%2Fwp%2Fv2%2Fcomments&post=31874"}],"version-history":[{"count":0,"href":"https:\/\/eticacomunica.com.mx\/index.php?rest_route=\/wp\/v2\/posts\/31874\/revisions"}],"wp:featuredmedia":[{"embeddable":true,"href":"https:\/\/eticacomunica.com.mx\/index.php?rest_route=\/wp\/v2\/media\/31873"}],"wp:attachment":[{"href":"https:\/\/eticacomunica.com.mx\/index.php?rest_route=%2Fwp%2Fv2%2Fmedia&parent=31874"}],"wp:term":[{"taxonomy":"category","embeddable":true,"href":"https:\/\/eticacomunica.com.mx\/index.php?rest_route=%2Fwp%2Fv2%2Fcategories&post=31874"},{"taxonomy":"post_tag","embeddable":true,"href":"https:\/\/eticacomunica.com.mx\/index.php?rest_route=%2Fwp%2Fv2%2Ftags&post=31874"}],"curies":[{"name":"wp","href":"https:\/\/api.w.org\/{rel}","templated":true}]}}