{"id":31880,"date":"2026-03-17T21:17:20","date_gmt":"2026-03-18T04:17:20","guid":{"rendered":"https:\/\/eticacomunica.com.mx\/?p=31880"},"modified":"2026-03-17T21:17:20","modified_gmt":"2026-03-18T04:17:20","slug":"la-uas-y-la-semujeres-firman-convenio-historico-para-fortalecer-el-desarrollo-de-las-mujeres-en-sinaloa-alianza-estrategica-por-la-igualdad-y-la-justicia-social-desde-las-aulas","status":"publish","type":"post","link":"https:\/\/eticacomunica.com.mx\/?p=31880","title":{"rendered":"La UAS y la SEMUJERES firman convenio hist\u00f3rico para fortalecer el desarrollo de las mujeres en Sinaloa; alianza estrat\u00e9gica por la igualdad y la justicia social desde las aulas"},"content":{"rendered":"\n<p>La Universidad Aut\u00f3noma de Sinaloa (UAS) y la Secretar\u00eda de las Mujeres (SEMUJERES) del Gobierno del Estado firmaron un convenio general de colaboraci\u00f3n que, a trav\u00e9s de la academia, la docencia, la investigaci\u00f3n y la extensi\u00f3n de la cultura, fortalecer\u00e1 el desarrollo social, econ\u00f3mico y pol\u00edtico de las mujeres sinaloenses.<br><br>El rector, el doctor Jes\u00fas Madue\u00f1a Molina, expres\u00f3 que en la universidad la presencia de las mujeres es cada vez m\u00e1s notoria y significativa; como ejemplo, cit\u00f3 que el 54 por ciento de la matr\u00edcula son mujeres y que, en la presente administraci\u00f3n que encabeza, es la primera vez que hay m\u00e1s mujeres funcionarias que hombres.<br><br>\u201cEs para m\u00ed un verdadero honor firmar este convenio de colaboraci\u00f3n con la Secretar\u00eda de las Mujeres, pues estamos plenamente convencidos de que la educaci\u00f3n y el conocimiento deben ser siempre una herramienta para la transformaci\u00f3n social y la justicia plena\u201d, expres\u00f3.<br><br>Enfatiz\u00f3 que el convenio representa un compromiso con la prevenci\u00f3n de la violencia, la promoci\u00f3n de los derechos humanos y el fortalecimiento de una cultura de equidad, respeto y reconocimiento.<br><br>\u201cAl celebrar esta alianza con la Secretar\u00eda de las Mujeres, ampliamos las rutas de coordinaci\u00f3n para que la investigaci\u00f3n, la docencia y la extensi\u00f3n universitaria se vinculen m\u00e1s estrat\u00e9gicamente con las necesidades, aspiraciones y el enorme potencial de las mujeres sinaloenses (&#8230;) La Secretar\u00eda y la Universidad coincidimos en la b\u00fasqueda de una sociedad m\u00e1s igualitaria, donde no existan brechas ni exclusiones, donde los sue\u00f1os de libertad, seguridad y bienestar de todas las mujeres se conviertan en realidad\u201d, manifest\u00f3.<br><br>Subray\u00f3 que, desde la vinculaci\u00f3n, se establecen compromisos con el empoderamiento femenino para que nunca m\u00e1s se cancelen sus derechos ni se ponga en riesgo su integridad; por ello, la Universidad y la Secretar\u00eda de las Mujeres &#8220;alzan la mano&#8221; para visibilizar sus aportaciones y corresponder a sus esfuerzos.<br><br>\u201cHoy M\u00e9xico, Sinaloa y la Universidad reconocemos a las mujeres como esa energ\u00eda que nos mueve, esa inteligencia que nos gu\u00eda y esa palabra que nos motiva (&#8230;) sigamos sumando esfuerzos para construir una paz en positivo, donde todas las mujeres accedan a la educaci\u00f3n, a la justicia y a la igualdad; donde ser mujer sea sin\u00f3nimo de alegr\u00eda, de oportunidad y de respeto. Que sea para bien de Sinaloa la firma de este convenio\u201d, puntualiz\u00f3.<br><br>Por su parte, el director de Vinculaci\u00f3n y Relaciones Internacionales, el doctor Jes\u00fas S\u00e1nchez Zazueta, detall\u00f3 que entre los objetivos del convenio destaca el apoyo mutuo para realizar programas y actividades que fomenten la cooperaci\u00f3n acad\u00e9mica, cient\u00edfica y cultural, promuevan la igualdad sustantiva y la perspectiva de g\u00e9nero, as\u00ed como el fortalecimiento de la formaci\u00f3n integral y profesional de las mujeres en el estado.<br><br>Los compromisos incluyen impulsar proyectos de investigaci\u00f3n y de vinculaci\u00f3n social en los que se promuevan ambientes escolares libres de violencia, la realizaci\u00f3n de cursos, talleres, conferencias, servicio social y pr\u00e1cticas profesionales, entre otros.<br><br>La titular de la Secretar\u00eda de las Mujeres, la licenciada Ana Francis Chiquete Elizalde, manifest\u00f3 que hablar de educaci\u00f3n no es solo hablar de formaci\u00f3n acad\u00e9mica, sino de formaci\u00f3n en valores, pensamiento cr\u00edtico y conciencia social para formar una ciudadan\u00eda comprometida con su entorno.<br><br>\u201cEn ese sentido, el papel que ha jugado la Universidad Aut\u00f3noma de Sinaloa es fundamental para la construcci\u00f3n de estos espacios donde se edifica el presente y el futuro de Sinaloa. Son semilleros de ideas, de liderazgos y de transformaci\u00f3n. Con este convenio seguimos dando pasos firmes para que en estos espacios contin\u00fae la construcci\u00f3n conjunta de la igualdad, el respeto y una vida libre de violencia para todas las mujeres\u201d, se\u00f1al\u00f3.<br><br>Agreg\u00f3 que este acuerdo permitir\u00e1 fortalecer acciones conjuntas en materia de prevenci\u00f3n, capacitaci\u00f3n, sensibilizaci\u00f3n y acompa\u00f1amiento, lo cual generar\u00e1 un impacto directo tanto en la comunidad universitaria como en toda la sociedad sinaloense.<br><br>\u201cSabemos que la igualdad no se construye en solitario, se construye en colectivo: desde las aulas, desde las instituciones y desde cada espacio donde tengamos la oportunidad de incidir para lograr un cambio cultural profundo. Reafirmamos que esta participaci\u00f3n es clave y que necesitamos a las y los estudiantes, al personal docente y a las autoridades (&#8230;) Que cada mujer sepa que no est\u00e1 sola y que cada instituci\u00f3n suma su responsabilidad en la construcci\u00f3n de un Sinaloa m\u00e1s justo, igualitario y humano\u201d, opin\u00f3.<br><br>Finalmente, reiter\u00f3 la disposici\u00f3n de la Secretar\u00eda de las Mujeres para seguir trabajando de la mano de la UAS, convencida de que, al sumar esfuerzos, los resultados se multiplican e impactan de manera positiva.<\/p>\n","protected":false},"excerpt":{"rendered":"<p>La Universidad Aut\u00f3noma de Sinaloa (UAS) y la Secretar\u00eda de las Mujeres (SEMUJERES) del Gobierno del Estado firmaron un convenio general de colaboraci\u00f3n que, a trav\u00e9s de la academia, la&hellip;<\/p>\n","protected":false},"author":1,"featured_media":31879,"comment_status":"open","ping_status":"open","sticky":false,"template":"","format":"standard","meta":{"_jetpack_memberships_contains_paid_content":false,"footnotes":"","jetpack_publicize_message":"","jetpack_publicize_feature_enabled":true,"jetpack_social_post_already_shared":true,"jetpack_social_options":{"image_generator_settings":{"template":"highway","default_image_id":0,"font":"","enabled":false},"version":2}},"categories":[40],"tags":[41],"class_list":["post-31880","post","type-post","status-publish","format-standard","has-post-thumbnail","hentry","category-educacion","tag-uas"],"yoast_head":"<!-- This site is optimized with the Yoast SEO plugin v27.2 - https:\/\/yoast.com\/product\/yoast-seo-wordpress\/ -->\n<title>La UAS y la SEMUJERES firman convenio hist\u00f3rico para fortalecer el desarrollo de las mujeres en Sinaloa; alianza estrat\u00e9gica por la igualdad y la justicia social desde las aulas - \u00c9tica Comunica<\/title>\n<meta name=\"robots\" content=\"index, follow, max-snippet:-1, max-image-preview:large, max-video-preview:-1\" \/>\n<link rel=\"canonical\" href=\"https:\/\/eticacomunica.com.mx\/?p=31880\" \/>\n<meta property=\"og:locale\" content=\"es_MX\" \/>\n<meta property=\"og:type\" content=\"article\" \/>\n<meta property=\"og:title\" content=\"La UAS y la SEMUJERES firman convenio hist\u00f3rico para fortalecer el desarrollo de las mujeres en Sinaloa; alianza estrat\u00e9gica por la igualdad y la justicia social desde las aulas - \u00c9tica Comunica\" \/>\n<meta property=\"og:description\" content=\"La Universidad Aut\u00f3noma de Sinaloa (UAS) y la Secretar\u00eda de las Mujeres (SEMUJERES) del Gobierno del Estado firmaron un convenio general de colaboraci\u00f3n que, a trav\u00e9s de la academia, la&hellip;\" \/>\n<meta property=\"og:url\" content=\"https:\/\/eticacomunica.com.mx\/?p=31880\" \/>\n<meta property=\"og:site_name\" content=\"\u00c9tica Comunica\" \/>\n<meta property=\"article:publisher\" content=\"https:\/\/www.facebook.com\/eticacomunica\" \/>\n<meta property=\"article:published_time\" content=\"2026-03-18T04:17:20+00:00\" \/>\n<meta name=\"author\" content=\"etica\" \/>\n<meta name=\"twitter:card\" content=\"summary_large_image\" \/>\n<meta name=\"twitter:label1\" content=\"Escrito por\" \/>\n\t<meta name=\"twitter:data1\" content=\"etica\" \/>\n\t<meta name=\"twitter:label2\" content=\"Tiempo de lectura\" \/>\n\t<meta name=\"twitter:data2\" content=\"4 minutos\" \/>\n<script type=\"application\/ld+json\" class=\"yoast-schema-graph\">{\"@context\":\"https:\/\/schema.org\",\"@graph\":[{\"@type\":\"Article\",\"@id\":\"https:\/\/eticacomunica.com.mx\/?p=31880#article\",\"isPartOf\":{\"@id\":\"https:\/\/eticacomunica.com.mx\/?p=31880\"},\"author\":{\"name\":\"etica\",\"@id\":\"https:\/\/eticacomunica.com.mx\/#\/schema\/person\/2cacc47bd17fe8ad92f08c0313d22fa6\"},\"headline\":\"La UAS y la SEMUJERES firman convenio hist\u00f3rico para fortalecer el desarrollo de las mujeres en Sinaloa; alianza estrat\u00e9gica por la igualdad y la justicia social desde las aulas\",\"datePublished\":\"2026-03-18T04:17:20+00:00\",\"mainEntityOfPage\":{\"@id\":\"https:\/\/eticacomunica.com.mx\/?p=31880\"},\"wordCount\":848,\"commentCount\":0,\"publisher\":{\"@id\":\"https:\/\/eticacomunica.com.mx\/#organization\"},\"image\":{\"@id\":\"https:\/\/eticacomunica.com.mx\/?p=31880#primaryimage\"},\"thumbnailUrl\":\"https:\/\/eticacomunica.com.mx\/wp-content\/uploads\/2026\/03\/IMG-20260317-WA0078.jpg\",\"keywords\":[\"UAS\"],\"articleSection\":[\"Educaci\u00f3n\"],\"inLanguage\":\"es\",\"potentialAction\":[{\"@type\":\"CommentAction\",\"name\":\"Comment\",\"target\":[\"https:\/\/eticacomunica.com.mx\/?p=31880#respond\"]}]},{\"@type\":\"WebPage\",\"@id\":\"https:\/\/eticacomunica.com.mx\/?p=31880\",\"url\":\"https:\/\/eticacomunica.com.mx\/?p=31880\",\"name\":\"La UAS y la SEMUJERES firman convenio hist\u00f3rico para fortalecer el desarrollo de las mujeres en Sinaloa; alianza estrat\u00e9gica por la igualdad y la justicia social desde las aulas - \u00c9tica Comunica\",\"isPartOf\":{\"@id\":\"https:\/\/eticacomunica.com.mx\/#website\"},\"primaryImageOfPage\":{\"@id\":\"https:\/\/eticacomunica.com.mx\/?p=31880#primaryimage\"},\"image\":{\"@id\":\"https:\/\/eticacomunica.com.mx\/?p=31880#primaryimage\"},\"thumbnailUrl\":\"https:\/\/eticacomunica.com.mx\/wp-content\/uploads\/2026\/03\/IMG-20260317-WA0078.jpg\",\"datePublished\":\"2026-03-18T04:17:20+00:00\",\"breadcrumb\":{\"@id\":\"https:\/\/eticacomunica.com.mx\/?p=31880#breadcrumb\"},\"inLanguage\":\"es\",\"potentialAction\":[{\"@type\":\"ReadAction\",\"target\":[\"https:\/\/eticacomunica.com.mx\/?p=31880\"]}]},{\"@type\":\"ImageObject\",\"inLanguage\":\"es\",\"@id\":\"https:\/\/eticacomunica.com.mx\/?p=31880#primaryimage\",\"url\":\"https:\/\/eticacomunica.com.mx\/wp-content\/uploads\/2026\/03\/IMG-20260317-WA0078.jpg\",\"contentUrl\":\"https:\/\/eticacomunica.com.mx\/wp-content\/uploads\/2026\/03\/IMG-20260317-WA0078.jpg\",\"width\":1600,\"height\":1068},{\"@type\":\"BreadcrumbList\",\"@id\":\"https:\/\/eticacomunica.com.mx\/?p=31880#breadcrumb\",\"itemListElement\":[{\"@type\":\"ListItem\",\"position\":1,\"name\":\"Inicio\",\"item\":\"https:\/\/eticacomunica.com.mx\/\"},{\"@type\":\"ListItem\",\"position\":2,\"name\":\"La UAS y la SEMUJERES firman convenio hist\u00f3rico para fortalecer el desarrollo de las mujeres en Sinaloa; alianza estrat\u00e9gica por la igualdad y la justicia social desde las aulas\"}]},{\"@type\":\"WebSite\",\"@id\":\"https:\/\/eticacomunica.com.mx\/#website\",\"url\":\"https:\/\/eticacomunica.com.mx\/\",\"name\":\"\u00c9tica Comunica\",\"description\":\"Diario Digital\",\"publisher\":{\"@id\":\"https:\/\/eticacomunica.com.mx\/#organization\"},\"potentialAction\":[{\"@type\":\"SearchAction\",\"target\":{\"@type\":\"EntryPoint\",\"urlTemplate\":\"https:\/\/eticacomunica.com.mx\/?s={search_term_string}\"},\"query-input\":{\"@type\":\"PropertyValueSpecification\",\"valueRequired\":true,\"valueName\":\"search_term_string\"}}],\"inLanguage\":\"es\"},{\"@type\":\"Organization\",\"@id\":\"https:\/\/eticacomunica.com.mx\/#organization\",\"name\":\"Diarios Digitales de Sinaloa\",\"url\":\"https:\/\/eticacomunica.com.mx\/\",\"logo\":{\"@type\":\"ImageObject\",\"inLanguage\":\"es\",\"@id\":\"https:\/\/eticacomunica.com.mx\/#\/schema\/logo\/image\/\",\"url\":\"https:\/\/eticacomunica.com.mx\/wp-content\/uploads\/2023\/10\/etica-logo.png\",\"contentUrl\":\"https:\/\/eticacomunica.com.mx\/wp-content\/uploads\/2023\/10\/etica-logo.png\",\"width\":1280,\"height\":432,\"caption\":\"Diarios Digitales de Sinaloa\"},\"image\":{\"@id\":\"https:\/\/eticacomunica.com.mx\/#\/schema\/logo\/image\/\"},\"sameAs\":[\"https:\/\/www.facebook.com\/eticacomunica\"]},{\"@type\":\"Person\",\"@id\":\"https:\/\/eticacomunica.com.mx\/#\/schema\/person\/2cacc47bd17fe8ad92f08c0313d22fa6\",\"name\":\"etica\",\"image\":{\"@type\":\"ImageObject\",\"inLanguage\":\"es\",\"@id\":\"https:\/\/secure.gravatar.com\/avatar\/dfb45d32bc7097f8f06d6e4f6e6b387e7cb8fd5b3a2869265c40587ab62cab1e?s=96&d=mm&r=g\",\"url\":\"https:\/\/secure.gravatar.com\/avatar\/dfb45d32bc7097f8f06d6e4f6e6b387e7cb8fd5b3a2869265c40587ab62cab1e?s=96&d=mm&r=g\",\"contentUrl\":\"https:\/\/secure.gravatar.com\/avatar\/dfb45d32bc7097f8f06d6e4f6e6b387e7cb8fd5b3a2869265c40587ab62cab1e?s=96&d=mm&r=g\",\"caption\":\"etica\"},\"sameAs\":[\"https:\/\/eticacomunica.com.mx\"],\"url\":\"https:\/\/eticacomunica.com.mx\/?author=1\"}]}<\/script>\n<!-- \/ Yoast SEO plugin. -->","yoast_head_json":{"title":"La UAS y la SEMUJERES firman convenio hist\u00f3rico para fortalecer el desarrollo de las mujeres en Sinaloa; alianza estrat\u00e9gica por la igualdad y la justicia social desde las aulas - \u00c9tica Comunica","robots":{"index":"index","follow":"follow","max-snippet":"max-snippet:-1","max-image-preview":"max-image-preview:large","max-video-preview":"max-video-preview:-1"},"canonical":"https:\/\/eticacomunica.com.mx\/?p=31880","og_locale":"es_MX","og_type":"article","og_title":"La UAS y la SEMUJERES firman convenio hist\u00f3rico para fortalecer el desarrollo de las mujeres en Sinaloa; alianza estrat\u00e9gica por la igualdad y la justicia social desde las aulas - \u00c9tica Comunica","og_description":"La Universidad Aut\u00f3noma de Sinaloa (UAS) y la Secretar\u00eda de las Mujeres (SEMUJERES) del Gobierno del Estado firmaron un convenio general de colaboraci\u00f3n que, a trav\u00e9s de la academia, la&hellip;","og_url":"https:\/\/eticacomunica.com.mx\/?p=31880","og_site_name":"\u00c9tica Comunica","article_publisher":"https:\/\/www.facebook.com\/eticacomunica","article_published_time":"2026-03-18T04:17:20+00:00","author":"etica","twitter_card":"summary_large_image","twitter_misc":{"Escrito por":"etica","Tiempo de lectura":"4 minutos"},"schema":{"@context":"https:\/\/schema.org","@graph":[{"@type":"Article","@id":"https:\/\/eticacomunica.com.mx\/?p=31880#article","isPartOf":{"@id":"https:\/\/eticacomunica.com.mx\/?p=31880"},"author":{"name":"etica","@id":"https:\/\/eticacomunica.com.mx\/#\/schema\/person\/2cacc47bd17fe8ad92f08c0313d22fa6"},"headline":"La UAS y la SEMUJERES firman convenio hist\u00f3rico para fortalecer el desarrollo de las mujeres en Sinaloa; alianza estrat\u00e9gica por la igualdad y la justicia social desde las aulas","datePublished":"2026-03-18T04:17:20+00:00","mainEntityOfPage":{"@id":"https:\/\/eticacomunica.com.mx\/?p=31880"},"wordCount":848,"commentCount":0,"publisher":{"@id":"https:\/\/eticacomunica.com.mx\/#organization"},"image":{"@id":"https:\/\/eticacomunica.com.mx\/?p=31880#primaryimage"},"thumbnailUrl":"https:\/\/eticacomunica.com.mx\/wp-content\/uploads\/2026\/03\/IMG-20260317-WA0078.jpg","keywords":["UAS"],"articleSection":["Educaci\u00f3n"],"inLanguage":"es","potentialAction":[{"@type":"CommentAction","name":"Comment","target":["https:\/\/eticacomunica.com.mx\/?p=31880#respond"]}]},{"@type":"WebPage","@id":"https:\/\/eticacomunica.com.mx\/?p=31880","url":"https:\/\/eticacomunica.com.mx\/?p=31880","name":"La UAS y la SEMUJERES firman convenio hist\u00f3rico para fortalecer el desarrollo de las mujeres en Sinaloa; alianza estrat\u00e9gica por la igualdad y la justicia social desde las aulas - \u00c9tica Comunica","isPartOf":{"@id":"https:\/\/eticacomunica.com.mx\/#website"},"primaryImageOfPage":{"@id":"https:\/\/eticacomunica.com.mx\/?p=31880#primaryimage"},"image":{"@id":"https:\/\/eticacomunica.com.mx\/?p=31880#primaryimage"},"thumbnailUrl":"https:\/\/eticacomunica.com.mx\/wp-content\/uploads\/2026\/03\/IMG-20260317-WA0078.jpg","datePublished":"2026-03-18T04:17:20+00:00","breadcrumb":{"@id":"https:\/\/eticacomunica.com.mx\/?p=31880#breadcrumb"},"inLanguage":"es","potentialAction":[{"@type":"ReadAction","target":["https:\/\/eticacomunica.com.mx\/?p=31880"]}]},{"@type":"ImageObject","inLanguage":"es","@id":"https:\/\/eticacomunica.com.mx\/?p=31880#primaryimage","url":"https:\/\/eticacomunica.com.mx\/wp-content\/uploads\/2026\/03\/IMG-20260317-WA0078.jpg","contentUrl":"https:\/\/eticacomunica.com.mx\/wp-content\/uploads\/2026\/03\/IMG-20260317-WA0078.jpg","width":1600,"height":1068},{"@type":"BreadcrumbList","@id":"https:\/\/eticacomunica.com.mx\/?p=31880#breadcrumb","itemListElement":[{"@type":"ListItem","position":1,"name":"Inicio","item":"https:\/\/eticacomunica.com.mx\/"},{"@type":"ListItem","position":2,"name":"La UAS y la SEMUJERES firman convenio hist\u00f3rico para fortalecer el desarrollo de las mujeres en Sinaloa; alianza estrat\u00e9gica por la igualdad y la justicia social desde las aulas"}]},{"@type":"WebSite","@id":"https:\/\/eticacomunica.com.mx\/#website","url":"https:\/\/eticacomunica.com.mx\/","name":"\u00c9tica Comunica","description":"Diario Digital","publisher":{"@id":"https:\/\/eticacomunica.com.mx\/#organization"},"potentialAction":[{"@type":"SearchAction","target":{"@type":"EntryPoint","urlTemplate":"https:\/\/eticacomunica.com.mx\/?s={search_term_string}"},"query-input":{"@type":"PropertyValueSpecification","valueRequired":true,"valueName":"search_term_string"}}],"inLanguage":"es"},{"@type":"Organization","@id":"https:\/\/eticacomunica.com.mx\/#organization","name":"Diarios Digitales de Sinaloa","url":"https:\/\/eticacomunica.com.mx\/","logo":{"@type":"ImageObject","inLanguage":"es","@id":"https:\/\/eticacomunica.com.mx\/#\/schema\/logo\/image\/","url":"https:\/\/eticacomunica.com.mx\/wp-content\/uploads\/2023\/10\/etica-logo.png","contentUrl":"https:\/\/eticacomunica.com.mx\/wp-content\/uploads\/2023\/10\/etica-logo.png","width":1280,"height":432,"caption":"Diarios Digitales de Sinaloa"},"image":{"@id":"https:\/\/eticacomunica.com.mx\/#\/schema\/logo\/image\/"},"sameAs":["https:\/\/www.facebook.com\/eticacomunica"]},{"@type":"Person","@id":"https:\/\/eticacomunica.com.mx\/#\/schema\/person\/2cacc47bd17fe8ad92f08c0313d22fa6","name":"etica","image":{"@type":"ImageObject","inLanguage":"es","@id":"https:\/\/secure.gravatar.com\/avatar\/dfb45d32bc7097f8f06d6e4f6e6b387e7cb8fd5b3a2869265c40587ab62cab1e?s=96&d=mm&r=g","url":"https:\/\/secure.gravatar.com\/avatar\/dfb45d32bc7097f8f06d6e4f6e6b387e7cb8fd5b3a2869265c40587ab62cab1e?s=96&d=mm&r=g","contentUrl":"https:\/\/secure.gravatar.com\/avatar\/dfb45d32bc7097f8f06d6e4f6e6b387e7cb8fd5b3a2869265c40587ab62cab1e?s=96&d=mm&r=g","caption":"etica"},"sameAs":["https:\/\/eticacomunica.com.mx"],"url":"https:\/\/eticacomunica.com.mx\/?author=1"}]}},"jetpack_publicize_connections":[],"jetpack_featured_media_url":"https:\/\/eticacomunica.com.mx\/wp-content\/uploads\/2026\/03\/IMG-20260317-WA0078.jpg","jetpack_sharing_enabled":true,"_links":{"self":[{"href":"https:\/\/eticacomunica.com.mx\/index.php?rest_route=\/wp\/v2\/posts\/31880","targetHints":{"allow":["GET"]}}],"collection":[{"href":"https:\/\/eticacomunica.com.mx\/index.php?rest_route=\/wp\/v2\/posts"}],"about":[{"href":"https:\/\/eticacomunica.com.mx\/index.php?rest_route=\/wp\/v2\/types\/post"}],"author":[{"embeddable":true,"href":"https:\/\/eticacomunica.com.mx\/index.php?rest_route=\/wp\/v2\/users\/1"}],"replies":[{"embeddable":true,"href":"https:\/\/eticacomunica.com.mx\/index.php?rest_route=%2Fwp%2Fv2%2Fcomments&post=31880"}],"version-history":[{"count":0,"href":"https:\/\/eticacomunica.com.mx\/index.php?rest_route=\/wp\/v2\/posts\/31880\/revisions"}],"wp:featuredmedia":[{"embeddable":true,"href":"https:\/\/eticacomunica.com.mx\/index.php?rest_route=\/wp\/v2\/media\/31879"}],"wp:attachment":[{"href":"https:\/\/eticacomunica.com.mx\/index.php?rest_route=%2Fwp%2Fv2%2Fmedia&parent=31880"}],"wp:term":[{"taxonomy":"category","embeddable":true,"href":"https:\/\/eticacomunica.com.mx\/index.php?rest_route=%2Fwp%2Fv2%2Fcategories&post=31880"},{"taxonomy":"post_tag","embeddable":true,"href":"https:\/\/eticacomunica.com.mx\/index.php?rest_route=%2Fwp%2Fv2%2Ftags&post=31880"}],"curies":[{"name":"wp","href":"https:\/\/api.w.org\/{rel}","templated":true}]}}