{"id":31902,"date":"2026-03-18T20:00:35","date_gmt":"2026-03-19T03:00:35","guid":{"rendered":"https:\/\/eticacomunica.com.mx\/?p=31902"},"modified":"2026-03-18T20:00:35","modified_gmt":"2026-03-19T03:00:35","slug":"el-rector-jesus-maduena-entrega-equipo-especializado-a-la-facultad-de-arquitectura-y-diseno-de-mazatlan-para-potenciar-el-aprendizaje-practico","status":"publish","type":"post","link":"https:\/\/eticacomunica.com.mx\/?p=31902","title":{"rendered":"El Rector Jes\u00fas Madue\u00f1a entrega equipo especializado a la Facultad de Arquitectura y Dise\u00f1o de Mazatl\u00e1n, para potenciar el aprendizaje pr\u00e1ctico"},"content":{"rendered":"\n<p>Estudiantes de la Facultad de Arquitectura y Dise\u00f1o (FADI) de Mazatl\u00e1n recibieron, por parte del rector de la Universidad Aut\u00f3noma de Sinaloa, el doctor Jes\u00fas Madue\u00f1a Molina, y de la doctora Sof\u00eda Angulo Olivas, directora de la Unidad de Bienestar Universitario (UBU), equipo y material destinado a fortalecer las actividades acad\u00e9micas de la Licenciatura en Dise\u00f1o Industrial.<br><br>Durante el evento, el rector de la UAS exhort\u00f3 a los alumnos a continuar con su formaci\u00f3n profesional en la &#8220;Casa Rosalina&#8221; y a cuidar sus instalaciones, invit\u00e1ndolos a participar activamente en el embellecimiento y la mejora de sus unidades acad\u00e9micas.<br><br>Por su parte, el vicerrector Iv\u00e1n Tostado destac\u00f3 en su mensaje que se continuar\u00e1n gestionando los apoyos necesarios para que los estudiantes refuercen los conocimientos adquiridos en las aulas mediante la aplicaci\u00f3n pr\u00e1ctica.<br><br>Los alumnos de la carrera se mostraron agradecidos por el apoyo recibido, ya que este equipamiento les permitir\u00e1 consolidar su formaci\u00f3n acad\u00e9mica y el desarrollo de sus pr\u00e1cticas profesionales.<br><br>El director de la FADI, \u00c9dgar Campos, precis\u00f3 que es fundamental que los alumnos cuenten con equipo y material profesional para realizar las actividades propias de la licenciatura. Asimismo, reiter\u00f3 su agradecimiento al rector por el respaldo brindado para enriquecer el aprendizaje de quienes cursan actualmente esta carrera.<br><br>Al acto protocolario de entrega de equipo especializado asistieron tambi\u00e9n el vicerrector de la Unidad Regional Norte, Lauro C\u00e9sar Parra, adem\u00e1s de autoridades acad\u00e9micas, docentes, coordinadores de carrera y estudiantes de la facultad.<\/p>\n","protected":false},"excerpt":{"rendered":"<p>Estudiantes de la Facultad de Arquitectura y Dise\u00f1o (FADI) de Mazatl\u00e1n recibieron, por parte del rector de la Universidad Aut\u00f3noma de Sinaloa, el doctor Jes\u00fas Madue\u00f1a Molina, y de la&hellip;<\/p>\n","protected":false},"author":1,"featured_media":31901,"comment_status":"open","ping_status":"open","sticky":false,"template":"","format":"standard","meta":{"_jetpack_memberships_contains_paid_content":false,"footnotes":"","jetpack_publicize_message":"","jetpack_publicize_feature_enabled":true,"jetpack_social_post_already_shared":true,"jetpack_social_options":{"image_generator_settings":{"template":"highway","default_image_id":0,"font":"","enabled":false},"version":2}},"categories":[40],"tags":[41],"class_list":["post-31902","post","type-post","status-publish","format-standard","has-post-thumbnail","hentry","category-educacion","tag-uas"],"yoast_head":"<!-- This site is optimized with the Yoast SEO plugin v27.2 - https:\/\/yoast.com\/product\/yoast-seo-wordpress\/ -->\n<title>El Rector Jes\u00fas Madue\u00f1a entrega equipo especializado a la Facultad de Arquitectura y Dise\u00f1o de Mazatl\u00e1n, para potenciar el aprendizaje pr\u00e1ctico - \u00c9tica Comunica<\/title>\n<meta name=\"robots\" content=\"index, follow, max-snippet:-1, max-image-preview:large, max-video-preview:-1\" \/>\n<link rel=\"canonical\" href=\"https:\/\/eticacomunica.com.mx\/?p=31902\" \/>\n<meta property=\"og:locale\" content=\"es_MX\" \/>\n<meta property=\"og:type\" content=\"article\" \/>\n<meta property=\"og:title\" content=\"El Rector Jes\u00fas Madue\u00f1a entrega equipo especializado a la Facultad de Arquitectura y Dise\u00f1o de Mazatl\u00e1n, para potenciar el aprendizaje pr\u00e1ctico - \u00c9tica Comunica\" \/>\n<meta property=\"og:description\" content=\"Estudiantes de la Facultad de Arquitectura y Dise\u00f1o (FADI) de Mazatl\u00e1n recibieron, por parte del rector de la Universidad Aut\u00f3noma de Sinaloa, el doctor Jes\u00fas Madue\u00f1a Molina, y de la&hellip;\" \/>\n<meta property=\"og:url\" content=\"https:\/\/eticacomunica.com.mx\/?p=31902\" \/>\n<meta property=\"og:site_name\" content=\"\u00c9tica Comunica\" \/>\n<meta property=\"article:publisher\" content=\"https:\/\/www.facebook.com\/eticacomunica\" \/>\n<meta property=\"article:published_time\" content=\"2026-03-19T03:00:35+00:00\" \/>\n<meta name=\"author\" content=\"etica\" \/>\n<meta name=\"twitter:card\" content=\"summary_large_image\" \/>\n<meta name=\"twitter:label1\" content=\"Escrito por\" \/>\n\t<meta name=\"twitter:data1\" content=\"etica\" \/>\n\t<meta name=\"twitter:label2\" content=\"Tiempo de lectura\" \/>\n\t<meta name=\"twitter:data2\" content=\"1 minuto\" \/>\n<script type=\"application\/ld+json\" class=\"yoast-schema-graph\">{\"@context\":\"https:\/\/schema.org\",\"@graph\":[{\"@type\":\"Article\",\"@id\":\"https:\/\/eticacomunica.com.mx\/?p=31902#article\",\"isPartOf\":{\"@id\":\"https:\/\/eticacomunica.com.mx\/?p=31902\"},\"author\":{\"name\":\"etica\",\"@id\":\"https:\/\/eticacomunica.com.mx\/#\/schema\/person\/2cacc47bd17fe8ad92f08c0313d22fa6\"},\"headline\":\"El Rector Jes\u00fas Madue\u00f1a entrega equipo especializado a la Facultad de Arquitectura y Dise\u00f1o de Mazatl\u00e1n, para potenciar el aprendizaje pr\u00e1ctico\",\"datePublished\":\"2026-03-19T03:00:35+00:00\",\"mainEntityOfPage\":{\"@id\":\"https:\/\/eticacomunica.com.mx\/?p=31902\"},\"wordCount\":289,\"commentCount\":0,\"publisher\":{\"@id\":\"https:\/\/eticacomunica.com.mx\/#organization\"},\"image\":{\"@id\":\"https:\/\/eticacomunica.com.mx\/?p=31902#primaryimage\"},\"thumbnailUrl\":\"https:\/\/eticacomunica.com.mx\/wp-content\/uploads\/2026\/03\/IMG-20260318-WA0105.jpg\",\"keywords\":[\"UAS\"],\"articleSection\":[\"Educaci\u00f3n\"],\"inLanguage\":\"es\",\"potentialAction\":[{\"@type\":\"CommentAction\",\"name\":\"Comment\",\"target\":[\"https:\/\/eticacomunica.com.mx\/?p=31902#respond\"]}]},{\"@type\":\"WebPage\",\"@id\":\"https:\/\/eticacomunica.com.mx\/?p=31902\",\"url\":\"https:\/\/eticacomunica.com.mx\/?p=31902\",\"name\":\"El Rector Jes\u00fas Madue\u00f1a entrega equipo especializado a la Facultad de Arquitectura y Dise\u00f1o de Mazatl\u00e1n, para potenciar el aprendizaje pr\u00e1ctico - \u00c9tica Comunica\",\"isPartOf\":{\"@id\":\"https:\/\/eticacomunica.com.mx\/#website\"},\"primaryImageOfPage\":{\"@id\":\"https:\/\/eticacomunica.com.mx\/?p=31902#primaryimage\"},\"image\":{\"@id\":\"https:\/\/eticacomunica.com.mx\/?p=31902#primaryimage\"},\"thumbnailUrl\":\"https:\/\/eticacomunica.com.mx\/wp-content\/uploads\/2026\/03\/IMG-20260318-WA0105.jpg\",\"datePublished\":\"2026-03-19T03:00:35+00:00\",\"breadcrumb\":{\"@id\":\"https:\/\/eticacomunica.com.mx\/?p=31902#breadcrumb\"},\"inLanguage\":\"es\",\"potentialAction\":[{\"@type\":\"ReadAction\",\"target\":[\"https:\/\/eticacomunica.com.mx\/?p=31902\"]}]},{\"@type\":\"ImageObject\",\"inLanguage\":\"es\",\"@id\":\"https:\/\/eticacomunica.com.mx\/?p=31902#primaryimage\",\"url\":\"https:\/\/eticacomunica.com.mx\/wp-content\/uploads\/2026\/03\/IMG-20260318-WA0105.jpg\",\"contentUrl\":\"https:\/\/eticacomunica.com.mx\/wp-content\/uploads\/2026\/03\/IMG-20260318-WA0105.jpg\",\"width\":1600,\"height\":1067},{\"@type\":\"BreadcrumbList\",\"@id\":\"https:\/\/eticacomunica.com.mx\/?p=31902#breadcrumb\",\"itemListElement\":[{\"@type\":\"ListItem\",\"position\":1,\"name\":\"Inicio\",\"item\":\"https:\/\/eticacomunica.com.mx\/\"},{\"@type\":\"ListItem\",\"position\":2,\"name\":\"El Rector Jes\u00fas Madue\u00f1a entrega equipo especializado a la Facultad de Arquitectura y Dise\u00f1o de Mazatl\u00e1n, para potenciar el aprendizaje pr\u00e1ctico\"}]},{\"@type\":\"WebSite\",\"@id\":\"https:\/\/eticacomunica.com.mx\/#website\",\"url\":\"https:\/\/eticacomunica.com.mx\/\",\"name\":\"\u00c9tica Comunica\",\"description\":\"Diario Digital\",\"publisher\":{\"@id\":\"https:\/\/eticacomunica.com.mx\/#organization\"},\"potentialAction\":[{\"@type\":\"SearchAction\",\"target\":{\"@type\":\"EntryPoint\",\"urlTemplate\":\"https:\/\/eticacomunica.com.mx\/?s={search_term_string}\"},\"query-input\":{\"@type\":\"PropertyValueSpecification\",\"valueRequired\":true,\"valueName\":\"search_term_string\"}}],\"inLanguage\":\"es\"},{\"@type\":\"Organization\",\"@id\":\"https:\/\/eticacomunica.com.mx\/#organization\",\"name\":\"Diarios Digitales de Sinaloa\",\"url\":\"https:\/\/eticacomunica.com.mx\/\",\"logo\":{\"@type\":\"ImageObject\",\"inLanguage\":\"es\",\"@id\":\"https:\/\/eticacomunica.com.mx\/#\/schema\/logo\/image\/\",\"url\":\"https:\/\/eticacomunica.com.mx\/wp-content\/uploads\/2023\/10\/etica-logo.png\",\"contentUrl\":\"https:\/\/eticacomunica.com.mx\/wp-content\/uploads\/2023\/10\/etica-logo.png\",\"width\":1280,\"height\":432,\"caption\":\"Diarios Digitales de Sinaloa\"},\"image\":{\"@id\":\"https:\/\/eticacomunica.com.mx\/#\/schema\/logo\/image\/\"},\"sameAs\":[\"https:\/\/www.facebook.com\/eticacomunica\"]},{\"@type\":\"Person\",\"@id\":\"https:\/\/eticacomunica.com.mx\/#\/schema\/person\/2cacc47bd17fe8ad92f08c0313d22fa6\",\"name\":\"etica\",\"image\":{\"@type\":\"ImageObject\",\"inLanguage\":\"es\",\"@id\":\"https:\/\/secure.gravatar.com\/avatar\/dfb45d32bc7097f8f06d6e4f6e6b387e7cb8fd5b3a2869265c40587ab62cab1e?s=96&d=mm&r=g\",\"url\":\"https:\/\/secure.gravatar.com\/avatar\/dfb45d32bc7097f8f06d6e4f6e6b387e7cb8fd5b3a2869265c40587ab62cab1e?s=96&d=mm&r=g\",\"contentUrl\":\"https:\/\/secure.gravatar.com\/avatar\/dfb45d32bc7097f8f06d6e4f6e6b387e7cb8fd5b3a2869265c40587ab62cab1e?s=96&d=mm&r=g\",\"caption\":\"etica\"},\"sameAs\":[\"https:\/\/eticacomunica.com.mx\"],\"url\":\"https:\/\/eticacomunica.com.mx\/?author=1\"}]}<\/script>\n<!-- \/ Yoast SEO plugin. -->","yoast_head_json":{"title":"El Rector Jes\u00fas Madue\u00f1a entrega equipo especializado a la Facultad de Arquitectura y Dise\u00f1o de Mazatl\u00e1n, para potenciar el aprendizaje pr\u00e1ctico - \u00c9tica Comunica","robots":{"index":"index","follow":"follow","max-snippet":"max-snippet:-1","max-image-preview":"max-image-preview:large","max-video-preview":"max-video-preview:-1"},"canonical":"https:\/\/eticacomunica.com.mx\/?p=31902","og_locale":"es_MX","og_type":"article","og_title":"El Rector Jes\u00fas Madue\u00f1a entrega equipo especializado a la Facultad de Arquitectura y Dise\u00f1o de Mazatl\u00e1n, para potenciar el aprendizaje pr\u00e1ctico - \u00c9tica Comunica","og_description":"Estudiantes de la Facultad de Arquitectura y Dise\u00f1o (FADI) de Mazatl\u00e1n recibieron, por parte del rector de la Universidad Aut\u00f3noma de Sinaloa, el doctor Jes\u00fas Madue\u00f1a Molina, y de la&hellip;","og_url":"https:\/\/eticacomunica.com.mx\/?p=31902","og_site_name":"\u00c9tica Comunica","article_publisher":"https:\/\/www.facebook.com\/eticacomunica","article_published_time":"2026-03-19T03:00:35+00:00","author":"etica","twitter_card":"summary_large_image","twitter_misc":{"Escrito por":"etica","Tiempo de lectura":"1 minuto"},"schema":{"@context":"https:\/\/schema.org","@graph":[{"@type":"Article","@id":"https:\/\/eticacomunica.com.mx\/?p=31902#article","isPartOf":{"@id":"https:\/\/eticacomunica.com.mx\/?p=31902"},"author":{"name":"etica","@id":"https:\/\/eticacomunica.com.mx\/#\/schema\/person\/2cacc47bd17fe8ad92f08c0313d22fa6"},"headline":"El Rector Jes\u00fas Madue\u00f1a entrega equipo especializado a la Facultad de Arquitectura y Dise\u00f1o de Mazatl\u00e1n, para potenciar el aprendizaje pr\u00e1ctico","datePublished":"2026-03-19T03:00:35+00:00","mainEntityOfPage":{"@id":"https:\/\/eticacomunica.com.mx\/?p=31902"},"wordCount":289,"commentCount":0,"publisher":{"@id":"https:\/\/eticacomunica.com.mx\/#organization"},"image":{"@id":"https:\/\/eticacomunica.com.mx\/?p=31902#primaryimage"},"thumbnailUrl":"https:\/\/eticacomunica.com.mx\/wp-content\/uploads\/2026\/03\/IMG-20260318-WA0105.jpg","keywords":["UAS"],"articleSection":["Educaci\u00f3n"],"inLanguage":"es","potentialAction":[{"@type":"CommentAction","name":"Comment","target":["https:\/\/eticacomunica.com.mx\/?p=31902#respond"]}]},{"@type":"WebPage","@id":"https:\/\/eticacomunica.com.mx\/?p=31902","url":"https:\/\/eticacomunica.com.mx\/?p=31902","name":"El Rector Jes\u00fas Madue\u00f1a entrega equipo especializado a la Facultad de Arquitectura y Dise\u00f1o de Mazatl\u00e1n, para potenciar el aprendizaje pr\u00e1ctico - \u00c9tica Comunica","isPartOf":{"@id":"https:\/\/eticacomunica.com.mx\/#website"},"primaryImageOfPage":{"@id":"https:\/\/eticacomunica.com.mx\/?p=31902#primaryimage"},"image":{"@id":"https:\/\/eticacomunica.com.mx\/?p=31902#primaryimage"},"thumbnailUrl":"https:\/\/eticacomunica.com.mx\/wp-content\/uploads\/2026\/03\/IMG-20260318-WA0105.jpg","datePublished":"2026-03-19T03:00:35+00:00","breadcrumb":{"@id":"https:\/\/eticacomunica.com.mx\/?p=31902#breadcrumb"},"inLanguage":"es","potentialAction":[{"@type":"ReadAction","target":["https:\/\/eticacomunica.com.mx\/?p=31902"]}]},{"@type":"ImageObject","inLanguage":"es","@id":"https:\/\/eticacomunica.com.mx\/?p=31902#primaryimage","url":"https:\/\/eticacomunica.com.mx\/wp-content\/uploads\/2026\/03\/IMG-20260318-WA0105.jpg","contentUrl":"https:\/\/eticacomunica.com.mx\/wp-content\/uploads\/2026\/03\/IMG-20260318-WA0105.jpg","width":1600,"height":1067},{"@type":"BreadcrumbList","@id":"https:\/\/eticacomunica.com.mx\/?p=31902#breadcrumb","itemListElement":[{"@type":"ListItem","position":1,"name":"Inicio","item":"https:\/\/eticacomunica.com.mx\/"},{"@type":"ListItem","position":2,"name":"El Rector Jes\u00fas Madue\u00f1a entrega equipo especializado a la Facultad de Arquitectura y Dise\u00f1o de Mazatl\u00e1n, para potenciar el aprendizaje pr\u00e1ctico"}]},{"@type":"WebSite","@id":"https:\/\/eticacomunica.com.mx\/#website","url":"https:\/\/eticacomunica.com.mx\/","name":"\u00c9tica Comunica","description":"Diario Digital","publisher":{"@id":"https:\/\/eticacomunica.com.mx\/#organization"},"potentialAction":[{"@type":"SearchAction","target":{"@type":"EntryPoint","urlTemplate":"https:\/\/eticacomunica.com.mx\/?s={search_term_string}"},"query-input":{"@type":"PropertyValueSpecification","valueRequired":true,"valueName":"search_term_string"}}],"inLanguage":"es"},{"@type":"Organization","@id":"https:\/\/eticacomunica.com.mx\/#organization","name":"Diarios Digitales de Sinaloa","url":"https:\/\/eticacomunica.com.mx\/","logo":{"@type":"ImageObject","inLanguage":"es","@id":"https:\/\/eticacomunica.com.mx\/#\/schema\/logo\/image\/","url":"https:\/\/eticacomunica.com.mx\/wp-content\/uploads\/2023\/10\/etica-logo.png","contentUrl":"https:\/\/eticacomunica.com.mx\/wp-content\/uploads\/2023\/10\/etica-logo.png","width":1280,"height":432,"caption":"Diarios Digitales de Sinaloa"},"image":{"@id":"https:\/\/eticacomunica.com.mx\/#\/schema\/logo\/image\/"},"sameAs":["https:\/\/www.facebook.com\/eticacomunica"]},{"@type":"Person","@id":"https:\/\/eticacomunica.com.mx\/#\/schema\/person\/2cacc47bd17fe8ad92f08c0313d22fa6","name":"etica","image":{"@type":"ImageObject","inLanguage":"es","@id":"https:\/\/secure.gravatar.com\/avatar\/dfb45d32bc7097f8f06d6e4f6e6b387e7cb8fd5b3a2869265c40587ab62cab1e?s=96&d=mm&r=g","url":"https:\/\/secure.gravatar.com\/avatar\/dfb45d32bc7097f8f06d6e4f6e6b387e7cb8fd5b3a2869265c40587ab62cab1e?s=96&d=mm&r=g","contentUrl":"https:\/\/secure.gravatar.com\/avatar\/dfb45d32bc7097f8f06d6e4f6e6b387e7cb8fd5b3a2869265c40587ab62cab1e?s=96&d=mm&r=g","caption":"etica"},"sameAs":["https:\/\/eticacomunica.com.mx"],"url":"https:\/\/eticacomunica.com.mx\/?author=1"}]}},"jetpack_publicize_connections":[],"jetpack_featured_media_url":"https:\/\/eticacomunica.com.mx\/wp-content\/uploads\/2026\/03\/IMG-20260318-WA0105.jpg","jetpack_sharing_enabled":true,"_links":{"self":[{"href":"https:\/\/eticacomunica.com.mx\/index.php?rest_route=\/wp\/v2\/posts\/31902","targetHints":{"allow":["GET"]}}],"collection":[{"href":"https:\/\/eticacomunica.com.mx\/index.php?rest_route=\/wp\/v2\/posts"}],"about":[{"href":"https:\/\/eticacomunica.com.mx\/index.php?rest_route=\/wp\/v2\/types\/post"}],"author":[{"embeddable":true,"href":"https:\/\/eticacomunica.com.mx\/index.php?rest_route=\/wp\/v2\/users\/1"}],"replies":[{"embeddable":true,"href":"https:\/\/eticacomunica.com.mx\/index.php?rest_route=%2Fwp%2Fv2%2Fcomments&post=31902"}],"version-history":[{"count":0,"href":"https:\/\/eticacomunica.com.mx\/index.php?rest_route=\/wp\/v2\/posts\/31902\/revisions"}],"wp:featuredmedia":[{"embeddable":true,"href":"https:\/\/eticacomunica.com.mx\/index.php?rest_route=\/wp\/v2\/media\/31901"}],"wp:attachment":[{"href":"https:\/\/eticacomunica.com.mx\/index.php?rest_route=%2Fwp%2Fv2%2Fmedia&parent=31902"}],"wp:term":[{"taxonomy":"category","embeddable":true,"href":"https:\/\/eticacomunica.com.mx\/index.php?rest_route=%2Fwp%2Fv2%2Fcategories&post=31902"},{"taxonomy":"post_tag","embeddable":true,"href":"https:\/\/eticacomunica.com.mx\/index.php?rest_route=%2Fwp%2Fv2%2Ftags&post=31902"}],"curies":[{"name":"wp","href":"https:\/\/api.w.org\/{rel}","templated":true}]}}