{"id":32369,"date":"2026-04-26T16:52:21","date_gmt":"2026-04-26T23:52:21","guid":{"rendered":"https:\/\/eticacomunica.com.mx\/?p=32369"},"modified":"2026-04-26T16:52:21","modified_gmt":"2026-04-26T23:52:21","slug":"participa-sinaloa-en-la-conferencia-nacional-de-secretarios-de-turismo-y-funcionarios-turisticos-y-en-la-68-asamblea-general-ordinaria-de-asetur","status":"publish","type":"post","link":"https:\/\/eticacomunica.com.mx\/?p=32369","title":{"rendered":"Participa Sinaloa en la Conferencia Nacional de Secretarios de Turismo y Funcionarios Tur\u00edsticos y en la 68 Asamblea General Ordinaria de ASETUR."},"content":{"rendered":"\n<p>El estado reafirma su compromiso con un turismo que genere bienestar, prosperidad compartida y proteja la identidad local.<br><br>Acapulco, Guerrero, 26 de abril de 2026.- En v\u00edsperas del arranque del Tianguis Tur\u00edstico 2026, que tendr\u00e1 lugar en Acapulco del 27 al 30 de abril, se llev\u00f3 a cabo la Conferencia Nacional de Secretarios de Turismo y Funcionarios Tur\u00edsticos, m\u00e1ximo \u00f3rgano de coordinaci\u00f3n para la planeaci\u00f3n y ejecuci\u00f3n de estrategias tur\u00edsticas en M\u00e9xico.<br><br>El evento estuvo encabezado por la secretaria de Turismo de M\u00e9xico, Josefina Rodr\u00edguez Zamora, acompa\u00f1ada por autoridades federales y estatales, entre ellos Miguel Agu\u00ed\u00f1iga Rodr\u00edguez, titular de la Unidad de Innovaci\u00f3n, Sustentabilidad y Profesionalizaci\u00f3n Tur\u00edstica; Nathalie Desplas, subsecretaria de Turismo de M\u00e9xico; Sim\u00f3n Qui\u00f1ones, secretario de Turismo de Guerrero y Bernardo Cueto Riestra, presidente de la Asociaci\u00f3n de Secretarios de Turismo de M\u00e9xico (ASETUR).<br><br>En representaci\u00f3n de Sinaloa, asisti\u00f3 la secretaria de Turismo estatal, Mireya Sosa Osuna, quien destac\u00f3 la relevancia de este espacio para alinear la pol\u00edtica p\u00fablica con los objetivos de desarrollo local.<br><br>\u201cSer parte de la Primera Conferencia Nacional de Secretarios de Turismo marca un momento clave para fortalecer la coordinaci\u00f3n entre estados y consolidar una visi\u00f3n de pa\u00eds. En el marco del Tianguis Tur\u00edstico 2026, desde Sinaloa nos sumamos con responsabilidad a las 10 metas del Plan M\u00e9xico, en concordancia con la visi\u00f3n y directrices de nuestro gobernador, el Dr. Rub\u00e9n Rocha Moya. Seguiremos impulsando una estrategia integral de promoci\u00f3n, competitiva y con sentido de desarrollo para posicionar a Sinaloa en los mercados nacionales e internacionales y as\u00ed juntos llegar a ser el quinto pa\u00eds m\u00e1s visitado del mundo, porque hoy M\u00e9xico est\u00e1 de moda&#8221;, afirm\u00f3 la funcionaria sinaloense.<br><br>El objetivo primordial es que el turismo contin\u00fae siendo un motor que genere bienestar y prosperidad compartida para las comunidades, siempre bajo una visi\u00f3n que cuide su identidad y fortalezca el desarrollo integral de cada destino.<br><br>\u201cAgradecidos siempre con el liderazgo de nuestra Secretaria de Turismo del Gobierno de M\u00e9xico, Josefina Rodr\u00edguez Zamora, quien pone alma, coraz\u00f3n y conocimiento en posicionar a nuestro pa\u00eds como una potencia tur\u00edstica mundial\u201d, enfatiz\u00f3 Sosa Osuna.<br><br>Durante la sesi\u00f3n de trabajo, los participantes abordaron ejes estrat\u00e9gicos para el fortalecimiento de la agenda nacional, destacando el impulso al turismo deportivo; la mejora en la conectividad a\u00e9rea a nivel nacional e internacional; la protecci\u00f3n y preservaci\u00f3n de la identidad de las comunidades mexicanas y una estrategia integral de promoci\u00f3n tur\u00edstica.<br><br>La Conferencia Nacional, que trabaja en estrecha colaboraci\u00f3n con ASETUR, funciona como una plataforma esencial para coordinar los tres \u00f3rdenes de gobierno (federal, estatal y municipal) y el sector privado.<br><br>Actualmente, el \u00f3rgano ha centrado sus esfuerzos en promover un modelo de gesti\u00f3n basado en el turismo comunitario y sostenible, con el fin de asegurar el ordenamiento, la promoci\u00f3n y el posicionamiento de M\u00e9xico como un referente tur\u00edstico mundial.<br><br>Posterior a la conferencia se llev\u00f3 a cabo la 68 Asamblea General Ordinaria de ASETUR, el \u00f3rgano m\u00e1ximo de reuni\u00f3n de las secretarias y secretarios de Turismo de M\u00e9xico, donde los titulares de las 32 entidades del pa\u00eds coordinaron estrategias con el objetivo de hacer del turismo una prioridad para M\u00e9xico.<br><br>Entre los puntos clave de este encuentro destacan el turismo comunitario, buscando establecer una ruta com\u00fan que ponga a las comunidades y a los habitantes en el centro del desarrollo tur\u00edstico; as\u00ed como la coordinaci\u00f3n directa con el Gobierno de M\u00e9xico para consolidar al sector como herramienta de bienestar y desarrollo econ\u00f3mico.<\/p>\n","protected":false},"excerpt":{"rendered":"<p>El estado reafirma su compromiso con un turismo que genere bienestar, prosperidad compartida y proteja la identidad local. Acapulco, Guerrero, 26 de abril de 2026.- En v\u00edsperas del arranque del&hellip;<\/p>\n","protected":false},"author":1,"featured_media":32368,"comment_status":"open","ping_status":"open","sticky":false,"template":"","format":"standard","meta":{"_jetpack_memberships_contains_paid_content":false,"footnotes":"","jetpack_publicize_message":"","jetpack_publicize_feature_enabled":true,"jetpack_social_post_already_shared":true,"jetpack_social_options":{"image_generator_settings":{"template":"highway","default_image_id":0,"font":"","enabled":false},"version":2}},"categories":[18],"tags":[34],"class_list":["post-32369","post","type-post","status-publish","format-standard","has-post-thumbnail","hentry","category-turismo","tag-gobierno-del-estado-de-sinaloa"],"yoast_head":"<!-- This site is optimized with the Yoast SEO plugin v27.2 - https:\/\/yoast.com\/product\/yoast-seo-wordpress\/ -->\n<title>Participa Sinaloa en la Conferencia Nacional de Secretarios de Turismo y Funcionarios Tur\u00edsticos y en la 68 Asamblea General Ordinaria de ASETUR. - \u00c9tica Comunica<\/title>\n<meta name=\"robots\" content=\"index, follow, max-snippet:-1, max-image-preview:large, max-video-preview:-1\" \/>\n<link rel=\"canonical\" href=\"https:\/\/eticacomunica.com.mx\/?p=32369\" \/>\n<meta property=\"og:locale\" content=\"es_MX\" \/>\n<meta property=\"og:type\" content=\"article\" \/>\n<meta property=\"og:title\" content=\"Participa Sinaloa en la Conferencia Nacional de Secretarios de Turismo y Funcionarios Tur\u00edsticos y en la 68 Asamblea General Ordinaria de ASETUR. - \u00c9tica Comunica\" \/>\n<meta property=\"og:description\" content=\"El estado reafirma su compromiso con un turismo que genere bienestar, prosperidad compartida y proteja la identidad local. Acapulco, Guerrero, 26 de abril de 2026.- En v\u00edsperas del arranque del&hellip;\" \/>\n<meta property=\"og:url\" content=\"https:\/\/eticacomunica.com.mx\/?p=32369\" \/>\n<meta property=\"og:site_name\" content=\"\u00c9tica Comunica\" \/>\n<meta property=\"article:publisher\" content=\"https:\/\/www.facebook.com\/eticacomunica\" \/>\n<meta property=\"article:published_time\" content=\"2026-04-26T23:52:21+00:00\" \/>\n<meta name=\"author\" content=\"etica\" \/>\n<meta name=\"twitter:card\" content=\"summary_large_image\" \/>\n<meta name=\"twitter:label1\" content=\"Escrito por\" \/>\n\t<meta name=\"twitter:data1\" content=\"etica\" \/>\n\t<meta name=\"twitter:label2\" content=\"Tiempo de lectura\" \/>\n\t<meta name=\"twitter:data2\" content=\"3 minutos\" \/>\n<script type=\"application\/ld+json\" class=\"yoast-schema-graph\">{\"@context\":\"https:\/\/schema.org\",\"@graph\":[{\"@type\":\"Article\",\"@id\":\"https:\/\/eticacomunica.com.mx\/?p=32369#article\",\"isPartOf\":{\"@id\":\"https:\/\/eticacomunica.com.mx\/?p=32369\"},\"author\":{\"name\":\"etica\",\"@id\":\"https:\/\/eticacomunica.com.mx\/#\/schema\/person\/2cacc47bd17fe8ad92f08c0313d22fa6\"},\"headline\":\"Participa Sinaloa en la Conferencia Nacional de Secretarios de Turismo y Funcionarios Tur\u00edsticos y en la 68 Asamblea General Ordinaria de ASETUR.\",\"datePublished\":\"2026-04-26T23:52:21+00:00\",\"mainEntityOfPage\":{\"@id\":\"https:\/\/eticacomunica.com.mx\/?p=32369\"},\"wordCount\":650,\"commentCount\":0,\"publisher\":{\"@id\":\"https:\/\/eticacomunica.com.mx\/#organization\"},\"image\":{\"@id\":\"https:\/\/eticacomunica.com.mx\/?p=32369#primaryimage\"},\"thumbnailUrl\":\"https:\/\/eticacomunica.com.mx\/wp-content\/uploads\/2026\/04\/IMG-20260426-WA0047.jpg\",\"keywords\":[\"Gobierno del Estado de Sinaloa\"],\"articleSection\":[\"Turismo\"],\"inLanguage\":\"es\",\"potentialAction\":[{\"@type\":\"CommentAction\",\"name\":\"Comment\",\"target\":[\"https:\/\/eticacomunica.com.mx\/?p=32369#respond\"]}]},{\"@type\":\"WebPage\",\"@id\":\"https:\/\/eticacomunica.com.mx\/?p=32369\",\"url\":\"https:\/\/eticacomunica.com.mx\/?p=32369\",\"name\":\"Participa Sinaloa en la Conferencia Nacional de Secretarios de Turismo y Funcionarios Tur\u00edsticos y en la 68 Asamblea General Ordinaria de ASETUR. - \u00c9tica Comunica\",\"isPartOf\":{\"@id\":\"https:\/\/eticacomunica.com.mx\/#website\"},\"primaryImageOfPage\":{\"@id\":\"https:\/\/eticacomunica.com.mx\/?p=32369#primaryimage\"},\"image\":{\"@id\":\"https:\/\/eticacomunica.com.mx\/?p=32369#primaryimage\"},\"thumbnailUrl\":\"https:\/\/eticacomunica.com.mx\/wp-content\/uploads\/2026\/04\/IMG-20260426-WA0047.jpg\",\"datePublished\":\"2026-04-26T23:52:21+00:00\",\"breadcrumb\":{\"@id\":\"https:\/\/eticacomunica.com.mx\/?p=32369#breadcrumb\"},\"inLanguage\":\"es\",\"potentialAction\":[{\"@type\":\"ReadAction\",\"target\":[\"https:\/\/eticacomunica.com.mx\/?p=32369\"]}]},{\"@type\":\"ImageObject\",\"inLanguage\":\"es\",\"@id\":\"https:\/\/eticacomunica.com.mx\/?p=32369#primaryimage\",\"url\":\"https:\/\/eticacomunica.com.mx\/wp-content\/uploads\/2026\/04\/IMG-20260426-WA0047.jpg\",\"contentUrl\":\"https:\/\/eticacomunica.com.mx\/wp-content\/uploads\/2026\/04\/IMG-20260426-WA0047.jpg\",\"width\":1600,\"height\":1200},{\"@type\":\"BreadcrumbList\",\"@id\":\"https:\/\/eticacomunica.com.mx\/?p=32369#breadcrumb\",\"itemListElement\":[{\"@type\":\"ListItem\",\"position\":1,\"name\":\"Inicio\",\"item\":\"https:\/\/eticacomunica.com.mx\/\"},{\"@type\":\"ListItem\",\"position\":2,\"name\":\"Participa Sinaloa en la Conferencia Nacional de Secretarios de Turismo y Funcionarios Tur\u00edsticos y en la 68 Asamblea General Ordinaria de ASETUR.\"}]},{\"@type\":\"WebSite\",\"@id\":\"https:\/\/eticacomunica.com.mx\/#website\",\"url\":\"https:\/\/eticacomunica.com.mx\/\",\"name\":\"\u00c9tica Comunica\",\"description\":\"Diario Digital\",\"publisher\":{\"@id\":\"https:\/\/eticacomunica.com.mx\/#organization\"},\"potentialAction\":[{\"@type\":\"SearchAction\",\"target\":{\"@type\":\"EntryPoint\",\"urlTemplate\":\"https:\/\/eticacomunica.com.mx\/?s={search_term_string}\"},\"query-input\":{\"@type\":\"PropertyValueSpecification\",\"valueRequired\":true,\"valueName\":\"search_term_string\"}}],\"inLanguage\":\"es\"},{\"@type\":\"Organization\",\"@id\":\"https:\/\/eticacomunica.com.mx\/#organization\",\"name\":\"Diarios Digitales de Sinaloa\",\"url\":\"https:\/\/eticacomunica.com.mx\/\",\"logo\":{\"@type\":\"ImageObject\",\"inLanguage\":\"es\",\"@id\":\"https:\/\/eticacomunica.com.mx\/#\/schema\/logo\/image\/\",\"url\":\"https:\/\/eticacomunica.com.mx\/wp-content\/uploads\/2023\/10\/etica-logo.png\",\"contentUrl\":\"https:\/\/eticacomunica.com.mx\/wp-content\/uploads\/2023\/10\/etica-logo.png\",\"width\":1280,\"height\":432,\"caption\":\"Diarios Digitales de Sinaloa\"},\"image\":{\"@id\":\"https:\/\/eticacomunica.com.mx\/#\/schema\/logo\/image\/\"},\"sameAs\":[\"https:\/\/www.facebook.com\/eticacomunica\"]},{\"@type\":\"Person\",\"@id\":\"https:\/\/eticacomunica.com.mx\/#\/schema\/person\/2cacc47bd17fe8ad92f08c0313d22fa6\",\"name\":\"etica\",\"image\":{\"@type\":\"ImageObject\",\"inLanguage\":\"es\",\"@id\":\"https:\/\/secure.gravatar.com\/avatar\/dfb45d32bc7097f8f06d6e4f6e6b387e7cb8fd5b3a2869265c40587ab62cab1e?s=96&d=mm&r=g\",\"url\":\"https:\/\/secure.gravatar.com\/avatar\/dfb45d32bc7097f8f06d6e4f6e6b387e7cb8fd5b3a2869265c40587ab62cab1e?s=96&d=mm&r=g\",\"contentUrl\":\"https:\/\/secure.gravatar.com\/avatar\/dfb45d32bc7097f8f06d6e4f6e6b387e7cb8fd5b3a2869265c40587ab62cab1e?s=96&d=mm&r=g\",\"caption\":\"etica\"},\"sameAs\":[\"https:\/\/eticacomunica.com.mx\"],\"url\":\"https:\/\/eticacomunica.com.mx\/?author=1\"}]}<\/script>\n<!-- \/ Yoast SEO plugin. -->","yoast_head_json":{"title":"Participa Sinaloa en la Conferencia Nacional de Secretarios de Turismo y Funcionarios Tur\u00edsticos y en la 68 Asamblea General Ordinaria de ASETUR. - \u00c9tica Comunica","robots":{"index":"index","follow":"follow","max-snippet":"max-snippet:-1","max-image-preview":"max-image-preview:large","max-video-preview":"max-video-preview:-1"},"canonical":"https:\/\/eticacomunica.com.mx\/?p=32369","og_locale":"es_MX","og_type":"article","og_title":"Participa Sinaloa en la Conferencia Nacional de Secretarios de Turismo y Funcionarios Tur\u00edsticos y en la 68 Asamblea General Ordinaria de ASETUR. - \u00c9tica Comunica","og_description":"El estado reafirma su compromiso con un turismo que genere bienestar, prosperidad compartida y proteja la identidad local. Acapulco, Guerrero, 26 de abril de 2026.- En v\u00edsperas del arranque del&hellip;","og_url":"https:\/\/eticacomunica.com.mx\/?p=32369","og_site_name":"\u00c9tica Comunica","article_publisher":"https:\/\/www.facebook.com\/eticacomunica","article_published_time":"2026-04-26T23:52:21+00:00","author":"etica","twitter_card":"summary_large_image","twitter_misc":{"Escrito por":"etica","Tiempo de lectura":"3 minutos"},"schema":{"@context":"https:\/\/schema.org","@graph":[{"@type":"Article","@id":"https:\/\/eticacomunica.com.mx\/?p=32369#article","isPartOf":{"@id":"https:\/\/eticacomunica.com.mx\/?p=32369"},"author":{"name":"etica","@id":"https:\/\/eticacomunica.com.mx\/#\/schema\/person\/2cacc47bd17fe8ad92f08c0313d22fa6"},"headline":"Participa Sinaloa en la Conferencia Nacional de Secretarios de Turismo y Funcionarios Tur\u00edsticos y en la 68 Asamblea General Ordinaria de ASETUR.","datePublished":"2026-04-26T23:52:21+00:00","mainEntityOfPage":{"@id":"https:\/\/eticacomunica.com.mx\/?p=32369"},"wordCount":650,"commentCount":0,"publisher":{"@id":"https:\/\/eticacomunica.com.mx\/#organization"},"image":{"@id":"https:\/\/eticacomunica.com.mx\/?p=32369#primaryimage"},"thumbnailUrl":"https:\/\/eticacomunica.com.mx\/wp-content\/uploads\/2026\/04\/IMG-20260426-WA0047.jpg","keywords":["Gobierno del Estado de Sinaloa"],"articleSection":["Turismo"],"inLanguage":"es","potentialAction":[{"@type":"CommentAction","name":"Comment","target":["https:\/\/eticacomunica.com.mx\/?p=32369#respond"]}]},{"@type":"WebPage","@id":"https:\/\/eticacomunica.com.mx\/?p=32369","url":"https:\/\/eticacomunica.com.mx\/?p=32369","name":"Participa Sinaloa en la Conferencia Nacional de Secretarios de Turismo y Funcionarios Tur\u00edsticos y en la 68 Asamblea General Ordinaria de ASETUR. - \u00c9tica Comunica","isPartOf":{"@id":"https:\/\/eticacomunica.com.mx\/#website"},"primaryImageOfPage":{"@id":"https:\/\/eticacomunica.com.mx\/?p=32369#primaryimage"},"image":{"@id":"https:\/\/eticacomunica.com.mx\/?p=32369#primaryimage"},"thumbnailUrl":"https:\/\/eticacomunica.com.mx\/wp-content\/uploads\/2026\/04\/IMG-20260426-WA0047.jpg","datePublished":"2026-04-26T23:52:21+00:00","breadcrumb":{"@id":"https:\/\/eticacomunica.com.mx\/?p=32369#breadcrumb"},"inLanguage":"es","potentialAction":[{"@type":"ReadAction","target":["https:\/\/eticacomunica.com.mx\/?p=32369"]}]},{"@type":"ImageObject","inLanguage":"es","@id":"https:\/\/eticacomunica.com.mx\/?p=32369#primaryimage","url":"https:\/\/eticacomunica.com.mx\/wp-content\/uploads\/2026\/04\/IMG-20260426-WA0047.jpg","contentUrl":"https:\/\/eticacomunica.com.mx\/wp-content\/uploads\/2026\/04\/IMG-20260426-WA0047.jpg","width":1600,"height":1200},{"@type":"BreadcrumbList","@id":"https:\/\/eticacomunica.com.mx\/?p=32369#breadcrumb","itemListElement":[{"@type":"ListItem","position":1,"name":"Inicio","item":"https:\/\/eticacomunica.com.mx\/"},{"@type":"ListItem","position":2,"name":"Participa Sinaloa en la Conferencia Nacional de Secretarios de Turismo y Funcionarios Tur\u00edsticos y en la 68 Asamblea General Ordinaria de ASETUR."}]},{"@type":"WebSite","@id":"https:\/\/eticacomunica.com.mx\/#website","url":"https:\/\/eticacomunica.com.mx\/","name":"\u00c9tica Comunica","description":"Diario Digital","publisher":{"@id":"https:\/\/eticacomunica.com.mx\/#organization"},"potentialAction":[{"@type":"SearchAction","target":{"@type":"EntryPoint","urlTemplate":"https:\/\/eticacomunica.com.mx\/?s={search_term_string}"},"query-input":{"@type":"PropertyValueSpecification","valueRequired":true,"valueName":"search_term_string"}}],"inLanguage":"es"},{"@type":"Organization","@id":"https:\/\/eticacomunica.com.mx\/#organization","name":"Diarios Digitales de Sinaloa","url":"https:\/\/eticacomunica.com.mx\/","logo":{"@type":"ImageObject","inLanguage":"es","@id":"https:\/\/eticacomunica.com.mx\/#\/schema\/logo\/image\/","url":"https:\/\/eticacomunica.com.mx\/wp-content\/uploads\/2023\/10\/etica-logo.png","contentUrl":"https:\/\/eticacomunica.com.mx\/wp-content\/uploads\/2023\/10\/etica-logo.png","width":1280,"height":432,"caption":"Diarios Digitales de Sinaloa"},"image":{"@id":"https:\/\/eticacomunica.com.mx\/#\/schema\/logo\/image\/"},"sameAs":["https:\/\/www.facebook.com\/eticacomunica"]},{"@type":"Person","@id":"https:\/\/eticacomunica.com.mx\/#\/schema\/person\/2cacc47bd17fe8ad92f08c0313d22fa6","name":"etica","image":{"@type":"ImageObject","inLanguage":"es","@id":"https:\/\/secure.gravatar.com\/avatar\/dfb45d32bc7097f8f06d6e4f6e6b387e7cb8fd5b3a2869265c40587ab62cab1e?s=96&d=mm&r=g","url":"https:\/\/secure.gravatar.com\/avatar\/dfb45d32bc7097f8f06d6e4f6e6b387e7cb8fd5b3a2869265c40587ab62cab1e?s=96&d=mm&r=g","contentUrl":"https:\/\/secure.gravatar.com\/avatar\/dfb45d32bc7097f8f06d6e4f6e6b387e7cb8fd5b3a2869265c40587ab62cab1e?s=96&d=mm&r=g","caption":"etica"},"sameAs":["https:\/\/eticacomunica.com.mx"],"url":"https:\/\/eticacomunica.com.mx\/?author=1"}]}},"jetpack_publicize_connections":[],"jetpack_featured_media_url":"https:\/\/eticacomunica.com.mx\/wp-content\/uploads\/2026\/04\/IMG-20260426-WA0047.jpg","jetpack_sharing_enabled":true,"_links":{"self":[{"href":"https:\/\/eticacomunica.com.mx\/index.php?rest_route=\/wp\/v2\/posts\/32369","targetHints":{"allow":["GET"]}}],"collection":[{"href":"https:\/\/eticacomunica.com.mx\/index.php?rest_route=\/wp\/v2\/posts"}],"about":[{"href":"https:\/\/eticacomunica.com.mx\/index.php?rest_route=\/wp\/v2\/types\/post"}],"author":[{"embeddable":true,"href":"https:\/\/eticacomunica.com.mx\/index.php?rest_route=\/wp\/v2\/users\/1"}],"replies":[{"embeddable":true,"href":"https:\/\/eticacomunica.com.mx\/index.php?rest_route=%2Fwp%2Fv2%2Fcomments&post=32369"}],"version-history":[{"count":0,"href":"https:\/\/eticacomunica.com.mx\/index.php?rest_route=\/wp\/v2\/posts\/32369\/revisions"}],"wp:featuredmedia":[{"embeddable":true,"href":"https:\/\/eticacomunica.com.mx\/index.php?rest_route=\/wp\/v2\/media\/32368"}],"wp:attachment":[{"href":"https:\/\/eticacomunica.com.mx\/index.php?rest_route=%2Fwp%2Fv2%2Fmedia&parent=32369"}],"wp:term":[{"taxonomy":"category","embeddable":true,"href":"https:\/\/eticacomunica.com.mx\/index.php?rest_route=%2Fwp%2Fv2%2Fcategories&post=32369"},{"taxonomy":"post_tag","embeddable":true,"href":"https:\/\/eticacomunica.com.mx\/index.php?rest_route=%2Fwp%2Fv2%2Ftags&post=32369"}],"curies":[{"name":"wp","href":"https:\/\/api.w.org\/{rel}","templated":true}]}}