{"id":32379,"date":"2026-04-27T14:31:09","date_gmt":"2026-04-27T21:31:09","guid":{"rendered":"https:\/\/eticacomunica.com.mx\/?p=32379"},"modified":"2026-04-27T14:31:09","modified_gmt":"2026-04-27T21:31:09","slug":"promueve-sepyc-festejos-del-dia-de-la-ninez-bajo-criterios-de-vida-saludable","status":"publish","type":"post","link":"https:\/\/eticacomunica.com.mx\/?p=32379","title":{"rendered":"Promueve SEPyC festejos del D\u00eda de la Ni\u00f1ez bajo criterios de &#8220;Vida Saludable&#8221;"},"content":{"rendered":"\n<p>El Gobernador Rocha Moya sugiere realizar los convivios en los planteles para garantizar la seguridad de los alumnos.<br><br>Se confirman como d\u00edas de asueto el 1 y 5 de mayo; el lunes 4 las actividades escolares se mantienen de forma regular: Gloria Himelda F\u00e9lix.<br><br>Culiac\u00e1n, Sinaloa, a 27 de abril de 2026.\u2014 En el marco de la conferencia &#8220;La Semanera&#8221;, encabezada por el gobernador, Dr. Rub\u00e9n Rocha Moya, la secretaria de Educaci\u00f3n P\u00fablica y Cultura, Lic. Gloria Himelda F\u00e9lix Niebla, inform\u00f3 que las celebraciones por el D\u00eda de la Ni\u00f1ez se llevar\u00e1n a cabo el jueves 30 de abril, en estricto apego a los lineamientos de la Estrategia Nacional de \u201cVida Saludable\u201d.<br><br>Al destacar que esta festividad representa una tradici\u00f3n de gran arraigo, el Dr. Rocha Moya recomend\u00f3 que las actividades se desarrollen dentro de las aulas o centros escolares para garantizar el bienestar de la infancia. \u201cHay veces que sacabas a los ni\u00f1os al paseo. Regularmente se ha detenido esa idea, porque traer los ni\u00f1os fuera de la escuela y del aula, pues s\u00ed, son riesgos. Por eso los festejos los hacen adentro\u201d, precis\u00f3 el mandatario.<br><br>Por su parte, la titular de la SEPyC mencion\u00f3 que se ha emitido una circular dirigida a todas las instituciones de Educaci\u00f3n B\u00e1sica: \u201cEl llamado que hemos emitido es que cada plantel educativo respete la Estrategia de Vida Saludable que est\u00e1 implementada y que ellos ya la conocen\u201d.<br><br>F\u00e9lix Niebla puntualiz\u00f3 que el personal docente cuenta con las directrices pertinentes para la organizaci\u00f3n de los eventos. \u201cTienen un Manual de qu\u00e9 s\u00ed se puede introducir y qu\u00e9 no pueden llevar al aula. Preferentemente, evitar las bebidas con alto contenido cal\u00f3rico, evitar los dulces tambi\u00e9n con alto contenido de az\u00facares. Ya cada maestra, cada maestro supervisor, toda la estructura educativa tiene las indicaciones necesarias\u201d, subray\u00f3.<br><br>Finalmente, la funcionaria record\u00f3 que, de acuerdo con el Calendario Escolar 2025-2026, el pr\u00f3ximo viernes 1 y el martes 5 de mayo ser\u00e1n d\u00edas de descanso para el sector educativo, en conmemoraci\u00f3n del D\u00eda del Trabajo y el aniversario de la Batalla de Puebla, respectivamente. Asimismo, aclar\u00f3 que el lunes 4 de mayo es d\u00eda h\u00e1bil, por lo que el magisterio estar\u00e1 presente en las aulas para recibir a los estudiantes de manera regular.<\/p>\n","protected":false},"excerpt":{"rendered":"<p>El Gobernador Rocha Moya sugiere realizar los convivios en los planteles para garantizar la seguridad de los alumnos. Se confirman como d\u00edas de asueto el 1 y 5 de mayo;&hellip;<\/p>\n","protected":false},"author":1,"featured_media":32378,"comment_status":"open","ping_status":"open","sticky":false,"template":"","format":"standard","meta":{"_jetpack_memberships_contains_paid_content":false,"footnotes":"","jetpack_publicize_message":"","jetpack_publicize_feature_enabled":true,"jetpack_social_post_already_shared":true,"jetpack_social_options":{"image_generator_settings":{"template":"highway","default_image_id":0,"font":"","enabled":false},"version":2}},"categories":[207,26],"tags":[34],"class_list":["post-32379","post","type-post","status-publish","format-standard","has-post-thumbnail","hentry","category-ges","category-portada","tag-gobierno-del-estado-de-sinaloa"],"yoast_head":"<!-- This site is optimized with the Yoast SEO plugin v27.2 - https:\/\/yoast.com\/product\/yoast-seo-wordpress\/ -->\n<title>Promueve SEPyC festejos del D\u00eda de la Ni\u00f1ez bajo criterios de &quot;Vida Saludable&quot; - \u00c9tica Comunica<\/title>\n<meta name=\"robots\" content=\"index, follow, max-snippet:-1, max-image-preview:large, max-video-preview:-1\" \/>\n<link rel=\"canonical\" href=\"https:\/\/eticacomunica.com.mx\/?p=32379\" \/>\n<meta property=\"og:locale\" content=\"es_MX\" \/>\n<meta property=\"og:type\" content=\"article\" \/>\n<meta property=\"og:title\" content=\"Promueve SEPyC festejos del D\u00eda de la Ni\u00f1ez bajo criterios de &quot;Vida Saludable&quot; - \u00c9tica Comunica\" \/>\n<meta property=\"og:description\" content=\"El Gobernador Rocha Moya sugiere realizar los convivios en los planteles para garantizar la seguridad de los alumnos. Se confirman como d\u00edas de asueto el 1 y 5 de mayo;&hellip;\" \/>\n<meta property=\"og:url\" content=\"https:\/\/eticacomunica.com.mx\/?p=32379\" \/>\n<meta property=\"og:site_name\" content=\"\u00c9tica Comunica\" \/>\n<meta property=\"article:publisher\" content=\"https:\/\/www.facebook.com\/eticacomunica\" \/>\n<meta property=\"article:published_time\" content=\"2026-04-27T21:31:09+00:00\" \/>\n<meta name=\"author\" content=\"etica\" \/>\n<meta name=\"twitter:card\" content=\"summary_large_image\" \/>\n<meta name=\"twitter:label1\" content=\"Escrito por\" \/>\n\t<meta name=\"twitter:data1\" content=\"etica\" \/>\n\t<meta name=\"twitter:label2\" content=\"Tiempo de lectura\" \/>\n\t<meta name=\"twitter:data2\" content=\"2 minutos\" \/>\n<script type=\"application\/ld+json\" class=\"yoast-schema-graph\">{\"@context\":\"https:\/\/schema.org\",\"@graph\":[{\"@type\":\"Article\",\"@id\":\"https:\/\/eticacomunica.com.mx\/?p=32379#article\",\"isPartOf\":{\"@id\":\"https:\/\/eticacomunica.com.mx\/?p=32379\"},\"author\":{\"name\":\"etica\",\"@id\":\"https:\/\/eticacomunica.com.mx\/#\/schema\/person\/2cacc47bd17fe8ad92f08c0313d22fa6\"},\"headline\":\"Promueve SEPyC festejos del D\u00eda de la Ni\u00f1ez bajo criterios de &#8220;Vida Saludable&#8221;\",\"datePublished\":\"2026-04-27T21:31:09+00:00\",\"mainEntityOfPage\":{\"@id\":\"https:\/\/eticacomunica.com.mx\/?p=32379\"},\"wordCount\":408,\"commentCount\":0,\"publisher\":{\"@id\":\"https:\/\/eticacomunica.com.mx\/#organization\"},\"image\":{\"@id\":\"https:\/\/eticacomunica.com.mx\/?p=32379#primaryimage\"},\"thumbnailUrl\":\"https:\/\/eticacomunica.com.mx\/wp-content\/uploads\/2026\/04\/IMG-20260427-WA0042.jpg\",\"keywords\":[\"Gobierno del Estado de Sinaloa\"],\"articleSection\":[\"GES\",\"Portada\"],\"inLanguage\":\"es\",\"potentialAction\":[{\"@type\":\"CommentAction\",\"name\":\"Comment\",\"target\":[\"https:\/\/eticacomunica.com.mx\/?p=32379#respond\"]}]},{\"@type\":\"WebPage\",\"@id\":\"https:\/\/eticacomunica.com.mx\/?p=32379\",\"url\":\"https:\/\/eticacomunica.com.mx\/?p=32379\",\"name\":\"Promueve SEPyC festejos del D\u00eda de la Ni\u00f1ez bajo criterios de \\\"Vida Saludable\\\" - \u00c9tica Comunica\",\"isPartOf\":{\"@id\":\"https:\/\/eticacomunica.com.mx\/#website\"},\"primaryImageOfPage\":{\"@id\":\"https:\/\/eticacomunica.com.mx\/?p=32379#primaryimage\"},\"image\":{\"@id\":\"https:\/\/eticacomunica.com.mx\/?p=32379#primaryimage\"},\"thumbnailUrl\":\"https:\/\/eticacomunica.com.mx\/wp-content\/uploads\/2026\/04\/IMG-20260427-WA0042.jpg\",\"datePublished\":\"2026-04-27T21:31:09+00:00\",\"breadcrumb\":{\"@id\":\"https:\/\/eticacomunica.com.mx\/?p=32379#breadcrumb\"},\"inLanguage\":\"es\",\"potentialAction\":[{\"@type\":\"ReadAction\",\"target\":[\"https:\/\/eticacomunica.com.mx\/?p=32379\"]}]},{\"@type\":\"ImageObject\",\"inLanguage\":\"es\",\"@id\":\"https:\/\/eticacomunica.com.mx\/?p=32379#primaryimage\",\"url\":\"https:\/\/eticacomunica.com.mx\/wp-content\/uploads\/2026\/04\/IMG-20260427-WA0042.jpg\",\"contentUrl\":\"https:\/\/eticacomunica.com.mx\/wp-content\/uploads\/2026\/04\/IMG-20260427-WA0042.jpg\",\"width\":1600,\"height\":1067},{\"@type\":\"BreadcrumbList\",\"@id\":\"https:\/\/eticacomunica.com.mx\/?p=32379#breadcrumb\",\"itemListElement\":[{\"@type\":\"ListItem\",\"position\":1,\"name\":\"Inicio\",\"item\":\"https:\/\/eticacomunica.com.mx\/\"},{\"@type\":\"ListItem\",\"position\":2,\"name\":\"Promueve SEPyC festejos del D\u00eda de la Ni\u00f1ez bajo criterios de &#8220;Vida Saludable&#8221;\"}]},{\"@type\":\"WebSite\",\"@id\":\"https:\/\/eticacomunica.com.mx\/#website\",\"url\":\"https:\/\/eticacomunica.com.mx\/\",\"name\":\"\u00c9tica Comunica\",\"description\":\"Diario Digital\",\"publisher\":{\"@id\":\"https:\/\/eticacomunica.com.mx\/#organization\"},\"potentialAction\":[{\"@type\":\"SearchAction\",\"target\":{\"@type\":\"EntryPoint\",\"urlTemplate\":\"https:\/\/eticacomunica.com.mx\/?s={search_term_string}\"},\"query-input\":{\"@type\":\"PropertyValueSpecification\",\"valueRequired\":true,\"valueName\":\"search_term_string\"}}],\"inLanguage\":\"es\"},{\"@type\":\"Organization\",\"@id\":\"https:\/\/eticacomunica.com.mx\/#organization\",\"name\":\"Diarios Digitales de Sinaloa\",\"url\":\"https:\/\/eticacomunica.com.mx\/\",\"logo\":{\"@type\":\"ImageObject\",\"inLanguage\":\"es\",\"@id\":\"https:\/\/eticacomunica.com.mx\/#\/schema\/logo\/image\/\",\"url\":\"https:\/\/eticacomunica.com.mx\/wp-content\/uploads\/2023\/10\/etica-logo.png\",\"contentUrl\":\"https:\/\/eticacomunica.com.mx\/wp-content\/uploads\/2023\/10\/etica-logo.png\",\"width\":1280,\"height\":432,\"caption\":\"Diarios Digitales de Sinaloa\"},\"image\":{\"@id\":\"https:\/\/eticacomunica.com.mx\/#\/schema\/logo\/image\/\"},\"sameAs\":[\"https:\/\/www.facebook.com\/eticacomunica\"]},{\"@type\":\"Person\",\"@id\":\"https:\/\/eticacomunica.com.mx\/#\/schema\/person\/2cacc47bd17fe8ad92f08c0313d22fa6\",\"name\":\"etica\",\"image\":{\"@type\":\"ImageObject\",\"inLanguage\":\"es\",\"@id\":\"https:\/\/secure.gravatar.com\/avatar\/dfb45d32bc7097f8f06d6e4f6e6b387e7cb8fd5b3a2869265c40587ab62cab1e?s=96&d=mm&r=g\",\"url\":\"https:\/\/secure.gravatar.com\/avatar\/dfb45d32bc7097f8f06d6e4f6e6b387e7cb8fd5b3a2869265c40587ab62cab1e?s=96&d=mm&r=g\",\"contentUrl\":\"https:\/\/secure.gravatar.com\/avatar\/dfb45d32bc7097f8f06d6e4f6e6b387e7cb8fd5b3a2869265c40587ab62cab1e?s=96&d=mm&r=g\",\"caption\":\"etica\"},\"sameAs\":[\"https:\/\/eticacomunica.com.mx\"],\"url\":\"https:\/\/eticacomunica.com.mx\/?author=1\"}]}<\/script>\n<!-- \/ Yoast SEO plugin. -->","yoast_head_json":{"title":"Promueve SEPyC festejos del D\u00eda de la Ni\u00f1ez bajo criterios de \"Vida Saludable\" - \u00c9tica Comunica","robots":{"index":"index","follow":"follow","max-snippet":"max-snippet:-1","max-image-preview":"max-image-preview:large","max-video-preview":"max-video-preview:-1"},"canonical":"https:\/\/eticacomunica.com.mx\/?p=32379","og_locale":"es_MX","og_type":"article","og_title":"Promueve SEPyC festejos del D\u00eda de la Ni\u00f1ez bajo criterios de \"Vida Saludable\" - \u00c9tica Comunica","og_description":"El Gobernador Rocha Moya sugiere realizar los convivios en los planteles para garantizar la seguridad de los alumnos. Se confirman como d\u00edas de asueto el 1 y 5 de mayo;&hellip;","og_url":"https:\/\/eticacomunica.com.mx\/?p=32379","og_site_name":"\u00c9tica Comunica","article_publisher":"https:\/\/www.facebook.com\/eticacomunica","article_published_time":"2026-04-27T21:31:09+00:00","author":"etica","twitter_card":"summary_large_image","twitter_misc":{"Escrito por":"etica","Tiempo de lectura":"2 minutos"},"schema":{"@context":"https:\/\/schema.org","@graph":[{"@type":"Article","@id":"https:\/\/eticacomunica.com.mx\/?p=32379#article","isPartOf":{"@id":"https:\/\/eticacomunica.com.mx\/?p=32379"},"author":{"name":"etica","@id":"https:\/\/eticacomunica.com.mx\/#\/schema\/person\/2cacc47bd17fe8ad92f08c0313d22fa6"},"headline":"Promueve SEPyC festejos del D\u00eda de la Ni\u00f1ez bajo criterios de &#8220;Vida Saludable&#8221;","datePublished":"2026-04-27T21:31:09+00:00","mainEntityOfPage":{"@id":"https:\/\/eticacomunica.com.mx\/?p=32379"},"wordCount":408,"commentCount":0,"publisher":{"@id":"https:\/\/eticacomunica.com.mx\/#organization"},"image":{"@id":"https:\/\/eticacomunica.com.mx\/?p=32379#primaryimage"},"thumbnailUrl":"https:\/\/eticacomunica.com.mx\/wp-content\/uploads\/2026\/04\/IMG-20260427-WA0042.jpg","keywords":["Gobierno del Estado de Sinaloa"],"articleSection":["GES","Portada"],"inLanguage":"es","potentialAction":[{"@type":"CommentAction","name":"Comment","target":["https:\/\/eticacomunica.com.mx\/?p=32379#respond"]}]},{"@type":"WebPage","@id":"https:\/\/eticacomunica.com.mx\/?p=32379","url":"https:\/\/eticacomunica.com.mx\/?p=32379","name":"Promueve SEPyC festejos del D\u00eda de la Ni\u00f1ez bajo criterios de \"Vida Saludable\" - \u00c9tica Comunica","isPartOf":{"@id":"https:\/\/eticacomunica.com.mx\/#website"},"primaryImageOfPage":{"@id":"https:\/\/eticacomunica.com.mx\/?p=32379#primaryimage"},"image":{"@id":"https:\/\/eticacomunica.com.mx\/?p=32379#primaryimage"},"thumbnailUrl":"https:\/\/eticacomunica.com.mx\/wp-content\/uploads\/2026\/04\/IMG-20260427-WA0042.jpg","datePublished":"2026-04-27T21:31:09+00:00","breadcrumb":{"@id":"https:\/\/eticacomunica.com.mx\/?p=32379#breadcrumb"},"inLanguage":"es","potentialAction":[{"@type":"ReadAction","target":["https:\/\/eticacomunica.com.mx\/?p=32379"]}]},{"@type":"ImageObject","inLanguage":"es","@id":"https:\/\/eticacomunica.com.mx\/?p=32379#primaryimage","url":"https:\/\/eticacomunica.com.mx\/wp-content\/uploads\/2026\/04\/IMG-20260427-WA0042.jpg","contentUrl":"https:\/\/eticacomunica.com.mx\/wp-content\/uploads\/2026\/04\/IMG-20260427-WA0042.jpg","width":1600,"height":1067},{"@type":"BreadcrumbList","@id":"https:\/\/eticacomunica.com.mx\/?p=32379#breadcrumb","itemListElement":[{"@type":"ListItem","position":1,"name":"Inicio","item":"https:\/\/eticacomunica.com.mx\/"},{"@type":"ListItem","position":2,"name":"Promueve SEPyC festejos del D\u00eda de la Ni\u00f1ez bajo criterios de &#8220;Vida Saludable&#8221;"}]},{"@type":"WebSite","@id":"https:\/\/eticacomunica.com.mx\/#website","url":"https:\/\/eticacomunica.com.mx\/","name":"\u00c9tica Comunica","description":"Diario Digital","publisher":{"@id":"https:\/\/eticacomunica.com.mx\/#organization"},"potentialAction":[{"@type":"SearchAction","target":{"@type":"EntryPoint","urlTemplate":"https:\/\/eticacomunica.com.mx\/?s={search_term_string}"},"query-input":{"@type":"PropertyValueSpecification","valueRequired":true,"valueName":"search_term_string"}}],"inLanguage":"es"},{"@type":"Organization","@id":"https:\/\/eticacomunica.com.mx\/#organization","name":"Diarios Digitales de Sinaloa","url":"https:\/\/eticacomunica.com.mx\/","logo":{"@type":"ImageObject","inLanguage":"es","@id":"https:\/\/eticacomunica.com.mx\/#\/schema\/logo\/image\/","url":"https:\/\/eticacomunica.com.mx\/wp-content\/uploads\/2023\/10\/etica-logo.png","contentUrl":"https:\/\/eticacomunica.com.mx\/wp-content\/uploads\/2023\/10\/etica-logo.png","width":1280,"height":432,"caption":"Diarios Digitales de Sinaloa"},"image":{"@id":"https:\/\/eticacomunica.com.mx\/#\/schema\/logo\/image\/"},"sameAs":["https:\/\/www.facebook.com\/eticacomunica"]},{"@type":"Person","@id":"https:\/\/eticacomunica.com.mx\/#\/schema\/person\/2cacc47bd17fe8ad92f08c0313d22fa6","name":"etica","image":{"@type":"ImageObject","inLanguage":"es","@id":"https:\/\/secure.gravatar.com\/avatar\/dfb45d32bc7097f8f06d6e4f6e6b387e7cb8fd5b3a2869265c40587ab62cab1e?s=96&d=mm&r=g","url":"https:\/\/secure.gravatar.com\/avatar\/dfb45d32bc7097f8f06d6e4f6e6b387e7cb8fd5b3a2869265c40587ab62cab1e?s=96&d=mm&r=g","contentUrl":"https:\/\/secure.gravatar.com\/avatar\/dfb45d32bc7097f8f06d6e4f6e6b387e7cb8fd5b3a2869265c40587ab62cab1e?s=96&d=mm&r=g","caption":"etica"},"sameAs":["https:\/\/eticacomunica.com.mx"],"url":"https:\/\/eticacomunica.com.mx\/?author=1"}]}},"jetpack_publicize_connections":[],"jetpack_featured_media_url":"https:\/\/eticacomunica.com.mx\/wp-content\/uploads\/2026\/04\/IMG-20260427-WA0042.jpg","jetpack_sharing_enabled":true,"_links":{"self":[{"href":"https:\/\/eticacomunica.com.mx\/index.php?rest_route=\/wp\/v2\/posts\/32379","targetHints":{"allow":["GET"]}}],"collection":[{"href":"https:\/\/eticacomunica.com.mx\/index.php?rest_route=\/wp\/v2\/posts"}],"about":[{"href":"https:\/\/eticacomunica.com.mx\/index.php?rest_route=\/wp\/v2\/types\/post"}],"author":[{"embeddable":true,"href":"https:\/\/eticacomunica.com.mx\/index.php?rest_route=\/wp\/v2\/users\/1"}],"replies":[{"embeddable":true,"href":"https:\/\/eticacomunica.com.mx\/index.php?rest_route=%2Fwp%2Fv2%2Fcomments&post=32379"}],"version-history":[{"count":0,"href":"https:\/\/eticacomunica.com.mx\/index.php?rest_route=\/wp\/v2\/posts\/32379\/revisions"}],"wp:featuredmedia":[{"embeddable":true,"href":"https:\/\/eticacomunica.com.mx\/index.php?rest_route=\/wp\/v2\/media\/32378"}],"wp:attachment":[{"href":"https:\/\/eticacomunica.com.mx\/index.php?rest_route=%2Fwp%2Fv2%2Fmedia&parent=32379"}],"wp:term":[{"taxonomy":"category","embeddable":true,"href":"https:\/\/eticacomunica.com.mx\/index.php?rest_route=%2Fwp%2Fv2%2Fcategories&post=32379"},{"taxonomy":"post_tag","embeddable":true,"href":"https:\/\/eticacomunica.com.mx\/index.php?rest_route=%2Fwp%2Fv2%2Ftags&post=32379"}],"curies":[{"name":"wp","href":"https:\/\/api.w.org\/{rel}","templated":true}]}}