{"id":32386,"date":"2026-04-27T15:30:55","date_gmt":"2026-04-27T22:30:55","guid":{"rendered":"https:\/\/eticacomunica.com.mx\/?p=32386"},"modified":"2026-04-27T15:30:55","modified_gmt":"2026-04-27T22:30:55","slug":"el-rector-jesus-maduena-y-el-alcalde-de-concordia-oscar-zamudio-perez-firman-convenio-de-colaboracion-para-impulsar-el-desarrollo-academico-y-social-del-municipio","status":"publish","type":"post","link":"https:\/\/eticacomunica.com.mx\/?p=32386","title":{"rendered":"El Rector Jes\u00fas Madue\u00f1a y el alcalde de Concordia, \u00d3scar Zamudio P\u00e9rez, firman Convenio de Colaboraci\u00f3n para impulsar el desarrollo acad\u00e9mico y social del municipio"},"content":{"rendered":"\n<p>Con la finalidad de sumar esfuerzos y capacidades en la b\u00fasqueda de beneficios mutuos, la Universidad Aut\u00f3noma de Sinaloa (UAS), a trav\u00e9s de su Rector, el doctor Jes\u00fas Madue\u00f1a Molina, firm\u00f3 un Convenio General de Colaboraci\u00f3n con el H. Ayuntamiento de Concordia, representado por el Presidente Municipal, \u00d3scar Zamudio P\u00e9rez.<br><br>Durante una sesi\u00f3n de Cabildo, se llev\u00f3 a cabo el acto protocolario donde el Rector manifest\u00f3 que la Universidad tiene el compromiso social de brindar educaci\u00f3n integral y de calidad a los j\u00f3venes sinaloenses. Subray\u00f3 que, para lograrlo, una de sus funciones sustantivas es la vinculaci\u00f3n, de ah\u00ed la importancia de fortalecer los lazos con los gobiernos municipales.<br><br>Acompa\u00f1ado por el Vicerrector de la Unidad Regional Sur (URS), el doctor Manuel Iv\u00e1n Tostado Ram\u00edrez, el dirigente universitario agradeci\u00f3 al pleno del Cabildo el recibimiento y enfatiz\u00f3 que la instituci\u00f3n es una aliada del desarrollo regional, por lo que esta cercan\u00eda permitir\u00e1 trabajar en equipo y emprender acciones conjuntas que multipliquen los resultados.<br><br>Correspondi\u00f3 al Director General de Vinculaci\u00f3n y Relaciones Internacionales, el doctor Jes\u00fas Enrique S\u00e1nchez Zazueta, dar lectura a los objetivos del convenio, entre los que destacan el desarrollo conjunto de programas acad\u00e9micos, culturales y deportivos, as\u00ed como la preparaci\u00f3n t\u00e9cnica, capacitaci\u00f3n, servicio social, pr\u00e1cticas profesionales y asesor\u00edas especializadas.<br><br>Asimismo, se contempla la prestaci\u00f3n de servicios, el desarrollo y aplicaci\u00f3n de investigaciones cient\u00edficas y tecnol\u00f3gicas, publicaciones, programas de desarrollo comunitario y tur\u00edstico, planeaci\u00f3n y mejoramiento de los servicios p\u00fablicos, conservaci\u00f3n del patrimonio hist\u00f3rico y difusi\u00f3n de la cultura.<br><br>Por su parte, el alcalde de Concordia, \u00d3scar Zamudio P\u00e9rez, agradeci\u00f3 la firma de este instrumento jur\u00eddico que beneficiar\u00e1 al municipio y a sus habitantes; adem\u00e1s, reconoci\u00f3 a la UAS como la instituci\u00f3n educativa de mayor relevancia en la entidad.<br><br>En el marco de este evento, el Alcalde anunci\u00f3 la construcci\u00f3n de la techumbre para la Preparatoria Concordia, as\u00ed como la iluminaci\u00f3n del camino de acceso a dicha unidad acad\u00e9mica para el presente ejercicio anual.<\/p>\n","protected":false},"excerpt":{"rendered":"<p>Con la finalidad de sumar esfuerzos y capacidades en la b\u00fasqueda de beneficios mutuos, la Universidad Aut\u00f3noma de Sinaloa (UAS), a trav\u00e9s de su Rector, el doctor Jes\u00fas Madue\u00f1a Molina,&hellip;<\/p>\n","protected":false},"author":1,"featured_media":32385,"comment_status":"open","ping_status":"open","sticky":false,"template":"","format":"standard","meta":{"_jetpack_memberships_contains_paid_content":false,"footnotes":"","jetpack_publicize_message":"","jetpack_publicize_feature_enabled":true,"jetpack_social_post_already_shared":true,"jetpack_social_options":{"image_generator_settings":{"template":"highway","default_image_id":0,"font":"","enabled":false},"version":2}},"categories":[40,26],"tags":[41],"class_list":["post-32386","post","type-post","status-publish","format-standard","has-post-thumbnail","hentry","category-educacion","category-portada","tag-uas"],"yoast_head":"<!-- This site is optimized with the Yoast SEO plugin v27.2 - https:\/\/yoast.com\/product\/yoast-seo-wordpress\/ -->\n<title>El Rector Jes\u00fas Madue\u00f1a y el alcalde de Concordia, \u00d3scar Zamudio P\u00e9rez, firman Convenio de Colaboraci\u00f3n para impulsar el desarrollo acad\u00e9mico y social del municipio - \u00c9tica Comunica<\/title>\n<meta name=\"robots\" content=\"index, follow, max-snippet:-1, max-image-preview:large, max-video-preview:-1\" \/>\n<link rel=\"canonical\" href=\"https:\/\/eticacomunica.com.mx\/?p=32386\" \/>\n<meta property=\"og:locale\" content=\"es_MX\" \/>\n<meta property=\"og:type\" content=\"article\" \/>\n<meta property=\"og:title\" content=\"El Rector Jes\u00fas Madue\u00f1a y el alcalde de Concordia, \u00d3scar Zamudio P\u00e9rez, firman Convenio de Colaboraci\u00f3n para impulsar el desarrollo acad\u00e9mico y social del municipio - \u00c9tica Comunica\" \/>\n<meta property=\"og:description\" content=\"Con la finalidad de sumar esfuerzos y capacidades en la b\u00fasqueda de beneficios mutuos, la Universidad Aut\u00f3noma de Sinaloa (UAS), a trav\u00e9s de su Rector, el doctor Jes\u00fas Madue\u00f1a Molina,&hellip;\" \/>\n<meta property=\"og:url\" content=\"https:\/\/eticacomunica.com.mx\/?p=32386\" \/>\n<meta property=\"og:site_name\" content=\"\u00c9tica Comunica\" \/>\n<meta property=\"article:publisher\" content=\"https:\/\/www.facebook.com\/eticacomunica\" \/>\n<meta property=\"article:published_time\" content=\"2026-04-27T22:30:55+00:00\" \/>\n<meta name=\"author\" content=\"etica\" \/>\n<meta name=\"twitter:card\" content=\"summary_large_image\" \/>\n<meta name=\"twitter:label1\" content=\"Escrito por\" \/>\n\t<meta name=\"twitter:data1\" content=\"etica\" \/>\n\t<meta name=\"twitter:label2\" content=\"Tiempo de lectura\" \/>\n\t<meta name=\"twitter:data2\" content=\"2 minutos\" \/>\n<script type=\"application\/ld+json\" class=\"yoast-schema-graph\">{\"@context\":\"https:\/\/schema.org\",\"@graph\":[{\"@type\":\"Article\",\"@id\":\"https:\/\/eticacomunica.com.mx\/?p=32386#article\",\"isPartOf\":{\"@id\":\"https:\/\/eticacomunica.com.mx\/?p=32386\"},\"author\":{\"name\":\"etica\",\"@id\":\"https:\/\/eticacomunica.com.mx\/#\/schema\/person\/2cacc47bd17fe8ad92f08c0313d22fa6\"},\"headline\":\"El Rector Jes\u00fas Madue\u00f1a y el alcalde de Concordia, \u00d3scar Zamudio P\u00e9rez, firman Convenio de Colaboraci\u00f3n para impulsar el desarrollo acad\u00e9mico y social del municipio\",\"datePublished\":\"2026-04-27T22:30:55+00:00\",\"mainEntityOfPage\":{\"@id\":\"https:\/\/eticacomunica.com.mx\/?p=32386\"},\"wordCount\":396,\"commentCount\":0,\"publisher\":{\"@id\":\"https:\/\/eticacomunica.com.mx\/#organization\"},\"image\":{\"@id\":\"https:\/\/eticacomunica.com.mx\/?p=32386#primaryimage\"},\"thumbnailUrl\":\"https:\/\/eticacomunica.com.mx\/wp-content\/uploads\/2026\/04\/IMG-20260427-WA0071.jpg\",\"keywords\":[\"UAS\"],\"articleSection\":[\"Educaci\u00f3n\",\"Portada\"],\"inLanguage\":\"es\",\"potentialAction\":[{\"@type\":\"CommentAction\",\"name\":\"Comment\",\"target\":[\"https:\/\/eticacomunica.com.mx\/?p=32386#respond\"]}]},{\"@type\":\"WebPage\",\"@id\":\"https:\/\/eticacomunica.com.mx\/?p=32386\",\"url\":\"https:\/\/eticacomunica.com.mx\/?p=32386\",\"name\":\"El Rector Jes\u00fas Madue\u00f1a y el alcalde de Concordia, \u00d3scar Zamudio P\u00e9rez, firman Convenio de Colaboraci\u00f3n para impulsar el desarrollo acad\u00e9mico y social del municipio - \u00c9tica Comunica\",\"isPartOf\":{\"@id\":\"https:\/\/eticacomunica.com.mx\/#website\"},\"primaryImageOfPage\":{\"@id\":\"https:\/\/eticacomunica.com.mx\/?p=32386#primaryimage\"},\"image\":{\"@id\":\"https:\/\/eticacomunica.com.mx\/?p=32386#primaryimage\"},\"thumbnailUrl\":\"https:\/\/eticacomunica.com.mx\/wp-content\/uploads\/2026\/04\/IMG-20260427-WA0071.jpg\",\"datePublished\":\"2026-04-27T22:30:55+00:00\",\"breadcrumb\":{\"@id\":\"https:\/\/eticacomunica.com.mx\/?p=32386#breadcrumb\"},\"inLanguage\":\"es\",\"potentialAction\":[{\"@type\":\"ReadAction\",\"target\":[\"https:\/\/eticacomunica.com.mx\/?p=32386\"]}]},{\"@type\":\"ImageObject\",\"inLanguage\":\"es\",\"@id\":\"https:\/\/eticacomunica.com.mx\/?p=32386#primaryimage\",\"url\":\"https:\/\/eticacomunica.com.mx\/wp-content\/uploads\/2026\/04\/IMG-20260427-WA0071.jpg\",\"contentUrl\":\"https:\/\/eticacomunica.com.mx\/wp-content\/uploads\/2026\/04\/IMG-20260427-WA0071.jpg\",\"width\":1236,\"height\":738},{\"@type\":\"BreadcrumbList\",\"@id\":\"https:\/\/eticacomunica.com.mx\/?p=32386#breadcrumb\",\"itemListElement\":[{\"@type\":\"ListItem\",\"position\":1,\"name\":\"Inicio\",\"item\":\"https:\/\/eticacomunica.com.mx\/\"},{\"@type\":\"ListItem\",\"position\":2,\"name\":\"El Rector Jes\u00fas Madue\u00f1a y el alcalde de Concordia, \u00d3scar Zamudio P\u00e9rez, firman Convenio de Colaboraci\u00f3n para impulsar el desarrollo acad\u00e9mico y social del municipio\"}]},{\"@type\":\"WebSite\",\"@id\":\"https:\/\/eticacomunica.com.mx\/#website\",\"url\":\"https:\/\/eticacomunica.com.mx\/\",\"name\":\"\u00c9tica Comunica\",\"description\":\"Diario Digital\",\"publisher\":{\"@id\":\"https:\/\/eticacomunica.com.mx\/#organization\"},\"potentialAction\":[{\"@type\":\"SearchAction\",\"target\":{\"@type\":\"EntryPoint\",\"urlTemplate\":\"https:\/\/eticacomunica.com.mx\/?s={search_term_string}\"},\"query-input\":{\"@type\":\"PropertyValueSpecification\",\"valueRequired\":true,\"valueName\":\"search_term_string\"}}],\"inLanguage\":\"es\"},{\"@type\":\"Organization\",\"@id\":\"https:\/\/eticacomunica.com.mx\/#organization\",\"name\":\"Diarios Digitales de Sinaloa\",\"url\":\"https:\/\/eticacomunica.com.mx\/\",\"logo\":{\"@type\":\"ImageObject\",\"inLanguage\":\"es\",\"@id\":\"https:\/\/eticacomunica.com.mx\/#\/schema\/logo\/image\/\",\"url\":\"https:\/\/eticacomunica.com.mx\/wp-content\/uploads\/2023\/10\/etica-logo.png\",\"contentUrl\":\"https:\/\/eticacomunica.com.mx\/wp-content\/uploads\/2023\/10\/etica-logo.png\",\"width\":1280,\"height\":432,\"caption\":\"Diarios Digitales de Sinaloa\"},\"image\":{\"@id\":\"https:\/\/eticacomunica.com.mx\/#\/schema\/logo\/image\/\"},\"sameAs\":[\"https:\/\/www.facebook.com\/eticacomunica\"]},{\"@type\":\"Person\",\"@id\":\"https:\/\/eticacomunica.com.mx\/#\/schema\/person\/2cacc47bd17fe8ad92f08c0313d22fa6\",\"name\":\"etica\",\"image\":{\"@type\":\"ImageObject\",\"inLanguage\":\"es\",\"@id\":\"https:\/\/secure.gravatar.com\/avatar\/dfb45d32bc7097f8f06d6e4f6e6b387e7cb8fd5b3a2869265c40587ab62cab1e?s=96&d=mm&r=g\",\"url\":\"https:\/\/secure.gravatar.com\/avatar\/dfb45d32bc7097f8f06d6e4f6e6b387e7cb8fd5b3a2869265c40587ab62cab1e?s=96&d=mm&r=g\",\"contentUrl\":\"https:\/\/secure.gravatar.com\/avatar\/dfb45d32bc7097f8f06d6e4f6e6b387e7cb8fd5b3a2869265c40587ab62cab1e?s=96&d=mm&r=g\",\"caption\":\"etica\"},\"sameAs\":[\"https:\/\/eticacomunica.com.mx\"],\"url\":\"https:\/\/eticacomunica.com.mx\/?author=1\"}]}<\/script>\n<!-- \/ Yoast SEO plugin. -->","yoast_head_json":{"title":"El Rector Jes\u00fas Madue\u00f1a y el alcalde de Concordia, \u00d3scar Zamudio P\u00e9rez, firman Convenio de Colaboraci\u00f3n para impulsar el desarrollo acad\u00e9mico y social del municipio - \u00c9tica Comunica","robots":{"index":"index","follow":"follow","max-snippet":"max-snippet:-1","max-image-preview":"max-image-preview:large","max-video-preview":"max-video-preview:-1"},"canonical":"https:\/\/eticacomunica.com.mx\/?p=32386","og_locale":"es_MX","og_type":"article","og_title":"El Rector Jes\u00fas Madue\u00f1a y el alcalde de Concordia, \u00d3scar Zamudio P\u00e9rez, firman Convenio de Colaboraci\u00f3n para impulsar el desarrollo acad\u00e9mico y social del municipio - \u00c9tica Comunica","og_description":"Con la finalidad de sumar esfuerzos y capacidades en la b\u00fasqueda de beneficios mutuos, la Universidad Aut\u00f3noma de Sinaloa (UAS), a trav\u00e9s de su Rector, el doctor Jes\u00fas Madue\u00f1a Molina,&hellip;","og_url":"https:\/\/eticacomunica.com.mx\/?p=32386","og_site_name":"\u00c9tica Comunica","article_publisher":"https:\/\/www.facebook.com\/eticacomunica","article_published_time":"2026-04-27T22:30:55+00:00","author":"etica","twitter_card":"summary_large_image","twitter_misc":{"Escrito por":"etica","Tiempo de lectura":"2 minutos"},"schema":{"@context":"https:\/\/schema.org","@graph":[{"@type":"Article","@id":"https:\/\/eticacomunica.com.mx\/?p=32386#article","isPartOf":{"@id":"https:\/\/eticacomunica.com.mx\/?p=32386"},"author":{"name":"etica","@id":"https:\/\/eticacomunica.com.mx\/#\/schema\/person\/2cacc47bd17fe8ad92f08c0313d22fa6"},"headline":"El Rector Jes\u00fas Madue\u00f1a y el alcalde de Concordia, \u00d3scar Zamudio P\u00e9rez, firman Convenio de Colaboraci\u00f3n para impulsar el desarrollo acad\u00e9mico y social del municipio","datePublished":"2026-04-27T22:30:55+00:00","mainEntityOfPage":{"@id":"https:\/\/eticacomunica.com.mx\/?p=32386"},"wordCount":396,"commentCount":0,"publisher":{"@id":"https:\/\/eticacomunica.com.mx\/#organization"},"image":{"@id":"https:\/\/eticacomunica.com.mx\/?p=32386#primaryimage"},"thumbnailUrl":"https:\/\/eticacomunica.com.mx\/wp-content\/uploads\/2026\/04\/IMG-20260427-WA0071.jpg","keywords":["UAS"],"articleSection":["Educaci\u00f3n","Portada"],"inLanguage":"es","potentialAction":[{"@type":"CommentAction","name":"Comment","target":["https:\/\/eticacomunica.com.mx\/?p=32386#respond"]}]},{"@type":"WebPage","@id":"https:\/\/eticacomunica.com.mx\/?p=32386","url":"https:\/\/eticacomunica.com.mx\/?p=32386","name":"El Rector Jes\u00fas Madue\u00f1a y el alcalde de Concordia, \u00d3scar Zamudio P\u00e9rez, firman Convenio de Colaboraci\u00f3n para impulsar el desarrollo acad\u00e9mico y social del municipio - \u00c9tica Comunica","isPartOf":{"@id":"https:\/\/eticacomunica.com.mx\/#website"},"primaryImageOfPage":{"@id":"https:\/\/eticacomunica.com.mx\/?p=32386#primaryimage"},"image":{"@id":"https:\/\/eticacomunica.com.mx\/?p=32386#primaryimage"},"thumbnailUrl":"https:\/\/eticacomunica.com.mx\/wp-content\/uploads\/2026\/04\/IMG-20260427-WA0071.jpg","datePublished":"2026-04-27T22:30:55+00:00","breadcrumb":{"@id":"https:\/\/eticacomunica.com.mx\/?p=32386#breadcrumb"},"inLanguage":"es","potentialAction":[{"@type":"ReadAction","target":["https:\/\/eticacomunica.com.mx\/?p=32386"]}]},{"@type":"ImageObject","inLanguage":"es","@id":"https:\/\/eticacomunica.com.mx\/?p=32386#primaryimage","url":"https:\/\/eticacomunica.com.mx\/wp-content\/uploads\/2026\/04\/IMG-20260427-WA0071.jpg","contentUrl":"https:\/\/eticacomunica.com.mx\/wp-content\/uploads\/2026\/04\/IMG-20260427-WA0071.jpg","width":1236,"height":738},{"@type":"BreadcrumbList","@id":"https:\/\/eticacomunica.com.mx\/?p=32386#breadcrumb","itemListElement":[{"@type":"ListItem","position":1,"name":"Inicio","item":"https:\/\/eticacomunica.com.mx\/"},{"@type":"ListItem","position":2,"name":"El Rector Jes\u00fas Madue\u00f1a y el alcalde de Concordia, \u00d3scar Zamudio P\u00e9rez, firman Convenio de Colaboraci\u00f3n para impulsar el desarrollo acad\u00e9mico y social del municipio"}]},{"@type":"WebSite","@id":"https:\/\/eticacomunica.com.mx\/#website","url":"https:\/\/eticacomunica.com.mx\/","name":"\u00c9tica Comunica","description":"Diario Digital","publisher":{"@id":"https:\/\/eticacomunica.com.mx\/#organization"},"potentialAction":[{"@type":"SearchAction","target":{"@type":"EntryPoint","urlTemplate":"https:\/\/eticacomunica.com.mx\/?s={search_term_string}"},"query-input":{"@type":"PropertyValueSpecification","valueRequired":true,"valueName":"search_term_string"}}],"inLanguage":"es"},{"@type":"Organization","@id":"https:\/\/eticacomunica.com.mx\/#organization","name":"Diarios Digitales de Sinaloa","url":"https:\/\/eticacomunica.com.mx\/","logo":{"@type":"ImageObject","inLanguage":"es","@id":"https:\/\/eticacomunica.com.mx\/#\/schema\/logo\/image\/","url":"https:\/\/eticacomunica.com.mx\/wp-content\/uploads\/2023\/10\/etica-logo.png","contentUrl":"https:\/\/eticacomunica.com.mx\/wp-content\/uploads\/2023\/10\/etica-logo.png","width":1280,"height":432,"caption":"Diarios Digitales de Sinaloa"},"image":{"@id":"https:\/\/eticacomunica.com.mx\/#\/schema\/logo\/image\/"},"sameAs":["https:\/\/www.facebook.com\/eticacomunica"]},{"@type":"Person","@id":"https:\/\/eticacomunica.com.mx\/#\/schema\/person\/2cacc47bd17fe8ad92f08c0313d22fa6","name":"etica","image":{"@type":"ImageObject","inLanguage":"es","@id":"https:\/\/secure.gravatar.com\/avatar\/dfb45d32bc7097f8f06d6e4f6e6b387e7cb8fd5b3a2869265c40587ab62cab1e?s=96&d=mm&r=g","url":"https:\/\/secure.gravatar.com\/avatar\/dfb45d32bc7097f8f06d6e4f6e6b387e7cb8fd5b3a2869265c40587ab62cab1e?s=96&d=mm&r=g","contentUrl":"https:\/\/secure.gravatar.com\/avatar\/dfb45d32bc7097f8f06d6e4f6e6b387e7cb8fd5b3a2869265c40587ab62cab1e?s=96&d=mm&r=g","caption":"etica"},"sameAs":["https:\/\/eticacomunica.com.mx"],"url":"https:\/\/eticacomunica.com.mx\/?author=1"}]}},"jetpack_publicize_connections":[],"jetpack_featured_media_url":"https:\/\/eticacomunica.com.mx\/wp-content\/uploads\/2026\/04\/IMG-20260427-WA0071.jpg","jetpack_sharing_enabled":true,"_links":{"self":[{"href":"https:\/\/eticacomunica.com.mx\/index.php?rest_route=\/wp\/v2\/posts\/32386","targetHints":{"allow":["GET"]}}],"collection":[{"href":"https:\/\/eticacomunica.com.mx\/index.php?rest_route=\/wp\/v2\/posts"}],"about":[{"href":"https:\/\/eticacomunica.com.mx\/index.php?rest_route=\/wp\/v2\/types\/post"}],"author":[{"embeddable":true,"href":"https:\/\/eticacomunica.com.mx\/index.php?rest_route=\/wp\/v2\/users\/1"}],"replies":[{"embeddable":true,"href":"https:\/\/eticacomunica.com.mx\/index.php?rest_route=%2Fwp%2Fv2%2Fcomments&post=32386"}],"version-history":[{"count":0,"href":"https:\/\/eticacomunica.com.mx\/index.php?rest_route=\/wp\/v2\/posts\/32386\/revisions"}],"wp:featuredmedia":[{"embeddable":true,"href":"https:\/\/eticacomunica.com.mx\/index.php?rest_route=\/wp\/v2\/media\/32385"}],"wp:attachment":[{"href":"https:\/\/eticacomunica.com.mx\/index.php?rest_route=%2Fwp%2Fv2%2Fmedia&parent=32386"}],"wp:term":[{"taxonomy":"category","embeddable":true,"href":"https:\/\/eticacomunica.com.mx\/index.php?rest_route=%2Fwp%2Fv2%2Fcategories&post=32386"},{"taxonomy":"post_tag","embeddable":true,"href":"https:\/\/eticacomunica.com.mx\/index.php?rest_route=%2Fwp%2Fv2%2Ftags&post=32386"}],"curies":[{"name":"wp","href":"https:\/\/api.w.org\/{rel}","templated":true}]}}