{"id":32396,"date":"2026-04-27T19:14:45","date_gmt":"2026-04-28T02:14:45","guid":{"rendered":"https:\/\/eticacomunica.com.mx\/?p=32396"},"modified":"2026-04-27T19:14:45","modified_gmt":"2026-04-28T02:14:45","slug":"el-rector-jesus-maduena-y-claudia-liliana-valdez-alcaldesa-de-el-rosario-firman-convenio-de-cooperacion-academica-y-social-en-beneficio-de-la-comunidad","status":"publish","type":"post","link":"https:\/\/eticacomunica.com.mx\/?p=32396","title":{"rendered":"El Rector Jes\u00fas Madue\u00f1a y Claudia Liliana Valdez, alcaldesa de El Rosario, firman convenio de cooperaci\u00f3n acad\u00e9mica y social en beneficio de la comunidad"},"content":{"rendered":"\n<p>La Universidad Aut\u00f3noma de Sinaloa (UAS) y el Ayuntamiento de El Rosario firmaron un convenio de colaboraci\u00f3n institucional en beneficio de la comunidad universitaria, as\u00ed como del desarrollo econ\u00f3mico y social de este municipio sure\u00f1o.<br><br>El rector de la UAS, el doctor Jes\u00fas Madue\u00f1a Molina, encabez\u00f3 la firma del documento junto a la presidenta municipal, Claudia Liliana Valdez Aguilar. Al respecto, el vicerrector de la zona sur, el doctor Iv\u00e1n Tostado, asegur\u00f3 que con esta alianza se fortalecen los lazos entre ambas instituciones en favor de los rosarenses.<br><br>*Objetivos del acuerdo*<br><br>El acto protocolario se llev\u00f3 a cabo en la Sala de Cabildo, ante la presencia de regidores y funcionarios municipales. El doctor Jes\u00fas Enrique S\u00e1nchez Zazueta, director de Vinculaci\u00f3n Universitaria, detall\u00f3 que los objetivos principales incluyen:<br>\u2022\tPrestaci\u00f3n de servicio social y pr\u00e1cticas profesionales.<br>\u2022\tAsesor\u00edas t\u00e9cnicas y especializadas.<br>\u2022\tAplicaci\u00f3n de resultados de investigaci\u00f3n cient\u00edfica y tecnol\u00f3gica.<br>\u2022\tProgramas de desarrollo comunitario, tur\u00edstico y de planeaci\u00f3n.<br>\u2022\tConservaci\u00f3n del patrimonio hist\u00f3rico y difusi\u00f3n de la cultura.<br><br>Durante su intervenci\u00f3n, Madue\u00f1a Molina enfatiz\u00f3 la importancia de la vinculaci\u00f3n local:<br><br>&#8220;Trabajar de la mano con los ayuntamientos es fundamental, pues es el nivel de gobierno m\u00e1s cercano a la gente. Esta firma representa un ejercicio donde todos aportamos y ganamos. Agradezco la hospitalidad de la licenciada Claudia Liliana Valdez Aguilar y de los integrantes del cabildo&#8221;.<br><br>Asimismo, el Rector destac\u00f3 el compromiso de la universidad con la visi\u00f3n nacional: &#8220;Como acordamos con nuestra presidenta, la doctora Claudia Sheinbaum, trabajaremos de la mano con los tres niveles de gobierno para fortalecer la cobertura educativa y que le vaya bien a Sinaloa y a El Rosario&#8221;.<br><br>Por su parte, la alcaldesa Claudia Liliana Valdez Aguilar destac\u00f3 que este convenio abre un puente que fortalecer\u00e1 la educaci\u00f3n, el deporte y la investigaci\u00f3n. Subray\u00f3 que muchos de los regidores actuales son egresados de la UAS, lo que refuerza el compromiso emocional y profesional con la instituci\u00f3n.<br><br>Finalmente, la presidenta municipal cerr\u00f3 su discurso con el lema institucional: \u201cSomos grandes, somos UAS\u201d.<\/p>\n","protected":false},"excerpt":{"rendered":"<p>La Universidad Aut\u00f3noma de Sinaloa (UAS) y el Ayuntamiento de El Rosario firmaron un convenio de colaboraci\u00f3n institucional en beneficio de la comunidad universitaria, as\u00ed como del desarrollo econ\u00f3mico y&hellip;<\/p>\n","protected":false},"author":1,"featured_media":32395,"comment_status":"open","ping_status":"open","sticky":false,"template":"","format":"standard","meta":{"_jetpack_memberships_contains_paid_content":false,"footnotes":"","jetpack_publicize_message":"","jetpack_publicize_feature_enabled":true,"jetpack_social_post_already_shared":true,"jetpack_social_options":{"image_generator_settings":{"template":"highway","default_image_id":0,"font":"","enabled":false},"version":2}},"categories":[40,26],"tags":[41],"class_list":["post-32396","post","type-post","status-publish","format-standard","has-post-thumbnail","hentry","category-educacion","category-portada","tag-uas"],"yoast_head":"<!-- This site is optimized with the Yoast SEO plugin v27.2 - https:\/\/yoast.com\/product\/yoast-seo-wordpress\/ -->\n<title>El Rector Jes\u00fas Madue\u00f1a y Claudia Liliana Valdez, alcaldesa de El Rosario, firman convenio de cooperaci\u00f3n acad\u00e9mica y social en beneficio de la comunidad - \u00c9tica Comunica<\/title>\n<meta name=\"robots\" content=\"index, follow, max-snippet:-1, max-image-preview:large, max-video-preview:-1\" \/>\n<link rel=\"canonical\" href=\"https:\/\/eticacomunica.com.mx\/?p=32396\" \/>\n<meta property=\"og:locale\" content=\"es_MX\" \/>\n<meta property=\"og:type\" content=\"article\" \/>\n<meta property=\"og:title\" content=\"El Rector Jes\u00fas Madue\u00f1a y Claudia Liliana Valdez, alcaldesa de El Rosario, firman convenio de cooperaci\u00f3n acad\u00e9mica y social en beneficio de la comunidad - \u00c9tica Comunica\" \/>\n<meta property=\"og:description\" content=\"La Universidad Aut\u00f3noma de Sinaloa (UAS) y el Ayuntamiento de El Rosario firmaron un convenio de colaboraci\u00f3n institucional en beneficio de la comunidad universitaria, as\u00ed como del desarrollo econ\u00f3mico y&hellip;\" \/>\n<meta property=\"og:url\" content=\"https:\/\/eticacomunica.com.mx\/?p=32396\" \/>\n<meta property=\"og:site_name\" content=\"\u00c9tica Comunica\" \/>\n<meta property=\"article:publisher\" content=\"https:\/\/www.facebook.com\/eticacomunica\" \/>\n<meta property=\"article:published_time\" content=\"2026-04-28T02:14:45+00:00\" \/>\n<meta name=\"author\" content=\"etica\" \/>\n<meta name=\"twitter:card\" content=\"summary_large_image\" \/>\n<meta name=\"twitter:label1\" content=\"Escrito por\" \/>\n\t<meta name=\"twitter:data1\" content=\"etica\" \/>\n\t<meta name=\"twitter:label2\" content=\"Tiempo de lectura\" \/>\n\t<meta name=\"twitter:data2\" content=\"2 minutos\" \/>\n<script type=\"application\/ld+json\" class=\"yoast-schema-graph\">{\"@context\":\"https:\/\/schema.org\",\"@graph\":[{\"@type\":\"Article\",\"@id\":\"https:\/\/eticacomunica.com.mx\/?p=32396#article\",\"isPartOf\":{\"@id\":\"https:\/\/eticacomunica.com.mx\/?p=32396\"},\"author\":{\"name\":\"etica\",\"@id\":\"https:\/\/eticacomunica.com.mx\/#\/schema\/person\/2cacc47bd17fe8ad92f08c0313d22fa6\"},\"headline\":\"El Rector Jes\u00fas Madue\u00f1a y Claudia Liliana Valdez, alcaldesa de El Rosario, firman convenio de cooperaci\u00f3n acad\u00e9mica y social en beneficio de la comunidad\",\"datePublished\":\"2026-04-28T02:14:45+00:00\",\"mainEntityOfPage\":{\"@id\":\"https:\/\/eticacomunica.com.mx\/?p=32396\"},\"wordCount\":391,\"commentCount\":0,\"publisher\":{\"@id\":\"https:\/\/eticacomunica.com.mx\/#organization\"},\"image\":{\"@id\":\"https:\/\/eticacomunica.com.mx\/?p=32396#primaryimage\"},\"thumbnailUrl\":\"https:\/\/eticacomunica.com.mx\/wp-content\/uploads\/2026\/04\/IMG-20260427-WA0112.jpg\",\"keywords\":[\"UAS\"],\"articleSection\":[\"Educaci\u00f3n\",\"Portada\"],\"inLanguage\":\"es\",\"potentialAction\":[{\"@type\":\"CommentAction\",\"name\":\"Comment\",\"target\":[\"https:\/\/eticacomunica.com.mx\/?p=32396#respond\"]}]},{\"@type\":\"WebPage\",\"@id\":\"https:\/\/eticacomunica.com.mx\/?p=32396\",\"url\":\"https:\/\/eticacomunica.com.mx\/?p=32396\",\"name\":\"El Rector Jes\u00fas Madue\u00f1a y Claudia Liliana Valdez, alcaldesa de El Rosario, firman convenio de cooperaci\u00f3n acad\u00e9mica y social en beneficio de la comunidad - \u00c9tica Comunica\",\"isPartOf\":{\"@id\":\"https:\/\/eticacomunica.com.mx\/#website\"},\"primaryImageOfPage\":{\"@id\":\"https:\/\/eticacomunica.com.mx\/?p=32396#primaryimage\"},\"image\":{\"@id\":\"https:\/\/eticacomunica.com.mx\/?p=32396#primaryimage\"},\"thumbnailUrl\":\"https:\/\/eticacomunica.com.mx\/wp-content\/uploads\/2026\/04\/IMG-20260427-WA0112.jpg\",\"datePublished\":\"2026-04-28T02:14:45+00:00\",\"breadcrumb\":{\"@id\":\"https:\/\/eticacomunica.com.mx\/?p=32396#breadcrumb\"},\"inLanguage\":\"es\",\"potentialAction\":[{\"@type\":\"ReadAction\",\"target\":[\"https:\/\/eticacomunica.com.mx\/?p=32396\"]}]},{\"@type\":\"ImageObject\",\"inLanguage\":\"es\",\"@id\":\"https:\/\/eticacomunica.com.mx\/?p=32396#primaryimage\",\"url\":\"https:\/\/eticacomunica.com.mx\/wp-content\/uploads\/2026\/04\/IMG-20260427-WA0112.jpg\",\"contentUrl\":\"https:\/\/eticacomunica.com.mx\/wp-content\/uploads\/2026\/04\/IMG-20260427-WA0112.jpg\",\"width\":1600,\"height\":1066},{\"@type\":\"BreadcrumbList\",\"@id\":\"https:\/\/eticacomunica.com.mx\/?p=32396#breadcrumb\",\"itemListElement\":[{\"@type\":\"ListItem\",\"position\":1,\"name\":\"Inicio\",\"item\":\"https:\/\/eticacomunica.com.mx\/\"},{\"@type\":\"ListItem\",\"position\":2,\"name\":\"El Rector Jes\u00fas Madue\u00f1a y Claudia Liliana Valdez, alcaldesa de El Rosario, firman convenio de cooperaci\u00f3n acad\u00e9mica y social en beneficio de la comunidad\"}]},{\"@type\":\"WebSite\",\"@id\":\"https:\/\/eticacomunica.com.mx\/#website\",\"url\":\"https:\/\/eticacomunica.com.mx\/\",\"name\":\"\u00c9tica Comunica\",\"description\":\"Diario Digital\",\"publisher\":{\"@id\":\"https:\/\/eticacomunica.com.mx\/#organization\"},\"potentialAction\":[{\"@type\":\"SearchAction\",\"target\":{\"@type\":\"EntryPoint\",\"urlTemplate\":\"https:\/\/eticacomunica.com.mx\/?s={search_term_string}\"},\"query-input\":{\"@type\":\"PropertyValueSpecification\",\"valueRequired\":true,\"valueName\":\"search_term_string\"}}],\"inLanguage\":\"es\"},{\"@type\":\"Organization\",\"@id\":\"https:\/\/eticacomunica.com.mx\/#organization\",\"name\":\"Diarios Digitales de Sinaloa\",\"url\":\"https:\/\/eticacomunica.com.mx\/\",\"logo\":{\"@type\":\"ImageObject\",\"inLanguage\":\"es\",\"@id\":\"https:\/\/eticacomunica.com.mx\/#\/schema\/logo\/image\/\",\"url\":\"https:\/\/eticacomunica.com.mx\/wp-content\/uploads\/2023\/10\/etica-logo.png\",\"contentUrl\":\"https:\/\/eticacomunica.com.mx\/wp-content\/uploads\/2023\/10\/etica-logo.png\",\"width\":1280,\"height\":432,\"caption\":\"Diarios Digitales de Sinaloa\"},\"image\":{\"@id\":\"https:\/\/eticacomunica.com.mx\/#\/schema\/logo\/image\/\"},\"sameAs\":[\"https:\/\/www.facebook.com\/eticacomunica\"]},{\"@type\":\"Person\",\"@id\":\"https:\/\/eticacomunica.com.mx\/#\/schema\/person\/2cacc47bd17fe8ad92f08c0313d22fa6\",\"name\":\"etica\",\"image\":{\"@type\":\"ImageObject\",\"inLanguage\":\"es\",\"@id\":\"https:\/\/secure.gravatar.com\/avatar\/dfb45d32bc7097f8f06d6e4f6e6b387e7cb8fd5b3a2869265c40587ab62cab1e?s=96&d=mm&r=g\",\"url\":\"https:\/\/secure.gravatar.com\/avatar\/dfb45d32bc7097f8f06d6e4f6e6b387e7cb8fd5b3a2869265c40587ab62cab1e?s=96&d=mm&r=g\",\"contentUrl\":\"https:\/\/secure.gravatar.com\/avatar\/dfb45d32bc7097f8f06d6e4f6e6b387e7cb8fd5b3a2869265c40587ab62cab1e?s=96&d=mm&r=g\",\"caption\":\"etica\"},\"sameAs\":[\"https:\/\/eticacomunica.com.mx\"],\"url\":\"https:\/\/eticacomunica.com.mx\/?author=1\"}]}<\/script>\n<!-- \/ Yoast SEO plugin. -->","yoast_head_json":{"title":"El Rector Jes\u00fas Madue\u00f1a y Claudia Liliana Valdez, alcaldesa de El Rosario, firman convenio de cooperaci\u00f3n acad\u00e9mica y social en beneficio de la comunidad - \u00c9tica Comunica","robots":{"index":"index","follow":"follow","max-snippet":"max-snippet:-1","max-image-preview":"max-image-preview:large","max-video-preview":"max-video-preview:-1"},"canonical":"https:\/\/eticacomunica.com.mx\/?p=32396","og_locale":"es_MX","og_type":"article","og_title":"El Rector Jes\u00fas Madue\u00f1a y Claudia Liliana Valdez, alcaldesa de El Rosario, firman convenio de cooperaci\u00f3n acad\u00e9mica y social en beneficio de la comunidad - \u00c9tica Comunica","og_description":"La Universidad Aut\u00f3noma de Sinaloa (UAS) y el Ayuntamiento de El Rosario firmaron un convenio de colaboraci\u00f3n institucional en beneficio de la comunidad universitaria, as\u00ed como del desarrollo econ\u00f3mico y&hellip;","og_url":"https:\/\/eticacomunica.com.mx\/?p=32396","og_site_name":"\u00c9tica Comunica","article_publisher":"https:\/\/www.facebook.com\/eticacomunica","article_published_time":"2026-04-28T02:14:45+00:00","author":"etica","twitter_card":"summary_large_image","twitter_misc":{"Escrito por":"etica","Tiempo de lectura":"2 minutos"},"schema":{"@context":"https:\/\/schema.org","@graph":[{"@type":"Article","@id":"https:\/\/eticacomunica.com.mx\/?p=32396#article","isPartOf":{"@id":"https:\/\/eticacomunica.com.mx\/?p=32396"},"author":{"name":"etica","@id":"https:\/\/eticacomunica.com.mx\/#\/schema\/person\/2cacc47bd17fe8ad92f08c0313d22fa6"},"headline":"El Rector Jes\u00fas Madue\u00f1a y Claudia Liliana Valdez, alcaldesa de El Rosario, firman convenio de cooperaci\u00f3n acad\u00e9mica y social en beneficio de la comunidad","datePublished":"2026-04-28T02:14:45+00:00","mainEntityOfPage":{"@id":"https:\/\/eticacomunica.com.mx\/?p=32396"},"wordCount":391,"commentCount":0,"publisher":{"@id":"https:\/\/eticacomunica.com.mx\/#organization"},"image":{"@id":"https:\/\/eticacomunica.com.mx\/?p=32396#primaryimage"},"thumbnailUrl":"https:\/\/eticacomunica.com.mx\/wp-content\/uploads\/2026\/04\/IMG-20260427-WA0112.jpg","keywords":["UAS"],"articleSection":["Educaci\u00f3n","Portada"],"inLanguage":"es","potentialAction":[{"@type":"CommentAction","name":"Comment","target":["https:\/\/eticacomunica.com.mx\/?p=32396#respond"]}]},{"@type":"WebPage","@id":"https:\/\/eticacomunica.com.mx\/?p=32396","url":"https:\/\/eticacomunica.com.mx\/?p=32396","name":"El Rector Jes\u00fas Madue\u00f1a y Claudia Liliana Valdez, alcaldesa de El Rosario, firman convenio de cooperaci\u00f3n acad\u00e9mica y social en beneficio de la comunidad - \u00c9tica Comunica","isPartOf":{"@id":"https:\/\/eticacomunica.com.mx\/#website"},"primaryImageOfPage":{"@id":"https:\/\/eticacomunica.com.mx\/?p=32396#primaryimage"},"image":{"@id":"https:\/\/eticacomunica.com.mx\/?p=32396#primaryimage"},"thumbnailUrl":"https:\/\/eticacomunica.com.mx\/wp-content\/uploads\/2026\/04\/IMG-20260427-WA0112.jpg","datePublished":"2026-04-28T02:14:45+00:00","breadcrumb":{"@id":"https:\/\/eticacomunica.com.mx\/?p=32396#breadcrumb"},"inLanguage":"es","potentialAction":[{"@type":"ReadAction","target":["https:\/\/eticacomunica.com.mx\/?p=32396"]}]},{"@type":"ImageObject","inLanguage":"es","@id":"https:\/\/eticacomunica.com.mx\/?p=32396#primaryimage","url":"https:\/\/eticacomunica.com.mx\/wp-content\/uploads\/2026\/04\/IMG-20260427-WA0112.jpg","contentUrl":"https:\/\/eticacomunica.com.mx\/wp-content\/uploads\/2026\/04\/IMG-20260427-WA0112.jpg","width":1600,"height":1066},{"@type":"BreadcrumbList","@id":"https:\/\/eticacomunica.com.mx\/?p=32396#breadcrumb","itemListElement":[{"@type":"ListItem","position":1,"name":"Inicio","item":"https:\/\/eticacomunica.com.mx\/"},{"@type":"ListItem","position":2,"name":"El Rector Jes\u00fas Madue\u00f1a y Claudia Liliana Valdez, alcaldesa de El Rosario, firman convenio de cooperaci\u00f3n acad\u00e9mica y social en beneficio de la comunidad"}]},{"@type":"WebSite","@id":"https:\/\/eticacomunica.com.mx\/#website","url":"https:\/\/eticacomunica.com.mx\/","name":"\u00c9tica Comunica","description":"Diario Digital","publisher":{"@id":"https:\/\/eticacomunica.com.mx\/#organization"},"potentialAction":[{"@type":"SearchAction","target":{"@type":"EntryPoint","urlTemplate":"https:\/\/eticacomunica.com.mx\/?s={search_term_string}"},"query-input":{"@type":"PropertyValueSpecification","valueRequired":true,"valueName":"search_term_string"}}],"inLanguage":"es"},{"@type":"Organization","@id":"https:\/\/eticacomunica.com.mx\/#organization","name":"Diarios Digitales de Sinaloa","url":"https:\/\/eticacomunica.com.mx\/","logo":{"@type":"ImageObject","inLanguage":"es","@id":"https:\/\/eticacomunica.com.mx\/#\/schema\/logo\/image\/","url":"https:\/\/eticacomunica.com.mx\/wp-content\/uploads\/2023\/10\/etica-logo.png","contentUrl":"https:\/\/eticacomunica.com.mx\/wp-content\/uploads\/2023\/10\/etica-logo.png","width":1280,"height":432,"caption":"Diarios Digitales de Sinaloa"},"image":{"@id":"https:\/\/eticacomunica.com.mx\/#\/schema\/logo\/image\/"},"sameAs":["https:\/\/www.facebook.com\/eticacomunica"]},{"@type":"Person","@id":"https:\/\/eticacomunica.com.mx\/#\/schema\/person\/2cacc47bd17fe8ad92f08c0313d22fa6","name":"etica","image":{"@type":"ImageObject","inLanguage":"es","@id":"https:\/\/secure.gravatar.com\/avatar\/dfb45d32bc7097f8f06d6e4f6e6b387e7cb8fd5b3a2869265c40587ab62cab1e?s=96&d=mm&r=g","url":"https:\/\/secure.gravatar.com\/avatar\/dfb45d32bc7097f8f06d6e4f6e6b387e7cb8fd5b3a2869265c40587ab62cab1e?s=96&d=mm&r=g","contentUrl":"https:\/\/secure.gravatar.com\/avatar\/dfb45d32bc7097f8f06d6e4f6e6b387e7cb8fd5b3a2869265c40587ab62cab1e?s=96&d=mm&r=g","caption":"etica"},"sameAs":["https:\/\/eticacomunica.com.mx"],"url":"https:\/\/eticacomunica.com.mx\/?author=1"}]}},"jetpack_publicize_connections":[],"jetpack_featured_media_url":"https:\/\/eticacomunica.com.mx\/wp-content\/uploads\/2026\/04\/IMG-20260427-WA0112.jpg","jetpack_sharing_enabled":true,"_links":{"self":[{"href":"https:\/\/eticacomunica.com.mx\/index.php?rest_route=\/wp\/v2\/posts\/32396","targetHints":{"allow":["GET"]}}],"collection":[{"href":"https:\/\/eticacomunica.com.mx\/index.php?rest_route=\/wp\/v2\/posts"}],"about":[{"href":"https:\/\/eticacomunica.com.mx\/index.php?rest_route=\/wp\/v2\/types\/post"}],"author":[{"embeddable":true,"href":"https:\/\/eticacomunica.com.mx\/index.php?rest_route=\/wp\/v2\/users\/1"}],"replies":[{"embeddable":true,"href":"https:\/\/eticacomunica.com.mx\/index.php?rest_route=%2Fwp%2Fv2%2Fcomments&post=32396"}],"version-history":[{"count":0,"href":"https:\/\/eticacomunica.com.mx\/index.php?rest_route=\/wp\/v2\/posts\/32396\/revisions"}],"wp:featuredmedia":[{"embeddable":true,"href":"https:\/\/eticacomunica.com.mx\/index.php?rest_route=\/wp\/v2\/media\/32395"}],"wp:attachment":[{"href":"https:\/\/eticacomunica.com.mx\/index.php?rest_route=%2Fwp%2Fv2%2Fmedia&parent=32396"}],"wp:term":[{"taxonomy":"category","embeddable":true,"href":"https:\/\/eticacomunica.com.mx\/index.php?rest_route=%2Fwp%2Fv2%2Fcategories&post=32396"},{"taxonomy":"post_tag","embeddable":true,"href":"https:\/\/eticacomunica.com.mx\/index.php?rest_route=%2Fwp%2Fv2%2Ftags&post=32396"}],"curies":[{"name":"wp","href":"https:\/\/api.w.org\/{rel}","templated":true}]}}