{"id":32400,"date":"2026-04-28T11:13:48","date_gmt":"2026-04-28T18:13:48","guid":{"rendered":"https:\/\/eticacomunica.com.mx\/?p=32400"},"modified":"2026-04-28T11:13:48","modified_gmt":"2026-04-28T18:13:48","slug":"mazatlan-fortalece-su-conectividad-aerea-con-canada-estrella-palacios","status":"publish","type":"post","link":"https:\/\/eticacomunica.com.mx\/?p=32400","title":{"rendered":"Mazatl\u00e1n fortalece su conectividad a\u00e9rea con Canad\u00e1: Estrella Palacios"},"content":{"rendered":"\n<p>La Presidenta Municipal anuncia mayor enlace internacional para impulsar el turismo y la inversi\u00f3n.<br><br>Mazatl\u00e1n, Sinaloa, 28 de abril de 2026.\u2013 La Presidenta Municipal, Estrella Palacios Dom\u00ednguez, inform\u00f3 sobre la llegada de una nueva aerol\u00ednea proveniente de Canad\u00e1, as\u00ed como el incremento en las conexiones a\u00e9reas entre Mazatl\u00e1n y ese pa\u00eds norteamericano, fortaleciendo el posicionamiento del destino a nivel internacional.<br><br>En entrevista con medios de comunicaci\u00f3n, la alcaldesa dio a conocer que durante una reuni\u00f3n celebrada este lunes con el Embajador de Canad\u00e1 en M\u00e9xico, Cameron MacKay, se destac\u00f3 que, a partir de diciembre del presente a\u00f1o, se contar\u00e1 con una nueva ruta a\u00e9rea de Air Canada desde Vancouver. Asimismo, el vuelo procedente de Calgary permanecer\u00e1 activo durante todo el a\u00f1o 2026, fortaleciendo la conectividad del puerto.<br><br>Estrella Palacios indic\u00f3 que Mazatl\u00e1n tendr\u00e1 ocho conexiones a\u00e9reas directas desde Canad\u00e1 para la temporada invernal 2026-2027, operadas principalmente por Air Canada y WestJet. Estas rutas enlazar\u00e1n al destino con las ciudades de Vancouver, Calgary, Edmonton, Kelowna, Regina, Winnipeg, Toronto y Montreal, ampliando significativamente la llegada de turismo internacional.<br><br>\u201cSomos el destino preferido para el turismo y la inversi\u00f3n en este pa\u00eds aliado y amigo, y seguiremos trabajando para fortalecer los lazos con Canad\u00e1. (El Embajador) nos comenta lo importante que tenemos nosotros a diferencia de otros destinos tur\u00edsticos, que es la cultura, que es el Centro Hist\u00f3rico que tenemos, que es tambi\u00e9n la amabilidad de las personas de aqu\u00ed de Mazatl\u00e1n. Entonces, fue una charla muy amena y muy productiva, as\u00ed que seguiremos estrechando lazos con este pa\u00eds vecino\u201d, dijo.<\/p>\n","protected":false},"excerpt":{"rendered":"<p>La Presidenta Municipal anuncia mayor enlace internacional para impulsar el turismo y la inversi\u00f3n. Mazatl\u00e1n, Sinaloa, 28 de abril de 2026.\u2013 La Presidenta Municipal, Estrella Palacios Dom\u00ednguez, inform\u00f3 sobre la&hellip;<\/p>\n","protected":false},"author":1,"featured_media":32399,"comment_status":"open","ping_status":"open","sticky":false,"template":"","format":"standard","meta":{"_jetpack_memberships_contains_paid_content":false,"footnotes":"","jetpack_publicize_message":"","jetpack_publicize_feature_enabled":true,"jetpack_social_post_already_shared":true,"jetpack_social_options":{"image_generator_settings":{"template":"highway","default_image_id":0,"font":"","enabled":false},"version":2}},"categories":[26],"tags":[289],"class_list":["post-32400","post","type-post","status-publish","format-standard","has-post-thumbnail","hentry","category-portada","tag-estrella-palacios"],"yoast_head":"<!-- This site is optimized with the Yoast SEO plugin v27.2 - https:\/\/yoast.com\/product\/yoast-seo-wordpress\/ -->\n<title>Mazatl\u00e1n fortalece su conectividad a\u00e9rea con Canad\u00e1: Estrella Palacios - \u00c9tica Comunica<\/title>\n<meta name=\"robots\" content=\"index, follow, max-snippet:-1, max-image-preview:large, max-video-preview:-1\" \/>\n<link rel=\"canonical\" href=\"https:\/\/eticacomunica.com.mx\/?p=32400\" \/>\n<meta property=\"og:locale\" content=\"es_MX\" \/>\n<meta property=\"og:type\" content=\"article\" \/>\n<meta property=\"og:title\" content=\"Mazatl\u00e1n fortalece su conectividad a\u00e9rea con Canad\u00e1: Estrella Palacios - \u00c9tica Comunica\" \/>\n<meta property=\"og:description\" content=\"La Presidenta Municipal anuncia mayor enlace internacional para impulsar el turismo y la inversi\u00f3n. Mazatl\u00e1n, Sinaloa, 28 de abril de 2026.\u2013 La Presidenta Municipal, Estrella Palacios Dom\u00ednguez, inform\u00f3 sobre la&hellip;\" \/>\n<meta property=\"og:url\" content=\"https:\/\/eticacomunica.com.mx\/?p=32400\" \/>\n<meta property=\"og:site_name\" content=\"\u00c9tica Comunica\" \/>\n<meta property=\"article:publisher\" content=\"https:\/\/www.facebook.com\/eticacomunica\" \/>\n<meta property=\"article:published_time\" content=\"2026-04-28T18:13:48+00:00\" \/>\n<meta name=\"author\" content=\"etica\" \/>\n<meta name=\"twitter:card\" content=\"summary_large_image\" \/>\n<meta name=\"twitter:label1\" content=\"Escrito por\" \/>\n\t<meta name=\"twitter:data1\" content=\"etica\" \/>\n\t<meta name=\"twitter:label2\" content=\"Tiempo de lectura\" \/>\n\t<meta name=\"twitter:data2\" content=\"1 minuto\" \/>\n<script type=\"application\/ld+json\" class=\"yoast-schema-graph\">{\"@context\":\"https:\/\/schema.org\",\"@graph\":[{\"@type\":\"Article\",\"@id\":\"https:\/\/eticacomunica.com.mx\/?p=32400#article\",\"isPartOf\":{\"@id\":\"https:\/\/eticacomunica.com.mx\/?p=32400\"},\"author\":{\"name\":\"etica\",\"@id\":\"https:\/\/eticacomunica.com.mx\/#\/schema\/person\/2cacc47bd17fe8ad92f08c0313d22fa6\"},\"headline\":\"Mazatl\u00e1n fortalece su conectividad a\u00e9rea con Canad\u00e1: Estrella Palacios\",\"datePublished\":\"2026-04-28T18:13:48+00:00\",\"mainEntityOfPage\":{\"@id\":\"https:\/\/eticacomunica.com.mx\/?p=32400\"},\"wordCount\":289,\"commentCount\":0,\"publisher\":{\"@id\":\"https:\/\/eticacomunica.com.mx\/#organization\"},\"image\":{\"@id\":\"https:\/\/eticacomunica.com.mx\/?p=32400#primaryimage\"},\"thumbnailUrl\":\"https:\/\/eticacomunica.com.mx\/wp-content\/uploads\/2026\/04\/IMG-20260428-WA0012.jpg\",\"keywords\":[\"Estrella Palacios\"],\"articleSection\":[\"Portada\"],\"inLanguage\":\"es\",\"potentialAction\":[{\"@type\":\"CommentAction\",\"name\":\"Comment\",\"target\":[\"https:\/\/eticacomunica.com.mx\/?p=32400#respond\"]}]},{\"@type\":\"WebPage\",\"@id\":\"https:\/\/eticacomunica.com.mx\/?p=32400\",\"url\":\"https:\/\/eticacomunica.com.mx\/?p=32400\",\"name\":\"Mazatl\u00e1n fortalece su conectividad a\u00e9rea con Canad\u00e1: Estrella Palacios - \u00c9tica Comunica\",\"isPartOf\":{\"@id\":\"https:\/\/eticacomunica.com.mx\/#website\"},\"primaryImageOfPage\":{\"@id\":\"https:\/\/eticacomunica.com.mx\/?p=32400#primaryimage\"},\"image\":{\"@id\":\"https:\/\/eticacomunica.com.mx\/?p=32400#primaryimage\"},\"thumbnailUrl\":\"https:\/\/eticacomunica.com.mx\/wp-content\/uploads\/2026\/04\/IMG-20260428-WA0012.jpg\",\"datePublished\":\"2026-04-28T18:13:48+00:00\",\"breadcrumb\":{\"@id\":\"https:\/\/eticacomunica.com.mx\/?p=32400#breadcrumb\"},\"inLanguage\":\"es\",\"potentialAction\":[{\"@type\":\"ReadAction\",\"target\":[\"https:\/\/eticacomunica.com.mx\/?p=32400\"]}]},{\"@type\":\"ImageObject\",\"inLanguage\":\"es\",\"@id\":\"https:\/\/eticacomunica.com.mx\/?p=32400#primaryimage\",\"url\":\"https:\/\/eticacomunica.com.mx\/wp-content\/uploads\/2026\/04\/IMG-20260428-WA0012.jpg\",\"contentUrl\":\"https:\/\/eticacomunica.com.mx\/wp-content\/uploads\/2026\/04\/IMG-20260428-WA0012.jpg\",\"width\":1280,\"height\":854},{\"@type\":\"BreadcrumbList\",\"@id\":\"https:\/\/eticacomunica.com.mx\/?p=32400#breadcrumb\",\"itemListElement\":[{\"@type\":\"ListItem\",\"position\":1,\"name\":\"Inicio\",\"item\":\"https:\/\/eticacomunica.com.mx\/\"},{\"@type\":\"ListItem\",\"position\":2,\"name\":\"Mazatl\u00e1n fortalece su conectividad a\u00e9rea con Canad\u00e1: Estrella Palacios\"}]},{\"@type\":\"WebSite\",\"@id\":\"https:\/\/eticacomunica.com.mx\/#website\",\"url\":\"https:\/\/eticacomunica.com.mx\/\",\"name\":\"\u00c9tica Comunica\",\"description\":\"Diario Digital\",\"publisher\":{\"@id\":\"https:\/\/eticacomunica.com.mx\/#organization\"},\"potentialAction\":[{\"@type\":\"SearchAction\",\"target\":{\"@type\":\"EntryPoint\",\"urlTemplate\":\"https:\/\/eticacomunica.com.mx\/?s={search_term_string}\"},\"query-input\":{\"@type\":\"PropertyValueSpecification\",\"valueRequired\":true,\"valueName\":\"search_term_string\"}}],\"inLanguage\":\"es\"},{\"@type\":\"Organization\",\"@id\":\"https:\/\/eticacomunica.com.mx\/#organization\",\"name\":\"Diarios Digitales de Sinaloa\",\"url\":\"https:\/\/eticacomunica.com.mx\/\",\"logo\":{\"@type\":\"ImageObject\",\"inLanguage\":\"es\",\"@id\":\"https:\/\/eticacomunica.com.mx\/#\/schema\/logo\/image\/\",\"url\":\"https:\/\/eticacomunica.com.mx\/wp-content\/uploads\/2023\/10\/etica-logo.png\",\"contentUrl\":\"https:\/\/eticacomunica.com.mx\/wp-content\/uploads\/2023\/10\/etica-logo.png\",\"width\":1280,\"height\":432,\"caption\":\"Diarios Digitales de Sinaloa\"},\"image\":{\"@id\":\"https:\/\/eticacomunica.com.mx\/#\/schema\/logo\/image\/\"},\"sameAs\":[\"https:\/\/www.facebook.com\/eticacomunica\"]},{\"@type\":\"Person\",\"@id\":\"https:\/\/eticacomunica.com.mx\/#\/schema\/person\/2cacc47bd17fe8ad92f08c0313d22fa6\",\"name\":\"etica\",\"image\":{\"@type\":\"ImageObject\",\"inLanguage\":\"es\",\"@id\":\"https:\/\/secure.gravatar.com\/avatar\/dfb45d32bc7097f8f06d6e4f6e6b387e7cb8fd5b3a2869265c40587ab62cab1e?s=96&d=mm&r=g\",\"url\":\"https:\/\/secure.gravatar.com\/avatar\/dfb45d32bc7097f8f06d6e4f6e6b387e7cb8fd5b3a2869265c40587ab62cab1e?s=96&d=mm&r=g\",\"contentUrl\":\"https:\/\/secure.gravatar.com\/avatar\/dfb45d32bc7097f8f06d6e4f6e6b387e7cb8fd5b3a2869265c40587ab62cab1e?s=96&d=mm&r=g\",\"caption\":\"etica\"},\"sameAs\":[\"https:\/\/eticacomunica.com.mx\"],\"url\":\"https:\/\/eticacomunica.com.mx\/?author=1\"}]}<\/script>\n<!-- \/ Yoast SEO plugin. -->","yoast_head_json":{"title":"Mazatl\u00e1n fortalece su conectividad a\u00e9rea con Canad\u00e1: Estrella Palacios - \u00c9tica Comunica","robots":{"index":"index","follow":"follow","max-snippet":"max-snippet:-1","max-image-preview":"max-image-preview:large","max-video-preview":"max-video-preview:-1"},"canonical":"https:\/\/eticacomunica.com.mx\/?p=32400","og_locale":"es_MX","og_type":"article","og_title":"Mazatl\u00e1n fortalece su conectividad a\u00e9rea con Canad\u00e1: Estrella Palacios - \u00c9tica Comunica","og_description":"La Presidenta Municipal anuncia mayor enlace internacional para impulsar el turismo y la inversi\u00f3n. Mazatl\u00e1n, Sinaloa, 28 de abril de 2026.\u2013 La Presidenta Municipal, Estrella Palacios Dom\u00ednguez, inform\u00f3 sobre la&hellip;","og_url":"https:\/\/eticacomunica.com.mx\/?p=32400","og_site_name":"\u00c9tica Comunica","article_publisher":"https:\/\/www.facebook.com\/eticacomunica","article_published_time":"2026-04-28T18:13:48+00:00","author":"etica","twitter_card":"summary_large_image","twitter_misc":{"Escrito por":"etica","Tiempo de lectura":"1 minuto"},"schema":{"@context":"https:\/\/schema.org","@graph":[{"@type":"Article","@id":"https:\/\/eticacomunica.com.mx\/?p=32400#article","isPartOf":{"@id":"https:\/\/eticacomunica.com.mx\/?p=32400"},"author":{"name":"etica","@id":"https:\/\/eticacomunica.com.mx\/#\/schema\/person\/2cacc47bd17fe8ad92f08c0313d22fa6"},"headline":"Mazatl\u00e1n fortalece su conectividad a\u00e9rea con Canad\u00e1: Estrella Palacios","datePublished":"2026-04-28T18:13:48+00:00","mainEntityOfPage":{"@id":"https:\/\/eticacomunica.com.mx\/?p=32400"},"wordCount":289,"commentCount":0,"publisher":{"@id":"https:\/\/eticacomunica.com.mx\/#organization"},"image":{"@id":"https:\/\/eticacomunica.com.mx\/?p=32400#primaryimage"},"thumbnailUrl":"https:\/\/eticacomunica.com.mx\/wp-content\/uploads\/2026\/04\/IMG-20260428-WA0012.jpg","keywords":["Estrella Palacios"],"articleSection":["Portada"],"inLanguage":"es","potentialAction":[{"@type":"CommentAction","name":"Comment","target":["https:\/\/eticacomunica.com.mx\/?p=32400#respond"]}]},{"@type":"WebPage","@id":"https:\/\/eticacomunica.com.mx\/?p=32400","url":"https:\/\/eticacomunica.com.mx\/?p=32400","name":"Mazatl\u00e1n fortalece su conectividad a\u00e9rea con Canad\u00e1: Estrella Palacios - \u00c9tica Comunica","isPartOf":{"@id":"https:\/\/eticacomunica.com.mx\/#website"},"primaryImageOfPage":{"@id":"https:\/\/eticacomunica.com.mx\/?p=32400#primaryimage"},"image":{"@id":"https:\/\/eticacomunica.com.mx\/?p=32400#primaryimage"},"thumbnailUrl":"https:\/\/eticacomunica.com.mx\/wp-content\/uploads\/2026\/04\/IMG-20260428-WA0012.jpg","datePublished":"2026-04-28T18:13:48+00:00","breadcrumb":{"@id":"https:\/\/eticacomunica.com.mx\/?p=32400#breadcrumb"},"inLanguage":"es","potentialAction":[{"@type":"ReadAction","target":["https:\/\/eticacomunica.com.mx\/?p=32400"]}]},{"@type":"ImageObject","inLanguage":"es","@id":"https:\/\/eticacomunica.com.mx\/?p=32400#primaryimage","url":"https:\/\/eticacomunica.com.mx\/wp-content\/uploads\/2026\/04\/IMG-20260428-WA0012.jpg","contentUrl":"https:\/\/eticacomunica.com.mx\/wp-content\/uploads\/2026\/04\/IMG-20260428-WA0012.jpg","width":1280,"height":854},{"@type":"BreadcrumbList","@id":"https:\/\/eticacomunica.com.mx\/?p=32400#breadcrumb","itemListElement":[{"@type":"ListItem","position":1,"name":"Inicio","item":"https:\/\/eticacomunica.com.mx\/"},{"@type":"ListItem","position":2,"name":"Mazatl\u00e1n fortalece su conectividad a\u00e9rea con Canad\u00e1: Estrella Palacios"}]},{"@type":"WebSite","@id":"https:\/\/eticacomunica.com.mx\/#website","url":"https:\/\/eticacomunica.com.mx\/","name":"\u00c9tica Comunica","description":"Diario Digital","publisher":{"@id":"https:\/\/eticacomunica.com.mx\/#organization"},"potentialAction":[{"@type":"SearchAction","target":{"@type":"EntryPoint","urlTemplate":"https:\/\/eticacomunica.com.mx\/?s={search_term_string}"},"query-input":{"@type":"PropertyValueSpecification","valueRequired":true,"valueName":"search_term_string"}}],"inLanguage":"es"},{"@type":"Organization","@id":"https:\/\/eticacomunica.com.mx\/#organization","name":"Diarios Digitales de Sinaloa","url":"https:\/\/eticacomunica.com.mx\/","logo":{"@type":"ImageObject","inLanguage":"es","@id":"https:\/\/eticacomunica.com.mx\/#\/schema\/logo\/image\/","url":"https:\/\/eticacomunica.com.mx\/wp-content\/uploads\/2023\/10\/etica-logo.png","contentUrl":"https:\/\/eticacomunica.com.mx\/wp-content\/uploads\/2023\/10\/etica-logo.png","width":1280,"height":432,"caption":"Diarios Digitales de Sinaloa"},"image":{"@id":"https:\/\/eticacomunica.com.mx\/#\/schema\/logo\/image\/"},"sameAs":["https:\/\/www.facebook.com\/eticacomunica"]},{"@type":"Person","@id":"https:\/\/eticacomunica.com.mx\/#\/schema\/person\/2cacc47bd17fe8ad92f08c0313d22fa6","name":"etica","image":{"@type":"ImageObject","inLanguage":"es","@id":"https:\/\/secure.gravatar.com\/avatar\/dfb45d32bc7097f8f06d6e4f6e6b387e7cb8fd5b3a2869265c40587ab62cab1e?s=96&d=mm&r=g","url":"https:\/\/secure.gravatar.com\/avatar\/dfb45d32bc7097f8f06d6e4f6e6b387e7cb8fd5b3a2869265c40587ab62cab1e?s=96&d=mm&r=g","contentUrl":"https:\/\/secure.gravatar.com\/avatar\/dfb45d32bc7097f8f06d6e4f6e6b387e7cb8fd5b3a2869265c40587ab62cab1e?s=96&d=mm&r=g","caption":"etica"},"sameAs":["https:\/\/eticacomunica.com.mx"],"url":"https:\/\/eticacomunica.com.mx\/?author=1"}]}},"jetpack_publicize_connections":[],"jetpack_featured_media_url":"https:\/\/eticacomunica.com.mx\/wp-content\/uploads\/2026\/04\/IMG-20260428-WA0012.jpg","jetpack_sharing_enabled":true,"_links":{"self":[{"href":"https:\/\/eticacomunica.com.mx\/index.php?rest_route=\/wp\/v2\/posts\/32400","targetHints":{"allow":["GET"]}}],"collection":[{"href":"https:\/\/eticacomunica.com.mx\/index.php?rest_route=\/wp\/v2\/posts"}],"about":[{"href":"https:\/\/eticacomunica.com.mx\/index.php?rest_route=\/wp\/v2\/types\/post"}],"author":[{"embeddable":true,"href":"https:\/\/eticacomunica.com.mx\/index.php?rest_route=\/wp\/v2\/users\/1"}],"replies":[{"embeddable":true,"href":"https:\/\/eticacomunica.com.mx\/index.php?rest_route=%2Fwp%2Fv2%2Fcomments&post=32400"}],"version-history":[{"count":0,"href":"https:\/\/eticacomunica.com.mx\/index.php?rest_route=\/wp\/v2\/posts\/32400\/revisions"}],"wp:featuredmedia":[{"embeddable":true,"href":"https:\/\/eticacomunica.com.mx\/index.php?rest_route=\/wp\/v2\/media\/32399"}],"wp:attachment":[{"href":"https:\/\/eticacomunica.com.mx\/index.php?rest_route=%2Fwp%2Fv2%2Fmedia&parent=32400"}],"wp:term":[{"taxonomy":"category","embeddable":true,"href":"https:\/\/eticacomunica.com.mx\/index.php?rest_route=%2Fwp%2Fv2%2Fcategories&post=32400"},{"taxonomy":"post_tag","embeddable":true,"href":"https:\/\/eticacomunica.com.mx\/index.php?rest_route=%2Fwp%2Fv2%2Ftags&post=32400"}],"curies":[{"name":"wp","href":"https:\/\/api.w.org\/{rel}","templated":true}]}}