{"id":32406,"date":"2026-04-29T08:55:20","date_gmt":"2026-04-29T15:55:20","guid":{"rendered":"https:\/\/eticacomunica.com.mx\/?p=32406"},"modified":"2026-04-29T08:55:20","modified_gmt":"2026-04-29T15:55:20","slug":"drones-de-la-tradicion-a-la-innovacion-suman-esfuerzos-la-academia-y-la-iniciativa-privada-para-tecnificar-el-campo-sinaloense-y-optimizar-cultivos","status":"publish","type":"post","link":"https:\/\/eticacomunica.com.mx\/?p=32406","title":{"rendered":"\u00a1Drones, de la tradici\u00f3n a la innovaci\u00f3n! Suman esfuerzos la academia y la iniciativa privada para tecnificar el campo sinaloense y optimizar cultivos"},"content":{"rendered":"\n<p>Como parte de las innovaciones tecnol\u00f3gicas implementadas en el campo agr\u00edcola, destaca la utilizaci\u00f3n de drones para la fumigaci\u00f3n de cultivos. En este contexto, la Universidad Aut\u00f3noma de Sinaloa (UAS), el Comit\u00e9 Estatal de Sanidad Vegetal del Estado de Sinaloa (CESAVESIN) y la empresa desarrolladora de drones DJI, realizaron el Primer Congreso Sobre el Uso de Drones en la Agricultura.<br><br>Durante el evento, del cual la Casa Rosalina fue sede, se cont\u00f3 con la presencia del gerente comercial del noroeste de DJI, Rodolfo Corona Caltenco, quien se\u00f1al\u00f3 la relevancia de este encuentro en una entidad bendecida por la naturaleza y con extensos campos agr\u00edcolas que ya emplean esta tecnolog\u00eda.<br><br>\u201cHemos creado una sinergia muy importante entre el gobierno, a trav\u00e9s de CESAVESIN; la academia, mediante la UAS; y la iniciativa privada, con DJI. Se ha establecido un lazo colaborativo para formar a los futuros profesionales del campo sinaloense con las nuevas tecnolog\u00edas y desarrollos que beneficiar\u00e1n la producci\u00f3n agr\u00edcola\u201d, refiri\u00f3.<br><br>En ese sentido, Corona Caltenco felicit\u00f3 a la m\u00e1xima casa de estudios sinaloense por su labor formativa, as\u00ed como al CESAVESIN por ser pionero en la implementaci\u00f3n tecnol\u00f3gica. Asimismo, destac\u00f3 la importancia de concientizar a las generaciones actuales sobre estas herramientas, ya que muchos productores a\u00fan desconocen el tema o consideran que los drones son equipos costosos y dif\u00edciles de operar, cuando en realidad es todo lo contrario.<\/p>\n","protected":false},"excerpt":{"rendered":"<p>Como parte de las innovaciones tecnol\u00f3gicas implementadas en el campo agr\u00edcola, destaca la utilizaci\u00f3n de drones para la fumigaci\u00f3n de cultivos. En este contexto, la Universidad Aut\u00f3noma de Sinaloa (UAS),&hellip;<\/p>\n","protected":false},"author":1,"featured_media":32405,"comment_status":"open","ping_status":"open","sticky":false,"template":"","format":"standard","meta":{"_jetpack_memberships_contains_paid_content":false,"footnotes":"","jetpack_publicize_message":"","jetpack_publicize_feature_enabled":true,"jetpack_social_post_already_shared":true,"jetpack_social_options":{"image_generator_settings":{"template":"highway","default_image_id":0,"font":"","enabled":false},"version":2}},"categories":[40],"tags":[34],"class_list":["post-32406","post","type-post","status-publish","format-standard","has-post-thumbnail","hentry","category-educacion","tag-gobierno-del-estado-de-sinaloa"],"yoast_head":"<!-- This site is optimized with the Yoast SEO plugin v27.2 - https:\/\/yoast.com\/product\/yoast-seo-wordpress\/ -->\n<title>\u00a1Drones, de la tradici\u00f3n a la innovaci\u00f3n! Suman esfuerzos la academia y la iniciativa privada para tecnificar el campo sinaloense y optimizar cultivos - \u00c9tica Comunica<\/title>\n<meta name=\"robots\" content=\"index, follow, max-snippet:-1, max-image-preview:large, max-video-preview:-1\" \/>\n<link rel=\"canonical\" href=\"https:\/\/eticacomunica.com.mx\/?p=32406\" \/>\n<meta property=\"og:locale\" content=\"es_MX\" \/>\n<meta property=\"og:type\" content=\"article\" \/>\n<meta property=\"og:title\" content=\"\u00a1Drones, de la tradici\u00f3n a la innovaci\u00f3n! Suman esfuerzos la academia y la iniciativa privada para tecnificar el campo sinaloense y optimizar cultivos - \u00c9tica Comunica\" \/>\n<meta property=\"og:description\" content=\"Como parte de las innovaciones tecnol\u00f3gicas implementadas en el campo agr\u00edcola, destaca la utilizaci\u00f3n de drones para la fumigaci\u00f3n de cultivos. En este contexto, la Universidad Aut\u00f3noma de Sinaloa (UAS),&hellip;\" \/>\n<meta property=\"og:url\" content=\"https:\/\/eticacomunica.com.mx\/?p=32406\" \/>\n<meta property=\"og:site_name\" content=\"\u00c9tica Comunica\" \/>\n<meta property=\"article:publisher\" content=\"https:\/\/www.facebook.com\/eticacomunica\" \/>\n<meta property=\"article:published_time\" content=\"2026-04-29T15:55:20+00:00\" \/>\n<meta name=\"author\" content=\"etica\" \/>\n<meta name=\"twitter:card\" content=\"summary_large_image\" \/>\n<meta name=\"twitter:label1\" content=\"Escrito por\" \/>\n\t<meta name=\"twitter:data1\" content=\"etica\" \/>\n\t<meta name=\"twitter:label2\" content=\"Tiempo de lectura\" \/>\n\t<meta name=\"twitter:data2\" content=\"1 minuto\" \/>\n<script type=\"application\/ld+json\" class=\"yoast-schema-graph\">{\"@context\":\"https:\/\/schema.org\",\"@graph\":[{\"@type\":\"Article\",\"@id\":\"https:\/\/eticacomunica.com.mx\/?p=32406#article\",\"isPartOf\":{\"@id\":\"https:\/\/eticacomunica.com.mx\/?p=32406\"},\"author\":{\"name\":\"etica\",\"@id\":\"https:\/\/eticacomunica.com.mx\/#\/schema\/person\/2cacc47bd17fe8ad92f08c0313d22fa6\"},\"headline\":\"\u00a1Drones, de la tradici\u00f3n a la innovaci\u00f3n! Suman esfuerzos la academia y la iniciativa privada para tecnificar el campo sinaloense y optimizar cultivos\",\"datePublished\":\"2026-04-29T15:55:20+00:00\",\"mainEntityOfPage\":{\"@id\":\"https:\/\/eticacomunica.com.mx\/?p=32406\"},\"wordCount\":271,\"commentCount\":0,\"publisher\":{\"@id\":\"https:\/\/eticacomunica.com.mx\/#organization\"},\"image\":{\"@id\":\"https:\/\/eticacomunica.com.mx\/?p=32406#primaryimage\"},\"thumbnailUrl\":\"https:\/\/eticacomunica.com.mx\/wp-content\/uploads\/2026\/04\/IMG-20260429-WA0014.jpg\",\"keywords\":[\"Gobierno del Estado de Sinaloa\"],\"articleSection\":[\"Educaci\u00f3n\"],\"inLanguage\":\"es\",\"potentialAction\":[{\"@type\":\"CommentAction\",\"name\":\"Comment\",\"target\":[\"https:\/\/eticacomunica.com.mx\/?p=32406#respond\"]}]},{\"@type\":\"WebPage\",\"@id\":\"https:\/\/eticacomunica.com.mx\/?p=32406\",\"url\":\"https:\/\/eticacomunica.com.mx\/?p=32406\",\"name\":\"\u00a1Drones, de la tradici\u00f3n a la innovaci\u00f3n! Suman esfuerzos la academia y la iniciativa privada para tecnificar el campo sinaloense y optimizar cultivos - \u00c9tica Comunica\",\"isPartOf\":{\"@id\":\"https:\/\/eticacomunica.com.mx\/#website\"},\"primaryImageOfPage\":{\"@id\":\"https:\/\/eticacomunica.com.mx\/?p=32406#primaryimage\"},\"image\":{\"@id\":\"https:\/\/eticacomunica.com.mx\/?p=32406#primaryimage\"},\"thumbnailUrl\":\"https:\/\/eticacomunica.com.mx\/wp-content\/uploads\/2026\/04\/IMG-20260429-WA0014.jpg\",\"datePublished\":\"2026-04-29T15:55:20+00:00\",\"breadcrumb\":{\"@id\":\"https:\/\/eticacomunica.com.mx\/?p=32406#breadcrumb\"},\"inLanguage\":\"es\",\"potentialAction\":[{\"@type\":\"ReadAction\",\"target\":[\"https:\/\/eticacomunica.com.mx\/?p=32406\"]}]},{\"@type\":\"ImageObject\",\"inLanguage\":\"es\",\"@id\":\"https:\/\/eticacomunica.com.mx\/?p=32406#primaryimage\",\"url\":\"https:\/\/eticacomunica.com.mx\/wp-content\/uploads\/2026\/04\/IMG-20260429-WA0014.jpg\",\"contentUrl\":\"https:\/\/eticacomunica.com.mx\/wp-content\/uploads\/2026\/04\/IMG-20260429-WA0014.jpg\",\"width\":1600,\"height\":1066},{\"@type\":\"BreadcrumbList\",\"@id\":\"https:\/\/eticacomunica.com.mx\/?p=32406#breadcrumb\",\"itemListElement\":[{\"@type\":\"ListItem\",\"position\":1,\"name\":\"Inicio\",\"item\":\"https:\/\/eticacomunica.com.mx\/\"},{\"@type\":\"ListItem\",\"position\":2,\"name\":\"\u00a1Drones, de la tradici\u00f3n a la innovaci\u00f3n! Suman esfuerzos la academia y la iniciativa privada para tecnificar el campo sinaloense y optimizar cultivos\"}]},{\"@type\":\"WebSite\",\"@id\":\"https:\/\/eticacomunica.com.mx\/#website\",\"url\":\"https:\/\/eticacomunica.com.mx\/\",\"name\":\"\u00c9tica Comunica\",\"description\":\"Diario Digital\",\"publisher\":{\"@id\":\"https:\/\/eticacomunica.com.mx\/#organization\"},\"potentialAction\":[{\"@type\":\"SearchAction\",\"target\":{\"@type\":\"EntryPoint\",\"urlTemplate\":\"https:\/\/eticacomunica.com.mx\/?s={search_term_string}\"},\"query-input\":{\"@type\":\"PropertyValueSpecification\",\"valueRequired\":true,\"valueName\":\"search_term_string\"}}],\"inLanguage\":\"es\"},{\"@type\":\"Organization\",\"@id\":\"https:\/\/eticacomunica.com.mx\/#organization\",\"name\":\"Diarios Digitales de Sinaloa\",\"url\":\"https:\/\/eticacomunica.com.mx\/\",\"logo\":{\"@type\":\"ImageObject\",\"inLanguage\":\"es\",\"@id\":\"https:\/\/eticacomunica.com.mx\/#\/schema\/logo\/image\/\",\"url\":\"https:\/\/eticacomunica.com.mx\/wp-content\/uploads\/2023\/10\/etica-logo.png\",\"contentUrl\":\"https:\/\/eticacomunica.com.mx\/wp-content\/uploads\/2023\/10\/etica-logo.png\",\"width\":1280,\"height\":432,\"caption\":\"Diarios Digitales de Sinaloa\"},\"image\":{\"@id\":\"https:\/\/eticacomunica.com.mx\/#\/schema\/logo\/image\/\"},\"sameAs\":[\"https:\/\/www.facebook.com\/eticacomunica\"]},{\"@type\":\"Person\",\"@id\":\"https:\/\/eticacomunica.com.mx\/#\/schema\/person\/2cacc47bd17fe8ad92f08c0313d22fa6\",\"name\":\"etica\",\"image\":{\"@type\":\"ImageObject\",\"inLanguage\":\"es\",\"@id\":\"https:\/\/secure.gravatar.com\/avatar\/dfb45d32bc7097f8f06d6e4f6e6b387e7cb8fd5b3a2869265c40587ab62cab1e?s=96&d=mm&r=g\",\"url\":\"https:\/\/secure.gravatar.com\/avatar\/dfb45d32bc7097f8f06d6e4f6e6b387e7cb8fd5b3a2869265c40587ab62cab1e?s=96&d=mm&r=g\",\"contentUrl\":\"https:\/\/secure.gravatar.com\/avatar\/dfb45d32bc7097f8f06d6e4f6e6b387e7cb8fd5b3a2869265c40587ab62cab1e?s=96&d=mm&r=g\",\"caption\":\"etica\"},\"sameAs\":[\"https:\/\/eticacomunica.com.mx\"],\"url\":\"https:\/\/eticacomunica.com.mx\/?author=1\"}]}<\/script>\n<!-- \/ Yoast SEO plugin. -->","yoast_head_json":{"title":"\u00a1Drones, de la tradici\u00f3n a la innovaci\u00f3n! Suman esfuerzos la academia y la iniciativa privada para tecnificar el campo sinaloense y optimizar cultivos - \u00c9tica Comunica","robots":{"index":"index","follow":"follow","max-snippet":"max-snippet:-1","max-image-preview":"max-image-preview:large","max-video-preview":"max-video-preview:-1"},"canonical":"https:\/\/eticacomunica.com.mx\/?p=32406","og_locale":"es_MX","og_type":"article","og_title":"\u00a1Drones, de la tradici\u00f3n a la innovaci\u00f3n! Suman esfuerzos la academia y la iniciativa privada para tecnificar el campo sinaloense y optimizar cultivos - \u00c9tica Comunica","og_description":"Como parte de las innovaciones tecnol\u00f3gicas implementadas en el campo agr\u00edcola, destaca la utilizaci\u00f3n de drones para la fumigaci\u00f3n de cultivos. En este contexto, la Universidad Aut\u00f3noma de Sinaloa (UAS),&hellip;","og_url":"https:\/\/eticacomunica.com.mx\/?p=32406","og_site_name":"\u00c9tica Comunica","article_publisher":"https:\/\/www.facebook.com\/eticacomunica","article_published_time":"2026-04-29T15:55:20+00:00","author":"etica","twitter_card":"summary_large_image","twitter_misc":{"Escrito por":"etica","Tiempo de lectura":"1 minuto"},"schema":{"@context":"https:\/\/schema.org","@graph":[{"@type":"Article","@id":"https:\/\/eticacomunica.com.mx\/?p=32406#article","isPartOf":{"@id":"https:\/\/eticacomunica.com.mx\/?p=32406"},"author":{"name":"etica","@id":"https:\/\/eticacomunica.com.mx\/#\/schema\/person\/2cacc47bd17fe8ad92f08c0313d22fa6"},"headline":"\u00a1Drones, de la tradici\u00f3n a la innovaci\u00f3n! Suman esfuerzos la academia y la iniciativa privada para tecnificar el campo sinaloense y optimizar cultivos","datePublished":"2026-04-29T15:55:20+00:00","mainEntityOfPage":{"@id":"https:\/\/eticacomunica.com.mx\/?p=32406"},"wordCount":271,"commentCount":0,"publisher":{"@id":"https:\/\/eticacomunica.com.mx\/#organization"},"image":{"@id":"https:\/\/eticacomunica.com.mx\/?p=32406#primaryimage"},"thumbnailUrl":"https:\/\/eticacomunica.com.mx\/wp-content\/uploads\/2026\/04\/IMG-20260429-WA0014.jpg","keywords":["Gobierno del Estado de Sinaloa"],"articleSection":["Educaci\u00f3n"],"inLanguage":"es","potentialAction":[{"@type":"CommentAction","name":"Comment","target":["https:\/\/eticacomunica.com.mx\/?p=32406#respond"]}]},{"@type":"WebPage","@id":"https:\/\/eticacomunica.com.mx\/?p=32406","url":"https:\/\/eticacomunica.com.mx\/?p=32406","name":"\u00a1Drones, de la tradici\u00f3n a la innovaci\u00f3n! Suman esfuerzos la academia y la iniciativa privada para tecnificar el campo sinaloense y optimizar cultivos - \u00c9tica Comunica","isPartOf":{"@id":"https:\/\/eticacomunica.com.mx\/#website"},"primaryImageOfPage":{"@id":"https:\/\/eticacomunica.com.mx\/?p=32406#primaryimage"},"image":{"@id":"https:\/\/eticacomunica.com.mx\/?p=32406#primaryimage"},"thumbnailUrl":"https:\/\/eticacomunica.com.mx\/wp-content\/uploads\/2026\/04\/IMG-20260429-WA0014.jpg","datePublished":"2026-04-29T15:55:20+00:00","breadcrumb":{"@id":"https:\/\/eticacomunica.com.mx\/?p=32406#breadcrumb"},"inLanguage":"es","potentialAction":[{"@type":"ReadAction","target":["https:\/\/eticacomunica.com.mx\/?p=32406"]}]},{"@type":"ImageObject","inLanguage":"es","@id":"https:\/\/eticacomunica.com.mx\/?p=32406#primaryimage","url":"https:\/\/eticacomunica.com.mx\/wp-content\/uploads\/2026\/04\/IMG-20260429-WA0014.jpg","contentUrl":"https:\/\/eticacomunica.com.mx\/wp-content\/uploads\/2026\/04\/IMG-20260429-WA0014.jpg","width":1600,"height":1066},{"@type":"BreadcrumbList","@id":"https:\/\/eticacomunica.com.mx\/?p=32406#breadcrumb","itemListElement":[{"@type":"ListItem","position":1,"name":"Inicio","item":"https:\/\/eticacomunica.com.mx\/"},{"@type":"ListItem","position":2,"name":"\u00a1Drones, de la tradici\u00f3n a la innovaci\u00f3n! Suman esfuerzos la academia y la iniciativa privada para tecnificar el campo sinaloense y optimizar cultivos"}]},{"@type":"WebSite","@id":"https:\/\/eticacomunica.com.mx\/#website","url":"https:\/\/eticacomunica.com.mx\/","name":"\u00c9tica Comunica","description":"Diario Digital","publisher":{"@id":"https:\/\/eticacomunica.com.mx\/#organization"},"potentialAction":[{"@type":"SearchAction","target":{"@type":"EntryPoint","urlTemplate":"https:\/\/eticacomunica.com.mx\/?s={search_term_string}"},"query-input":{"@type":"PropertyValueSpecification","valueRequired":true,"valueName":"search_term_string"}}],"inLanguage":"es"},{"@type":"Organization","@id":"https:\/\/eticacomunica.com.mx\/#organization","name":"Diarios Digitales de Sinaloa","url":"https:\/\/eticacomunica.com.mx\/","logo":{"@type":"ImageObject","inLanguage":"es","@id":"https:\/\/eticacomunica.com.mx\/#\/schema\/logo\/image\/","url":"https:\/\/eticacomunica.com.mx\/wp-content\/uploads\/2023\/10\/etica-logo.png","contentUrl":"https:\/\/eticacomunica.com.mx\/wp-content\/uploads\/2023\/10\/etica-logo.png","width":1280,"height":432,"caption":"Diarios Digitales de Sinaloa"},"image":{"@id":"https:\/\/eticacomunica.com.mx\/#\/schema\/logo\/image\/"},"sameAs":["https:\/\/www.facebook.com\/eticacomunica"]},{"@type":"Person","@id":"https:\/\/eticacomunica.com.mx\/#\/schema\/person\/2cacc47bd17fe8ad92f08c0313d22fa6","name":"etica","image":{"@type":"ImageObject","inLanguage":"es","@id":"https:\/\/secure.gravatar.com\/avatar\/dfb45d32bc7097f8f06d6e4f6e6b387e7cb8fd5b3a2869265c40587ab62cab1e?s=96&d=mm&r=g","url":"https:\/\/secure.gravatar.com\/avatar\/dfb45d32bc7097f8f06d6e4f6e6b387e7cb8fd5b3a2869265c40587ab62cab1e?s=96&d=mm&r=g","contentUrl":"https:\/\/secure.gravatar.com\/avatar\/dfb45d32bc7097f8f06d6e4f6e6b387e7cb8fd5b3a2869265c40587ab62cab1e?s=96&d=mm&r=g","caption":"etica"},"sameAs":["https:\/\/eticacomunica.com.mx"],"url":"https:\/\/eticacomunica.com.mx\/?author=1"}]}},"jetpack_publicize_connections":[],"jetpack_featured_media_url":"https:\/\/eticacomunica.com.mx\/wp-content\/uploads\/2026\/04\/IMG-20260429-WA0014.jpg","jetpack_sharing_enabled":true,"_links":{"self":[{"href":"https:\/\/eticacomunica.com.mx\/index.php?rest_route=\/wp\/v2\/posts\/32406","targetHints":{"allow":["GET"]}}],"collection":[{"href":"https:\/\/eticacomunica.com.mx\/index.php?rest_route=\/wp\/v2\/posts"}],"about":[{"href":"https:\/\/eticacomunica.com.mx\/index.php?rest_route=\/wp\/v2\/types\/post"}],"author":[{"embeddable":true,"href":"https:\/\/eticacomunica.com.mx\/index.php?rest_route=\/wp\/v2\/users\/1"}],"replies":[{"embeddable":true,"href":"https:\/\/eticacomunica.com.mx\/index.php?rest_route=%2Fwp%2Fv2%2Fcomments&post=32406"}],"version-history":[{"count":0,"href":"https:\/\/eticacomunica.com.mx\/index.php?rest_route=\/wp\/v2\/posts\/32406\/revisions"}],"wp:featuredmedia":[{"embeddable":true,"href":"https:\/\/eticacomunica.com.mx\/index.php?rest_route=\/wp\/v2\/media\/32405"}],"wp:attachment":[{"href":"https:\/\/eticacomunica.com.mx\/index.php?rest_route=%2Fwp%2Fv2%2Fmedia&parent=32406"}],"wp:term":[{"taxonomy":"category","embeddable":true,"href":"https:\/\/eticacomunica.com.mx\/index.php?rest_route=%2Fwp%2Fv2%2Fcategories&post=32406"},{"taxonomy":"post_tag","embeddable":true,"href":"https:\/\/eticacomunica.com.mx\/index.php?rest_route=%2Fwp%2Fv2%2Ftags&post=32406"}],"curies":[{"name":"wp","href":"https:\/\/api.w.org\/{rel}","templated":true}]}}