{"id":32408,"date":"2026-04-29T12:08:16","date_gmt":"2026-04-29T19:08:16","guid":{"rendered":"https:\/\/eticacomunica.com.mx\/?p=32408"},"modified":"2026-04-29T12:08:16","modified_gmt":"2026-04-29T19:08:16","slug":"rinden-protesta-integrantes-del-cabildo-infantil-2026-en-mazatlan","status":"publish","type":"post","link":"https:\/\/eticacomunica.com.mx\/?p=32408","title":{"rendered":"Rinden protesta integrantes del Cabildo Infantil 2026 en Mazatl\u00e1n"},"content":{"rendered":"\n<p>Divany Yissel Cuevas asumi\u00f3 como Presidenta Municipal Infantil y Dilan Espinoza P\u00e9rez como S\u00edndico Procurador Infantil.<br><br>Mazatl\u00e1n, Sinaloa, 29 de abril de 2026.\u2013 En un acto c\u00edvico realizado en la Sala de Cabildo del Ayuntamiento de Mazatl\u00e1n, este mi\u00e9rcoles se llev\u00f3 a cabo la toma de protesta de las y los integrantes del Cabildo Infantil 2026, ejercicio que promueve la participaci\u00f3n ciudadana, los valores democr\u00e1ticos y el liderazgo entre la ni\u00f1ez mazatleca.<br><br>La ceremonia fue encabezada por la presidenta municipal, Estrella Palacios Dom\u00ednguez, quien estuvo acompa\u00f1ada por las y los regidores del Cabildo de Mazatl\u00e1n, en coordinaci\u00f3n con Sistema DIF Mazatl\u00e1n, dentro del eje Cultural y Humanista de la actual administraci\u00f3n.<br><br>Durante la sesi\u00f3n solemne, Divany Yissel Cuevas rindi\u00f3 protesta como presidenta municipal infantil 2026, mientras que Dilan Espinoza P\u00e9rez asumi\u00f3 el cargo de s\u00edndico procurador infantil, acompa\u00f1ados por las ni\u00f1as y ni\u00f1os que integran el Cabildo Infantil 2026.<br><br>La presidenta municipal felicit\u00f3 a las y los participantes por su dedicaci\u00f3n, esfuerzo y compromiso con su ciudad, reconociendo adem\u00e1s el respaldo de madres, padres de familia, docentes y directivos escolares que impulsaron este importante ejercicio c\u00edvico.<br><br>Asimismo, destac\u00f3 que escuchar la voz de la ni\u00f1ez y abrir espacios de participaci\u00f3n fortalece la construcci\u00f3n de una sociedad m\u00e1s incluyente, participativa y con valores.<br><br>\u201cMe emociona especialmente que, por segundo a\u00f1o consecutivo, Mazatl\u00e1n tenga una Presidenta Municipal Infantil, como reflejo de algo que est\u00e1 cambiando en nuestra sociedad. Las ni\u00f1as y ni\u00f1os de hoy crecen en un M\u00e9xico gobernado por la doctora Claudia Sheinbaum, nuestra Presidenta de la Rep\u00fablica, cient\u00edfica, maestra, mam\u00e1, abuela y l\u00edder que les demuestra a las ni\u00f1as de todo M\u00e9xico que no hay meta que no puedan alcanzar\u201d, expres\u00f3 Palacios Dom\u00ednguez.<br><br>El Cabildo Infantil 2026 qued\u00f3 conformado por alumnas y alumnos de diversas instituciones educativas del municipio, seleccionados tras una convocatoria en la que participaron m\u00e1s de 50 escuelas primarias del puerto.<br><br>Integrantes del Cabildo Infantil 2026<br><br>Presidenta Municipal Infantil: Divany Yissel Cuevas<br><br>S\u00edndico Procurador Infantil: Dilan Espinoza P\u00e9rez<br><br>Regidoras y Regidores Infantiles:<br><br>Sof\u00eda Amairany Flores Trevizo, Primaria Miguel Hidalgo<br><br>Diego Fabi\u00e1n Devora Salazar, Primaria Ford 31 L\u00e1zaro C\u00e1rdenas<br><br>Ixchel Yolanda L\u00f3pez P\u00e9rez, Primaria Ford 31 L\u00e1zaro C\u00e1rdenas<br><br>F\u00e9lix Andr\u00e9 Su\u00e1rez Ortega, Primaria Miguel Hidalgo<br><br>Dana Atalia L\u00f3pez Avil\u00e9s, Primaria Sor Juana In\u00e9s de la Cruz<br><br>C\u00e9sar Alek Burgara Montalvo, Centro Educacional Los Tr\u00e9boles<br><br>Aleiza Junyra Fierro Bernal, Primaria Democracia<br><br>Jos\u00e9 Eduardo Trujillo Gonz\u00e1lez, Primaria Democracia<br><br>Yurl\u00e9 Vizcarra Mart\u00ednez, Primaria Jos\u00e9 Vasconcelos<br><br>Diego V\u00e1zquez Bodart, Instituto Las Lomas<br><br>Hilary Guadalupe Manjarrez Sebasti\u00e1n, Primaria Nicol\u00e1s Bravo<br><br>Mat\u00edas Javier Tirado Contreras, Primaria Ford 31 L\u00e1zaro C\u00e1rdenas<\/p>\n","protected":false},"excerpt":{"rendered":"<p>Divany Yissel Cuevas asumi\u00f3 como Presidenta Municipal Infantil y Dilan Espinoza P\u00e9rez como S\u00edndico Procurador Infantil. Mazatl\u00e1n, Sinaloa, 29 de abril de 2026.\u2013 En un acto c\u00edvico realizado en la&hellip;<\/p>\n","protected":false},"author":1,"featured_media":32407,"comment_status":"open","ping_status":"open","sticky":false,"template":"","format":"standard","meta":{"_jetpack_memberships_contains_paid_content":false,"footnotes":"","jetpack_publicize_message":"","jetpack_publicize_feature_enabled":true,"jetpack_social_post_already_shared":true,"jetpack_social_options":{"image_generator_settings":{"template":"highway","default_image_id":0,"font":"","enabled":false},"version":2}},"categories":[26],"tags":[289],"class_list":["post-32408","post","type-post","status-publish","format-standard","has-post-thumbnail","hentry","category-portada","tag-estrella-palacios"],"yoast_head":"<!-- This site is optimized with the Yoast SEO plugin v27.2 - https:\/\/yoast.com\/product\/yoast-seo-wordpress\/ -->\n<title>Rinden protesta integrantes del Cabildo Infantil 2026 en Mazatl\u00e1n - \u00c9tica Comunica<\/title>\n<meta name=\"robots\" content=\"index, follow, max-snippet:-1, max-image-preview:large, max-video-preview:-1\" \/>\n<link rel=\"canonical\" href=\"https:\/\/eticacomunica.com.mx\/?p=32408\" \/>\n<meta property=\"og:locale\" content=\"es_MX\" \/>\n<meta property=\"og:type\" content=\"article\" \/>\n<meta property=\"og:title\" content=\"Rinden protesta integrantes del Cabildo Infantil 2026 en Mazatl\u00e1n - \u00c9tica Comunica\" \/>\n<meta property=\"og:description\" content=\"Divany Yissel Cuevas asumi\u00f3 como Presidenta Municipal Infantil y Dilan Espinoza P\u00e9rez como S\u00edndico Procurador Infantil. Mazatl\u00e1n, Sinaloa, 29 de abril de 2026.\u2013 En un acto c\u00edvico realizado en la&hellip;\" \/>\n<meta property=\"og:url\" content=\"https:\/\/eticacomunica.com.mx\/?p=32408\" \/>\n<meta property=\"og:site_name\" content=\"\u00c9tica Comunica\" \/>\n<meta property=\"article:publisher\" content=\"https:\/\/www.facebook.com\/eticacomunica\" \/>\n<meta property=\"article:published_time\" content=\"2026-04-29T19:08:16+00:00\" \/>\n<meta name=\"author\" content=\"etica\" \/>\n<meta name=\"twitter:card\" content=\"summary_large_image\" \/>\n<meta name=\"twitter:label1\" content=\"Escrito por\" \/>\n\t<meta name=\"twitter:data1\" content=\"etica\" \/>\n\t<meta name=\"twitter:label2\" content=\"Tiempo de lectura\" \/>\n\t<meta name=\"twitter:data2\" content=\"2 minutos\" \/>\n<script type=\"application\/ld+json\" class=\"yoast-schema-graph\">{\"@context\":\"https:\/\/schema.org\",\"@graph\":[{\"@type\":\"Article\",\"@id\":\"https:\/\/eticacomunica.com.mx\/?p=32408#article\",\"isPartOf\":{\"@id\":\"https:\/\/eticacomunica.com.mx\/?p=32408\"},\"author\":{\"name\":\"etica\",\"@id\":\"https:\/\/eticacomunica.com.mx\/#\/schema\/person\/2cacc47bd17fe8ad92f08c0313d22fa6\"},\"headline\":\"Rinden protesta integrantes del Cabildo Infantil 2026 en Mazatl\u00e1n\",\"datePublished\":\"2026-04-29T19:08:16+00:00\",\"mainEntityOfPage\":{\"@id\":\"https:\/\/eticacomunica.com.mx\/?p=32408\"},\"wordCount\":489,\"commentCount\":0,\"publisher\":{\"@id\":\"https:\/\/eticacomunica.com.mx\/#organization\"},\"image\":{\"@id\":\"https:\/\/eticacomunica.com.mx\/?p=32408#primaryimage\"},\"thumbnailUrl\":\"https:\/\/eticacomunica.com.mx\/wp-content\/uploads\/2026\/04\/IMG-20260429-WA0056.jpg\",\"keywords\":[\"Estrella Palacios\"],\"articleSection\":[\"Portada\"],\"inLanguage\":\"es\",\"potentialAction\":[{\"@type\":\"CommentAction\",\"name\":\"Comment\",\"target\":[\"https:\/\/eticacomunica.com.mx\/?p=32408#respond\"]}]},{\"@type\":\"WebPage\",\"@id\":\"https:\/\/eticacomunica.com.mx\/?p=32408\",\"url\":\"https:\/\/eticacomunica.com.mx\/?p=32408\",\"name\":\"Rinden protesta integrantes del Cabildo Infantil 2026 en Mazatl\u00e1n - \u00c9tica Comunica\",\"isPartOf\":{\"@id\":\"https:\/\/eticacomunica.com.mx\/#website\"},\"primaryImageOfPage\":{\"@id\":\"https:\/\/eticacomunica.com.mx\/?p=32408#primaryimage\"},\"image\":{\"@id\":\"https:\/\/eticacomunica.com.mx\/?p=32408#primaryimage\"},\"thumbnailUrl\":\"https:\/\/eticacomunica.com.mx\/wp-content\/uploads\/2026\/04\/IMG-20260429-WA0056.jpg\",\"datePublished\":\"2026-04-29T19:08:16+00:00\",\"breadcrumb\":{\"@id\":\"https:\/\/eticacomunica.com.mx\/?p=32408#breadcrumb\"},\"inLanguage\":\"es\",\"potentialAction\":[{\"@type\":\"ReadAction\",\"target\":[\"https:\/\/eticacomunica.com.mx\/?p=32408\"]}]},{\"@type\":\"ImageObject\",\"inLanguage\":\"es\",\"@id\":\"https:\/\/eticacomunica.com.mx\/?p=32408#primaryimage\",\"url\":\"https:\/\/eticacomunica.com.mx\/wp-content\/uploads\/2026\/04\/IMG-20260429-WA0056.jpg\",\"contentUrl\":\"https:\/\/eticacomunica.com.mx\/wp-content\/uploads\/2026\/04\/IMG-20260429-WA0056.jpg\",\"width\":1280,\"height\":854},{\"@type\":\"BreadcrumbList\",\"@id\":\"https:\/\/eticacomunica.com.mx\/?p=32408#breadcrumb\",\"itemListElement\":[{\"@type\":\"ListItem\",\"position\":1,\"name\":\"Inicio\",\"item\":\"https:\/\/eticacomunica.com.mx\/\"},{\"@type\":\"ListItem\",\"position\":2,\"name\":\"Rinden protesta integrantes del Cabildo Infantil 2026 en Mazatl\u00e1n\"}]},{\"@type\":\"WebSite\",\"@id\":\"https:\/\/eticacomunica.com.mx\/#website\",\"url\":\"https:\/\/eticacomunica.com.mx\/\",\"name\":\"\u00c9tica Comunica\",\"description\":\"Diario Digital\",\"publisher\":{\"@id\":\"https:\/\/eticacomunica.com.mx\/#organization\"},\"potentialAction\":[{\"@type\":\"SearchAction\",\"target\":{\"@type\":\"EntryPoint\",\"urlTemplate\":\"https:\/\/eticacomunica.com.mx\/?s={search_term_string}\"},\"query-input\":{\"@type\":\"PropertyValueSpecification\",\"valueRequired\":true,\"valueName\":\"search_term_string\"}}],\"inLanguage\":\"es\"},{\"@type\":\"Organization\",\"@id\":\"https:\/\/eticacomunica.com.mx\/#organization\",\"name\":\"Diarios Digitales de Sinaloa\",\"url\":\"https:\/\/eticacomunica.com.mx\/\",\"logo\":{\"@type\":\"ImageObject\",\"inLanguage\":\"es\",\"@id\":\"https:\/\/eticacomunica.com.mx\/#\/schema\/logo\/image\/\",\"url\":\"https:\/\/eticacomunica.com.mx\/wp-content\/uploads\/2023\/10\/etica-logo.png\",\"contentUrl\":\"https:\/\/eticacomunica.com.mx\/wp-content\/uploads\/2023\/10\/etica-logo.png\",\"width\":1280,\"height\":432,\"caption\":\"Diarios Digitales de Sinaloa\"},\"image\":{\"@id\":\"https:\/\/eticacomunica.com.mx\/#\/schema\/logo\/image\/\"},\"sameAs\":[\"https:\/\/www.facebook.com\/eticacomunica\"]},{\"@type\":\"Person\",\"@id\":\"https:\/\/eticacomunica.com.mx\/#\/schema\/person\/2cacc47bd17fe8ad92f08c0313d22fa6\",\"name\":\"etica\",\"image\":{\"@type\":\"ImageObject\",\"inLanguage\":\"es\",\"@id\":\"https:\/\/secure.gravatar.com\/avatar\/dfb45d32bc7097f8f06d6e4f6e6b387e7cb8fd5b3a2869265c40587ab62cab1e?s=96&d=mm&r=g\",\"url\":\"https:\/\/secure.gravatar.com\/avatar\/dfb45d32bc7097f8f06d6e4f6e6b387e7cb8fd5b3a2869265c40587ab62cab1e?s=96&d=mm&r=g\",\"contentUrl\":\"https:\/\/secure.gravatar.com\/avatar\/dfb45d32bc7097f8f06d6e4f6e6b387e7cb8fd5b3a2869265c40587ab62cab1e?s=96&d=mm&r=g\",\"caption\":\"etica\"},\"sameAs\":[\"https:\/\/eticacomunica.com.mx\"],\"url\":\"https:\/\/eticacomunica.com.mx\/?author=1\"}]}<\/script>\n<!-- \/ Yoast SEO plugin. -->","yoast_head_json":{"title":"Rinden protesta integrantes del Cabildo Infantil 2026 en Mazatl\u00e1n - \u00c9tica Comunica","robots":{"index":"index","follow":"follow","max-snippet":"max-snippet:-1","max-image-preview":"max-image-preview:large","max-video-preview":"max-video-preview:-1"},"canonical":"https:\/\/eticacomunica.com.mx\/?p=32408","og_locale":"es_MX","og_type":"article","og_title":"Rinden protesta integrantes del Cabildo Infantil 2026 en Mazatl\u00e1n - \u00c9tica Comunica","og_description":"Divany Yissel Cuevas asumi\u00f3 como Presidenta Municipal Infantil y Dilan Espinoza P\u00e9rez como S\u00edndico Procurador Infantil. Mazatl\u00e1n, Sinaloa, 29 de abril de 2026.\u2013 En un acto c\u00edvico realizado en la&hellip;","og_url":"https:\/\/eticacomunica.com.mx\/?p=32408","og_site_name":"\u00c9tica Comunica","article_publisher":"https:\/\/www.facebook.com\/eticacomunica","article_published_time":"2026-04-29T19:08:16+00:00","author":"etica","twitter_card":"summary_large_image","twitter_misc":{"Escrito por":"etica","Tiempo de lectura":"2 minutos"},"schema":{"@context":"https:\/\/schema.org","@graph":[{"@type":"Article","@id":"https:\/\/eticacomunica.com.mx\/?p=32408#article","isPartOf":{"@id":"https:\/\/eticacomunica.com.mx\/?p=32408"},"author":{"name":"etica","@id":"https:\/\/eticacomunica.com.mx\/#\/schema\/person\/2cacc47bd17fe8ad92f08c0313d22fa6"},"headline":"Rinden protesta integrantes del Cabildo Infantil 2026 en Mazatl\u00e1n","datePublished":"2026-04-29T19:08:16+00:00","mainEntityOfPage":{"@id":"https:\/\/eticacomunica.com.mx\/?p=32408"},"wordCount":489,"commentCount":0,"publisher":{"@id":"https:\/\/eticacomunica.com.mx\/#organization"},"image":{"@id":"https:\/\/eticacomunica.com.mx\/?p=32408#primaryimage"},"thumbnailUrl":"https:\/\/eticacomunica.com.mx\/wp-content\/uploads\/2026\/04\/IMG-20260429-WA0056.jpg","keywords":["Estrella Palacios"],"articleSection":["Portada"],"inLanguage":"es","potentialAction":[{"@type":"CommentAction","name":"Comment","target":["https:\/\/eticacomunica.com.mx\/?p=32408#respond"]}]},{"@type":"WebPage","@id":"https:\/\/eticacomunica.com.mx\/?p=32408","url":"https:\/\/eticacomunica.com.mx\/?p=32408","name":"Rinden protesta integrantes del Cabildo Infantil 2026 en Mazatl\u00e1n - \u00c9tica Comunica","isPartOf":{"@id":"https:\/\/eticacomunica.com.mx\/#website"},"primaryImageOfPage":{"@id":"https:\/\/eticacomunica.com.mx\/?p=32408#primaryimage"},"image":{"@id":"https:\/\/eticacomunica.com.mx\/?p=32408#primaryimage"},"thumbnailUrl":"https:\/\/eticacomunica.com.mx\/wp-content\/uploads\/2026\/04\/IMG-20260429-WA0056.jpg","datePublished":"2026-04-29T19:08:16+00:00","breadcrumb":{"@id":"https:\/\/eticacomunica.com.mx\/?p=32408#breadcrumb"},"inLanguage":"es","potentialAction":[{"@type":"ReadAction","target":["https:\/\/eticacomunica.com.mx\/?p=32408"]}]},{"@type":"ImageObject","inLanguage":"es","@id":"https:\/\/eticacomunica.com.mx\/?p=32408#primaryimage","url":"https:\/\/eticacomunica.com.mx\/wp-content\/uploads\/2026\/04\/IMG-20260429-WA0056.jpg","contentUrl":"https:\/\/eticacomunica.com.mx\/wp-content\/uploads\/2026\/04\/IMG-20260429-WA0056.jpg","width":1280,"height":854},{"@type":"BreadcrumbList","@id":"https:\/\/eticacomunica.com.mx\/?p=32408#breadcrumb","itemListElement":[{"@type":"ListItem","position":1,"name":"Inicio","item":"https:\/\/eticacomunica.com.mx\/"},{"@type":"ListItem","position":2,"name":"Rinden protesta integrantes del Cabildo Infantil 2026 en Mazatl\u00e1n"}]},{"@type":"WebSite","@id":"https:\/\/eticacomunica.com.mx\/#website","url":"https:\/\/eticacomunica.com.mx\/","name":"\u00c9tica Comunica","description":"Diario Digital","publisher":{"@id":"https:\/\/eticacomunica.com.mx\/#organization"},"potentialAction":[{"@type":"SearchAction","target":{"@type":"EntryPoint","urlTemplate":"https:\/\/eticacomunica.com.mx\/?s={search_term_string}"},"query-input":{"@type":"PropertyValueSpecification","valueRequired":true,"valueName":"search_term_string"}}],"inLanguage":"es"},{"@type":"Organization","@id":"https:\/\/eticacomunica.com.mx\/#organization","name":"Diarios Digitales de Sinaloa","url":"https:\/\/eticacomunica.com.mx\/","logo":{"@type":"ImageObject","inLanguage":"es","@id":"https:\/\/eticacomunica.com.mx\/#\/schema\/logo\/image\/","url":"https:\/\/eticacomunica.com.mx\/wp-content\/uploads\/2023\/10\/etica-logo.png","contentUrl":"https:\/\/eticacomunica.com.mx\/wp-content\/uploads\/2023\/10\/etica-logo.png","width":1280,"height":432,"caption":"Diarios Digitales de Sinaloa"},"image":{"@id":"https:\/\/eticacomunica.com.mx\/#\/schema\/logo\/image\/"},"sameAs":["https:\/\/www.facebook.com\/eticacomunica"]},{"@type":"Person","@id":"https:\/\/eticacomunica.com.mx\/#\/schema\/person\/2cacc47bd17fe8ad92f08c0313d22fa6","name":"etica","image":{"@type":"ImageObject","inLanguage":"es","@id":"https:\/\/secure.gravatar.com\/avatar\/dfb45d32bc7097f8f06d6e4f6e6b387e7cb8fd5b3a2869265c40587ab62cab1e?s=96&d=mm&r=g","url":"https:\/\/secure.gravatar.com\/avatar\/dfb45d32bc7097f8f06d6e4f6e6b387e7cb8fd5b3a2869265c40587ab62cab1e?s=96&d=mm&r=g","contentUrl":"https:\/\/secure.gravatar.com\/avatar\/dfb45d32bc7097f8f06d6e4f6e6b387e7cb8fd5b3a2869265c40587ab62cab1e?s=96&d=mm&r=g","caption":"etica"},"sameAs":["https:\/\/eticacomunica.com.mx"],"url":"https:\/\/eticacomunica.com.mx\/?author=1"}]}},"jetpack_publicize_connections":[],"jetpack_featured_media_url":"https:\/\/eticacomunica.com.mx\/wp-content\/uploads\/2026\/04\/IMG-20260429-WA0056.jpg","jetpack_sharing_enabled":true,"_links":{"self":[{"href":"https:\/\/eticacomunica.com.mx\/index.php?rest_route=\/wp\/v2\/posts\/32408","targetHints":{"allow":["GET"]}}],"collection":[{"href":"https:\/\/eticacomunica.com.mx\/index.php?rest_route=\/wp\/v2\/posts"}],"about":[{"href":"https:\/\/eticacomunica.com.mx\/index.php?rest_route=\/wp\/v2\/types\/post"}],"author":[{"embeddable":true,"href":"https:\/\/eticacomunica.com.mx\/index.php?rest_route=\/wp\/v2\/users\/1"}],"replies":[{"embeddable":true,"href":"https:\/\/eticacomunica.com.mx\/index.php?rest_route=%2Fwp%2Fv2%2Fcomments&post=32408"}],"version-history":[{"count":0,"href":"https:\/\/eticacomunica.com.mx\/index.php?rest_route=\/wp\/v2\/posts\/32408\/revisions"}],"wp:featuredmedia":[{"embeddable":true,"href":"https:\/\/eticacomunica.com.mx\/index.php?rest_route=\/wp\/v2\/media\/32407"}],"wp:attachment":[{"href":"https:\/\/eticacomunica.com.mx\/index.php?rest_route=%2Fwp%2Fv2%2Fmedia&parent=32408"}],"wp:term":[{"taxonomy":"category","embeddable":true,"href":"https:\/\/eticacomunica.com.mx\/index.php?rest_route=%2Fwp%2Fv2%2Fcategories&post=32408"},{"taxonomy":"post_tag","embeddable":true,"href":"https:\/\/eticacomunica.com.mx\/index.php?rest_route=%2Fwp%2Fv2%2Ftags&post=32408"}],"curies":[{"name":"wp","href":"https:\/\/api.w.org\/{rel}","templated":true}]}}