{"id":32414,"date":"2026-04-29T16:01:44","date_gmt":"2026-04-29T23:01:44","guid":{"rendered":"https:\/\/eticacomunica.com.mx\/?p=32414"},"modified":"2026-04-29T16:01:44","modified_gmt":"2026-04-29T23:01:44","slug":"mas-de-1200-jovenes-han-sido-capacitados-y-apoyados-en-empleo-y-autoempleo-por-el-gobierno-del-estado-de-sinaloa-en-lo-que-va-del-ano","status":"publish","type":"post","link":"https:\/\/eticacomunica.com.mx\/?p=32414","title":{"rendered":"M\u00e1s de 1,200 j\u00f3venes han sido capacitados y apoyados en empleo y autoempleo por el Gobierno del Estado de Sinaloa en lo que va del a\u00f1o"},"content":{"rendered":"\n<p>Ferias de empleo y programas de autoempleo fortalecen el desarrollo econ\u00f3mico de las juventudes en todo el estado<br><br>Culiac\u00e1n, Sinaloa, mi\u00e9rcoles 29 de abril de 2026. \u2013* El Gobierno del Estado de Sinaloa, a trav\u00e9s de la Secretar\u00eda de Bienestar y Desarrollo Sustentable y el Instituto Sinaloense de la Juventud (ISJU), contin\u00faa consolidando acciones que abren oportunidades reales para las juventudes.<br><br>En lo que va del a\u00f1o, m\u00e1s de 1,200 j\u00f3venes han sido beneficiados en distintos municipios del estado mediante ferias de empleo y capacitaci\u00f3n en oficios, como \u201cAprende y Empl\u00e9ate\u201d, iniciativa que impulsa el desarrollo de habilidades para el emprendimiento juvenil mediante cursos al momento como: automaquillaje, peinado, aplicaci\u00f3n de u\u00f1as e incluso idiomas.<br><br>Estas estrategias se han implementado en municipios como Culiac\u00e1n, Mazatl\u00e1n, Guasave, Salvador Alvarado, Eldorado, Concordia y Juan Jos\u00e9 R\u00edos, con la proyecci\u00f3n de seguir ampliando su alcance en todo Sinaloa.<br><br>Como parte de estas acciones, actualmente se encuentra abierta la convocatoria al curso de u\u00f1as \u201cAprende y Empl\u00e9ate\u201d en el municipio de Cosal\u00e1. La capacitaci\u00f3n se llevar\u00e1 a cabo en la Biblioteca Digital los d\u00edas 11, 12, 13, 14 y 15 de mayo, en un horario de 3:30 p.m. a 5:30 p.m.<br><br>Si buscas capacitarte, emprender o integrarte al mundo laboral, esta es tu oportunidad. Inscr\u00edbete, solicita informaci\u00f3n a trav\u00e9s de las redes sociales @ISJUMX y mantente al pendiente de las pr\u00f3ximas ferias de empleo y cursos en tu municipio.<\/p>\n","protected":false},"excerpt":{"rendered":"<p>Ferias de empleo y programas de autoempleo fortalecen el desarrollo econ\u00f3mico de las juventudes en todo el estado Culiac\u00e1n, Sinaloa, mi\u00e9rcoles 29 de abril de 2026. \u2013* El Gobierno del&hellip;<\/p>\n","protected":false},"author":1,"featured_media":32413,"comment_status":"open","ping_status":"open","sticky":false,"template":"","format":"standard","meta":{"_jetpack_memberships_contains_paid_content":false,"footnotes":"","jetpack_publicize_message":"","jetpack_publicize_feature_enabled":true,"jetpack_social_post_already_shared":true,"jetpack_social_options":{"image_generator_settings":{"template":"highway","default_image_id":0,"font":"","enabled":false},"version":2}},"categories":[24],"tags":[34],"class_list":["post-32414","post","type-post","status-publish","format-standard","has-post-thumbnail","hentry","category-estados","tag-gobierno-del-estado-de-sinaloa"],"yoast_head":"<!-- This site is optimized with the Yoast SEO plugin v27.2 - https:\/\/yoast.com\/product\/yoast-seo-wordpress\/ -->\n<title>M\u00e1s de 1,200 j\u00f3venes han sido capacitados y apoyados en empleo y autoempleo por el Gobierno del Estado de Sinaloa en lo que va del a\u00f1o - \u00c9tica Comunica<\/title>\n<meta name=\"robots\" content=\"index, follow, max-snippet:-1, max-image-preview:large, max-video-preview:-1\" \/>\n<link rel=\"canonical\" href=\"https:\/\/eticacomunica.com.mx\/?p=32414\" \/>\n<meta property=\"og:locale\" content=\"es_MX\" \/>\n<meta property=\"og:type\" content=\"article\" \/>\n<meta property=\"og:title\" content=\"M\u00e1s de 1,200 j\u00f3venes han sido capacitados y apoyados en empleo y autoempleo por el Gobierno del Estado de Sinaloa en lo que va del a\u00f1o - \u00c9tica Comunica\" \/>\n<meta property=\"og:description\" content=\"Ferias de empleo y programas de autoempleo fortalecen el desarrollo econ\u00f3mico de las juventudes en todo el estado Culiac\u00e1n, Sinaloa, mi\u00e9rcoles 29 de abril de 2026. \u2013* El Gobierno del&hellip;\" \/>\n<meta property=\"og:url\" content=\"https:\/\/eticacomunica.com.mx\/?p=32414\" \/>\n<meta property=\"og:site_name\" content=\"\u00c9tica Comunica\" \/>\n<meta property=\"article:publisher\" content=\"https:\/\/www.facebook.com\/eticacomunica\" \/>\n<meta property=\"article:published_time\" content=\"2026-04-29T23:01:44+00:00\" \/>\n<meta name=\"author\" content=\"etica\" \/>\n<meta name=\"twitter:card\" content=\"summary_large_image\" \/>\n<meta name=\"twitter:label1\" content=\"Escrito por\" \/>\n\t<meta name=\"twitter:data1\" content=\"etica\" \/>\n\t<meta name=\"twitter:label2\" content=\"Tiempo de lectura\" \/>\n\t<meta name=\"twitter:data2\" content=\"1 minuto\" \/>\n<script type=\"application\/ld+json\" class=\"yoast-schema-graph\">{\"@context\":\"https:\/\/schema.org\",\"@graph\":[{\"@type\":\"Article\",\"@id\":\"https:\/\/eticacomunica.com.mx\/?p=32414#article\",\"isPartOf\":{\"@id\":\"https:\/\/eticacomunica.com.mx\/?p=32414\"},\"author\":{\"name\":\"etica\",\"@id\":\"https:\/\/eticacomunica.com.mx\/#\/schema\/person\/2cacc47bd17fe8ad92f08c0313d22fa6\"},\"headline\":\"M\u00e1s de 1,200 j\u00f3venes han sido capacitados y apoyados en empleo y autoempleo por el Gobierno del Estado de Sinaloa en lo que va del a\u00f1o\",\"datePublished\":\"2026-04-29T23:01:44+00:00\",\"mainEntityOfPage\":{\"@id\":\"https:\/\/eticacomunica.com.mx\/?p=32414\"},\"wordCount\":279,\"commentCount\":0,\"publisher\":{\"@id\":\"https:\/\/eticacomunica.com.mx\/#organization\"},\"image\":{\"@id\":\"https:\/\/eticacomunica.com.mx\/?p=32414#primaryimage\"},\"thumbnailUrl\":\"https:\/\/eticacomunica.com.mx\/wp-content\/uploads\/2026\/04\/IMG-20260429-WA0099.jpg\",\"keywords\":[\"Gobierno del Estado de Sinaloa\"],\"articleSection\":[\"Estados\"],\"inLanguage\":\"es\",\"potentialAction\":[{\"@type\":\"CommentAction\",\"name\":\"Comment\",\"target\":[\"https:\/\/eticacomunica.com.mx\/?p=32414#respond\"]}]},{\"@type\":\"WebPage\",\"@id\":\"https:\/\/eticacomunica.com.mx\/?p=32414\",\"url\":\"https:\/\/eticacomunica.com.mx\/?p=32414\",\"name\":\"M\u00e1s de 1,200 j\u00f3venes han sido capacitados y apoyados en empleo y autoempleo por el Gobierno del Estado de Sinaloa en lo que va del a\u00f1o - \u00c9tica Comunica\",\"isPartOf\":{\"@id\":\"https:\/\/eticacomunica.com.mx\/#website\"},\"primaryImageOfPage\":{\"@id\":\"https:\/\/eticacomunica.com.mx\/?p=32414#primaryimage\"},\"image\":{\"@id\":\"https:\/\/eticacomunica.com.mx\/?p=32414#primaryimage\"},\"thumbnailUrl\":\"https:\/\/eticacomunica.com.mx\/wp-content\/uploads\/2026\/04\/IMG-20260429-WA0099.jpg\",\"datePublished\":\"2026-04-29T23:01:44+00:00\",\"breadcrumb\":{\"@id\":\"https:\/\/eticacomunica.com.mx\/?p=32414#breadcrumb\"},\"inLanguage\":\"es\",\"potentialAction\":[{\"@type\":\"ReadAction\",\"target\":[\"https:\/\/eticacomunica.com.mx\/?p=32414\"]}]},{\"@type\":\"ImageObject\",\"inLanguage\":\"es\",\"@id\":\"https:\/\/eticacomunica.com.mx\/?p=32414#primaryimage\",\"url\":\"https:\/\/eticacomunica.com.mx\/wp-content\/uploads\/2026\/04\/IMG-20260429-WA0099.jpg\",\"contentUrl\":\"https:\/\/eticacomunica.com.mx\/wp-content\/uploads\/2026\/04\/IMG-20260429-WA0099.jpg\",\"width\":1600,\"height\":1066},{\"@type\":\"BreadcrumbList\",\"@id\":\"https:\/\/eticacomunica.com.mx\/?p=32414#breadcrumb\",\"itemListElement\":[{\"@type\":\"ListItem\",\"position\":1,\"name\":\"Inicio\",\"item\":\"https:\/\/eticacomunica.com.mx\/\"},{\"@type\":\"ListItem\",\"position\":2,\"name\":\"M\u00e1s de 1,200 j\u00f3venes han sido capacitados y apoyados en empleo y autoempleo por el Gobierno del Estado de Sinaloa en lo que va del a\u00f1o\"}]},{\"@type\":\"WebSite\",\"@id\":\"https:\/\/eticacomunica.com.mx\/#website\",\"url\":\"https:\/\/eticacomunica.com.mx\/\",\"name\":\"\u00c9tica Comunica\",\"description\":\"Diario Digital\",\"publisher\":{\"@id\":\"https:\/\/eticacomunica.com.mx\/#organization\"},\"potentialAction\":[{\"@type\":\"SearchAction\",\"target\":{\"@type\":\"EntryPoint\",\"urlTemplate\":\"https:\/\/eticacomunica.com.mx\/?s={search_term_string}\"},\"query-input\":{\"@type\":\"PropertyValueSpecification\",\"valueRequired\":true,\"valueName\":\"search_term_string\"}}],\"inLanguage\":\"es\"},{\"@type\":\"Organization\",\"@id\":\"https:\/\/eticacomunica.com.mx\/#organization\",\"name\":\"Diarios Digitales de Sinaloa\",\"url\":\"https:\/\/eticacomunica.com.mx\/\",\"logo\":{\"@type\":\"ImageObject\",\"inLanguage\":\"es\",\"@id\":\"https:\/\/eticacomunica.com.mx\/#\/schema\/logo\/image\/\",\"url\":\"https:\/\/eticacomunica.com.mx\/wp-content\/uploads\/2023\/10\/etica-logo.png\",\"contentUrl\":\"https:\/\/eticacomunica.com.mx\/wp-content\/uploads\/2023\/10\/etica-logo.png\",\"width\":1280,\"height\":432,\"caption\":\"Diarios Digitales de Sinaloa\"},\"image\":{\"@id\":\"https:\/\/eticacomunica.com.mx\/#\/schema\/logo\/image\/\"},\"sameAs\":[\"https:\/\/www.facebook.com\/eticacomunica\"]},{\"@type\":\"Person\",\"@id\":\"https:\/\/eticacomunica.com.mx\/#\/schema\/person\/2cacc47bd17fe8ad92f08c0313d22fa6\",\"name\":\"etica\",\"image\":{\"@type\":\"ImageObject\",\"inLanguage\":\"es\",\"@id\":\"https:\/\/secure.gravatar.com\/avatar\/dfb45d32bc7097f8f06d6e4f6e6b387e7cb8fd5b3a2869265c40587ab62cab1e?s=96&d=mm&r=g\",\"url\":\"https:\/\/secure.gravatar.com\/avatar\/dfb45d32bc7097f8f06d6e4f6e6b387e7cb8fd5b3a2869265c40587ab62cab1e?s=96&d=mm&r=g\",\"contentUrl\":\"https:\/\/secure.gravatar.com\/avatar\/dfb45d32bc7097f8f06d6e4f6e6b387e7cb8fd5b3a2869265c40587ab62cab1e?s=96&d=mm&r=g\",\"caption\":\"etica\"},\"sameAs\":[\"https:\/\/eticacomunica.com.mx\"],\"url\":\"https:\/\/eticacomunica.com.mx\/?author=1\"}]}<\/script>\n<!-- \/ Yoast SEO plugin. -->","yoast_head_json":{"title":"M\u00e1s de 1,200 j\u00f3venes han sido capacitados y apoyados en empleo y autoempleo por el Gobierno del Estado de Sinaloa en lo que va del a\u00f1o - \u00c9tica Comunica","robots":{"index":"index","follow":"follow","max-snippet":"max-snippet:-1","max-image-preview":"max-image-preview:large","max-video-preview":"max-video-preview:-1"},"canonical":"https:\/\/eticacomunica.com.mx\/?p=32414","og_locale":"es_MX","og_type":"article","og_title":"M\u00e1s de 1,200 j\u00f3venes han sido capacitados y apoyados en empleo y autoempleo por el Gobierno del Estado de Sinaloa en lo que va del a\u00f1o - \u00c9tica Comunica","og_description":"Ferias de empleo y programas de autoempleo fortalecen el desarrollo econ\u00f3mico de las juventudes en todo el estado Culiac\u00e1n, Sinaloa, mi\u00e9rcoles 29 de abril de 2026. \u2013* El Gobierno del&hellip;","og_url":"https:\/\/eticacomunica.com.mx\/?p=32414","og_site_name":"\u00c9tica Comunica","article_publisher":"https:\/\/www.facebook.com\/eticacomunica","article_published_time":"2026-04-29T23:01:44+00:00","author":"etica","twitter_card":"summary_large_image","twitter_misc":{"Escrito por":"etica","Tiempo de lectura":"1 minuto"},"schema":{"@context":"https:\/\/schema.org","@graph":[{"@type":"Article","@id":"https:\/\/eticacomunica.com.mx\/?p=32414#article","isPartOf":{"@id":"https:\/\/eticacomunica.com.mx\/?p=32414"},"author":{"name":"etica","@id":"https:\/\/eticacomunica.com.mx\/#\/schema\/person\/2cacc47bd17fe8ad92f08c0313d22fa6"},"headline":"M\u00e1s de 1,200 j\u00f3venes han sido capacitados y apoyados en empleo y autoempleo por el Gobierno del Estado de Sinaloa en lo que va del a\u00f1o","datePublished":"2026-04-29T23:01:44+00:00","mainEntityOfPage":{"@id":"https:\/\/eticacomunica.com.mx\/?p=32414"},"wordCount":279,"commentCount":0,"publisher":{"@id":"https:\/\/eticacomunica.com.mx\/#organization"},"image":{"@id":"https:\/\/eticacomunica.com.mx\/?p=32414#primaryimage"},"thumbnailUrl":"https:\/\/eticacomunica.com.mx\/wp-content\/uploads\/2026\/04\/IMG-20260429-WA0099.jpg","keywords":["Gobierno del Estado de Sinaloa"],"articleSection":["Estados"],"inLanguage":"es","potentialAction":[{"@type":"CommentAction","name":"Comment","target":["https:\/\/eticacomunica.com.mx\/?p=32414#respond"]}]},{"@type":"WebPage","@id":"https:\/\/eticacomunica.com.mx\/?p=32414","url":"https:\/\/eticacomunica.com.mx\/?p=32414","name":"M\u00e1s de 1,200 j\u00f3venes han sido capacitados y apoyados en empleo y autoempleo por el Gobierno del Estado de Sinaloa en lo que va del a\u00f1o - \u00c9tica Comunica","isPartOf":{"@id":"https:\/\/eticacomunica.com.mx\/#website"},"primaryImageOfPage":{"@id":"https:\/\/eticacomunica.com.mx\/?p=32414#primaryimage"},"image":{"@id":"https:\/\/eticacomunica.com.mx\/?p=32414#primaryimage"},"thumbnailUrl":"https:\/\/eticacomunica.com.mx\/wp-content\/uploads\/2026\/04\/IMG-20260429-WA0099.jpg","datePublished":"2026-04-29T23:01:44+00:00","breadcrumb":{"@id":"https:\/\/eticacomunica.com.mx\/?p=32414#breadcrumb"},"inLanguage":"es","potentialAction":[{"@type":"ReadAction","target":["https:\/\/eticacomunica.com.mx\/?p=32414"]}]},{"@type":"ImageObject","inLanguage":"es","@id":"https:\/\/eticacomunica.com.mx\/?p=32414#primaryimage","url":"https:\/\/eticacomunica.com.mx\/wp-content\/uploads\/2026\/04\/IMG-20260429-WA0099.jpg","contentUrl":"https:\/\/eticacomunica.com.mx\/wp-content\/uploads\/2026\/04\/IMG-20260429-WA0099.jpg","width":1600,"height":1066},{"@type":"BreadcrumbList","@id":"https:\/\/eticacomunica.com.mx\/?p=32414#breadcrumb","itemListElement":[{"@type":"ListItem","position":1,"name":"Inicio","item":"https:\/\/eticacomunica.com.mx\/"},{"@type":"ListItem","position":2,"name":"M\u00e1s de 1,200 j\u00f3venes han sido capacitados y apoyados en empleo y autoempleo por el Gobierno del Estado de Sinaloa en lo que va del a\u00f1o"}]},{"@type":"WebSite","@id":"https:\/\/eticacomunica.com.mx\/#website","url":"https:\/\/eticacomunica.com.mx\/","name":"\u00c9tica Comunica","description":"Diario Digital","publisher":{"@id":"https:\/\/eticacomunica.com.mx\/#organization"},"potentialAction":[{"@type":"SearchAction","target":{"@type":"EntryPoint","urlTemplate":"https:\/\/eticacomunica.com.mx\/?s={search_term_string}"},"query-input":{"@type":"PropertyValueSpecification","valueRequired":true,"valueName":"search_term_string"}}],"inLanguage":"es"},{"@type":"Organization","@id":"https:\/\/eticacomunica.com.mx\/#organization","name":"Diarios Digitales de Sinaloa","url":"https:\/\/eticacomunica.com.mx\/","logo":{"@type":"ImageObject","inLanguage":"es","@id":"https:\/\/eticacomunica.com.mx\/#\/schema\/logo\/image\/","url":"https:\/\/eticacomunica.com.mx\/wp-content\/uploads\/2023\/10\/etica-logo.png","contentUrl":"https:\/\/eticacomunica.com.mx\/wp-content\/uploads\/2023\/10\/etica-logo.png","width":1280,"height":432,"caption":"Diarios Digitales de Sinaloa"},"image":{"@id":"https:\/\/eticacomunica.com.mx\/#\/schema\/logo\/image\/"},"sameAs":["https:\/\/www.facebook.com\/eticacomunica"]},{"@type":"Person","@id":"https:\/\/eticacomunica.com.mx\/#\/schema\/person\/2cacc47bd17fe8ad92f08c0313d22fa6","name":"etica","image":{"@type":"ImageObject","inLanguage":"es","@id":"https:\/\/secure.gravatar.com\/avatar\/dfb45d32bc7097f8f06d6e4f6e6b387e7cb8fd5b3a2869265c40587ab62cab1e?s=96&d=mm&r=g","url":"https:\/\/secure.gravatar.com\/avatar\/dfb45d32bc7097f8f06d6e4f6e6b387e7cb8fd5b3a2869265c40587ab62cab1e?s=96&d=mm&r=g","contentUrl":"https:\/\/secure.gravatar.com\/avatar\/dfb45d32bc7097f8f06d6e4f6e6b387e7cb8fd5b3a2869265c40587ab62cab1e?s=96&d=mm&r=g","caption":"etica"},"sameAs":["https:\/\/eticacomunica.com.mx"],"url":"https:\/\/eticacomunica.com.mx\/?author=1"}]}},"jetpack_publicize_connections":[],"jetpack_featured_media_url":"https:\/\/eticacomunica.com.mx\/wp-content\/uploads\/2026\/04\/IMG-20260429-WA0099.jpg","jetpack_sharing_enabled":true,"_links":{"self":[{"href":"https:\/\/eticacomunica.com.mx\/index.php?rest_route=\/wp\/v2\/posts\/32414","targetHints":{"allow":["GET"]}}],"collection":[{"href":"https:\/\/eticacomunica.com.mx\/index.php?rest_route=\/wp\/v2\/posts"}],"about":[{"href":"https:\/\/eticacomunica.com.mx\/index.php?rest_route=\/wp\/v2\/types\/post"}],"author":[{"embeddable":true,"href":"https:\/\/eticacomunica.com.mx\/index.php?rest_route=\/wp\/v2\/users\/1"}],"replies":[{"embeddable":true,"href":"https:\/\/eticacomunica.com.mx\/index.php?rest_route=%2Fwp%2Fv2%2Fcomments&post=32414"}],"version-history":[{"count":0,"href":"https:\/\/eticacomunica.com.mx\/index.php?rest_route=\/wp\/v2\/posts\/32414\/revisions"}],"wp:featuredmedia":[{"embeddable":true,"href":"https:\/\/eticacomunica.com.mx\/index.php?rest_route=\/wp\/v2\/media\/32413"}],"wp:attachment":[{"href":"https:\/\/eticacomunica.com.mx\/index.php?rest_route=%2Fwp%2Fv2%2Fmedia&parent=32414"}],"wp:term":[{"taxonomy":"category","embeddable":true,"href":"https:\/\/eticacomunica.com.mx\/index.php?rest_route=%2Fwp%2Fv2%2Fcategories&post=32414"},{"taxonomy":"post_tag","embeddable":true,"href":"https:\/\/eticacomunica.com.mx\/index.php?rest_route=%2Fwp%2Fv2%2Ftags&post=32414"}],"curies":[{"name":"wp","href":"https:\/\/api.w.org\/{rel}","templated":true}]}}