{"id":32416,"date":"2026-04-29T16:39:27","date_gmt":"2026-04-29T23:39:27","guid":{"rendered":"https:\/\/eticacomunica.com.mx\/?p=32416"},"modified":"2026-04-29T16:39:27","modified_gmt":"2026-04-29T23:39:27","slug":"vivira-mazatlan-la-fiesta-del-mundial","status":"publish","type":"post","link":"https:\/\/eticacomunica.com.mx\/?p=32416","title":{"rendered":"Vivir\u00e1 \u201cMazatl\u00e1n, la fiesta del Mundial&#8221;"},"content":{"rendered":"\n<p>En el marco del Mundial de Futbol 2026, el 13 de junio se realizar\u00e1 en el puerto un concierto con el grupo Gente de Zona.<br><br>Acapulco, Guerrero, 29 de abril de 2026.- En el marco del Mundial de Futbol 2026, del que M\u00e9xico es sede, el 13 de junio se realizar\u00e1 en el puerto de Mazatl\u00e1n un concierto con el grupo Gente de Zona.<br><br>Mireya Sosa Osuna, secretaria de Turismo de Sinaloa, dio a conocer en el Tianguis Tur\u00edstico de Acapulco que el evento \u201cMazatl\u00e1n, la fiesta del Mundial\u201d se llevar\u00e1 a cabo en el Parque Ciudades Hermanas a partir de las 4:00 de la tarde.<br><br>\u201cSinaloa se consolida como un destino preparado, competitivo y en constante evoluci\u00f3n, con la infraestructura, la conectividad, la experiencia y, sobre todo, la calidez humana necesaria para ser protagonista de los grandes eventos internacionales. Estamos listos para ser parte del esp\u00edritu mundialista, para sumarnos a esta fiesta global que une culturas, que rompe fronteras y que convierte a cada destino en un punto de encuentro para el mundo\u201d, afirm\u00f3.<br><br>Sosa Osuna, quien estuvo acompa\u00f1ada por Al\u00ed Zamudio, secretario de Desarrollo Econ\u00f3mico del municipio de Mazatl\u00e1n, resalt\u00f3 que se trata de una experiencia que conectar\u00e1 al mundo con la energ\u00eda, la alegr\u00eda y la hospitalidad sinaloense.<br><br>\u201cDesde el coraz\u00f3n del Pac\u00edfico mexicano, Mazatl\u00e1n, la Perla del Pac\u00edfico, se prepara para convertirse en un gran escenario internacional con la realizaci\u00f3n de \u2018Mazatl\u00e1n, la fiesta del Mundial\u2019 que marcar\u00e1 un antes y un despu\u00e9s en nuestra oferta tur\u00edstica. Un espacio donde la pasi\u00f3n se vive en comunidad, donde las emociones no tienen idioma, y donde cada visitante se convierte en parte de una gran celebraci\u00f3n\u201d, destac\u00f3.<br><br>Este evento incluir\u00e1 m\u00fasica, cultura, gastronom\u00eda, activaciones, experiencias inmersivas y una agenda que convertir\u00e1 a Mazatl\u00e1n en punto de encuentro para visitantes nacionales e internacionales.<br><br>\u201cSer\u00e1 un espacio para convivir, para celebrar y para proyectar lo mejor de Sinaloa ante los ojos del mundo; porque hoy, el turismo tambi\u00e9n se construye a partir de emociones compartidas, de experiencias memorables y de eventos que generan comunidad. Y en Sinaloa lo tenemos claro: queremos que quienes nos visiten no solo vengan, sino que quieran regresar\u201d, asegur\u00f3.<br><br>El evento representa una gran oportunidad para seguir diversificando la oferta tur\u00edstica del puerto, atraer nuevos segmentos de mercado y fortalecer su presencia en el escenario global.<br><br>\u201cSobre todo, representa una oportunidad para nuestra gente, para nuestros emprendedores, para nuestros j\u00f3venes, para todos aquellos que hacen del turismo una herramienta de bienestar y prosperidad compartida. Agradezco a nuestro gobernador, el Dr. Rub\u00e9n Rocha Moya quien siempre nos pide impulsar este evento y seguir fortaleciendo el turismo en todo el estado. Hoy, desde este Tianguis Tur\u00edstico, hacemos una invitaci\u00f3n abierta al mundo: Vengan a Mazatl\u00e1n, a vivir la pasi\u00f3n, a ser parte de esta gran fiesta, porque en Mazatl\u00e1n no solo se disfrutan los eventos, se viven\u201d, puntualiz\u00f3.<\/p>\n","protected":false},"excerpt":{"rendered":"<p>En el marco del Mundial de Futbol 2026, el 13 de junio se realizar\u00e1 en el puerto un concierto con el grupo Gente de Zona. Acapulco, Guerrero, 29 de abril&hellip;<\/p>\n","protected":false},"author":1,"featured_media":32415,"comment_status":"open","ping_status":"open","sticky":false,"template":"","format":"standard","meta":{"_jetpack_memberships_contains_paid_content":false,"footnotes":"","jetpack_publicize_message":"","jetpack_publicize_feature_enabled":true,"jetpack_social_post_already_shared":true,"jetpack_social_options":{"image_generator_settings":{"template":"highway","default_image_id":0,"font":"","enabled":false},"version":2}},"categories":[24],"tags":[34],"class_list":["post-32416","post","type-post","status-publish","format-standard","has-post-thumbnail","hentry","category-estados","tag-gobierno-del-estado-de-sinaloa"],"yoast_head":"<!-- This site is optimized with the Yoast SEO plugin v27.2 - https:\/\/yoast.com\/product\/yoast-seo-wordpress\/ -->\n<title>Vivir\u00e1 \u201cMazatl\u00e1n, la fiesta del Mundial&quot; - \u00c9tica Comunica<\/title>\n<meta name=\"robots\" content=\"index, follow, max-snippet:-1, max-image-preview:large, max-video-preview:-1\" \/>\n<link rel=\"canonical\" href=\"https:\/\/eticacomunica.com.mx\/?p=32416\" \/>\n<meta property=\"og:locale\" content=\"es_MX\" \/>\n<meta property=\"og:type\" content=\"article\" \/>\n<meta property=\"og:title\" content=\"Vivir\u00e1 \u201cMazatl\u00e1n, la fiesta del Mundial&quot; - \u00c9tica Comunica\" \/>\n<meta property=\"og:description\" content=\"En el marco del Mundial de Futbol 2026, el 13 de junio se realizar\u00e1 en el puerto un concierto con el grupo Gente de Zona. Acapulco, Guerrero, 29 de abril&hellip;\" \/>\n<meta property=\"og:url\" content=\"https:\/\/eticacomunica.com.mx\/?p=32416\" \/>\n<meta property=\"og:site_name\" content=\"\u00c9tica Comunica\" \/>\n<meta property=\"article:publisher\" content=\"https:\/\/www.facebook.com\/eticacomunica\" \/>\n<meta property=\"article:published_time\" content=\"2026-04-29T23:39:27+00:00\" \/>\n<meta name=\"author\" content=\"etica\" \/>\n<meta name=\"twitter:card\" content=\"summary_large_image\" \/>\n<meta name=\"twitter:label1\" content=\"Escrito por\" \/>\n\t<meta name=\"twitter:data1\" content=\"etica\" \/>\n\t<meta name=\"twitter:label2\" content=\"Tiempo de lectura\" \/>\n\t<meta name=\"twitter:data2\" content=\"3 minutos\" \/>\n<script type=\"application\/ld+json\" class=\"yoast-schema-graph\">{\"@context\":\"https:\/\/schema.org\",\"@graph\":[{\"@type\":\"Article\",\"@id\":\"https:\/\/eticacomunica.com.mx\/?p=32416#article\",\"isPartOf\":{\"@id\":\"https:\/\/eticacomunica.com.mx\/?p=32416\"},\"author\":{\"name\":\"etica\",\"@id\":\"https:\/\/eticacomunica.com.mx\/#\/schema\/person\/2cacc47bd17fe8ad92f08c0313d22fa6\"},\"headline\":\"Vivir\u00e1 \u201cMazatl\u00e1n, la fiesta del Mundial&#8221;\",\"datePublished\":\"2026-04-29T23:39:27+00:00\",\"mainEntityOfPage\":{\"@id\":\"https:\/\/eticacomunica.com.mx\/?p=32416\"},\"wordCount\":514,\"commentCount\":0,\"publisher\":{\"@id\":\"https:\/\/eticacomunica.com.mx\/#organization\"},\"image\":{\"@id\":\"https:\/\/eticacomunica.com.mx\/?p=32416#primaryimage\"},\"thumbnailUrl\":\"https:\/\/eticacomunica.com.mx\/wp-content\/uploads\/2026\/04\/IMG-20260429-WA0058.jpg\",\"keywords\":[\"Gobierno del Estado de Sinaloa\"],\"articleSection\":[\"Estados\"],\"inLanguage\":\"es\",\"potentialAction\":[{\"@type\":\"CommentAction\",\"name\":\"Comment\",\"target\":[\"https:\/\/eticacomunica.com.mx\/?p=32416#respond\"]}]},{\"@type\":\"WebPage\",\"@id\":\"https:\/\/eticacomunica.com.mx\/?p=32416\",\"url\":\"https:\/\/eticacomunica.com.mx\/?p=32416\",\"name\":\"Vivir\u00e1 \u201cMazatl\u00e1n, la fiesta del Mundial\\\" - \u00c9tica Comunica\",\"isPartOf\":{\"@id\":\"https:\/\/eticacomunica.com.mx\/#website\"},\"primaryImageOfPage\":{\"@id\":\"https:\/\/eticacomunica.com.mx\/?p=32416#primaryimage\"},\"image\":{\"@id\":\"https:\/\/eticacomunica.com.mx\/?p=32416#primaryimage\"},\"thumbnailUrl\":\"https:\/\/eticacomunica.com.mx\/wp-content\/uploads\/2026\/04\/IMG-20260429-WA0058.jpg\",\"datePublished\":\"2026-04-29T23:39:27+00:00\",\"breadcrumb\":{\"@id\":\"https:\/\/eticacomunica.com.mx\/?p=32416#breadcrumb\"},\"inLanguage\":\"es\",\"potentialAction\":[{\"@type\":\"ReadAction\",\"target\":[\"https:\/\/eticacomunica.com.mx\/?p=32416\"]}]},{\"@type\":\"ImageObject\",\"inLanguage\":\"es\",\"@id\":\"https:\/\/eticacomunica.com.mx\/?p=32416#primaryimage\",\"url\":\"https:\/\/eticacomunica.com.mx\/wp-content\/uploads\/2026\/04\/IMG-20260429-WA0058.jpg\",\"contentUrl\":\"https:\/\/eticacomunica.com.mx\/wp-content\/uploads\/2026\/04\/IMG-20260429-WA0058.jpg\",\"width\":1376,\"height\":1032},{\"@type\":\"BreadcrumbList\",\"@id\":\"https:\/\/eticacomunica.com.mx\/?p=32416#breadcrumb\",\"itemListElement\":[{\"@type\":\"ListItem\",\"position\":1,\"name\":\"Inicio\",\"item\":\"https:\/\/eticacomunica.com.mx\/\"},{\"@type\":\"ListItem\",\"position\":2,\"name\":\"Vivir\u00e1 \u201cMazatl\u00e1n, la fiesta del Mundial&#8221;\"}]},{\"@type\":\"WebSite\",\"@id\":\"https:\/\/eticacomunica.com.mx\/#website\",\"url\":\"https:\/\/eticacomunica.com.mx\/\",\"name\":\"\u00c9tica Comunica\",\"description\":\"Diario Digital\",\"publisher\":{\"@id\":\"https:\/\/eticacomunica.com.mx\/#organization\"},\"potentialAction\":[{\"@type\":\"SearchAction\",\"target\":{\"@type\":\"EntryPoint\",\"urlTemplate\":\"https:\/\/eticacomunica.com.mx\/?s={search_term_string}\"},\"query-input\":{\"@type\":\"PropertyValueSpecification\",\"valueRequired\":true,\"valueName\":\"search_term_string\"}}],\"inLanguage\":\"es\"},{\"@type\":\"Organization\",\"@id\":\"https:\/\/eticacomunica.com.mx\/#organization\",\"name\":\"Diarios Digitales de Sinaloa\",\"url\":\"https:\/\/eticacomunica.com.mx\/\",\"logo\":{\"@type\":\"ImageObject\",\"inLanguage\":\"es\",\"@id\":\"https:\/\/eticacomunica.com.mx\/#\/schema\/logo\/image\/\",\"url\":\"https:\/\/eticacomunica.com.mx\/wp-content\/uploads\/2023\/10\/etica-logo.png\",\"contentUrl\":\"https:\/\/eticacomunica.com.mx\/wp-content\/uploads\/2023\/10\/etica-logo.png\",\"width\":1280,\"height\":432,\"caption\":\"Diarios Digitales de Sinaloa\"},\"image\":{\"@id\":\"https:\/\/eticacomunica.com.mx\/#\/schema\/logo\/image\/\"},\"sameAs\":[\"https:\/\/www.facebook.com\/eticacomunica\"]},{\"@type\":\"Person\",\"@id\":\"https:\/\/eticacomunica.com.mx\/#\/schema\/person\/2cacc47bd17fe8ad92f08c0313d22fa6\",\"name\":\"etica\",\"image\":{\"@type\":\"ImageObject\",\"inLanguage\":\"es\",\"@id\":\"https:\/\/secure.gravatar.com\/avatar\/dfb45d32bc7097f8f06d6e4f6e6b387e7cb8fd5b3a2869265c40587ab62cab1e?s=96&d=mm&r=g\",\"url\":\"https:\/\/secure.gravatar.com\/avatar\/dfb45d32bc7097f8f06d6e4f6e6b387e7cb8fd5b3a2869265c40587ab62cab1e?s=96&d=mm&r=g\",\"contentUrl\":\"https:\/\/secure.gravatar.com\/avatar\/dfb45d32bc7097f8f06d6e4f6e6b387e7cb8fd5b3a2869265c40587ab62cab1e?s=96&d=mm&r=g\",\"caption\":\"etica\"},\"sameAs\":[\"https:\/\/eticacomunica.com.mx\"],\"url\":\"https:\/\/eticacomunica.com.mx\/?author=1\"}]}<\/script>\n<!-- \/ Yoast SEO plugin. -->","yoast_head_json":{"title":"Vivir\u00e1 \u201cMazatl\u00e1n, la fiesta del Mundial\" - \u00c9tica Comunica","robots":{"index":"index","follow":"follow","max-snippet":"max-snippet:-1","max-image-preview":"max-image-preview:large","max-video-preview":"max-video-preview:-1"},"canonical":"https:\/\/eticacomunica.com.mx\/?p=32416","og_locale":"es_MX","og_type":"article","og_title":"Vivir\u00e1 \u201cMazatl\u00e1n, la fiesta del Mundial\" - \u00c9tica Comunica","og_description":"En el marco del Mundial de Futbol 2026, el 13 de junio se realizar\u00e1 en el puerto un concierto con el grupo Gente de Zona. Acapulco, Guerrero, 29 de abril&hellip;","og_url":"https:\/\/eticacomunica.com.mx\/?p=32416","og_site_name":"\u00c9tica Comunica","article_publisher":"https:\/\/www.facebook.com\/eticacomunica","article_published_time":"2026-04-29T23:39:27+00:00","author":"etica","twitter_card":"summary_large_image","twitter_misc":{"Escrito por":"etica","Tiempo de lectura":"3 minutos"},"schema":{"@context":"https:\/\/schema.org","@graph":[{"@type":"Article","@id":"https:\/\/eticacomunica.com.mx\/?p=32416#article","isPartOf":{"@id":"https:\/\/eticacomunica.com.mx\/?p=32416"},"author":{"name":"etica","@id":"https:\/\/eticacomunica.com.mx\/#\/schema\/person\/2cacc47bd17fe8ad92f08c0313d22fa6"},"headline":"Vivir\u00e1 \u201cMazatl\u00e1n, la fiesta del Mundial&#8221;","datePublished":"2026-04-29T23:39:27+00:00","mainEntityOfPage":{"@id":"https:\/\/eticacomunica.com.mx\/?p=32416"},"wordCount":514,"commentCount":0,"publisher":{"@id":"https:\/\/eticacomunica.com.mx\/#organization"},"image":{"@id":"https:\/\/eticacomunica.com.mx\/?p=32416#primaryimage"},"thumbnailUrl":"https:\/\/eticacomunica.com.mx\/wp-content\/uploads\/2026\/04\/IMG-20260429-WA0058.jpg","keywords":["Gobierno del Estado de Sinaloa"],"articleSection":["Estados"],"inLanguage":"es","potentialAction":[{"@type":"CommentAction","name":"Comment","target":["https:\/\/eticacomunica.com.mx\/?p=32416#respond"]}]},{"@type":"WebPage","@id":"https:\/\/eticacomunica.com.mx\/?p=32416","url":"https:\/\/eticacomunica.com.mx\/?p=32416","name":"Vivir\u00e1 \u201cMazatl\u00e1n, la fiesta del Mundial\" - \u00c9tica Comunica","isPartOf":{"@id":"https:\/\/eticacomunica.com.mx\/#website"},"primaryImageOfPage":{"@id":"https:\/\/eticacomunica.com.mx\/?p=32416#primaryimage"},"image":{"@id":"https:\/\/eticacomunica.com.mx\/?p=32416#primaryimage"},"thumbnailUrl":"https:\/\/eticacomunica.com.mx\/wp-content\/uploads\/2026\/04\/IMG-20260429-WA0058.jpg","datePublished":"2026-04-29T23:39:27+00:00","breadcrumb":{"@id":"https:\/\/eticacomunica.com.mx\/?p=32416#breadcrumb"},"inLanguage":"es","potentialAction":[{"@type":"ReadAction","target":["https:\/\/eticacomunica.com.mx\/?p=32416"]}]},{"@type":"ImageObject","inLanguage":"es","@id":"https:\/\/eticacomunica.com.mx\/?p=32416#primaryimage","url":"https:\/\/eticacomunica.com.mx\/wp-content\/uploads\/2026\/04\/IMG-20260429-WA0058.jpg","contentUrl":"https:\/\/eticacomunica.com.mx\/wp-content\/uploads\/2026\/04\/IMG-20260429-WA0058.jpg","width":1376,"height":1032},{"@type":"BreadcrumbList","@id":"https:\/\/eticacomunica.com.mx\/?p=32416#breadcrumb","itemListElement":[{"@type":"ListItem","position":1,"name":"Inicio","item":"https:\/\/eticacomunica.com.mx\/"},{"@type":"ListItem","position":2,"name":"Vivir\u00e1 \u201cMazatl\u00e1n, la fiesta del Mundial&#8221;"}]},{"@type":"WebSite","@id":"https:\/\/eticacomunica.com.mx\/#website","url":"https:\/\/eticacomunica.com.mx\/","name":"\u00c9tica Comunica","description":"Diario Digital","publisher":{"@id":"https:\/\/eticacomunica.com.mx\/#organization"},"potentialAction":[{"@type":"SearchAction","target":{"@type":"EntryPoint","urlTemplate":"https:\/\/eticacomunica.com.mx\/?s={search_term_string}"},"query-input":{"@type":"PropertyValueSpecification","valueRequired":true,"valueName":"search_term_string"}}],"inLanguage":"es"},{"@type":"Organization","@id":"https:\/\/eticacomunica.com.mx\/#organization","name":"Diarios Digitales de Sinaloa","url":"https:\/\/eticacomunica.com.mx\/","logo":{"@type":"ImageObject","inLanguage":"es","@id":"https:\/\/eticacomunica.com.mx\/#\/schema\/logo\/image\/","url":"https:\/\/eticacomunica.com.mx\/wp-content\/uploads\/2023\/10\/etica-logo.png","contentUrl":"https:\/\/eticacomunica.com.mx\/wp-content\/uploads\/2023\/10\/etica-logo.png","width":1280,"height":432,"caption":"Diarios Digitales de Sinaloa"},"image":{"@id":"https:\/\/eticacomunica.com.mx\/#\/schema\/logo\/image\/"},"sameAs":["https:\/\/www.facebook.com\/eticacomunica"]},{"@type":"Person","@id":"https:\/\/eticacomunica.com.mx\/#\/schema\/person\/2cacc47bd17fe8ad92f08c0313d22fa6","name":"etica","image":{"@type":"ImageObject","inLanguage":"es","@id":"https:\/\/secure.gravatar.com\/avatar\/dfb45d32bc7097f8f06d6e4f6e6b387e7cb8fd5b3a2869265c40587ab62cab1e?s=96&d=mm&r=g","url":"https:\/\/secure.gravatar.com\/avatar\/dfb45d32bc7097f8f06d6e4f6e6b387e7cb8fd5b3a2869265c40587ab62cab1e?s=96&d=mm&r=g","contentUrl":"https:\/\/secure.gravatar.com\/avatar\/dfb45d32bc7097f8f06d6e4f6e6b387e7cb8fd5b3a2869265c40587ab62cab1e?s=96&d=mm&r=g","caption":"etica"},"sameAs":["https:\/\/eticacomunica.com.mx"],"url":"https:\/\/eticacomunica.com.mx\/?author=1"}]}},"jetpack_publicize_connections":[],"jetpack_featured_media_url":"https:\/\/eticacomunica.com.mx\/wp-content\/uploads\/2026\/04\/IMG-20260429-WA0058.jpg","jetpack_sharing_enabled":true,"_links":{"self":[{"href":"https:\/\/eticacomunica.com.mx\/index.php?rest_route=\/wp\/v2\/posts\/32416","targetHints":{"allow":["GET"]}}],"collection":[{"href":"https:\/\/eticacomunica.com.mx\/index.php?rest_route=\/wp\/v2\/posts"}],"about":[{"href":"https:\/\/eticacomunica.com.mx\/index.php?rest_route=\/wp\/v2\/types\/post"}],"author":[{"embeddable":true,"href":"https:\/\/eticacomunica.com.mx\/index.php?rest_route=\/wp\/v2\/users\/1"}],"replies":[{"embeddable":true,"href":"https:\/\/eticacomunica.com.mx\/index.php?rest_route=%2Fwp%2Fv2%2Fcomments&post=32416"}],"version-history":[{"count":0,"href":"https:\/\/eticacomunica.com.mx\/index.php?rest_route=\/wp\/v2\/posts\/32416\/revisions"}],"wp:featuredmedia":[{"embeddable":true,"href":"https:\/\/eticacomunica.com.mx\/index.php?rest_route=\/wp\/v2\/media\/32415"}],"wp:attachment":[{"href":"https:\/\/eticacomunica.com.mx\/index.php?rest_route=%2Fwp%2Fv2%2Fmedia&parent=32416"}],"wp:term":[{"taxonomy":"category","embeddable":true,"href":"https:\/\/eticacomunica.com.mx\/index.php?rest_route=%2Fwp%2Fv2%2Fcategories&post=32416"},{"taxonomy":"post_tag","embeddable":true,"href":"https:\/\/eticacomunica.com.mx\/index.php?rest_route=%2Fwp%2Fv2%2Ftags&post=32416"}],"curies":[{"name":"wp","href":"https:\/\/api.w.org\/{rel}","templated":true}]}}