{"id":32418,"date":"2026-04-29T19:57:58","date_gmt":"2026-04-30T02:57:58","guid":{"rendered":"https:\/\/eticacomunica.com.mx\/?p=32418"},"modified":"2026-04-29T19:57:58","modified_gmt":"2026-04-30T02:57:58","slug":"avanza-con-exito-la-evaluacion-docente-en-la-uas-se-ha-cubierto-al-81-por-ciento-de-la-planta-academica-invitan-a-estudiantes-a-participar","status":"publish","type":"post","link":"https:\/\/eticacomunica.com.mx\/?p=32418","title":{"rendered":"Avanza con \u00e9xito la evaluaci\u00f3n docente en la UAS: se ha cubierto al 81 por ciento de la planta acad\u00e9mica; invitan a estudiantes a participar"},"content":{"rendered":"\n<p>Hasta la fecha, el 81 por ciento de los docentes de nivel medio superior, superior y posgrado de la Universidad Aut\u00f3noma de Sinaloa (UAS) han sido evaluados por sus alumnos durante la \u201cJornada Institucional de Evaluaci\u00f3n al Desempe\u00f1o Docente desde la apreciaci\u00f3n de las y los estudiantes, ciclo escolar 2025-2026-2\u201d.<br><br>La informaci\u00f3n fue dada a conocer por la doctora Weendy Nohem\u00ed Rivera Castillo, responsable del Programa Institucional de Evaluaci\u00f3n, Formaci\u00f3n y Actualizaci\u00f3n Docente (PIEFAD), quien inform\u00f3 que esta jornada se realiza semestralmente a trav\u00e9s de la Secretar\u00eda Acad\u00e9mica Universitaria (SAU), la Direcci\u00f3n General de Escuelas Preparatorias (DGEP), la Direcci\u00f3n General de Educaci\u00f3n Superior (DGES) y las vicerrector\u00edas de las cuatro unidades regionales. Todo ello en coordinaci\u00f3n con la Direcci\u00f3n General de Recursos Humanos y la Comisi\u00f3n General de Evaluaci\u00f3n al Desempe\u00f1o Docente.<br><br>\u201cLa aceptaci\u00f3n que tiene este ejercicio es notoria. Los estudiantes tienen inter\u00e9s por participar, evaluar a sus profesores y dejar constancia de su actividad y del contacto que tienen con ellos, porque han entendido el beneficio de que el profesorado est\u00e9 enfocado en la mejora continua. Es necesario que los j\u00f3venes realicen esta primera fase para que, posteriormente, los docentes tambi\u00e9n realicen su autoevaluaci\u00f3n\u201d, sostuvo.<br><br>En ese sentido, explic\u00f3 que los resultados de la jornada permitir\u00e1n establecer lineamientos institucionales para el dise\u00f1o de mejores programas de capacitaci\u00f3n y formaci\u00f3n docente en esta M\u00e1xima Casa de Estudios, de ah\u00ed la importancia de la participaci\u00f3n de todos.<br><br>\u201cTodos los esfuerzos que hacemos los docentes por estar actualizados e insertos en los procesos acad\u00e9micos hablan bien de nosotros; sin embargo, la perspectiva que tiene el estudiantado sobre nuestro desempe\u00f1o en las aulas da pie a fortalecer las propuestas que surgen desde las propias unidades acad\u00e9micas\u201d, se\u00f1al\u00f3.<br><br>Asimismo, indic\u00f3 que esta etapa de evaluaci\u00f3n estudiantil culmina el pr\u00f3ximo 7 de mayo, para dar paso a la segunda fase: la autoevaluaci\u00f3n docente, que se llevar\u00e1 a cabo del 11 al 15 de mayo de 2026. El objetivo es identificar \u00e1reas de oportunidad en la pr\u00e1ctica pedag\u00f3gica e incidir en su fortalecimiento mediante programas de actualizaci\u00f3n por niveles y \u00e1reas de habilitaci\u00f3n, en cumplimiento con el Modelo Educativo y los est\u00e1ndares de evaluaci\u00f3n internos y externos.<br><br>\u201cSeguimos invitando a la comunidad universitaria a unirse a esta jornada. La convocatoria est\u00e1 abierta desde el 20 de abril y la primera fase cierra el 7 de mayo. Las escuelas est\u00e1n listas para recibir a los j\u00f3venes y cuentan con acceso a Wi-Fi para que puedan conectarse desde sus dispositivos; tambi\u00e9n est\u00e1n disponibles los centros de c\u00f3mputo, aunque pueden realizar la evaluaci\u00f3n desde cualquier lugar\u201d, expres\u00f3.<br><br>La evaluaci\u00f3n se realiza a trav\u00e9s del sitio oficial: https:\/\/siiu.uasnet.mx\/acceso\/.<\/p>\n","protected":false},"excerpt":{"rendered":"<p>Hasta la fecha, el 81 por ciento de los docentes de nivel medio superior, superior y posgrado de la Universidad Aut\u00f3noma de Sinaloa (UAS) han sido evaluados por sus alumnos&hellip;<\/p>\n","protected":false},"author":1,"featured_media":32417,"comment_status":"open","ping_status":"open","sticky":false,"template":"","format":"standard","meta":{"_jetpack_memberships_contains_paid_content":false,"footnotes":"","jetpack_publicize_message":"","jetpack_publicize_feature_enabled":true,"jetpack_social_post_already_shared":true,"jetpack_social_options":{"image_generator_settings":{"template":"highway","default_image_id":0,"font":"","enabled":false},"version":2}},"categories":[40],"tags":[41],"class_list":["post-32418","post","type-post","status-publish","format-standard","has-post-thumbnail","hentry","category-educacion","tag-uas"],"yoast_head":"<!-- This site is optimized with the Yoast SEO plugin v27.2 - https:\/\/yoast.com\/product\/yoast-seo-wordpress\/ -->\n<title>Avanza con \u00e9xito la evaluaci\u00f3n docente en la UAS: se ha cubierto al 81 por ciento de la planta acad\u00e9mica; invitan a estudiantes a participar - \u00c9tica Comunica<\/title>\n<meta name=\"robots\" content=\"index, follow, max-snippet:-1, max-image-preview:large, max-video-preview:-1\" \/>\n<link rel=\"canonical\" href=\"https:\/\/eticacomunica.com.mx\/?p=32418\" \/>\n<meta property=\"og:locale\" content=\"es_MX\" \/>\n<meta property=\"og:type\" content=\"article\" \/>\n<meta property=\"og:title\" content=\"Avanza con \u00e9xito la evaluaci\u00f3n docente en la UAS: se ha cubierto al 81 por ciento de la planta acad\u00e9mica; invitan a estudiantes a participar - \u00c9tica Comunica\" \/>\n<meta property=\"og:description\" content=\"Hasta la fecha, el 81 por ciento de los docentes de nivel medio superior, superior y posgrado de la Universidad Aut\u00f3noma de Sinaloa (UAS) han sido evaluados por sus alumnos&hellip;\" \/>\n<meta property=\"og:url\" content=\"https:\/\/eticacomunica.com.mx\/?p=32418\" \/>\n<meta property=\"og:site_name\" content=\"\u00c9tica Comunica\" \/>\n<meta property=\"article:publisher\" content=\"https:\/\/www.facebook.com\/eticacomunica\" \/>\n<meta property=\"article:published_time\" content=\"2026-04-30T02:57:58+00:00\" \/>\n<meta name=\"author\" content=\"etica\" \/>\n<meta name=\"twitter:card\" content=\"summary_large_image\" \/>\n<meta name=\"twitter:label1\" content=\"Escrito por\" \/>\n\t<meta name=\"twitter:data1\" content=\"etica\" \/>\n\t<meta name=\"twitter:label2\" content=\"Tiempo de lectura\" \/>\n\t<meta name=\"twitter:data2\" content=\"2 minutos\" \/>\n<script type=\"application\/ld+json\" class=\"yoast-schema-graph\">{\"@context\":\"https:\/\/schema.org\",\"@graph\":[{\"@type\":\"Article\",\"@id\":\"https:\/\/eticacomunica.com.mx\/?p=32418#article\",\"isPartOf\":{\"@id\":\"https:\/\/eticacomunica.com.mx\/?p=32418\"},\"author\":{\"name\":\"etica\",\"@id\":\"https:\/\/eticacomunica.com.mx\/#\/schema\/person\/2cacc47bd17fe8ad92f08c0313d22fa6\"},\"headline\":\"Avanza con \u00e9xito la evaluaci\u00f3n docente en la UAS: se ha cubierto al 81 por ciento de la planta acad\u00e9mica; invitan a estudiantes a participar\",\"datePublished\":\"2026-04-30T02:57:58+00:00\",\"mainEntityOfPage\":{\"@id\":\"https:\/\/eticacomunica.com.mx\/?p=32418\"},\"wordCount\":515,\"commentCount\":0,\"publisher\":{\"@id\":\"https:\/\/eticacomunica.com.mx\/#organization\"},\"image\":{\"@id\":\"https:\/\/eticacomunica.com.mx\/?p=32418#primaryimage\"},\"thumbnailUrl\":\"https:\/\/eticacomunica.com.mx\/wp-content\/uploads\/2026\/04\/IMG-20260429-WA0158.jpg\",\"keywords\":[\"UAS\"],\"articleSection\":[\"Educaci\u00f3n\"],\"inLanguage\":\"es\",\"potentialAction\":[{\"@type\":\"CommentAction\",\"name\":\"Comment\",\"target\":[\"https:\/\/eticacomunica.com.mx\/?p=32418#respond\"]}]},{\"@type\":\"WebPage\",\"@id\":\"https:\/\/eticacomunica.com.mx\/?p=32418\",\"url\":\"https:\/\/eticacomunica.com.mx\/?p=32418\",\"name\":\"Avanza con \u00e9xito la evaluaci\u00f3n docente en la UAS: se ha cubierto al 81 por ciento de la planta acad\u00e9mica; invitan a estudiantes a participar - \u00c9tica Comunica\",\"isPartOf\":{\"@id\":\"https:\/\/eticacomunica.com.mx\/#website\"},\"primaryImageOfPage\":{\"@id\":\"https:\/\/eticacomunica.com.mx\/?p=32418#primaryimage\"},\"image\":{\"@id\":\"https:\/\/eticacomunica.com.mx\/?p=32418#primaryimage\"},\"thumbnailUrl\":\"https:\/\/eticacomunica.com.mx\/wp-content\/uploads\/2026\/04\/IMG-20260429-WA0158.jpg\",\"datePublished\":\"2026-04-30T02:57:58+00:00\",\"breadcrumb\":{\"@id\":\"https:\/\/eticacomunica.com.mx\/?p=32418#breadcrumb\"},\"inLanguage\":\"es\",\"potentialAction\":[{\"@type\":\"ReadAction\",\"target\":[\"https:\/\/eticacomunica.com.mx\/?p=32418\"]}]},{\"@type\":\"ImageObject\",\"inLanguage\":\"es\",\"@id\":\"https:\/\/eticacomunica.com.mx\/?p=32418#primaryimage\",\"url\":\"https:\/\/eticacomunica.com.mx\/wp-content\/uploads\/2026\/04\/IMG-20260429-WA0158.jpg\",\"contentUrl\":\"https:\/\/eticacomunica.com.mx\/wp-content\/uploads\/2026\/04\/IMG-20260429-WA0158.jpg\",\"width\":1283,\"height\":768},{\"@type\":\"BreadcrumbList\",\"@id\":\"https:\/\/eticacomunica.com.mx\/?p=32418#breadcrumb\",\"itemListElement\":[{\"@type\":\"ListItem\",\"position\":1,\"name\":\"Inicio\",\"item\":\"https:\/\/eticacomunica.com.mx\/\"},{\"@type\":\"ListItem\",\"position\":2,\"name\":\"Avanza con \u00e9xito la evaluaci\u00f3n docente en la UAS: se ha cubierto al 81 por ciento de la planta acad\u00e9mica; invitan a estudiantes a participar\"}]},{\"@type\":\"WebSite\",\"@id\":\"https:\/\/eticacomunica.com.mx\/#website\",\"url\":\"https:\/\/eticacomunica.com.mx\/\",\"name\":\"\u00c9tica Comunica\",\"description\":\"Diario Digital\",\"publisher\":{\"@id\":\"https:\/\/eticacomunica.com.mx\/#organization\"},\"potentialAction\":[{\"@type\":\"SearchAction\",\"target\":{\"@type\":\"EntryPoint\",\"urlTemplate\":\"https:\/\/eticacomunica.com.mx\/?s={search_term_string}\"},\"query-input\":{\"@type\":\"PropertyValueSpecification\",\"valueRequired\":true,\"valueName\":\"search_term_string\"}}],\"inLanguage\":\"es\"},{\"@type\":\"Organization\",\"@id\":\"https:\/\/eticacomunica.com.mx\/#organization\",\"name\":\"Diarios Digitales de Sinaloa\",\"url\":\"https:\/\/eticacomunica.com.mx\/\",\"logo\":{\"@type\":\"ImageObject\",\"inLanguage\":\"es\",\"@id\":\"https:\/\/eticacomunica.com.mx\/#\/schema\/logo\/image\/\",\"url\":\"https:\/\/eticacomunica.com.mx\/wp-content\/uploads\/2023\/10\/etica-logo.png\",\"contentUrl\":\"https:\/\/eticacomunica.com.mx\/wp-content\/uploads\/2023\/10\/etica-logo.png\",\"width\":1280,\"height\":432,\"caption\":\"Diarios Digitales de Sinaloa\"},\"image\":{\"@id\":\"https:\/\/eticacomunica.com.mx\/#\/schema\/logo\/image\/\"},\"sameAs\":[\"https:\/\/www.facebook.com\/eticacomunica\"]},{\"@type\":\"Person\",\"@id\":\"https:\/\/eticacomunica.com.mx\/#\/schema\/person\/2cacc47bd17fe8ad92f08c0313d22fa6\",\"name\":\"etica\",\"image\":{\"@type\":\"ImageObject\",\"inLanguage\":\"es\",\"@id\":\"https:\/\/secure.gravatar.com\/avatar\/dfb45d32bc7097f8f06d6e4f6e6b387e7cb8fd5b3a2869265c40587ab62cab1e?s=96&d=mm&r=g\",\"url\":\"https:\/\/secure.gravatar.com\/avatar\/dfb45d32bc7097f8f06d6e4f6e6b387e7cb8fd5b3a2869265c40587ab62cab1e?s=96&d=mm&r=g\",\"contentUrl\":\"https:\/\/secure.gravatar.com\/avatar\/dfb45d32bc7097f8f06d6e4f6e6b387e7cb8fd5b3a2869265c40587ab62cab1e?s=96&d=mm&r=g\",\"caption\":\"etica\"},\"sameAs\":[\"https:\/\/eticacomunica.com.mx\"],\"url\":\"https:\/\/eticacomunica.com.mx\/?author=1\"}]}<\/script>\n<!-- \/ Yoast SEO plugin. -->","yoast_head_json":{"title":"Avanza con \u00e9xito la evaluaci\u00f3n docente en la UAS: se ha cubierto al 81 por ciento de la planta acad\u00e9mica; invitan a estudiantes a participar - \u00c9tica Comunica","robots":{"index":"index","follow":"follow","max-snippet":"max-snippet:-1","max-image-preview":"max-image-preview:large","max-video-preview":"max-video-preview:-1"},"canonical":"https:\/\/eticacomunica.com.mx\/?p=32418","og_locale":"es_MX","og_type":"article","og_title":"Avanza con \u00e9xito la evaluaci\u00f3n docente en la UAS: se ha cubierto al 81 por ciento de la planta acad\u00e9mica; invitan a estudiantes a participar - \u00c9tica Comunica","og_description":"Hasta la fecha, el 81 por ciento de los docentes de nivel medio superior, superior y posgrado de la Universidad Aut\u00f3noma de Sinaloa (UAS) han sido evaluados por sus alumnos&hellip;","og_url":"https:\/\/eticacomunica.com.mx\/?p=32418","og_site_name":"\u00c9tica Comunica","article_publisher":"https:\/\/www.facebook.com\/eticacomunica","article_published_time":"2026-04-30T02:57:58+00:00","author":"etica","twitter_card":"summary_large_image","twitter_misc":{"Escrito por":"etica","Tiempo de lectura":"2 minutos"},"schema":{"@context":"https:\/\/schema.org","@graph":[{"@type":"Article","@id":"https:\/\/eticacomunica.com.mx\/?p=32418#article","isPartOf":{"@id":"https:\/\/eticacomunica.com.mx\/?p=32418"},"author":{"name":"etica","@id":"https:\/\/eticacomunica.com.mx\/#\/schema\/person\/2cacc47bd17fe8ad92f08c0313d22fa6"},"headline":"Avanza con \u00e9xito la evaluaci\u00f3n docente en la UAS: se ha cubierto al 81 por ciento de la planta acad\u00e9mica; invitan a estudiantes a participar","datePublished":"2026-04-30T02:57:58+00:00","mainEntityOfPage":{"@id":"https:\/\/eticacomunica.com.mx\/?p=32418"},"wordCount":515,"commentCount":0,"publisher":{"@id":"https:\/\/eticacomunica.com.mx\/#organization"},"image":{"@id":"https:\/\/eticacomunica.com.mx\/?p=32418#primaryimage"},"thumbnailUrl":"https:\/\/eticacomunica.com.mx\/wp-content\/uploads\/2026\/04\/IMG-20260429-WA0158.jpg","keywords":["UAS"],"articleSection":["Educaci\u00f3n"],"inLanguage":"es","potentialAction":[{"@type":"CommentAction","name":"Comment","target":["https:\/\/eticacomunica.com.mx\/?p=32418#respond"]}]},{"@type":"WebPage","@id":"https:\/\/eticacomunica.com.mx\/?p=32418","url":"https:\/\/eticacomunica.com.mx\/?p=32418","name":"Avanza con \u00e9xito la evaluaci\u00f3n docente en la UAS: se ha cubierto al 81 por ciento de la planta acad\u00e9mica; invitan a estudiantes a participar - \u00c9tica Comunica","isPartOf":{"@id":"https:\/\/eticacomunica.com.mx\/#website"},"primaryImageOfPage":{"@id":"https:\/\/eticacomunica.com.mx\/?p=32418#primaryimage"},"image":{"@id":"https:\/\/eticacomunica.com.mx\/?p=32418#primaryimage"},"thumbnailUrl":"https:\/\/eticacomunica.com.mx\/wp-content\/uploads\/2026\/04\/IMG-20260429-WA0158.jpg","datePublished":"2026-04-30T02:57:58+00:00","breadcrumb":{"@id":"https:\/\/eticacomunica.com.mx\/?p=32418#breadcrumb"},"inLanguage":"es","potentialAction":[{"@type":"ReadAction","target":["https:\/\/eticacomunica.com.mx\/?p=32418"]}]},{"@type":"ImageObject","inLanguage":"es","@id":"https:\/\/eticacomunica.com.mx\/?p=32418#primaryimage","url":"https:\/\/eticacomunica.com.mx\/wp-content\/uploads\/2026\/04\/IMG-20260429-WA0158.jpg","contentUrl":"https:\/\/eticacomunica.com.mx\/wp-content\/uploads\/2026\/04\/IMG-20260429-WA0158.jpg","width":1283,"height":768},{"@type":"BreadcrumbList","@id":"https:\/\/eticacomunica.com.mx\/?p=32418#breadcrumb","itemListElement":[{"@type":"ListItem","position":1,"name":"Inicio","item":"https:\/\/eticacomunica.com.mx\/"},{"@type":"ListItem","position":2,"name":"Avanza con \u00e9xito la evaluaci\u00f3n docente en la UAS: se ha cubierto al 81 por ciento de la planta acad\u00e9mica; invitan a estudiantes a participar"}]},{"@type":"WebSite","@id":"https:\/\/eticacomunica.com.mx\/#website","url":"https:\/\/eticacomunica.com.mx\/","name":"\u00c9tica Comunica","description":"Diario Digital","publisher":{"@id":"https:\/\/eticacomunica.com.mx\/#organization"},"potentialAction":[{"@type":"SearchAction","target":{"@type":"EntryPoint","urlTemplate":"https:\/\/eticacomunica.com.mx\/?s={search_term_string}"},"query-input":{"@type":"PropertyValueSpecification","valueRequired":true,"valueName":"search_term_string"}}],"inLanguage":"es"},{"@type":"Organization","@id":"https:\/\/eticacomunica.com.mx\/#organization","name":"Diarios Digitales de Sinaloa","url":"https:\/\/eticacomunica.com.mx\/","logo":{"@type":"ImageObject","inLanguage":"es","@id":"https:\/\/eticacomunica.com.mx\/#\/schema\/logo\/image\/","url":"https:\/\/eticacomunica.com.mx\/wp-content\/uploads\/2023\/10\/etica-logo.png","contentUrl":"https:\/\/eticacomunica.com.mx\/wp-content\/uploads\/2023\/10\/etica-logo.png","width":1280,"height":432,"caption":"Diarios Digitales de Sinaloa"},"image":{"@id":"https:\/\/eticacomunica.com.mx\/#\/schema\/logo\/image\/"},"sameAs":["https:\/\/www.facebook.com\/eticacomunica"]},{"@type":"Person","@id":"https:\/\/eticacomunica.com.mx\/#\/schema\/person\/2cacc47bd17fe8ad92f08c0313d22fa6","name":"etica","image":{"@type":"ImageObject","inLanguage":"es","@id":"https:\/\/secure.gravatar.com\/avatar\/dfb45d32bc7097f8f06d6e4f6e6b387e7cb8fd5b3a2869265c40587ab62cab1e?s=96&d=mm&r=g","url":"https:\/\/secure.gravatar.com\/avatar\/dfb45d32bc7097f8f06d6e4f6e6b387e7cb8fd5b3a2869265c40587ab62cab1e?s=96&d=mm&r=g","contentUrl":"https:\/\/secure.gravatar.com\/avatar\/dfb45d32bc7097f8f06d6e4f6e6b387e7cb8fd5b3a2869265c40587ab62cab1e?s=96&d=mm&r=g","caption":"etica"},"sameAs":["https:\/\/eticacomunica.com.mx"],"url":"https:\/\/eticacomunica.com.mx\/?author=1"}]}},"jetpack_publicize_connections":[],"jetpack_featured_media_url":"https:\/\/eticacomunica.com.mx\/wp-content\/uploads\/2026\/04\/IMG-20260429-WA0158.jpg","jetpack_sharing_enabled":true,"_links":{"self":[{"href":"https:\/\/eticacomunica.com.mx\/index.php?rest_route=\/wp\/v2\/posts\/32418","targetHints":{"allow":["GET"]}}],"collection":[{"href":"https:\/\/eticacomunica.com.mx\/index.php?rest_route=\/wp\/v2\/posts"}],"about":[{"href":"https:\/\/eticacomunica.com.mx\/index.php?rest_route=\/wp\/v2\/types\/post"}],"author":[{"embeddable":true,"href":"https:\/\/eticacomunica.com.mx\/index.php?rest_route=\/wp\/v2\/users\/1"}],"replies":[{"embeddable":true,"href":"https:\/\/eticacomunica.com.mx\/index.php?rest_route=%2Fwp%2Fv2%2Fcomments&post=32418"}],"version-history":[{"count":0,"href":"https:\/\/eticacomunica.com.mx\/index.php?rest_route=\/wp\/v2\/posts\/32418\/revisions"}],"wp:featuredmedia":[{"embeddable":true,"href":"https:\/\/eticacomunica.com.mx\/index.php?rest_route=\/wp\/v2\/media\/32417"}],"wp:attachment":[{"href":"https:\/\/eticacomunica.com.mx\/index.php?rest_route=%2Fwp%2Fv2%2Fmedia&parent=32418"}],"wp:term":[{"taxonomy":"category","embeddable":true,"href":"https:\/\/eticacomunica.com.mx\/index.php?rest_route=%2Fwp%2Fv2%2Fcategories&post=32418"},{"taxonomy":"post_tag","embeddable":true,"href":"https:\/\/eticacomunica.com.mx\/index.php?rest_route=%2Fwp%2Fv2%2Ftags&post=32418"}],"curies":[{"name":"wp","href":"https:\/\/api.w.org\/{rel}","templated":true}]}}