{"id":32424,"date":"2026-04-30T13:13:14","date_gmt":"2026-04-30T20:13:14","guid":{"rendered":"https:\/\/eticacomunica.com.mx\/?p=32424"},"modified":"2026-04-30T13:13:14","modified_gmt":"2026-04-30T20:13:14","slug":"logra-la-facultad-de-ciencias-de-la-tierra-y-el-espacio-de-la-uas-aceptacion-del-100-por-ciento-de-sus-alumnos-aspirantes-al-verano-delfin-2026","status":"publish","type":"post","link":"https:\/\/eticacomunica.com.mx\/?p=32424","title":{"rendered":"Logra la Facultad de Ciencias de la Tierra y el Espacio de la UAS aceptaci\u00f3n del 100 por ciento de sus alumnos aspirantes al Verano Delf\u00edn 2026"},"content":{"rendered":"\n<p>La Facultad de Ciencias de la Tierra y del Espacio (FACITE) de la Universidad Aut\u00f3noma de Sinaloa (UAS) obtuvo resultados sobresalientes en la convocatoria del Programa Interinstitucional para el Fortalecimiento de la Investigaci\u00f3n y el Posgrado del Pac\u00edfico, conocido como Verano Delf\u00edn 2026. El director de la unidad acad\u00e9mica, el Maestro en Ciencias An\u00edbal Israel Arana Medina, inform\u00f3 que el 100 por ciento de los estudiantes que aplicaron fueron aceptados en distintas instituciones de prestigio nacional.<br><br>El directivo se\u00f1al\u00f3 que este programa es una estrategia institucional enfocada en fortalecer una de las funciones sustantivas de la universidad: la vinculaci\u00f3n acad\u00e9mica y cient\u00edfica. Explic\u00f3 que el Verano Delf\u00edn brinda a los j\u00f3venes la oportunidad de integrarse, durante siete semanas, a proyectos de investigaci\u00f3n de alto impacto, colaborando directamente con investigadores reconocidos en el pa\u00eds.<br><br>Arana Medina detall\u00f3 que fueron aceptados 19 estudiantes pertenecientes a los cuatro programas educativos que oferta la FACITE, lo que refleja el compromiso y la s\u00f3lida preparaci\u00f3n de la comunidad estudiantil. Precis\u00f3 que siete alumnos corresponden a la Licenciatura en Astronom\u00eda, seis a Ingenier\u00eda Aeron\u00e1utica, cuatro a Ingenier\u00eda Geod\u00e9sica y dos a Ingenier\u00eda Geom\u00e1tica. Estos realizar\u00e1n sus estancias en instituciones como la Universidad Nacional Aut\u00f3noma de M\u00e9xico (UNAM), el Cinvestav, el CICESE, el INAOE y el Tecnol\u00f3gico de Monterrey.<br><br>Asimismo, subray\u00f3 que estas experiencias despiertan el inter\u00e9s por la ciencia. Indic\u00f3 que, de acuerdo con estad\u00edsticas institucionales, una gran parte de los participantes del Verano Delf\u00edn optan posteriormente por titularse mediante tesis y contin\u00faan su formaci\u00f3n en programas de maestr\u00eda y doctorado. Finalmente, exhort\u00f3 a los j\u00f3venes a aprovechar esta oportunidad acad\u00e9mica y cultural, destacando que el intercambio con otras instituciones contribuye de manera integral a su formaci\u00f3n.<br><br>Por su parte, Eduardo Barreda Gast\u00e9lum, estudiante de Ingenier\u00eda Aeron\u00e1utica, comparti\u00f3 que su inter\u00e9s por participar surgi\u00f3 de su afinidad por la investigaci\u00f3n, las matem\u00e1ticas y la f\u00edsica. Tras revisar las opciones disponibles, decidi\u00f3 postularse al Cinvestav Unidad Guadalajara, motivado por el prestigio de dicha instituci\u00f3n y su enfoque en proyectos de aeron\u00e1utica.<br><br>Se\u00f1al\u00f3 que durante su estancia trabajar\u00e1 con drones y sistemas aut\u00f3nomos, y adelant\u00f3 que, al concluir el programa, presentar\u00e1 un reporte derivado de su labor, el cual ser\u00e1 expuesto en un congreso de divulgaci\u00f3n cient\u00edfica. Barreda Gast\u00e9lum invit\u00f3 a los estudiantes de la UAS a sumarse a estas convocatorias para ampliar su visi\u00f3n profesional y adquirir conocimientos de expertos en sus respectivas \u00e1reas.<\/p>\n","protected":false},"excerpt":{"rendered":"<p>La Facultad de Ciencias de la Tierra y del Espacio (FACITE) de la Universidad Aut\u00f3noma de Sinaloa (UAS) obtuvo resultados sobresalientes en la convocatoria del Programa Interinstitucional para el Fortalecimiento&hellip;<\/p>\n","protected":false},"author":1,"featured_media":32423,"comment_status":"open","ping_status":"open","sticky":false,"template":"","format":"standard","meta":{"_jetpack_memberships_contains_paid_content":false,"footnotes":"","jetpack_publicize_message":"","jetpack_publicize_feature_enabled":true,"jetpack_social_post_already_shared":true,"jetpack_social_options":{"image_generator_settings":{"template":"highway","default_image_id":0,"font":"","enabled":false},"version":2}},"categories":[40],"tags":[41],"class_list":["post-32424","post","type-post","status-publish","format-standard","has-post-thumbnail","hentry","category-educacion","tag-uas"],"yoast_head":"<!-- This site is optimized with the Yoast SEO plugin v27.2 - https:\/\/yoast.com\/product\/yoast-seo-wordpress\/ -->\n<title>Logra la Facultad de Ciencias de la Tierra y el Espacio de la UAS aceptaci\u00f3n del 100 por ciento de sus alumnos aspirantes al Verano Delf\u00edn 2026 - \u00c9tica Comunica<\/title>\n<meta name=\"robots\" content=\"index, follow, max-snippet:-1, max-image-preview:large, max-video-preview:-1\" \/>\n<link rel=\"canonical\" href=\"https:\/\/eticacomunica.com.mx\/?p=32424\" \/>\n<meta property=\"og:locale\" content=\"es_MX\" \/>\n<meta property=\"og:type\" content=\"article\" \/>\n<meta property=\"og:title\" content=\"Logra la Facultad de Ciencias de la Tierra y el Espacio de la UAS aceptaci\u00f3n del 100 por ciento de sus alumnos aspirantes al Verano Delf\u00edn 2026 - \u00c9tica Comunica\" \/>\n<meta property=\"og:description\" content=\"La Facultad de Ciencias de la Tierra y del Espacio (FACITE) de la Universidad Aut\u00f3noma de Sinaloa (UAS) obtuvo resultados sobresalientes en la convocatoria del Programa Interinstitucional para el Fortalecimiento&hellip;\" \/>\n<meta property=\"og:url\" content=\"https:\/\/eticacomunica.com.mx\/?p=32424\" \/>\n<meta property=\"og:site_name\" content=\"\u00c9tica Comunica\" \/>\n<meta property=\"article:publisher\" content=\"https:\/\/www.facebook.com\/eticacomunica\" \/>\n<meta property=\"article:published_time\" content=\"2026-04-30T20:13:14+00:00\" \/>\n<meta name=\"author\" content=\"etica\" \/>\n<meta name=\"twitter:card\" content=\"summary_large_image\" \/>\n<meta name=\"twitter:label1\" content=\"Escrito por\" \/>\n\t<meta name=\"twitter:data1\" content=\"etica\" \/>\n\t<meta name=\"twitter:label2\" content=\"Tiempo de lectura\" \/>\n\t<meta name=\"twitter:data2\" content=\"2 minutos\" \/>\n<script type=\"application\/ld+json\" class=\"yoast-schema-graph\">{\"@context\":\"https:\/\/schema.org\",\"@graph\":[{\"@type\":\"Article\",\"@id\":\"https:\/\/eticacomunica.com.mx\/?p=32424#article\",\"isPartOf\":{\"@id\":\"https:\/\/eticacomunica.com.mx\/?p=32424\"},\"author\":{\"name\":\"etica\",\"@id\":\"https:\/\/eticacomunica.com.mx\/#\/schema\/person\/2cacc47bd17fe8ad92f08c0313d22fa6\"},\"headline\":\"Logra la Facultad de Ciencias de la Tierra y el Espacio de la UAS aceptaci\u00f3n del 100 por ciento de sus alumnos aspirantes al Verano Delf\u00edn 2026\",\"datePublished\":\"2026-04-30T20:13:14+00:00\",\"mainEntityOfPage\":{\"@id\":\"https:\/\/eticacomunica.com.mx\/?p=32424\"},\"wordCount\":472,\"commentCount\":0,\"publisher\":{\"@id\":\"https:\/\/eticacomunica.com.mx\/#organization\"},\"image\":{\"@id\":\"https:\/\/eticacomunica.com.mx\/?p=32424#primaryimage\"},\"thumbnailUrl\":\"https:\/\/eticacomunica.com.mx\/wp-content\/uploads\/2026\/04\/IMG-20260430-WA0011.jpg\",\"keywords\":[\"UAS\"],\"articleSection\":[\"Educaci\u00f3n\"],\"inLanguage\":\"es\",\"potentialAction\":[{\"@type\":\"CommentAction\",\"name\":\"Comment\",\"target\":[\"https:\/\/eticacomunica.com.mx\/?p=32424#respond\"]}]},{\"@type\":\"WebPage\",\"@id\":\"https:\/\/eticacomunica.com.mx\/?p=32424\",\"url\":\"https:\/\/eticacomunica.com.mx\/?p=32424\",\"name\":\"Logra la Facultad de Ciencias de la Tierra y el Espacio de la UAS aceptaci\u00f3n del 100 por ciento de sus alumnos aspirantes al Verano Delf\u00edn 2026 - \u00c9tica Comunica\",\"isPartOf\":{\"@id\":\"https:\/\/eticacomunica.com.mx\/#website\"},\"primaryImageOfPage\":{\"@id\":\"https:\/\/eticacomunica.com.mx\/?p=32424#primaryimage\"},\"image\":{\"@id\":\"https:\/\/eticacomunica.com.mx\/?p=32424#primaryimage\"},\"thumbnailUrl\":\"https:\/\/eticacomunica.com.mx\/wp-content\/uploads\/2026\/04\/IMG-20260430-WA0011.jpg\",\"datePublished\":\"2026-04-30T20:13:14+00:00\",\"breadcrumb\":{\"@id\":\"https:\/\/eticacomunica.com.mx\/?p=32424#breadcrumb\"},\"inLanguage\":\"es\",\"potentialAction\":[{\"@type\":\"ReadAction\",\"target\":[\"https:\/\/eticacomunica.com.mx\/?p=32424\"]}]},{\"@type\":\"ImageObject\",\"inLanguage\":\"es\",\"@id\":\"https:\/\/eticacomunica.com.mx\/?p=32424#primaryimage\",\"url\":\"https:\/\/eticacomunica.com.mx\/wp-content\/uploads\/2026\/04\/IMG-20260430-WA0011.jpg\",\"contentUrl\":\"https:\/\/eticacomunica.com.mx\/wp-content\/uploads\/2026\/04\/IMG-20260430-WA0011.jpg\",\"width\":1600,\"height\":1066},{\"@type\":\"BreadcrumbList\",\"@id\":\"https:\/\/eticacomunica.com.mx\/?p=32424#breadcrumb\",\"itemListElement\":[{\"@type\":\"ListItem\",\"position\":1,\"name\":\"Inicio\",\"item\":\"https:\/\/eticacomunica.com.mx\/\"},{\"@type\":\"ListItem\",\"position\":2,\"name\":\"Logra la Facultad de Ciencias de la Tierra y el Espacio de la UAS aceptaci\u00f3n del 100 por ciento de sus alumnos aspirantes al Verano Delf\u00edn 2026\"}]},{\"@type\":\"WebSite\",\"@id\":\"https:\/\/eticacomunica.com.mx\/#website\",\"url\":\"https:\/\/eticacomunica.com.mx\/\",\"name\":\"\u00c9tica Comunica\",\"description\":\"Diario Digital\",\"publisher\":{\"@id\":\"https:\/\/eticacomunica.com.mx\/#organization\"},\"potentialAction\":[{\"@type\":\"SearchAction\",\"target\":{\"@type\":\"EntryPoint\",\"urlTemplate\":\"https:\/\/eticacomunica.com.mx\/?s={search_term_string}\"},\"query-input\":{\"@type\":\"PropertyValueSpecification\",\"valueRequired\":true,\"valueName\":\"search_term_string\"}}],\"inLanguage\":\"es\"},{\"@type\":\"Organization\",\"@id\":\"https:\/\/eticacomunica.com.mx\/#organization\",\"name\":\"Diarios Digitales de Sinaloa\",\"url\":\"https:\/\/eticacomunica.com.mx\/\",\"logo\":{\"@type\":\"ImageObject\",\"inLanguage\":\"es\",\"@id\":\"https:\/\/eticacomunica.com.mx\/#\/schema\/logo\/image\/\",\"url\":\"https:\/\/eticacomunica.com.mx\/wp-content\/uploads\/2023\/10\/etica-logo.png\",\"contentUrl\":\"https:\/\/eticacomunica.com.mx\/wp-content\/uploads\/2023\/10\/etica-logo.png\",\"width\":1280,\"height\":432,\"caption\":\"Diarios Digitales de Sinaloa\"},\"image\":{\"@id\":\"https:\/\/eticacomunica.com.mx\/#\/schema\/logo\/image\/\"},\"sameAs\":[\"https:\/\/www.facebook.com\/eticacomunica\"]},{\"@type\":\"Person\",\"@id\":\"https:\/\/eticacomunica.com.mx\/#\/schema\/person\/2cacc47bd17fe8ad92f08c0313d22fa6\",\"name\":\"etica\",\"image\":{\"@type\":\"ImageObject\",\"inLanguage\":\"es\",\"@id\":\"https:\/\/secure.gravatar.com\/avatar\/dfb45d32bc7097f8f06d6e4f6e6b387e7cb8fd5b3a2869265c40587ab62cab1e?s=96&d=mm&r=g\",\"url\":\"https:\/\/secure.gravatar.com\/avatar\/dfb45d32bc7097f8f06d6e4f6e6b387e7cb8fd5b3a2869265c40587ab62cab1e?s=96&d=mm&r=g\",\"contentUrl\":\"https:\/\/secure.gravatar.com\/avatar\/dfb45d32bc7097f8f06d6e4f6e6b387e7cb8fd5b3a2869265c40587ab62cab1e?s=96&d=mm&r=g\",\"caption\":\"etica\"},\"sameAs\":[\"https:\/\/eticacomunica.com.mx\"],\"url\":\"https:\/\/eticacomunica.com.mx\/?author=1\"}]}<\/script>\n<!-- \/ Yoast SEO plugin. -->","yoast_head_json":{"title":"Logra la Facultad de Ciencias de la Tierra y el Espacio de la UAS aceptaci\u00f3n del 100 por ciento de sus alumnos aspirantes al Verano Delf\u00edn 2026 - \u00c9tica Comunica","robots":{"index":"index","follow":"follow","max-snippet":"max-snippet:-1","max-image-preview":"max-image-preview:large","max-video-preview":"max-video-preview:-1"},"canonical":"https:\/\/eticacomunica.com.mx\/?p=32424","og_locale":"es_MX","og_type":"article","og_title":"Logra la Facultad de Ciencias de la Tierra y el Espacio de la UAS aceptaci\u00f3n del 100 por ciento de sus alumnos aspirantes al Verano Delf\u00edn 2026 - \u00c9tica Comunica","og_description":"La Facultad de Ciencias de la Tierra y del Espacio (FACITE) de la Universidad Aut\u00f3noma de Sinaloa (UAS) obtuvo resultados sobresalientes en la convocatoria del Programa Interinstitucional para el Fortalecimiento&hellip;","og_url":"https:\/\/eticacomunica.com.mx\/?p=32424","og_site_name":"\u00c9tica Comunica","article_publisher":"https:\/\/www.facebook.com\/eticacomunica","article_published_time":"2026-04-30T20:13:14+00:00","author":"etica","twitter_card":"summary_large_image","twitter_misc":{"Escrito por":"etica","Tiempo de lectura":"2 minutos"},"schema":{"@context":"https:\/\/schema.org","@graph":[{"@type":"Article","@id":"https:\/\/eticacomunica.com.mx\/?p=32424#article","isPartOf":{"@id":"https:\/\/eticacomunica.com.mx\/?p=32424"},"author":{"name":"etica","@id":"https:\/\/eticacomunica.com.mx\/#\/schema\/person\/2cacc47bd17fe8ad92f08c0313d22fa6"},"headline":"Logra la Facultad de Ciencias de la Tierra y el Espacio de la UAS aceptaci\u00f3n del 100 por ciento de sus alumnos aspirantes al Verano Delf\u00edn 2026","datePublished":"2026-04-30T20:13:14+00:00","mainEntityOfPage":{"@id":"https:\/\/eticacomunica.com.mx\/?p=32424"},"wordCount":472,"commentCount":0,"publisher":{"@id":"https:\/\/eticacomunica.com.mx\/#organization"},"image":{"@id":"https:\/\/eticacomunica.com.mx\/?p=32424#primaryimage"},"thumbnailUrl":"https:\/\/eticacomunica.com.mx\/wp-content\/uploads\/2026\/04\/IMG-20260430-WA0011.jpg","keywords":["UAS"],"articleSection":["Educaci\u00f3n"],"inLanguage":"es","potentialAction":[{"@type":"CommentAction","name":"Comment","target":["https:\/\/eticacomunica.com.mx\/?p=32424#respond"]}]},{"@type":"WebPage","@id":"https:\/\/eticacomunica.com.mx\/?p=32424","url":"https:\/\/eticacomunica.com.mx\/?p=32424","name":"Logra la Facultad de Ciencias de la Tierra y el Espacio de la UAS aceptaci\u00f3n del 100 por ciento de sus alumnos aspirantes al Verano Delf\u00edn 2026 - \u00c9tica Comunica","isPartOf":{"@id":"https:\/\/eticacomunica.com.mx\/#website"},"primaryImageOfPage":{"@id":"https:\/\/eticacomunica.com.mx\/?p=32424#primaryimage"},"image":{"@id":"https:\/\/eticacomunica.com.mx\/?p=32424#primaryimage"},"thumbnailUrl":"https:\/\/eticacomunica.com.mx\/wp-content\/uploads\/2026\/04\/IMG-20260430-WA0011.jpg","datePublished":"2026-04-30T20:13:14+00:00","breadcrumb":{"@id":"https:\/\/eticacomunica.com.mx\/?p=32424#breadcrumb"},"inLanguage":"es","potentialAction":[{"@type":"ReadAction","target":["https:\/\/eticacomunica.com.mx\/?p=32424"]}]},{"@type":"ImageObject","inLanguage":"es","@id":"https:\/\/eticacomunica.com.mx\/?p=32424#primaryimage","url":"https:\/\/eticacomunica.com.mx\/wp-content\/uploads\/2026\/04\/IMG-20260430-WA0011.jpg","contentUrl":"https:\/\/eticacomunica.com.mx\/wp-content\/uploads\/2026\/04\/IMG-20260430-WA0011.jpg","width":1600,"height":1066},{"@type":"BreadcrumbList","@id":"https:\/\/eticacomunica.com.mx\/?p=32424#breadcrumb","itemListElement":[{"@type":"ListItem","position":1,"name":"Inicio","item":"https:\/\/eticacomunica.com.mx\/"},{"@type":"ListItem","position":2,"name":"Logra la Facultad de Ciencias de la Tierra y el Espacio de la UAS aceptaci\u00f3n del 100 por ciento de sus alumnos aspirantes al Verano Delf\u00edn 2026"}]},{"@type":"WebSite","@id":"https:\/\/eticacomunica.com.mx\/#website","url":"https:\/\/eticacomunica.com.mx\/","name":"\u00c9tica Comunica","description":"Diario Digital","publisher":{"@id":"https:\/\/eticacomunica.com.mx\/#organization"},"potentialAction":[{"@type":"SearchAction","target":{"@type":"EntryPoint","urlTemplate":"https:\/\/eticacomunica.com.mx\/?s={search_term_string}"},"query-input":{"@type":"PropertyValueSpecification","valueRequired":true,"valueName":"search_term_string"}}],"inLanguage":"es"},{"@type":"Organization","@id":"https:\/\/eticacomunica.com.mx\/#organization","name":"Diarios Digitales de Sinaloa","url":"https:\/\/eticacomunica.com.mx\/","logo":{"@type":"ImageObject","inLanguage":"es","@id":"https:\/\/eticacomunica.com.mx\/#\/schema\/logo\/image\/","url":"https:\/\/eticacomunica.com.mx\/wp-content\/uploads\/2023\/10\/etica-logo.png","contentUrl":"https:\/\/eticacomunica.com.mx\/wp-content\/uploads\/2023\/10\/etica-logo.png","width":1280,"height":432,"caption":"Diarios Digitales de Sinaloa"},"image":{"@id":"https:\/\/eticacomunica.com.mx\/#\/schema\/logo\/image\/"},"sameAs":["https:\/\/www.facebook.com\/eticacomunica"]},{"@type":"Person","@id":"https:\/\/eticacomunica.com.mx\/#\/schema\/person\/2cacc47bd17fe8ad92f08c0313d22fa6","name":"etica","image":{"@type":"ImageObject","inLanguage":"es","@id":"https:\/\/secure.gravatar.com\/avatar\/dfb45d32bc7097f8f06d6e4f6e6b387e7cb8fd5b3a2869265c40587ab62cab1e?s=96&d=mm&r=g","url":"https:\/\/secure.gravatar.com\/avatar\/dfb45d32bc7097f8f06d6e4f6e6b387e7cb8fd5b3a2869265c40587ab62cab1e?s=96&d=mm&r=g","contentUrl":"https:\/\/secure.gravatar.com\/avatar\/dfb45d32bc7097f8f06d6e4f6e6b387e7cb8fd5b3a2869265c40587ab62cab1e?s=96&d=mm&r=g","caption":"etica"},"sameAs":["https:\/\/eticacomunica.com.mx"],"url":"https:\/\/eticacomunica.com.mx\/?author=1"}]}},"jetpack_publicize_connections":[],"jetpack_featured_media_url":"https:\/\/eticacomunica.com.mx\/wp-content\/uploads\/2026\/04\/IMG-20260430-WA0011.jpg","jetpack_sharing_enabled":true,"_links":{"self":[{"href":"https:\/\/eticacomunica.com.mx\/index.php?rest_route=\/wp\/v2\/posts\/32424","targetHints":{"allow":["GET"]}}],"collection":[{"href":"https:\/\/eticacomunica.com.mx\/index.php?rest_route=\/wp\/v2\/posts"}],"about":[{"href":"https:\/\/eticacomunica.com.mx\/index.php?rest_route=\/wp\/v2\/types\/post"}],"author":[{"embeddable":true,"href":"https:\/\/eticacomunica.com.mx\/index.php?rest_route=\/wp\/v2\/users\/1"}],"replies":[{"embeddable":true,"href":"https:\/\/eticacomunica.com.mx\/index.php?rest_route=%2Fwp%2Fv2%2Fcomments&post=32424"}],"version-history":[{"count":0,"href":"https:\/\/eticacomunica.com.mx\/index.php?rest_route=\/wp\/v2\/posts\/32424\/revisions"}],"wp:featuredmedia":[{"embeddable":true,"href":"https:\/\/eticacomunica.com.mx\/index.php?rest_route=\/wp\/v2\/media\/32423"}],"wp:attachment":[{"href":"https:\/\/eticacomunica.com.mx\/index.php?rest_route=%2Fwp%2Fv2%2Fmedia&parent=32424"}],"wp:term":[{"taxonomy":"category","embeddable":true,"href":"https:\/\/eticacomunica.com.mx\/index.php?rest_route=%2Fwp%2Fv2%2Fcategories&post=32424"},{"taxonomy":"post_tag","embeddable":true,"href":"https:\/\/eticacomunica.com.mx\/index.php?rest_route=%2Fwp%2Fv2%2Ftags&post=32424"}],"curies":[{"name":"wp","href":"https:\/\/api.w.org\/{rel}","templated":true}]}}