{"id":32428,"date":"2026-04-30T16:27:30","date_gmt":"2026-04-30T23:27:30","guid":{"rendered":"https:\/\/eticacomunica.com.mx\/?p=32428"},"modified":"2026-04-30T16:27:30","modified_gmt":"2026-04-30T23:27:30","slug":"gobernador-rocha-moya-destaco-la-defensa-de-la-soberania-de-mexico-por-parte-de-la-presidenta-sheinbaum","status":"publish","type":"post","link":"https:\/\/eticacomunica.com.mx\/?p=32428","title":{"rendered":"Gobernador Rocha Moya destac\u00f3 la defensa de la soberan\u00eda de M\u00e9xico por parte de la presidenta Sheinbaum"},"content":{"rendered":"\n<p>El mandatario estatal dijo que la postura que emiti\u00f3 esta ma\u00f1ana la presidenta, es la de una Jefa de Estado ante se\u00f1alamientos provenientes del extranjero.<br><br>Navolato, Sinaloa, a 30 de abril de 2026.- El gobernador Rub\u00e9n Rocha Moya afirm\u00f3 que el posicionamiento fijado por la presidenta Claudia Sheinbaum debe leerse en una sola dimensi\u00f3n: la defensa de la soberan\u00eda de M\u00e9xico frente a se\u00f1alamientos provenientes del extranjero.<br><br>Entrevistado por medios de comunicaci\u00f3n durante una gira de trabajo por el municipio de Navolato, el gobernador Rocha dijo estar tranquilo y trabajando, y tambi\u00e9n agradeci\u00f3 el respaldo que le han expresado las presidentas y presidentes municipales de Sinaloa, as\u00ed como muchas personas a t\u00edtulo personal.<br><br>\u201cEn realidad, la presidenta no hace respaldos personales, la presidenta lucha por la soberan\u00eda de M\u00e9xico, y la soberan\u00eda de M\u00e9xico la componemos todo el pueblo. Lo que ahora hizo, m\u00e1s que respaldos personales a alguien, lo que hizo es defender la soberan\u00eda de nuestro pa\u00eds\u201d, respondi\u00f3 al mandatario al pedirle su opini\u00f3n respecto al posicionamiento que hizo la presidenta Sheinbaum esta ma\u00f1ana desde Palacio Nacional.<br><br>El mandatario sinaloense calific\u00f3 estos se\u00f1alamientos emitidos por las autoridades de Justicia de Estados Unidos como sorprendentes, porque de su parte no hay absolutamente nada que temer, pues el que nada teme nada tiene que pagar, precis\u00f3.<br><br>\u201cVamos a hacer todo lo que marca la ley, no adelantemos v\u00edsperas, no hay nada que temer, no le temo a nada, yo siento ser una persona limpia completamente y no tengo temor de nada\u201d, reiter\u00f3.<br><br>Rocha Moya agradeci\u00f3 al apoyo recibido por las y los presidentes municipales, que se hizo p\u00fablico por medio de un desplegado, y tambi\u00e9n extendi\u00f3 su agradecimiento a las personas que a t\u00edtulo personal se lo han expresado.<br><br>En cuanto al posicionamiento de la presidenta Sheinbaum, destac\u00f3 que se trata de una postura de Estadista, como Jefa de Estado en defensa de la soberan\u00eda de M\u00e9xico.<br><br>\u201cYo aprecio mucho y por supuesto me parece todo muy bien, el posicionamiento que tuvo la presidenta, para no hablar de cosas en particular, su posicionamiento lo hizo como una Jefa de Estado, la presidenta es una estadista, es una mujer que atiende las cosas del Estado, y en este caso la cosa m\u00e1s importante es defender la soberan\u00eda, m\u00e1s que defender a fulano o mengano\u201d, concluy\u00f3.<\/p>\n","protected":false},"excerpt":{"rendered":"<p>El mandatario estatal dijo que la postura que emiti\u00f3 esta ma\u00f1ana la presidenta, es la de una Jefa de Estado ante se\u00f1alamientos provenientes del extranjero. Navolato, Sinaloa, a 30 de&hellip;<\/p>\n","protected":false},"author":1,"featured_media":32427,"comment_status":"open","ping_status":"open","sticky":false,"template":"","format":"standard","meta":{"_jetpack_memberships_contains_paid_content":false,"footnotes":"","jetpack_publicize_message":"","jetpack_publicize_feature_enabled":true,"jetpack_social_post_already_shared":true,"jetpack_social_options":{"image_generator_settings":{"template":"highway","default_image_id":0,"font":"","enabled":false},"version":2}},"categories":[207,26],"tags":[34],"class_list":["post-32428","post","type-post","status-publish","format-standard","has-post-thumbnail","hentry","category-ges","category-portada","tag-gobierno-del-estado-de-sinaloa"],"yoast_head":"<!-- This site is optimized with the Yoast SEO plugin v27.2 - https:\/\/yoast.com\/product\/yoast-seo-wordpress\/ -->\n<title>Gobernador Rocha Moya destac\u00f3 la defensa de la soberan\u00eda de M\u00e9xico por parte de la presidenta Sheinbaum - \u00c9tica Comunica<\/title>\n<meta name=\"robots\" content=\"index, follow, max-snippet:-1, max-image-preview:large, max-video-preview:-1\" \/>\n<link rel=\"canonical\" href=\"https:\/\/eticacomunica.com.mx\/?p=32428\" \/>\n<meta property=\"og:locale\" content=\"es_MX\" \/>\n<meta property=\"og:type\" content=\"article\" \/>\n<meta property=\"og:title\" content=\"Gobernador Rocha Moya destac\u00f3 la defensa de la soberan\u00eda de M\u00e9xico por parte de la presidenta Sheinbaum - \u00c9tica Comunica\" \/>\n<meta property=\"og:description\" content=\"El mandatario estatal dijo que la postura que emiti\u00f3 esta ma\u00f1ana la presidenta, es la de una Jefa de Estado ante se\u00f1alamientos provenientes del extranjero. Navolato, Sinaloa, a 30 de&hellip;\" \/>\n<meta property=\"og:url\" content=\"https:\/\/eticacomunica.com.mx\/?p=32428\" \/>\n<meta property=\"og:site_name\" content=\"\u00c9tica Comunica\" \/>\n<meta property=\"article:publisher\" content=\"https:\/\/www.facebook.com\/eticacomunica\" \/>\n<meta property=\"article:published_time\" content=\"2026-04-30T23:27:30+00:00\" \/>\n<meta name=\"author\" content=\"etica\" \/>\n<meta name=\"twitter:card\" content=\"summary_large_image\" \/>\n<meta name=\"twitter:label1\" content=\"Escrito por\" \/>\n\t<meta name=\"twitter:data1\" content=\"etica\" \/>\n\t<meta name=\"twitter:label2\" content=\"Tiempo de lectura\" \/>\n\t<meta name=\"twitter:data2\" content=\"2 minutos\" \/>\n<script type=\"application\/ld+json\" class=\"yoast-schema-graph\">{\"@context\":\"https:\/\/schema.org\",\"@graph\":[{\"@type\":\"Article\",\"@id\":\"https:\/\/eticacomunica.com.mx\/?p=32428#article\",\"isPartOf\":{\"@id\":\"https:\/\/eticacomunica.com.mx\/?p=32428\"},\"author\":{\"name\":\"etica\",\"@id\":\"https:\/\/eticacomunica.com.mx\/#\/schema\/person\/2cacc47bd17fe8ad92f08c0313d22fa6\"},\"headline\":\"Gobernador Rocha Moya destac\u00f3 la defensa de la soberan\u00eda de M\u00e9xico por parte de la presidenta Sheinbaum\",\"datePublished\":\"2026-04-30T23:27:30+00:00\",\"mainEntityOfPage\":{\"@id\":\"https:\/\/eticacomunica.com.mx\/?p=32428\"},\"wordCount\":431,\"commentCount\":0,\"publisher\":{\"@id\":\"https:\/\/eticacomunica.com.mx\/#organization\"},\"image\":{\"@id\":\"https:\/\/eticacomunica.com.mx\/?p=32428#primaryimage\"},\"thumbnailUrl\":\"https:\/\/eticacomunica.com.mx\/wp-content\/uploads\/2026\/04\/FB_IMG_1777591542211.jpg\",\"keywords\":[\"Gobierno del Estado de Sinaloa\"],\"articleSection\":[\"GES\",\"Portada\"],\"inLanguage\":\"es\",\"potentialAction\":[{\"@type\":\"CommentAction\",\"name\":\"Comment\",\"target\":[\"https:\/\/eticacomunica.com.mx\/?p=32428#respond\"]}]},{\"@type\":\"WebPage\",\"@id\":\"https:\/\/eticacomunica.com.mx\/?p=32428\",\"url\":\"https:\/\/eticacomunica.com.mx\/?p=32428\",\"name\":\"Gobernador Rocha Moya destac\u00f3 la defensa de la soberan\u00eda de M\u00e9xico por parte de la presidenta Sheinbaum - \u00c9tica Comunica\",\"isPartOf\":{\"@id\":\"https:\/\/eticacomunica.com.mx\/#website\"},\"primaryImageOfPage\":{\"@id\":\"https:\/\/eticacomunica.com.mx\/?p=32428#primaryimage\"},\"image\":{\"@id\":\"https:\/\/eticacomunica.com.mx\/?p=32428#primaryimage\"},\"thumbnailUrl\":\"https:\/\/eticacomunica.com.mx\/wp-content\/uploads\/2026\/04\/FB_IMG_1777591542211.jpg\",\"datePublished\":\"2026-04-30T23:27:30+00:00\",\"breadcrumb\":{\"@id\":\"https:\/\/eticacomunica.com.mx\/?p=32428#breadcrumb\"},\"inLanguage\":\"es\",\"potentialAction\":[{\"@type\":\"ReadAction\",\"target\":[\"https:\/\/eticacomunica.com.mx\/?p=32428\"]}]},{\"@type\":\"ImageObject\",\"inLanguage\":\"es\",\"@id\":\"https:\/\/eticacomunica.com.mx\/?p=32428#primaryimage\",\"url\":\"https:\/\/eticacomunica.com.mx\/wp-content\/uploads\/2026\/04\/FB_IMG_1777591542211.jpg\",\"contentUrl\":\"https:\/\/eticacomunica.com.mx\/wp-content\/uploads\/2026\/04\/FB_IMG_1777591542211.jpg\",\"width\":1080,\"height\":720},{\"@type\":\"BreadcrumbList\",\"@id\":\"https:\/\/eticacomunica.com.mx\/?p=32428#breadcrumb\",\"itemListElement\":[{\"@type\":\"ListItem\",\"position\":1,\"name\":\"Inicio\",\"item\":\"https:\/\/eticacomunica.com.mx\/\"},{\"@type\":\"ListItem\",\"position\":2,\"name\":\"Gobernador Rocha Moya destac\u00f3 la defensa de la soberan\u00eda de M\u00e9xico por parte de la presidenta Sheinbaum\"}]},{\"@type\":\"WebSite\",\"@id\":\"https:\/\/eticacomunica.com.mx\/#website\",\"url\":\"https:\/\/eticacomunica.com.mx\/\",\"name\":\"\u00c9tica Comunica\",\"description\":\"Diario Digital\",\"publisher\":{\"@id\":\"https:\/\/eticacomunica.com.mx\/#organization\"},\"potentialAction\":[{\"@type\":\"SearchAction\",\"target\":{\"@type\":\"EntryPoint\",\"urlTemplate\":\"https:\/\/eticacomunica.com.mx\/?s={search_term_string}\"},\"query-input\":{\"@type\":\"PropertyValueSpecification\",\"valueRequired\":true,\"valueName\":\"search_term_string\"}}],\"inLanguage\":\"es\"},{\"@type\":\"Organization\",\"@id\":\"https:\/\/eticacomunica.com.mx\/#organization\",\"name\":\"Diarios Digitales de Sinaloa\",\"url\":\"https:\/\/eticacomunica.com.mx\/\",\"logo\":{\"@type\":\"ImageObject\",\"inLanguage\":\"es\",\"@id\":\"https:\/\/eticacomunica.com.mx\/#\/schema\/logo\/image\/\",\"url\":\"https:\/\/eticacomunica.com.mx\/wp-content\/uploads\/2023\/10\/etica-logo.png\",\"contentUrl\":\"https:\/\/eticacomunica.com.mx\/wp-content\/uploads\/2023\/10\/etica-logo.png\",\"width\":1280,\"height\":432,\"caption\":\"Diarios Digitales de Sinaloa\"},\"image\":{\"@id\":\"https:\/\/eticacomunica.com.mx\/#\/schema\/logo\/image\/\"},\"sameAs\":[\"https:\/\/www.facebook.com\/eticacomunica\"]},{\"@type\":\"Person\",\"@id\":\"https:\/\/eticacomunica.com.mx\/#\/schema\/person\/2cacc47bd17fe8ad92f08c0313d22fa6\",\"name\":\"etica\",\"image\":{\"@type\":\"ImageObject\",\"inLanguage\":\"es\",\"@id\":\"https:\/\/secure.gravatar.com\/avatar\/dfb45d32bc7097f8f06d6e4f6e6b387e7cb8fd5b3a2869265c40587ab62cab1e?s=96&d=mm&r=g\",\"url\":\"https:\/\/secure.gravatar.com\/avatar\/dfb45d32bc7097f8f06d6e4f6e6b387e7cb8fd5b3a2869265c40587ab62cab1e?s=96&d=mm&r=g\",\"contentUrl\":\"https:\/\/secure.gravatar.com\/avatar\/dfb45d32bc7097f8f06d6e4f6e6b387e7cb8fd5b3a2869265c40587ab62cab1e?s=96&d=mm&r=g\",\"caption\":\"etica\"},\"sameAs\":[\"https:\/\/eticacomunica.com.mx\"],\"url\":\"https:\/\/eticacomunica.com.mx\/?author=1\"}]}<\/script>\n<!-- \/ Yoast SEO plugin. -->","yoast_head_json":{"title":"Gobernador Rocha Moya destac\u00f3 la defensa de la soberan\u00eda de M\u00e9xico por parte de la presidenta Sheinbaum - \u00c9tica Comunica","robots":{"index":"index","follow":"follow","max-snippet":"max-snippet:-1","max-image-preview":"max-image-preview:large","max-video-preview":"max-video-preview:-1"},"canonical":"https:\/\/eticacomunica.com.mx\/?p=32428","og_locale":"es_MX","og_type":"article","og_title":"Gobernador Rocha Moya destac\u00f3 la defensa de la soberan\u00eda de M\u00e9xico por parte de la presidenta Sheinbaum - \u00c9tica Comunica","og_description":"El mandatario estatal dijo que la postura que emiti\u00f3 esta ma\u00f1ana la presidenta, es la de una Jefa de Estado ante se\u00f1alamientos provenientes del extranjero. Navolato, Sinaloa, a 30 de&hellip;","og_url":"https:\/\/eticacomunica.com.mx\/?p=32428","og_site_name":"\u00c9tica Comunica","article_publisher":"https:\/\/www.facebook.com\/eticacomunica","article_published_time":"2026-04-30T23:27:30+00:00","author":"etica","twitter_card":"summary_large_image","twitter_misc":{"Escrito por":"etica","Tiempo de lectura":"2 minutos"},"schema":{"@context":"https:\/\/schema.org","@graph":[{"@type":"Article","@id":"https:\/\/eticacomunica.com.mx\/?p=32428#article","isPartOf":{"@id":"https:\/\/eticacomunica.com.mx\/?p=32428"},"author":{"name":"etica","@id":"https:\/\/eticacomunica.com.mx\/#\/schema\/person\/2cacc47bd17fe8ad92f08c0313d22fa6"},"headline":"Gobernador Rocha Moya destac\u00f3 la defensa de la soberan\u00eda de M\u00e9xico por parte de la presidenta Sheinbaum","datePublished":"2026-04-30T23:27:30+00:00","mainEntityOfPage":{"@id":"https:\/\/eticacomunica.com.mx\/?p=32428"},"wordCount":431,"commentCount":0,"publisher":{"@id":"https:\/\/eticacomunica.com.mx\/#organization"},"image":{"@id":"https:\/\/eticacomunica.com.mx\/?p=32428#primaryimage"},"thumbnailUrl":"https:\/\/eticacomunica.com.mx\/wp-content\/uploads\/2026\/04\/FB_IMG_1777591542211.jpg","keywords":["Gobierno del Estado de Sinaloa"],"articleSection":["GES","Portada"],"inLanguage":"es","potentialAction":[{"@type":"CommentAction","name":"Comment","target":["https:\/\/eticacomunica.com.mx\/?p=32428#respond"]}]},{"@type":"WebPage","@id":"https:\/\/eticacomunica.com.mx\/?p=32428","url":"https:\/\/eticacomunica.com.mx\/?p=32428","name":"Gobernador Rocha Moya destac\u00f3 la defensa de la soberan\u00eda de M\u00e9xico por parte de la presidenta Sheinbaum - \u00c9tica Comunica","isPartOf":{"@id":"https:\/\/eticacomunica.com.mx\/#website"},"primaryImageOfPage":{"@id":"https:\/\/eticacomunica.com.mx\/?p=32428#primaryimage"},"image":{"@id":"https:\/\/eticacomunica.com.mx\/?p=32428#primaryimage"},"thumbnailUrl":"https:\/\/eticacomunica.com.mx\/wp-content\/uploads\/2026\/04\/FB_IMG_1777591542211.jpg","datePublished":"2026-04-30T23:27:30+00:00","breadcrumb":{"@id":"https:\/\/eticacomunica.com.mx\/?p=32428#breadcrumb"},"inLanguage":"es","potentialAction":[{"@type":"ReadAction","target":["https:\/\/eticacomunica.com.mx\/?p=32428"]}]},{"@type":"ImageObject","inLanguage":"es","@id":"https:\/\/eticacomunica.com.mx\/?p=32428#primaryimage","url":"https:\/\/eticacomunica.com.mx\/wp-content\/uploads\/2026\/04\/FB_IMG_1777591542211.jpg","contentUrl":"https:\/\/eticacomunica.com.mx\/wp-content\/uploads\/2026\/04\/FB_IMG_1777591542211.jpg","width":1080,"height":720},{"@type":"BreadcrumbList","@id":"https:\/\/eticacomunica.com.mx\/?p=32428#breadcrumb","itemListElement":[{"@type":"ListItem","position":1,"name":"Inicio","item":"https:\/\/eticacomunica.com.mx\/"},{"@type":"ListItem","position":2,"name":"Gobernador Rocha Moya destac\u00f3 la defensa de la soberan\u00eda de M\u00e9xico por parte de la presidenta Sheinbaum"}]},{"@type":"WebSite","@id":"https:\/\/eticacomunica.com.mx\/#website","url":"https:\/\/eticacomunica.com.mx\/","name":"\u00c9tica Comunica","description":"Diario Digital","publisher":{"@id":"https:\/\/eticacomunica.com.mx\/#organization"},"potentialAction":[{"@type":"SearchAction","target":{"@type":"EntryPoint","urlTemplate":"https:\/\/eticacomunica.com.mx\/?s={search_term_string}"},"query-input":{"@type":"PropertyValueSpecification","valueRequired":true,"valueName":"search_term_string"}}],"inLanguage":"es"},{"@type":"Organization","@id":"https:\/\/eticacomunica.com.mx\/#organization","name":"Diarios Digitales de Sinaloa","url":"https:\/\/eticacomunica.com.mx\/","logo":{"@type":"ImageObject","inLanguage":"es","@id":"https:\/\/eticacomunica.com.mx\/#\/schema\/logo\/image\/","url":"https:\/\/eticacomunica.com.mx\/wp-content\/uploads\/2023\/10\/etica-logo.png","contentUrl":"https:\/\/eticacomunica.com.mx\/wp-content\/uploads\/2023\/10\/etica-logo.png","width":1280,"height":432,"caption":"Diarios Digitales de Sinaloa"},"image":{"@id":"https:\/\/eticacomunica.com.mx\/#\/schema\/logo\/image\/"},"sameAs":["https:\/\/www.facebook.com\/eticacomunica"]},{"@type":"Person","@id":"https:\/\/eticacomunica.com.mx\/#\/schema\/person\/2cacc47bd17fe8ad92f08c0313d22fa6","name":"etica","image":{"@type":"ImageObject","inLanguage":"es","@id":"https:\/\/secure.gravatar.com\/avatar\/dfb45d32bc7097f8f06d6e4f6e6b387e7cb8fd5b3a2869265c40587ab62cab1e?s=96&d=mm&r=g","url":"https:\/\/secure.gravatar.com\/avatar\/dfb45d32bc7097f8f06d6e4f6e6b387e7cb8fd5b3a2869265c40587ab62cab1e?s=96&d=mm&r=g","contentUrl":"https:\/\/secure.gravatar.com\/avatar\/dfb45d32bc7097f8f06d6e4f6e6b387e7cb8fd5b3a2869265c40587ab62cab1e?s=96&d=mm&r=g","caption":"etica"},"sameAs":["https:\/\/eticacomunica.com.mx"],"url":"https:\/\/eticacomunica.com.mx\/?author=1"}]}},"jetpack_publicize_connections":[],"jetpack_featured_media_url":"https:\/\/eticacomunica.com.mx\/wp-content\/uploads\/2026\/04\/FB_IMG_1777591542211.jpg","jetpack_sharing_enabled":true,"_links":{"self":[{"href":"https:\/\/eticacomunica.com.mx\/index.php?rest_route=\/wp\/v2\/posts\/32428","targetHints":{"allow":["GET"]}}],"collection":[{"href":"https:\/\/eticacomunica.com.mx\/index.php?rest_route=\/wp\/v2\/posts"}],"about":[{"href":"https:\/\/eticacomunica.com.mx\/index.php?rest_route=\/wp\/v2\/types\/post"}],"author":[{"embeddable":true,"href":"https:\/\/eticacomunica.com.mx\/index.php?rest_route=\/wp\/v2\/users\/1"}],"replies":[{"embeddable":true,"href":"https:\/\/eticacomunica.com.mx\/index.php?rest_route=%2Fwp%2Fv2%2Fcomments&post=32428"}],"version-history":[{"count":0,"href":"https:\/\/eticacomunica.com.mx\/index.php?rest_route=\/wp\/v2\/posts\/32428\/revisions"}],"wp:featuredmedia":[{"embeddable":true,"href":"https:\/\/eticacomunica.com.mx\/index.php?rest_route=\/wp\/v2\/media\/32427"}],"wp:attachment":[{"href":"https:\/\/eticacomunica.com.mx\/index.php?rest_route=%2Fwp%2Fv2%2Fmedia&parent=32428"}],"wp:term":[{"taxonomy":"category","embeddable":true,"href":"https:\/\/eticacomunica.com.mx\/index.php?rest_route=%2Fwp%2Fv2%2Fcategories&post=32428"},{"taxonomy":"post_tag","embeddable":true,"href":"https:\/\/eticacomunica.com.mx\/index.php?rest_route=%2Fwp%2Fv2%2Ftags&post=32428"}],"curies":[{"name":"wp","href":"https:\/\/api.w.org\/{rel}","templated":true}]}}