{"id":32440,"date":"2026-05-01T12:20:17","date_gmt":"2026-05-01T19:20:17","guid":{"rendered":"https:\/\/eticacomunica.com.mx\/?p=32440"},"modified":"2026-05-01T12:20:17","modified_gmt":"2026-05-01T19:20:17","slug":"acuerdan-gobierno-de-sinaloa-y-stase-aumento-salarial-historico-del-10-por-ciento","status":"publish","type":"post","link":"https:\/\/eticacomunica.com.mx\/?p=32440","title":{"rendered":"Acuerdan Gobierno de Sinaloa y STASE aumento salarial hist\u00f3rico del 10 por ciento"},"content":{"rendered":"\n<p>El gobernador Rocha siempre ha respaldado a los trabajadores estatales, le reconocemos su apoyo: Michel Ben\u00edtez.<br><br>Culiac\u00e1n, Sinaloa, a 1 de mayo de 2026.- El Gobierno de Sinaloa y el Sindicato de Trabajadores al Servicio del Estado acordaron este d\u00eda un aumento salarial del 10 por ciento, adem\u00e1s de mejoras en otras prestaciones.<br><br>Este viernes se reunieron el gobernador Rub\u00e9n Rocha Moya y el secretario general del Stase, Michel Ben\u00edtez Uriarte, y en un di\u00e1logo abierto cerraron las negociaciones del pliego petitorio 2026 alcanzando acuerdos de mejoras econ\u00f3micas para los trabajadores.<br><br>\u201cCon \u00e9l se han conseguido los mejores aumentos salariales, y esta vez se logr\u00f3 un aumento hist\u00f3rico del 10 por ciento\u201d, dijo el l\u00edder sindical, quien destac\u00f3 la total disposici\u00f3n del Poder Ejecutivo en las negociaciones.<br><br>Detall\u00f3 que adem\u00e1s del aumento al sueldo base, se consiguieron mejoras en varias prestaciones y otros logros para la clase trabajadora.<br><br>Agradeci\u00f3 y reconoci\u00f3 la total disposici\u00f3n y respaldo del gobernador Rub\u00e9n Rocha Moya con los trabajadores estatales.<br><br>\u201cLa relaci\u00f3n con el gobernador siempre ha sido muy buena, siempre ha estado ocupado de los trabajadores y sus necesidades, le reiteramos nuestro reconocimiento\u201d, enfatiz\u00f3 Ben\u00edtez Uriarte.<br><br>Por su parte, el subsecretario de Administraci\u00f3n, Carlos C\u00e9sar Castro Garc\u00eda, tambi\u00e9n reiter\u00f3 el total respaldo del Gobierno de Sinaloa a la base trabajadora, y dijo que el gobernador Rocha seguir\u00e1 apoy\u00e1ndolos.<br><br>\u201cDa gusto escuchar el agradecimiento que tienen con el gobernador porque ha sido el que m\u00e1s los ha apoyado, siempre con un trato cordial y con buenas relaciones\u201d, indic\u00f3 el funcionario estatal.<\/p>\n","protected":false},"excerpt":{"rendered":"<p>El gobernador Rocha siempre ha respaldado a los trabajadores estatales, le reconocemos su apoyo: Michel Ben\u00edtez. Culiac\u00e1n, Sinaloa, a 1 de mayo de 2026.- El Gobierno de Sinaloa y el&hellip;<\/p>\n","protected":false},"author":1,"featured_media":32439,"comment_status":"open","ping_status":"open","sticky":false,"template":"","format":"standard","meta":{"_jetpack_memberships_contains_paid_content":false,"footnotes":"","jetpack_publicize_message":"","jetpack_publicize_feature_enabled":true,"jetpack_social_post_already_shared":true,"jetpack_social_options":{"image_generator_settings":{"template":"highway","default_image_id":0,"font":"","enabled":false},"version":2}},"categories":[207,26],"tags":[34],"class_list":["post-32440","post","type-post","status-publish","format-standard","has-post-thumbnail","hentry","category-ges","category-portada","tag-gobierno-del-estado-de-sinaloa"],"yoast_head":"<!-- This site is optimized with the Yoast SEO plugin v27.2 - https:\/\/yoast.com\/product\/yoast-seo-wordpress\/ -->\n<title>Acuerdan Gobierno de Sinaloa y STASE aumento salarial hist\u00f3rico del 10 por ciento - \u00c9tica Comunica<\/title>\n<meta name=\"robots\" content=\"index, follow, max-snippet:-1, max-image-preview:large, max-video-preview:-1\" \/>\n<link rel=\"canonical\" href=\"https:\/\/eticacomunica.com.mx\/?p=32440\" \/>\n<meta property=\"og:locale\" content=\"es_MX\" \/>\n<meta property=\"og:type\" content=\"article\" \/>\n<meta property=\"og:title\" content=\"Acuerdan Gobierno de Sinaloa y STASE aumento salarial hist\u00f3rico del 10 por ciento - \u00c9tica Comunica\" \/>\n<meta property=\"og:description\" content=\"El gobernador Rocha siempre ha respaldado a los trabajadores estatales, le reconocemos su apoyo: Michel Ben\u00edtez. Culiac\u00e1n, Sinaloa, a 1 de mayo de 2026.- El Gobierno de Sinaloa y el&hellip;\" \/>\n<meta property=\"og:url\" content=\"https:\/\/eticacomunica.com.mx\/?p=32440\" \/>\n<meta property=\"og:site_name\" content=\"\u00c9tica Comunica\" \/>\n<meta property=\"article:publisher\" content=\"https:\/\/www.facebook.com\/eticacomunica\" \/>\n<meta property=\"article:published_time\" content=\"2026-05-01T19:20:17+00:00\" \/>\n<meta name=\"author\" content=\"etica\" \/>\n<meta name=\"twitter:card\" content=\"summary_large_image\" \/>\n<meta name=\"twitter:label1\" content=\"Escrito por\" \/>\n\t<meta name=\"twitter:data1\" content=\"etica\" \/>\n\t<meta name=\"twitter:label2\" content=\"Tiempo de lectura\" \/>\n\t<meta name=\"twitter:data2\" content=\"1 minuto\" \/>\n<script type=\"application\/ld+json\" class=\"yoast-schema-graph\">{\"@context\":\"https:\/\/schema.org\",\"@graph\":[{\"@type\":\"Article\",\"@id\":\"https:\/\/eticacomunica.com.mx\/?p=32440#article\",\"isPartOf\":{\"@id\":\"https:\/\/eticacomunica.com.mx\/?p=32440\"},\"author\":{\"name\":\"etica\",\"@id\":\"https:\/\/eticacomunica.com.mx\/#\/schema\/person\/2cacc47bd17fe8ad92f08c0313d22fa6\"},\"headline\":\"Acuerdan Gobierno de Sinaloa y STASE aumento salarial hist\u00f3rico del 10 por ciento\",\"datePublished\":\"2026-05-01T19:20:17+00:00\",\"mainEntityOfPage\":{\"@id\":\"https:\/\/eticacomunica.com.mx\/?p=32440\"},\"wordCount\":287,\"commentCount\":0,\"publisher\":{\"@id\":\"https:\/\/eticacomunica.com.mx\/#organization\"},\"image\":{\"@id\":\"https:\/\/eticacomunica.com.mx\/?p=32440#primaryimage\"},\"thumbnailUrl\":\"https:\/\/eticacomunica.com.mx\/wp-content\/uploads\/2026\/05\/IMG-20260501-WA0047.jpg\",\"keywords\":[\"Gobierno del Estado de Sinaloa\"],\"articleSection\":[\"GES\",\"Portada\"],\"inLanguage\":\"es\",\"potentialAction\":[{\"@type\":\"CommentAction\",\"name\":\"Comment\",\"target\":[\"https:\/\/eticacomunica.com.mx\/?p=32440#respond\"]}]},{\"@type\":\"WebPage\",\"@id\":\"https:\/\/eticacomunica.com.mx\/?p=32440\",\"url\":\"https:\/\/eticacomunica.com.mx\/?p=32440\",\"name\":\"Acuerdan Gobierno de Sinaloa y STASE aumento salarial hist\u00f3rico del 10 por ciento - \u00c9tica Comunica\",\"isPartOf\":{\"@id\":\"https:\/\/eticacomunica.com.mx\/#website\"},\"primaryImageOfPage\":{\"@id\":\"https:\/\/eticacomunica.com.mx\/?p=32440#primaryimage\"},\"image\":{\"@id\":\"https:\/\/eticacomunica.com.mx\/?p=32440#primaryimage\"},\"thumbnailUrl\":\"https:\/\/eticacomunica.com.mx\/wp-content\/uploads\/2026\/05\/IMG-20260501-WA0047.jpg\",\"datePublished\":\"2026-05-01T19:20:17+00:00\",\"breadcrumb\":{\"@id\":\"https:\/\/eticacomunica.com.mx\/?p=32440#breadcrumb\"},\"inLanguage\":\"es\",\"potentialAction\":[{\"@type\":\"ReadAction\",\"target\":[\"https:\/\/eticacomunica.com.mx\/?p=32440\"]}]},{\"@type\":\"ImageObject\",\"inLanguage\":\"es\",\"@id\":\"https:\/\/eticacomunica.com.mx\/?p=32440#primaryimage\",\"url\":\"https:\/\/eticacomunica.com.mx\/wp-content\/uploads\/2026\/05\/IMG-20260501-WA0047.jpg\",\"contentUrl\":\"https:\/\/eticacomunica.com.mx\/wp-content\/uploads\/2026\/05\/IMG-20260501-WA0047.jpg\",\"width\":1280,\"height\":854},{\"@type\":\"BreadcrumbList\",\"@id\":\"https:\/\/eticacomunica.com.mx\/?p=32440#breadcrumb\",\"itemListElement\":[{\"@type\":\"ListItem\",\"position\":1,\"name\":\"Inicio\",\"item\":\"https:\/\/eticacomunica.com.mx\/\"},{\"@type\":\"ListItem\",\"position\":2,\"name\":\"Acuerdan Gobierno de Sinaloa y STASE aumento salarial hist\u00f3rico del 10 por ciento\"}]},{\"@type\":\"WebSite\",\"@id\":\"https:\/\/eticacomunica.com.mx\/#website\",\"url\":\"https:\/\/eticacomunica.com.mx\/\",\"name\":\"\u00c9tica Comunica\",\"description\":\"Diario Digital\",\"publisher\":{\"@id\":\"https:\/\/eticacomunica.com.mx\/#organization\"},\"potentialAction\":[{\"@type\":\"SearchAction\",\"target\":{\"@type\":\"EntryPoint\",\"urlTemplate\":\"https:\/\/eticacomunica.com.mx\/?s={search_term_string}\"},\"query-input\":{\"@type\":\"PropertyValueSpecification\",\"valueRequired\":true,\"valueName\":\"search_term_string\"}}],\"inLanguage\":\"es\"},{\"@type\":\"Organization\",\"@id\":\"https:\/\/eticacomunica.com.mx\/#organization\",\"name\":\"Diarios Digitales de Sinaloa\",\"url\":\"https:\/\/eticacomunica.com.mx\/\",\"logo\":{\"@type\":\"ImageObject\",\"inLanguage\":\"es\",\"@id\":\"https:\/\/eticacomunica.com.mx\/#\/schema\/logo\/image\/\",\"url\":\"https:\/\/eticacomunica.com.mx\/wp-content\/uploads\/2023\/10\/etica-logo.png\",\"contentUrl\":\"https:\/\/eticacomunica.com.mx\/wp-content\/uploads\/2023\/10\/etica-logo.png\",\"width\":1280,\"height\":432,\"caption\":\"Diarios Digitales de Sinaloa\"},\"image\":{\"@id\":\"https:\/\/eticacomunica.com.mx\/#\/schema\/logo\/image\/\"},\"sameAs\":[\"https:\/\/www.facebook.com\/eticacomunica\"]},{\"@type\":\"Person\",\"@id\":\"https:\/\/eticacomunica.com.mx\/#\/schema\/person\/2cacc47bd17fe8ad92f08c0313d22fa6\",\"name\":\"etica\",\"image\":{\"@type\":\"ImageObject\",\"inLanguage\":\"es\",\"@id\":\"https:\/\/secure.gravatar.com\/avatar\/dfb45d32bc7097f8f06d6e4f6e6b387e7cb8fd5b3a2869265c40587ab62cab1e?s=96&d=mm&r=g\",\"url\":\"https:\/\/secure.gravatar.com\/avatar\/dfb45d32bc7097f8f06d6e4f6e6b387e7cb8fd5b3a2869265c40587ab62cab1e?s=96&d=mm&r=g\",\"contentUrl\":\"https:\/\/secure.gravatar.com\/avatar\/dfb45d32bc7097f8f06d6e4f6e6b387e7cb8fd5b3a2869265c40587ab62cab1e?s=96&d=mm&r=g\",\"caption\":\"etica\"},\"sameAs\":[\"https:\/\/eticacomunica.com.mx\"],\"url\":\"https:\/\/eticacomunica.com.mx\/?author=1\"}]}<\/script>\n<!-- \/ Yoast SEO plugin. -->","yoast_head_json":{"title":"Acuerdan Gobierno de Sinaloa y STASE aumento salarial hist\u00f3rico del 10 por ciento - \u00c9tica Comunica","robots":{"index":"index","follow":"follow","max-snippet":"max-snippet:-1","max-image-preview":"max-image-preview:large","max-video-preview":"max-video-preview:-1"},"canonical":"https:\/\/eticacomunica.com.mx\/?p=32440","og_locale":"es_MX","og_type":"article","og_title":"Acuerdan Gobierno de Sinaloa y STASE aumento salarial hist\u00f3rico del 10 por ciento - \u00c9tica Comunica","og_description":"El gobernador Rocha siempre ha respaldado a los trabajadores estatales, le reconocemos su apoyo: Michel Ben\u00edtez. Culiac\u00e1n, Sinaloa, a 1 de mayo de 2026.- El Gobierno de Sinaloa y el&hellip;","og_url":"https:\/\/eticacomunica.com.mx\/?p=32440","og_site_name":"\u00c9tica Comunica","article_publisher":"https:\/\/www.facebook.com\/eticacomunica","article_published_time":"2026-05-01T19:20:17+00:00","author":"etica","twitter_card":"summary_large_image","twitter_misc":{"Escrito por":"etica","Tiempo de lectura":"1 minuto"},"schema":{"@context":"https:\/\/schema.org","@graph":[{"@type":"Article","@id":"https:\/\/eticacomunica.com.mx\/?p=32440#article","isPartOf":{"@id":"https:\/\/eticacomunica.com.mx\/?p=32440"},"author":{"name":"etica","@id":"https:\/\/eticacomunica.com.mx\/#\/schema\/person\/2cacc47bd17fe8ad92f08c0313d22fa6"},"headline":"Acuerdan Gobierno de Sinaloa y STASE aumento salarial hist\u00f3rico del 10 por ciento","datePublished":"2026-05-01T19:20:17+00:00","mainEntityOfPage":{"@id":"https:\/\/eticacomunica.com.mx\/?p=32440"},"wordCount":287,"commentCount":0,"publisher":{"@id":"https:\/\/eticacomunica.com.mx\/#organization"},"image":{"@id":"https:\/\/eticacomunica.com.mx\/?p=32440#primaryimage"},"thumbnailUrl":"https:\/\/eticacomunica.com.mx\/wp-content\/uploads\/2026\/05\/IMG-20260501-WA0047.jpg","keywords":["Gobierno del Estado de Sinaloa"],"articleSection":["GES","Portada"],"inLanguage":"es","potentialAction":[{"@type":"CommentAction","name":"Comment","target":["https:\/\/eticacomunica.com.mx\/?p=32440#respond"]}]},{"@type":"WebPage","@id":"https:\/\/eticacomunica.com.mx\/?p=32440","url":"https:\/\/eticacomunica.com.mx\/?p=32440","name":"Acuerdan Gobierno de Sinaloa y STASE aumento salarial hist\u00f3rico del 10 por ciento - \u00c9tica Comunica","isPartOf":{"@id":"https:\/\/eticacomunica.com.mx\/#website"},"primaryImageOfPage":{"@id":"https:\/\/eticacomunica.com.mx\/?p=32440#primaryimage"},"image":{"@id":"https:\/\/eticacomunica.com.mx\/?p=32440#primaryimage"},"thumbnailUrl":"https:\/\/eticacomunica.com.mx\/wp-content\/uploads\/2026\/05\/IMG-20260501-WA0047.jpg","datePublished":"2026-05-01T19:20:17+00:00","breadcrumb":{"@id":"https:\/\/eticacomunica.com.mx\/?p=32440#breadcrumb"},"inLanguage":"es","potentialAction":[{"@type":"ReadAction","target":["https:\/\/eticacomunica.com.mx\/?p=32440"]}]},{"@type":"ImageObject","inLanguage":"es","@id":"https:\/\/eticacomunica.com.mx\/?p=32440#primaryimage","url":"https:\/\/eticacomunica.com.mx\/wp-content\/uploads\/2026\/05\/IMG-20260501-WA0047.jpg","contentUrl":"https:\/\/eticacomunica.com.mx\/wp-content\/uploads\/2026\/05\/IMG-20260501-WA0047.jpg","width":1280,"height":854},{"@type":"BreadcrumbList","@id":"https:\/\/eticacomunica.com.mx\/?p=32440#breadcrumb","itemListElement":[{"@type":"ListItem","position":1,"name":"Inicio","item":"https:\/\/eticacomunica.com.mx\/"},{"@type":"ListItem","position":2,"name":"Acuerdan Gobierno de Sinaloa y STASE aumento salarial hist\u00f3rico del 10 por ciento"}]},{"@type":"WebSite","@id":"https:\/\/eticacomunica.com.mx\/#website","url":"https:\/\/eticacomunica.com.mx\/","name":"\u00c9tica Comunica","description":"Diario Digital","publisher":{"@id":"https:\/\/eticacomunica.com.mx\/#organization"},"potentialAction":[{"@type":"SearchAction","target":{"@type":"EntryPoint","urlTemplate":"https:\/\/eticacomunica.com.mx\/?s={search_term_string}"},"query-input":{"@type":"PropertyValueSpecification","valueRequired":true,"valueName":"search_term_string"}}],"inLanguage":"es"},{"@type":"Organization","@id":"https:\/\/eticacomunica.com.mx\/#organization","name":"Diarios Digitales de Sinaloa","url":"https:\/\/eticacomunica.com.mx\/","logo":{"@type":"ImageObject","inLanguage":"es","@id":"https:\/\/eticacomunica.com.mx\/#\/schema\/logo\/image\/","url":"https:\/\/eticacomunica.com.mx\/wp-content\/uploads\/2023\/10\/etica-logo.png","contentUrl":"https:\/\/eticacomunica.com.mx\/wp-content\/uploads\/2023\/10\/etica-logo.png","width":1280,"height":432,"caption":"Diarios Digitales de Sinaloa"},"image":{"@id":"https:\/\/eticacomunica.com.mx\/#\/schema\/logo\/image\/"},"sameAs":["https:\/\/www.facebook.com\/eticacomunica"]},{"@type":"Person","@id":"https:\/\/eticacomunica.com.mx\/#\/schema\/person\/2cacc47bd17fe8ad92f08c0313d22fa6","name":"etica","image":{"@type":"ImageObject","inLanguage":"es","@id":"https:\/\/secure.gravatar.com\/avatar\/dfb45d32bc7097f8f06d6e4f6e6b387e7cb8fd5b3a2869265c40587ab62cab1e?s=96&d=mm&r=g","url":"https:\/\/secure.gravatar.com\/avatar\/dfb45d32bc7097f8f06d6e4f6e6b387e7cb8fd5b3a2869265c40587ab62cab1e?s=96&d=mm&r=g","contentUrl":"https:\/\/secure.gravatar.com\/avatar\/dfb45d32bc7097f8f06d6e4f6e6b387e7cb8fd5b3a2869265c40587ab62cab1e?s=96&d=mm&r=g","caption":"etica"},"sameAs":["https:\/\/eticacomunica.com.mx"],"url":"https:\/\/eticacomunica.com.mx\/?author=1"}]}},"jetpack_publicize_connections":[],"jetpack_featured_media_url":"https:\/\/eticacomunica.com.mx\/wp-content\/uploads\/2026\/05\/IMG-20260501-WA0047.jpg","jetpack_sharing_enabled":true,"_links":{"self":[{"href":"https:\/\/eticacomunica.com.mx\/index.php?rest_route=\/wp\/v2\/posts\/32440","targetHints":{"allow":["GET"]}}],"collection":[{"href":"https:\/\/eticacomunica.com.mx\/index.php?rest_route=\/wp\/v2\/posts"}],"about":[{"href":"https:\/\/eticacomunica.com.mx\/index.php?rest_route=\/wp\/v2\/types\/post"}],"author":[{"embeddable":true,"href":"https:\/\/eticacomunica.com.mx\/index.php?rest_route=\/wp\/v2\/users\/1"}],"replies":[{"embeddable":true,"href":"https:\/\/eticacomunica.com.mx\/index.php?rest_route=%2Fwp%2Fv2%2Fcomments&post=32440"}],"version-history":[{"count":0,"href":"https:\/\/eticacomunica.com.mx\/index.php?rest_route=\/wp\/v2\/posts\/32440\/revisions"}],"wp:featuredmedia":[{"embeddable":true,"href":"https:\/\/eticacomunica.com.mx\/index.php?rest_route=\/wp\/v2\/media\/32439"}],"wp:attachment":[{"href":"https:\/\/eticacomunica.com.mx\/index.php?rest_route=%2Fwp%2Fv2%2Fmedia&parent=32440"}],"wp:term":[{"taxonomy":"category","embeddable":true,"href":"https:\/\/eticacomunica.com.mx\/index.php?rest_route=%2Fwp%2Fv2%2Fcategories&post=32440"},{"taxonomy":"post_tag","embeddable":true,"href":"https:\/\/eticacomunica.com.mx\/index.php?rest_route=%2Fwp%2Fv2%2Ftags&post=32440"}],"curies":[{"name":"wp","href":"https:\/\/api.w.org\/{rel}","templated":true}]}}