{"id":33775,"date":"2026-08-30T17:10:50","date_gmt":"2026-08-31T00:10:50","guid":{"rendered":"https:\/\/eticacomunica.com.mx\/?p=33775"},"modified":"2026-08-30T17:10:50","modified_gmt":"2026-08-31T00:10:50","slug":"gobernadora-graciela-dominguez-nava-inicia-y-supervisa-obras-en-mazatlan-por-mas-de-50-mdp","status":"publish","type":"post","link":"https:\/\/eticacomunica.com.mx\/?p=33775","title":{"rendered":"Gobernadora Graciela Dom\u00ednguez Nava inicia y supervisa obras en Mazatl\u00e1n por m\u00e1s de 50 MDP"},"content":{"rendered":"\n<p class=\"wp-block-paragraph\">La mandataria estatal realiz\u00f3 un recorrido por el mercado \u201cPino Su\u00e1rez\u201d para supervisar obra de sustituci\u00f3n del sistema el\u00e9ctrico y dio el banderazo para rehabilitaci\u00f3n de drenaje sanitario en el colector Jabal\u00edes Norte.<br><br>Mazatl\u00e1n, Sinaloa, a 30 de agosto de 2026.- Como parte de su recorrido por los 20 municipios del Estado, la gobernadora de Sinaloa, Graciela Dom\u00ednguez Nava, visit\u00f3 este domingo la ciudad y puerto de Mazatl\u00e1n, donde supervis\u00f3 e inici\u00f3 obras por m\u00e1s de 50 millones de pesos, como el nuevo sistema el\u00e9ctrico en el mercado \u201cPino Su\u00e1rez\u201d y la rehabilitaci\u00f3n del colector Jabal\u00edes Norte.<br><br>La mandataria estatal, acompa\u00f1ada del secretario de Obras P\u00fablicas, Ra\u00fal Francisco Montero Zamudio, y de la alcaldesa Minerva Osuna Zavala, reiter\u00f3 su compromiso con las y los sinaloenses de generar acciones para su bienestar, y cumpliendo su palabra, inici\u00f3 este fin de semana un recorrido por los 20 municipios para entregar e iniciar obras. El s\u00e1bado estuvo en El Fuerte, donde entreg\u00f3 obras de pavimentaci\u00f3n y supervis\u00f3 la construcci\u00f3n de casas del programa Viviendas del Bienestar.<br><br>Aqu\u00ed en Mazatl\u00e1n, en primer t\u00e9rmino, realiz\u00f3 un recorrido por el mercado municipal \u201cJos\u00e9 Mar\u00eda Pino Su\u00e1rez\u201d, donde adem\u00e1s de saludar y dialogar con locatarios para enterarse y atender sus necesidades, supervis\u00f3 la rehabilitaci\u00f3n del sistema el\u00e9ctrico del inmueble, con el que se garantiza seguridad, eficiencia y capacidad para cubrir la demanda actual y futura del edificio, obra en la que se invierten poco m\u00e1s de 29 millones de pesos.<br><br>\u201cEstamos en nuestra primera visita como gobernadora aqu\u00ed en este hermoso puerto de Mazatl\u00e1n, quisimos venir a recorrer el mercado porque sabemos que desde aqu\u00ed se promueve la econom\u00eda para el municipio de Mazatl\u00e1n, es un lugar emblem\u00e1tico y por supuesto que tambi\u00e9n nuestro mercado \u201cPino Su\u00e1rez\u201d requiere de esta atenci\u00f3n del gobierno de Sinaloa y pronto anunciaremos cuales otros proyectos tenemos para el mercado\u201d, dijo la mandataria estatal. <br><br>Al respecto, el secretario de Obras P\u00fablicas, Ra\u00fal Montero Zamudio, explic\u00f3 que, entre otras acciones, se sustituir\u00e1 cableado obsoleto por conductores de mayor capacidad, se instalar\u00e1n nuevas l\u00edneas de distribuci\u00f3n en baja tensi\u00f3n y tableros de distribuci\u00f3n y protecciones el\u00e9ctricas, adem\u00e1s de la adecuaci\u00f3n de registros y ductos el\u00e9ctricos en \u00e1reas comunes, y sobre todo, se modernizar\u00e1 el alumbrado en espacios de tr\u00e1nsito y locales, en equipo con el ayuntamiento y la Comisi\u00f3n Federal de Electricidad.<br><br>\u201c\u201cEstamos avanzando en esta obra, CFE est\u00e1 validando cada proceso, cada instalaci\u00f3n, con instalaci\u00f3n de medidores, l\u00edneas subterr\u00e1neas y otras., pr\u00e1cticamente sin molestar a los locatarios, dijo el funcionario estatal, y precis\u00f3 que la obra lleva un avance del 97 por ciento.<br><br>M\u00e1s tarde, la gobernadora Graciela Dom\u00ednguez se traslad\u00f3 a la zona de trabajo entre el fraccionamiento La Campi\u00f1a y la Ampliaci\u00f3n Villa Verde, para dar el banderazo de la rehabilitaci\u00f3n de la infraestructura sanitaria en un tramo del colector Jabal\u00edes Norte, obra hecha en cooperaci\u00f3n con el ayuntamiento, gobierno federal y gobierno estatal.<br><br>\u201cEsta es una obra con recurso estatal, federal y municipal, de tal manera que cuando la presidenta Claudia Sheinbaum inici\u00f3 su mandato, uno de los objetivos que se plante\u00f3 fue justamente hacer obras de drenaje sanitario, obras que a veces no se ven, pero que se sienten todos los d\u00edas, por su beneficio\u201d, precis\u00f3.<br><br>Tambi\u00e9n destac\u00f3 la importancia de este tipo de acciones en conjunto con el gobierno federal, porque inciden directamente en la salud de la gente, y tener un buen drenaje es tener salud.<br><br>\u201cSi no hay drenaje adecuado, nos impacta todos los d\u00edas, por eso la presidenta Claudia Sheinbaum plante\u00f3 une esquema donde se fortalecer\u00e1 la coordinaci\u00f3n presupuestal para este tipo de obras, una rehabilitaci\u00f3n de la infraestructura sanitaria del colector Jabal\u00edes Norte, con una inversi\u00f3n de poco m\u00e1s de 21 millones de pesos\u201d.<br><br>Al detallar la obra, el secretario de Obras P\u00fablicas, Ra\u00fal Montero Zamudio, y ante la presencia del titular del Organismo Cuenca Pac\u00edfico Norte de Conagua, Alejo Campo Quintero, indic\u00f3 que se trata de la rehabilitaci\u00f3n de la infraestructura sanitaria de un tramo del colector Jabal\u00edes Norte, espec\u00edficamente por la calle Luis Nishizawa, en el tramo comprendido desde la calle Citlalt\u00e9pec, en el fraccionamiento La Campi\u00f1a, hasta el canal pluvial en el fraccionamiento Ampliaci\u00f3n Villa Verde, en la que se invertir\u00e1n poco m\u00e1s de 21 millones de pesos.<br><br>Se sustituir\u00e1n 126.6 metros de tuber\u00eda sanitaria de PVC de 8 pulgadas, 616.4 metros de tuber\u00eda sanitaria de 32 pulgadas y 195.3 metros de reposici\u00f3n de tuber\u00eda de 8 pulgadas de PVC hidr\u00e1ulico, as\u00ed como 24 pozos de visita, entre otras acciones.<br><br>\u201cSe aplicar\u00e1 una inversi\u00f3n de 21 millones de pesos y es importante se\u00f1alar el apoyo del gobierno federal a trav\u00e9s de Conagua, para estas obras que impulsa el gobierno estatal, obras son sentido social que contribuyen a mejorar la calidad de vida de las y los sinaloenses\u201d, expres\u00f3 el funcionario estatal.<br><br>Por su parte, la alcaldesa Minerva Osuna Zavala resalt\u00f3 el compromiso que hizo la gobernadora con las y los presidentes municipales en la primera reuni\u00f3n, y que hoy est\u00e1 cumpliendo trayendo obras para Mazatl\u00e1n.<br><br>A nombre de la poblaci\u00f3n beneficiada habl\u00f3 la se\u00f1ora Raquel Guzm\u00e1n Ortiz, quien agradeci\u00f3 la obra porque, dijo, acabar\u00e1 con muchos problemas sanitarios.<\/p>\n","protected":false},"excerpt":{"rendered":"<p>La mandataria estatal realiz\u00f3 un recorrido por el mercado \u201cPino Su\u00e1rez\u201d para supervisar obra de sustituci\u00f3n del sistema el\u00e9ctrico y dio el banderazo para rehabilitaci\u00f3n de drenaje sanitario en el&hellip;<\/p>\n","protected":false},"author":1,"featured_media":33774,"comment_status":"open","ping_status":"open","sticky":false,"template":"","format":"standard","meta":{"_jetpack_newsletter_access":"","_jetpack_dont_email_post_to_subs":false,"_jetpack_newsletter_tier_id":0,"_jetpack_memberships_contains_paywalled_content":false,"_jetpack_feature_clip_id":0,"_jetpack_memberships_contains_paid_content":false,"footnotes":"","jetpack_publicize_message":"","jetpack_publicize_feature_enabled":true,"jetpack_social_post_already_shared":true,"jetpack_social_options":{"image_generator_settings":{"template":"highway","default_image_id":0,"font":"","enabled":false},"version":2},"jetpack_post_was_ever_published":false},"categories":[207,26],"tags":[34],"class_list":["post-33775","post","type-post","status-publish","format-standard","has-post-thumbnail","hentry","category-ges","category-portada","tag-gobierno-del-estado-de-sinaloa"],"yoast_head":"<!-- This site is optimized with the Yoast SEO plugin v28.2 - https:\/\/yoast.com\/product\/yoast-seo-wordpress\/ -->\n<title>Gobernadora Graciela Dom\u00ednguez Nava inicia y supervisa obras en Mazatl\u00e1n por m\u00e1s de 50 MDP - \u00c9tica Comunica<\/title>\n<meta name=\"robots\" content=\"index, follow, max-snippet:-1, max-image-preview:large, max-video-preview:-1\" \/>\n<link rel=\"canonical\" href=\"https:\/\/eticacomunica.com.mx\/?p=33775\" \/>\n<meta property=\"og:locale\" content=\"es_MX\" \/>\n<meta property=\"og:type\" content=\"article\" \/>\n<meta property=\"og:title\" content=\"Gobernadora Graciela Dom\u00ednguez Nava inicia y supervisa obras en Mazatl\u00e1n por m\u00e1s de 50 MDP - \u00c9tica Comunica\" \/>\n<meta property=\"og:description\" content=\"La mandataria estatal realiz\u00f3 un recorrido por el mercado \u201cPino Su\u00e1rez\u201d para supervisar obra de sustituci\u00f3n del sistema el\u00e9ctrico y dio el banderazo para rehabilitaci\u00f3n de drenaje sanitario en el&hellip;\" \/>\n<meta property=\"og:url\" content=\"https:\/\/eticacomunica.com.mx\/?p=33775\" \/>\n<meta property=\"og:site_name\" content=\"\u00c9tica Comunica\" \/>\n<meta property=\"article:publisher\" content=\"https:\/\/www.facebook.com\/eticacomunica\" \/>\n<meta property=\"article:published_time\" content=\"2026-08-31T00:10:50+00:00\" \/>\n<meta name=\"author\" content=\"etica\" \/>\n<meta name=\"twitter:card\" content=\"summary_large_image\" \/>\n<meta name=\"twitter:label1\" content=\"Escrito por\" \/>\n\t<meta name=\"twitter:data1\" content=\"etica\" \/>\n\t<meta name=\"twitter:label2\" content=\"Tiempo de lectura\" \/>\n\t<meta name=\"twitter:data2\" content=\"5 minutos\" \/>\n<script type=\"application\/ld+json\" class=\"yoast-schema-graph\">{\"@context\":\"https:\\\/\\\/schema.org\",\"@graph\":[{\"@type\":\"Article\",\"@id\":\"https:\\\/\\\/eticacomunica.com.mx\\\/?p=33775#article\",\"isPartOf\":{\"@id\":\"https:\\\/\\\/eticacomunica.com.mx\\\/?p=33775\"},\"author\":{\"name\":\"etica\",\"@id\":\"https:\\\/\\\/eticacomunica.com.mx\\\/#\\\/schema\\\/person\\\/2cacc47bd17fe8ad92f08c0313d22fa6\"},\"headline\":\"Gobernadora Graciela Dom\u00ednguez Nava inicia y supervisa obras en Mazatl\u00e1n por m\u00e1s de 50 MDP\",\"datePublished\":\"2026-08-31T00:10:50+00:00\",\"mainEntityOfPage\":{\"@id\":\"https:\\\/\\\/eticacomunica.com.mx\\\/?p=33775\"},\"wordCount\":950,\"commentCount\":0,\"publisher\":{\"@id\":\"https:\\\/\\\/eticacomunica.com.mx\\\/#organization\"},\"image\":{\"@id\":\"https:\\\/\\\/eticacomunica.com.mx\\\/?p=33775#primaryimage\"},\"thumbnailUrl\":\"https:\\\/\\\/eticacomunica.com.mx\\\/wp-content\\\/uploads\\\/2026\\\/08\\\/IMG-20260830-WA0013.jpg\",\"keywords\":[\"Gobierno del Estado de Sinaloa\"],\"articleSection\":[\"GES\",\"Portada\"],\"inLanguage\":\"es\",\"potentialAction\":[{\"@type\":\"CommentAction\",\"name\":\"Comment\",\"target\":[\"https:\\\/\\\/eticacomunica.com.mx\\\/?p=33775#respond\"]}]},{\"@type\":\"WebPage\",\"@id\":\"https:\\\/\\\/eticacomunica.com.mx\\\/?p=33775\",\"url\":\"https:\\\/\\\/eticacomunica.com.mx\\\/?p=33775\",\"name\":\"Gobernadora Graciela Dom\u00ednguez Nava inicia y supervisa obras en Mazatl\u00e1n por m\u00e1s de 50 MDP - \u00c9tica Comunica\",\"isPartOf\":{\"@id\":\"https:\\\/\\\/eticacomunica.com.mx\\\/#website\"},\"primaryImageOfPage\":{\"@id\":\"https:\\\/\\\/eticacomunica.com.mx\\\/?p=33775#primaryimage\"},\"image\":{\"@id\":\"https:\\\/\\\/eticacomunica.com.mx\\\/?p=33775#primaryimage\"},\"thumbnailUrl\":\"https:\\\/\\\/eticacomunica.com.mx\\\/wp-content\\\/uploads\\\/2026\\\/08\\\/IMG-20260830-WA0013.jpg\",\"datePublished\":\"2026-08-31T00:10:50+00:00\",\"breadcrumb\":{\"@id\":\"https:\\\/\\\/eticacomunica.com.mx\\\/?p=33775#breadcrumb\"},\"inLanguage\":\"es\",\"potentialAction\":[{\"@type\":\"ReadAction\",\"target\":[\"https:\\\/\\\/eticacomunica.com.mx\\\/?p=33775\"]}]},{\"@type\":\"ImageObject\",\"inLanguage\":\"es\",\"@id\":\"https:\\\/\\\/eticacomunica.com.mx\\\/?p=33775#primaryimage\",\"url\":\"https:\\\/\\\/eticacomunica.com.mx\\\/wp-content\\\/uploads\\\/2026\\\/08\\\/IMG-20260830-WA0013.jpg\",\"contentUrl\":\"https:\\\/\\\/eticacomunica.com.mx\\\/wp-content\\\/uploads\\\/2026\\\/08\\\/IMG-20260830-WA0013.jpg\",\"width\":1600,\"height\":1067},{\"@type\":\"BreadcrumbList\",\"@id\":\"https:\\\/\\\/eticacomunica.com.mx\\\/?p=33775#breadcrumb\",\"itemListElement\":[{\"@type\":\"ListItem\",\"position\":1,\"name\":\"Inicio\",\"item\":\"https:\\\/\\\/eticacomunica.com.mx\\\/\"},{\"@type\":\"ListItem\",\"position\":2,\"name\":\"Gobernadora Graciela Dom\u00ednguez Nava inicia y supervisa obras en Mazatl\u00e1n por m\u00e1s de 50 MDP\"}]},{\"@type\":\"WebSite\",\"@id\":\"https:\\\/\\\/eticacomunica.com.mx\\\/#website\",\"url\":\"https:\\\/\\\/eticacomunica.com.mx\\\/\",\"name\":\"\u00c9tica Comunica\",\"description\":\"Diario Digital\",\"publisher\":{\"@id\":\"https:\\\/\\\/eticacomunica.com.mx\\\/#organization\"},\"potentialAction\":[{\"@type\":\"SearchAction\",\"target\":{\"@type\":\"EntryPoint\",\"urlTemplate\":\"https:\\\/\\\/eticacomunica.com.mx\\\/?s={search_term_string}\"},\"query-input\":{\"@type\":\"PropertyValueSpecification\",\"valueRequired\":true,\"valueName\":\"search_term_string\"}}],\"inLanguage\":\"es\"},{\"@type\":\"Organization\",\"@id\":\"https:\\\/\\\/eticacomunica.com.mx\\\/#organization\",\"name\":\"Diarios Digitales de Sinaloa\",\"url\":\"https:\\\/\\\/eticacomunica.com.mx\\\/\",\"logo\":{\"@type\":\"ImageObject\",\"inLanguage\":\"es\",\"@id\":\"https:\\\/\\\/eticacomunica.com.mx\\\/#\\\/schema\\\/logo\\\/image\\\/\",\"url\":\"https:\\\/\\\/eticacomunica.com.mx\\\/wp-content\\\/uploads\\\/2023\\\/10\\\/etica-logo.png\",\"contentUrl\":\"https:\\\/\\\/eticacomunica.com.mx\\\/wp-content\\\/uploads\\\/2023\\\/10\\\/etica-logo.png\",\"width\":1280,\"height\":432,\"caption\":\"Diarios Digitales de Sinaloa\"},\"image\":{\"@id\":\"https:\\\/\\\/eticacomunica.com.mx\\\/#\\\/schema\\\/logo\\\/image\\\/\"},\"sameAs\":[\"https:\\\/\\\/www.facebook.com\\\/eticacomunica\"]},{\"@type\":\"Person\",\"@id\":\"https:\\\/\\\/eticacomunica.com.mx\\\/#\\\/schema\\\/person\\\/2cacc47bd17fe8ad92f08c0313d22fa6\",\"name\":\"etica\",\"image\":{\"@type\":\"ImageObject\",\"inLanguage\":\"es\",\"@id\":\"https:\\\/\\\/secure.gravatar.com\\\/avatar\\\/dfb45d32bc7097f8f06d6e4f6e6b387e7cb8fd5b3a2869265c40587ab62cab1e?s=96&d=mm&r=g\",\"url\":\"https:\\\/\\\/secure.gravatar.com\\\/avatar\\\/dfb45d32bc7097f8f06d6e4f6e6b387e7cb8fd5b3a2869265c40587ab62cab1e?s=96&d=mm&r=g\",\"contentUrl\":\"https:\\\/\\\/secure.gravatar.com\\\/avatar\\\/dfb45d32bc7097f8f06d6e4f6e6b387e7cb8fd5b3a2869265c40587ab62cab1e?s=96&d=mm&r=g\",\"caption\":\"etica\"},\"sameAs\":[\"https:\\\/\\\/eticacomunica.com.mx\"],\"url\":\"https:\\\/\\\/eticacomunica.com.mx\\\/?author=1\"}]}<\/script>\n<!-- \/ Yoast SEO plugin. -->","yoast_head_json":{"title":"Gobernadora Graciela Dom\u00ednguez Nava inicia y supervisa obras en Mazatl\u00e1n por m\u00e1s de 50 MDP - \u00c9tica Comunica","robots":{"index":"index","follow":"follow","max-snippet":"max-snippet:-1","max-image-preview":"max-image-preview:large","max-video-preview":"max-video-preview:-1"},"canonical":"https:\/\/eticacomunica.com.mx\/?p=33775","og_locale":"es_MX","og_type":"article","og_title":"Gobernadora Graciela Dom\u00ednguez Nava inicia y supervisa obras en Mazatl\u00e1n por m\u00e1s de 50 MDP - \u00c9tica Comunica","og_description":"La mandataria estatal realiz\u00f3 un recorrido por el mercado \u201cPino Su\u00e1rez\u201d para supervisar obra de sustituci\u00f3n del sistema el\u00e9ctrico y dio el banderazo para rehabilitaci\u00f3n de drenaje sanitario en el&hellip;","og_url":"https:\/\/eticacomunica.com.mx\/?p=33775","og_site_name":"\u00c9tica Comunica","article_publisher":"https:\/\/www.facebook.com\/eticacomunica","article_published_time":"2026-08-31T00:10:50+00:00","author":"etica","twitter_card":"summary_large_image","twitter_misc":{"Escrito por":"etica","Tiempo de lectura":"5 minutos"},"schema":{"@context":"https:\/\/schema.org","@graph":[{"@type":"Article","@id":"https:\/\/eticacomunica.com.mx\/?p=33775#article","isPartOf":{"@id":"https:\/\/eticacomunica.com.mx\/?p=33775"},"author":{"name":"etica","@id":"https:\/\/eticacomunica.com.mx\/#\/schema\/person\/2cacc47bd17fe8ad92f08c0313d22fa6"},"headline":"Gobernadora Graciela Dom\u00ednguez Nava inicia y supervisa obras en Mazatl\u00e1n por m\u00e1s de 50 MDP","datePublished":"2026-08-31T00:10:50+00:00","mainEntityOfPage":{"@id":"https:\/\/eticacomunica.com.mx\/?p=33775"},"wordCount":950,"commentCount":0,"publisher":{"@id":"https:\/\/eticacomunica.com.mx\/#organization"},"image":{"@id":"https:\/\/eticacomunica.com.mx\/?p=33775#primaryimage"},"thumbnailUrl":"https:\/\/eticacomunica.com.mx\/wp-content\/uploads\/2026\/08\/IMG-20260830-WA0013.jpg","keywords":["Gobierno del Estado de Sinaloa"],"articleSection":["GES","Portada"],"inLanguage":"es","potentialAction":[{"@type":"CommentAction","name":"Comment","target":["https:\/\/eticacomunica.com.mx\/?p=33775#respond"]}]},{"@type":"WebPage","@id":"https:\/\/eticacomunica.com.mx\/?p=33775","url":"https:\/\/eticacomunica.com.mx\/?p=33775","name":"Gobernadora Graciela Dom\u00ednguez Nava inicia y supervisa obras en Mazatl\u00e1n por m\u00e1s de 50 MDP - \u00c9tica Comunica","isPartOf":{"@id":"https:\/\/eticacomunica.com.mx\/#website"},"primaryImageOfPage":{"@id":"https:\/\/eticacomunica.com.mx\/?p=33775#primaryimage"},"image":{"@id":"https:\/\/eticacomunica.com.mx\/?p=33775#primaryimage"},"thumbnailUrl":"https:\/\/eticacomunica.com.mx\/wp-content\/uploads\/2026\/08\/IMG-20260830-WA0013.jpg","datePublished":"2026-08-31T00:10:50+00:00","breadcrumb":{"@id":"https:\/\/eticacomunica.com.mx\/?p=33775#breadcrumb"},"inLanguage":"es","potentialAction":[{"@type":"ReadAction","target":["https:\/\/eticacomunica.com.mx\/?p=33775"]}]},{"@type":"ImageObject","inLanguage":"es","@id":"https:\/\/eticacomunica.com.mx\/?p=33775#primaryimage","url":"https:\/\/eticacomunica.com.mx\/wp-content\/uploads\/2026\/08\/IMG-20260830-WA0013.jpg","contentUrl":"https:\/\/eticacomunica.com.mx\/wp-content\/uploads\/2026\/08\/IMG-20260830-WA0013.jpg","width":1600,"height":1067},{"@type":"BreadcrumbList","@id":"https:\/\/eticacomunica.com.mx\/?p=33775#breadcrumb","itemListElement":[{"@type":"ListItem","position":1,"name":"Inicio","item":"https:\/\/eticacomunica.com.mx\/"},{"@type":"ListItem","position":2,"name":"Gobernadora Graciela Dom\u00ednguez Nava inicia y supervisa obras en Mazatl\u00e1n por m\u00e1s de 50 MDP"}]},{"@type":"WebSite","@id":"https:\/\/eticacomunica.com.mx\/#website","url":"https:\/\/eticacomunica.com.mx\/","name":"\u00c9tica Comunica","description":"Diario Digital","publisher":{"@id":"https:\/\/eticacomunica.com.mx\/#organization"},"potentialAction":[{"@type":"SearchAction","target":{"@type":"EntryPoint","urlTemplate":"https:\/\/eticacomunica.com.mx\/?s={search_term_string}"},"query-input":{"@type":"PropertyValueSpecification","valueRequired":true,"valueName":"search_term_string"}}],"inLanguage":"es"},{"@type":"Organization","@id":"https:\/\/eticacomunica.com.mx\/#organization","name":"Diarios Digitales de Sinaloa","url":"https:\/\/eticacomunica.com.mx\/","logo":{"@type":"ImageObject","inLanguage":"es","@id":"https:\/\/eticacomunica.com.mx\/#\/schema\/logo\/image\/","url":"https:\/\/eticacomunica.com.mx\/wp-content\/uploads\/2023\/10\/etica-logo.png","contentUrl":"https:\/\/eticacomunica.com.mx\/wp-content\/uploads\/2023\/10\/etica-logo.png","width":1280,"height":432,"caption":"Diarios Digitales de Sinaloa"},"image":{"@id":"https:\/\/eticacomunica.com.mx\/#\/schema\/logo\/image\/"},"sameAs":["https:\/\/www.facebook.com\/eticacomunica"]},{"@type":"Person","@id":"https:\/\/eticacomunica.com.mx\/#\/schema\/person\/2cacc47bd17fe8ad92f08c0313d22fa6","name":"etica","image":{"@type":"ImageObject","inLanguage":"es","@id":"https:\/\/secure.gravatar.com\/avatar\/dfb45d32bc7097f8f06d6e4f6e6b387e7cb8fd5b3a2869265c40587ab62cab1e?s=96&d=mm&r=g","url":"https:\/\/secure.gravatar.com\/avatar\/dfb45d32bc7097f8f06d6e4f6e6b387e7cb8fd5b3a2869265c40587ab62cab1e?s=96&d=mm&r=g","contentUrl":"https:\/\/secure.gravatar.com\/avatar\/dfb45d32bc7097f8f06d6e4f6e6b387e7cb8fd5b3a2869265c40587ab62cab1e?s=96&d=mm&r=g","caption":"etica"},"sameAs":["https:\/\/eticacomunica.com.mx"],"url":"https:\/\/eticacomunica.com.mx\/?author=1"}]}},"jetpack_publicize_connections":[],"jetpack_sharing_enabled":true,"jetpack_featured_media_url":"https:\/\/eticacomunica.com.mx\/wp-content\/uploads\/2026\/08\/IMG-20260830-WA0013.jpg","_links":{"self":[{"href":"https:\/\/eticacomunica.com.mx\/index.php?rest_route=\/wp\/v2\/posts\/33775","targetHints":{"allow":["GET"]}}],"collection":[{"href":"https:\/\/eticacomunica.com.mx\/index.php?rest_route=\/wp\/v2\/posts"}],"about":[{"href":"https:\/\/eticacomunica.com.mx\/index.php?rest_route=\/wp\/v2\/types\/post"}],"author":[{"embeddable":true,"href":"https:\/\/eticacomunica.com.mx\/index.php?rest_route=\/wp\/v2\/users\/1"}],"replies":[{"embeddable":true,"href":"https:\/\/eticacomunica.com.mx\/index.php?rest_route=%2Fwp%2Fv2%2Fcomments&post=33775"}],"version-history":[{"count":0,"href":"https:\/\/eticacomunica.com.mx\/index.php?rest_route=\/wp\/v2\/posts\/33775\/revisions"}],"wp:featuredmedia":[{"embeddable":true,"href":"https:\/\/eticacomunica.com.mx\/index.php?rest_route=\/wp\/v2\/media\/33774"}],"wp:attachment":[{"href":"https:\/\/eticacomunica.com.mx\/index.php?rest_route=%2Fwp%2Fv2%2Fmedia&parent=33775"}],"wp:term":[{"taxonomy":"category","embeddable":true,"href":"https:\/\/eticacomunica.com.mx\/index.php?rest_route=%2Fwp%2Fv2%2Fcategories&post=33775"},{"taxonomy":"post_tag","embeddable":true,"href":"https:\/\/eticacomunica.com.mx\/index.php?rest_route=%2Fwp%2Fv2%2Ftags&post=33775"}],"curies":[{"name":"wp","href":"https:\/\/api.w.org\/{rel}","templated":true}]}}