{"id":33779,"date":"2026-08-31T10:52:14","date_gmt":"2026-08-31T17:52:14","guid":{"rendered":"https:\/\/eticacomunica.com.mx\/?p=33779"},"modified":"2026-08-31T10:52:14","modified_gmt":"2026-08-31T17:52:14","slug":"la-presidenta-claudia-sheinbaum-mantiene-una-atencion-prioritaria-para-la-seguridad-de-sinaloa-gobernadora-graciela-dominguez","status":"publish","type":"post","link":"https:\/\/eticacomunica.com.mx\/?p=33779","title":{"rendered":"La Presidenta Claudia Sheinbaum mantiene una atenci\u00f3n prioritaria para la seguridad de Sinaloa: Gobernadora Graciela Dom\u00ednguez"},"content":{"rendered":"\n<p class=\"wp-block-paragraph\">El sello del pr\u00f3ximo presupuesto ser\u00e1 la atenci\u00f3n a las necesidades m\u00e1s b\u00e1sicas, precis\u00f3.<br><br>Culiac\u00e1n, Sinaloa, a 31 de agosto de 2026.\u2013* Mantener una pol\u00edtica humanista enfocada en resolver las necesidades m\u00e1s apremiantes de la ciudadan\u00eda ser\u00e1 el factor decisivo en la ejecuci\u00f3n del pr\u00f3ximo presupuesto, destac\u00f3 este lunes la Gobernadora Graciela Dom\u00ednguez Nava, quien adem\u00e1s reiter\u00f3 que desde gobierno federal se mantiene un respaldo total para estas acciones y especialmente para el tema de seguridad.<br><br>Al abordar la posibilidad de que el gabinete de seguridad federal pueda realizar nuevamente reuniones en territorio sinaloense, la mandataria estatal mencion\u00f3 que esto podr\u00eda concretarse en el corto plazo, en el marco de la estrategia federal que impulsa la Presidenta Claudia Sheinbaum para nuestro estado.<br><br>\u201cEs parte de esta estrategia, de esta revisi\u00f3n que se sigue haciendo con las distintas entidades federativas y Sinaloa est\u00e1 en un plano de una atenci\u00f3n prioritaria por parte de la Presidenta, en ese sentido yo no dudo que pronto podamos tener de nuevo una reuni\u00f3n de esta naturaleza, que implica hacer un seguimiento y un an\u00e1lisis de lo que todos los d\u00edas se hace aqu\u00ed en Sinaloa en la Mesa de Seguridad\u201d, expres\u00f3.<br><br>En cuanto al enfoque del pr\u00f3ximo presupuesto, agreg\u00f3 que lo primordial ser\u00e1 la resoluci\u00f3n de las cuestiones que m\u00e1s importan a la ciudadan\u00eda y que realmente brindan un beneficio con impacto directo en la vida diaria.<br><br>\u201cDe entrada yo lo que voy a comprometer es que va a ser un presupuesto de car\u00e1cter social donde vamos a priorizar una serie de atenciones de necesidades m\u00e1s b\u00e1sicas, necesitamos profundizar la atenci\u00f3n a todas las comunidades que siguen sin tener un buen servicio de agua potable, eso es un derecho b\u00e1sico esencial, sin agua no podemos tener otras cosas\u201d, agreg\u00f3.<br><br>Dominguez Nava concluy\u00f3 mencionando que en este momento se est\u00e1 trabajando para brindar resultados concretos y que puedan ser percibidos por las familias sinaloenses de manera inmediata.<\/p>\n","protected":false},"excerpt":{"rendered":"<p>El sello del pr\u00f3ximo presupuesto ser\u00e1 la atenci\u00f3n a las necesidades m\u00e1s b\u00e1sicas, precis\u00f3. Culiac\u00e1n, Sinaloa, a 31 de agosto de 2026.\u2013* Mantener una pol\u00edtica humanista enfocada en resolver las&hellip;<\/p>\n","protected":false},"author":1,"featured_media":33778,"comment_status":"open","ping_status":"open","sticky":false,"template":"","format":"standard","meta":{"_jetpack_newsletter_access":"","_jetpack_dont_email_post_to_subs":false,"_jetpack_newsletter_tier_id":0,"_jetpack_memberships_contains_paywalled_content":false,"_jetpack_feature_clip_id":0,"_jetpack_memberships_contains_paid_content":false,"footnotes":"","jetpack_publicize_message":"","jetpack_publicize_feature_enabled":true,"jetpack_social_post_already_shared":true,"jetpack_social_options":{"image_generator_settings":{"template":"highway","default_image_id":0,"font":"","enabled":false},"version":2},"jetpack_post_was_ever_published":false},"categories":[207,26],"tags":[34],"class_list":["post-33779","post","type-post","status-publish","format-standard","has-post-thumbnail","hentry","category-ges","category-portada","tag-gobierno-del-estado-de-sinaloa"],"yoast_head":"<!-- This site is optimized with the Yoast SEO plugin v28.2 - https:\/\/yoast.com\/product\/yoast-seo-wordpress\/ -->\n<title>La Presidenta Claudia Sheinbaum mantiene una atenci\u00f3n prioritaria para la seguridad de Sinaloa: Gobernadora Graciela Dom\u00ednguez - \u00c9tica Comunica<\/title>\n<meta name=\"robots\" content=\"index, follow, max-snippet:-1, max-image-preview:large, max-video-preview:-1\" \/>\n<link rel=\"canonical\" href=\"https:\/\/eticacomunica.com.mx\/?p=33779\" \/>\n<meta property=\"og:locale\" content=\"es_MX\" \/>\n<meta property=\"og:type\" content=\"article\" \/>\n<meta property=\"og:title\" content=\"La Presidenta Claudia Sheinbaum mantiene una atenci\u00f3n prioritaria para la seguridad de Sinaloa: Gobernadora Graciela Dom\u00ednguez - \u00c9tica Comunica\" \/>\n<meta property=\"og:description\" content=\"El sello del pr\u00f3ximo presupuesto ser\u00e1 la atenci\u00f3n a las necesidades m\u00e1s b\u00e1sicas, precis\u00f3. Culiac\u00e1n, Sinaloa, a 31 de agosto de 2026.\u2013* Mantener una pol\u00edtica humanista enfocada en resolver las&hellip;\" \/>\n<meta property=\"og:url\" content=\"https:\/\/eticacomunica.com.mx\/?p=33779\" \/>\n<meta property=\"og:site_name\" content=\"\u00c9tica Comunica\" \/>\n<meta property=\"article:publisher\" content=\"https:\/\/www.facebook.com\/eticacomunica\" \/>\n<meta property=\"article:published_time\" content=\"2026-08-31T17:52:14+00:00\" \/>\n<meta name=\"author\" content=\"etica\" \/>\n<meta name=\"twitter:card\" content=\"summary_large_image\" \/>\n<meta name=\"twitter:label1\" content=\"Escrito por\" \/>\n\t<meta name=\"twitter:data1\" content=\"etica\" \/>\n\t<meta name=\"twitter:label2\" content=\"Tiempo de lectura\" \/>\n\t<meta name=\"twitter:data2\" content=\"2 minutos\" \/>\n<script type=\"application\/ld+json\" class=\"yoast-schema-graph\">{\"@context\":\"https:\\\/\\\/schema.org\",\"@graph\":[{\"@type\":\"Article\",\"@id\":\"https:\\\/\\\/eticacomunica.com.mx\\\/?p=33779#article\",\"isPartOf\":{\"@id\":\"https:\\\/\\\/eticacomunica.com.mx\\\/?p=33779\"},\"author\":{\"name\":\"etica\",\"@id\":\"https:\\\/\\\/eticacomunica.com.mx\\\/#\\\/schema\\\/person\\\/2cacc47bd17fe8ad92f08c0313d22fa6\"},\"headline\":\"La Presidenta Claudia Sheinbaum mantiene una atenci\u00f3n prioritaria para la seguridad de Sinaloa: Gobernadora Graciela Dom\u00ednguez\",\"datePublished\":\"2026-08-31T17:52:14+00:00\",\"mainEntityOfPage\":{\"@id\":\"https:\\\/\\\/eticacomunica.com.mx\\\/?p=33779\"},\"wordCount\":364,\"commentCount\":0,\"publisher\":{\"@id\":\"https:\\\/\\\/eticacomunica.com.mx\\\/#organization\"},\"image\":{\"@id\":\"https:\\\/\\\/eticacomunica.com.mx\\\/?p=33779#primaryimage\"},\"thumbnailUrl\":\"https:\\\/\\\/eticacomunica.com.mx\\\/wp-content\\\/uploads\\\/2026\\\/08\\\/IMG-20260831-WA0021.jpg\",\"keywords\":[\"Gobierno del Estado de Sinaloa\"],\"articleSection\":[\"GES\",\"Portada\"],\"inLanguage\":\"es\",\"potentialAction\":[{\"@type\":\"CommentAction\",\"name\":\"Comment\",\"target\":[\"https:\\\/\\\/eticacomunica.com.mx\\\/?p=33779#respond\"]}]},{\"@type\":\"WebPage\",\"@id\":\"https:\\\/\\\/eticacomunica.com.mx\\\/?p=33779\",\"url\":\"https:\\\/\\\/eticacomunica.com.mx\\\/?p=33779\",\"name\":\"La Presidenta Claudia Sheinbaum mantiene una atenci\u00f3n prioritaria para la seguridad de Sinaloa: Gobernadora Graciela Dom\u00ednguez - \u00c9tica Comunica\",\"isPartOf\":{\"@id\":\"https:\\\/\\\/eticacomunica.com.mx\\\/#website\"},\"primaryImageOfPage\":{\"@id\":\"https:\\\/\\\/eticacomunica.com.mx\\\/?p=33779#primaryimage\"},\"image\":{\"@id\":\"https:\\\/\\\/eticacomunica.com.mx\\\/?p=33779#primaryimage\"},\"thumbnailUrl\":\"https:\\\/\\\/eticacomunica.com.mx\\\/wp-content\\\/uploads\\\/2026\\\/08\\\/IMG-20260831-WA0021.jpg\",\"datePublished\":\"2026-08-31T17:52:14+00:00\",\"breadcrumb\":{\"@id\":\"https:\\\/\\\/eticacomunica.com.mx\\\/?p=33779#breadcrumb\"},\"inLanguage\":\"es\",\"potentialAction\":[{\"@type\":\"ReadAction\",\"target\":[\"https:\\\/\\\/eticacomunica.com.mx\\\/?p=33779\"]}]},{\"@type\":\"ImageObject\",\"inLanguage\":\"es\",\"@id\":\"https:\\\/\\\/eticacomunica.com.mx\\\/?p=33779#primaryimage\",\"url\":\"https:\\\/\\\/eticacomunica.com.mx\\\/wp-content\\\/uploads\\\/2026\\\/08\\\/IMG-20260831-WA0021.jpg\",\"contentUrl\":\"https:\\\/\\\/eticacomunica.com.mx\\\/wp-content\\\/uploads\\\/2026\\\/08\\\/IMG-20260831-WA0021.jpg\",\"width\":1600,\"height\":1067},{\"@type\":\"BreadcrumbList\",\"@id\":\"https:\\\/\\\/eticacomunica.com.mx\\\/?p=33779#breadcrumb\",\"itemListElement\":[{\"@type\":\"ListItem\",\"position\":1,\"name\":\"Inicio\",\"item\":\"https:\\\/\\\/eticacomunica.com.mx\\\/\"},{\"@type\":\"ListItem\",\"position\":2,\"name\":\"La Presidenta Claudia Sheinbaum mantiene una atenci\u00f3n prioritaria para la seguridad de Sinaloa: Gobernadora Graciela Dom\u00ednguez\"}]},{\"@type\":\"WebSite\",\"@id\":\"https:\\\/\\\/eticacomunica.com.mx\\\/#website\",\"url\":\"https:\\\/\\\/eticacomunica.com.mx\\\/\",\"name\":\"\u00c9tica Comunica\",\"description\":\"Diario Digital\",\"publisher\":{\"@id\":\"https:\\\/\\\/eticacomunica.com.mx\\\/#organization\"},\"potentialAction\":[{\"@type\":\"SearchAction\",\"target\":{\"@type\":\"EntryPoint\",\"urlTemplate\":\"https:\\\/\\\/eticacomunica.com.mx\\\/?s={search_term_string}\"},\"query-input\":{\"@type\":\"PropertyValueSpecification\",\"valueRequired\":true,\"valueName\":\"search_term_string\"}}],\"inLanguage\":\"es\"},{\"@type\":\"Organization\",\"@id\":\"https:\\\/\\\/eticacomunica.com.mx\\\/#organization\",\"name\":\"Diarios Digitales de Sinaloa\",\"url\":\"https:\\\/\\\/eticacomunica.com.mx\\\/\",\"logo\":{\"@type\":\"ImageObject\",\"inLanguage\":\"es\",\"@id\":\"https:\\\/\\\/eticacomunica.com.mx\\\/#\\\/schema\\\/logo\\\/image\\\/\",\"url\":\"https:\\\/\\\/eticacomunica.com.mx\\\/wp-content\\\/uploads\\\/2023\\\/10\\\/etica-logo.png\",\"contentUrl\":\"https:\\\/\\\/eticacomunica.com.mx\\\/wp-content\\\/uploads\\\/2023\\\/10\\\/etica-logo.png\",\"width\":1280,\"height\":432,\"caption\":\"Diarios Digitales de Sinaloa\"},\"image\":{\"@id\":\"https:\\\/\\\/eticacomunica.com.mx\\\/#\\\/schema\\\/logo\\\/image\\\/\"},\"sameAs\":[\"https:\\\/\\\/www.facebook.com\\\/eticacomunica\"]},{\"@type\":\"Person\",\"@id\":\"https:\\\/\\\/eticacomunica.com.mx\\\/#\\\/schema\\\/person\\\/2cacc47bd17fe8ad92f08c0313d22fa6\",\"name\":\"etica\",\"image\":{\"@type\":\"ImageObject\",\"inLanguage\":\"es\",\"@id\":\"https:\\\/\\\/secure.gravatar.com\\\/avatar\\\/dfb45d32bc7097f8f06d6e4f6e6b387e7cb8fd5b3a2869265c40587ab62cab1e?s=96&d=mm&r=g\",\"url\":\"https:\\\/\\\/secure.gravatar.com\\\/avatar\\\/dfb45d32bc7097f8f06d6e4f6e6b387e7cb8fd5b3a2869265c40587ab62cab1e?s=96&d=mm&r=g\",\"contentUrl\":\"https:\\\/\\\/secure.gravatar.com\\\/avatar\\\/dfb45d32bc7097f8f06d6e4f6e6b387e7cb8fd5b3a2869265c40587ab62cab1e?s=96&d=mm&r=g\",\"caption\":\"etica\"},\"sameAs\":[\"https:\\\/\\\/eticacomunica.com.mx\"],\"url\":\"https:\\\/\\\/eticacomunica.com.mx\\\/?author=1\"}]}<\/script>\n<!-- \/ Yoast SEO plugin. -->","yoast_head_json":{"title":"La Presidenta Claudia Sheinbaum mantiene una atenci\u00f3n prioritaria para la seguridad de Sinaloa: Gobernadora Graciela Dom\u00ednguez - \u00c9tica Comunica","robots":{"index":"index","follow":"follow","max-snippet":"max-snippet:-1","max-image-preview":"max-image-preview:large","max-video-preview":"max-video-preview:-1"},"canonical":"https:\/\/eticacomunica.com.mx\/?p=33779","og_locale":"es_MX","og_type":"article","og_title":"La Presidenta Claudia Sheinbaum mantiene una atenci\u00f3n prioritaria para la seguridad de Sinaloa: Gobernadora Graciela Dom\u00ednguez - \u00c9tica Comunica","og_description":"El sello del pr\u00f3ximo presupuesto ser\u00e1 la atenci\u00f3n a las necesidades m\u00e1s b\u00e1sicas, precis\u00f3. Culiac\u00e1n, Sinaloa, a 31 de agosto de 2026.\u2013* Mantener una pol\u00edtica humanista enfocada en resolver las&hellip;","og_url":"https:\/\/eticacomunica.com.mx\/?p=33779","og_site_name":"\u00c9tica Comunica","article_publisher":"https:\/\/www.facebook.com\/eticacomunica","article_published_time":"2026-08-31T17:52:14+00:00","author":"etica","twitter_card":"summary_large_image","twitter_misc":{"Escrito por":"etica","Tiempo de lectura":"2 minutos"},"schema":{"@context":"https:\/\/schema.org","@graph":[{"@type":"Article","@id":"https:\/\/eticacomunica.com.mx\/?p=33779#article","isPartOf":{"@id":"https:\/\/eticacomunica.com.mx\/?p=33779"},"author":{"name":"etica","@id":"https:\/\/eticacomunica.com.mx\/#\/schema\/person\/2cacc47bd17fe8ad92f08c0313d22fa6"},"headline":"La Presidenta Claudia Sheinbaum mantiene una atenci\u00f3n prioritaria para la seguridad de Sinaloa: Gobernadora Graciela Dom\u00ednguez","datePublished":"2026-08-31T17:52:14+00:00","mainEntityOfPage":{"@id":"https:\/\/eticacomunica.com.mx\/?p=33779"},"wordCount":364,"commentCount":0,"publisher":{"@id":"https:\/\/eticacomunica.com.mx\/#organization"},"image":{"@id":"https:\/\/eticacomunica.com.mx\/?p=33779#primaryimage"},"thumbnailUrl":"https:\/\/eticacomunica.com.mx\/wp-content\/uploads\/2026\/08\/IMG-20260831-WA0021.jpg","keywords":["Gobierno del Estado de Sinaloa"],"articleSection":["GES","Portada"],"inLanguage":"es","potentialAction":[{"@type":"CommentAction","name":"Comment","target":["https:\/\/eticacomunica.com.mx\/?p=33779#respond"]}]},{"@type":"WebPage","@id":"https:\/\/eticacomunica.com.mx\/?p=33779","url":"https:\/\/eticacomunica.com.mx\/?p=33779","name":"La Presidenta Claudia Sheinbaum mantiene una atenci\u00f3n prioritaria para la seguridad de Sinaloa: Gobernadora Graciela Dom\u00ednguez - \u00c9tica Comunica","isPartOf":{"@id":"https:\/\/eticacomunica.com.mx\/#website"},"primaryImageOfPage":{"@id":"https:\/\/eticacomunica.com.mx\/?p=33779#primaryimage"},"image":{"@id":"https:\/\/eticacomunica.com.mx\/?p=33779#primaryimage"},"thumbnailUrl":"https:\/\/eticacomunica.com.mx\/wp-content\/uploads\/2026\/08\/IMG-20260831-WA0021.jpg","datePublished":"2026-08-31T17:52:14+00:00","breadcrumb":{"@id":"https:\/\/eticacomunica.com.mx\/?p=33779#breadcrumb"},"inLanguage":"es","potentialAction":[{"@type":"ReadAction","target":["https:\/\/eticacomunica.com.mx\/?p=33779"]}]},{"@type":"ImageObject","inLanguage":"es","@id":"https:\/\/eticacomunica.com.mx\/?p=33779#primaryimage","url":"https:\/\/eticacomunica.com.mx\/wp-content\/uploads\/2026\/08\/IMG-20260831-WA0021.jpg","contentUrl":"https:\/\/eticacomunica.com.mx\/wp-content\/uploads\/2026\/08\/IMG-20260831-WA0021.jpg","width":1600,"height":1067},{"@type":"BreadcrumbList","@id":"https:\/\/eticacomunica.com.mx\/?p=33779#breadcrumb","itemListElement":[{"@type":"ListItem","position":1,"name":"Inicio","item":"https:\/\/eticacomunica.com.mx\/"},{"@type":"ListItem","position":2,"name":"La Presidenta Claudia Sheinbaum mantiene una atenci\u00f3n prioritaria para la seguridad de Sinaloa: Gobernadora Graciela Dom\u00ednguez"}]},{"@type":"WebSite","@id":"https:\/\/eticacomunica.com.mx\/#website","url":"https:\/\/eticacomunica.com.mx\/","name":"\u00c9tica Comunica","description":"Diario Digital","publisher":{"@id":"https:\/\/eticacomunica.com.mx\/#organization"},"potentialAction":[{"@type":"SearchAction","target":{"@type":"EntryPoint","urlTemplate":"https:\/\/eticacomunica.com.mx\/?s={search_term_string}"},"query-input":{"@type":"PropertyValueSpecification","valueRequired":true,"valueName":"search_term_string"}}],"inLanguage":"es"},{"@type":"Organization","@id":"https:\/\/eticacomunica.com.mx\/#organization","name":"Diarios Digitales de Sinaloa","url":"https:\/\/eticacomunica.com.mx\/","logo":{"@type":"ImageObject","inLanguage":"es","@id":"https:\/\/eticacomunica.com.mx\/#\/schema\/logo\/image\/","url":"https:\/\/eticacomunica.com.mx\/wp-content\/uploads\/2023\/10\/etica-logo.png","contentUrl":"https:\/\/eticacomunica.com.mx\/wp-content\/uploads\/2023\/10\/etica-logo.png","width":1280,"height":432,"caption":"Diarios Digitales de Sinaloa"},"image":{"@id":"https:\/\/eticacomunica.com.mx\/#\/schema\/logo\/image\/"},"sameAs":["https:\/\/www.facebook.com\/eticacomunica"]},{"@type":"Person","@id":"https:\/\/eticacomunica.com.mx\/#\/schema\/person\/2cacc47bd17fe8ad92f08c0313d22fa6","name":"etica","image":{"@type":"ImageObject","inLanguage":"es","@id":"https:\/\/secure.gravatar.com\/avatar\/dfb45d32bc7097f8f06d6e4f6e6b387e7cb8fd5b3a2869265c40587ab62cab1e?s=96&d=mm&r=g","url":"https:\/\/secure.gravatar.com\/avatar\/dfb45d32bc7097f8f06d6e4f6e6b387e7cb8fd5b3a2869265c40587ab62cab1e?s=96&d=mm&r=g","contentUrl":"https:\/\/secure.gravatar.com\/avatar\/dfb45d32bc7097f8f06d6e4f6e6b387e7cb8fd5b3a2869265c40587ab62cab1e?s=96&d=mm&r=g","caption":"etica"},"sameAs":["https:\/\/eticacomunica.com.mx"],"url":"https:\/\/eticacomunica.com.mx\/?author=1"}]}},"jetpack_publicize_connections":[],"jetpack_sharing_enabled":true,"jetpack_featured_media_url":"https:\/\/eticacomunica.com.mx\/wp-content\/uploads\/2026\/08\/IMG-20260831-WA0021.jpg","_links":{"self":[{"href":"https:\/\/eticacomunica.com.mx\/index.php?rest_route=\/wp\/v2\/posts\/33779","targetHints":{"allow":["GET"]}}],"collection":[{"href":"https:\/\/eticacomunica.com.mx\/index.php?rest_route=\/wp\/v2\/posts"}],"about":[{"href":"https:\/\/eticacomunica.com.mx\/index.php?rest_route=\/wp\/v2\/types\/post"}],"author":[{"embeddable":true,"href":"https:\/\/eticacomunica.com.mx\/index.php?rest_route=\/wp\/v2\/users\/1"}],"replies":[{"embeddable":true,"href":"https:\/\/eticacomunica.com.mx\/index.php?rest_route=%2Fwp%2Fv2%2Fcomments&post=33779"}],"version-history":[{"count":0,"href":"https:\/\/eticacomunica.com.mx\/index.php?rest_route=\/wp\/v2\/posts\/33779\/revisions"}],"wp:featuredmedia":[{"embeddable":true,"href":"https:\/\/eticacomunica.com.mx\/index.php?rest_route=\/wp\/v2\/media\/33778"}],"wp:attachment":[{"href":"https:\/\/eticacomunica.com.mx\/index.php?rest_route=%2Fwp%2Fv2%2Fmedia&parent=33779"}],"wp:term":[{"taxonomy":"category","embeddable":true,"href":"https:\/\/eticacomunica.com.mx\/index.php?rest_route=%2Fwp%2Fv2%2Fcategories&post=33779"},{"taxonomy":"post_tag","embeddable":true,"href":"https:\/\/eticacomunica.com.mx\/index.php?rest_route=%2Fwp%2Fv2%2Ftags&post=33779"}],"curies":[{"name":"wp","href":"https:\/\/api.w.org\/{rel}","templated":true}]}}